{"id":12198,"date":"2017-09-29T09:15:17","date_gmt":"2017-09-29T12:15:17","guid":{"rendered":"http:\/\/lavras.tv\/site\/?p=12198"},"modified":"2017-09-29T09:15:17","modified_gmt":"2017-09-29T12:15:17","slug":"informe-parlamentar-damina-pereira-garante-junto-ao-ministerio-da-saude-equipamento-para-radioterapia","status":"publish","type":"post","link":"https:\/\/lavras.tv\/site\/2017\/09\/29\/informe-parlamentar-damina-pereira-garante-junto-ao-ministerio-da-saude-equipamento-para-radioterapia\/","title":{"rendered":"[Informe Parlamentar] D\u00e2mina Pereira garante junto ao Minist\u00e9rio da Sa\u00fade equipamento para Radioterapia"},"content":{"rendered":"<div class=\"lavra-antes-do-conteudo_2\" id=\"lavra-250865551\"><div id=\"lavra-slider-27\" class=\"custom-slider lavra-slider-432430266 lavra-slider\"><ul><li><div style=\"margin-left: auto;margin-right: auto;text-align: center;\" id=\"lavra-2656002082\"><a href=\"https:\/\/sistemas.lavras.mg.gov.br\/portalcidadao\/#df1b1a7c7b2a290bcb31e32771e610784662739a88807c0dacac58ede5f391a7530e299dc302d611ee73cb143fc22eaf93592e53e7b5bdb01b00a0b8d28dae460c141dd2ff83412e4dc1c31b16b25f33144a9e5620ea73b13f5bc1c59411d98439ad226e8af03840603796067d87afe130812cf3de24982d0e306f9e61e764e5\" aria-label=\"Lavras-TV&#8211;720x104px (1) (1)\"><img src=\"https:\/\/lavras.tv\/site\/wp-content\/uploads\/2025\/01\/Lavras-TV-720x104px-1-1.png\" alt=\"\"  srcset=\"https:\/\/lavras.tv\/site\/wp-content\/uploads\/2025\/01\/Lavras-TV-720x104px-1-1.png 720w, https:\/\/lavras.tv\/site\/wp-content\/uploads\/2025\/01\/Lavras-TV-720x104px-1-1-470x68.png 470w, https:\/\/lavras.tv\/site\/wp-content\/uploads\/2025\/01\/Lavras-TV-720x104px-1-1-170x25.png 170w, https:\/\/lavras.tv\/site\/wp-content\/uploads\/2025\/01\/Lavras-TV-720x104px-1-1-200x29.png 200w\" sizes=\"(max-width: 720px) 100vw, 720px\" width=\"720\" height=\"104\"  style=\"display: inline-block;\" \/><\/a><\/div><\/li><li><a href=\"https:\/\/sistemas.lavras.mg.gov.br\/portalcidadao\/#df1b1a7c7b2a290bcb31e32771e610784662739a88807c0dacac58ede5f391a7530e299dc302d611ee73cb143fc22eaf93592e53e7b5bdb01b00a0b8d28dae460c141dd2ff83412e4dc1c31b16b25f33144a9e5620ea73b13f5bc1c59411d98439ad226e8af03840603796067d87afe130812cf3de24982d0e306f9e61e764e5\" aria-label=\"Banner_Emprego_PortallavrasTV\"><img src=\"https:\/\/lavras.tv\/site\/wp-content\/uploads\/2025\/03\/Banner_Emprego_PortallavrasTV.png\" alt=\"\"  srcset=\"https:\/\/lavras.tv\/site\/wp-content\/uploads\/2025\/03\/Banner_Emprego_PortallavrasTV.png 720w, https:\/\/lavras.tv\/site\/wp-content\/uploads\/2025\/03\/Banner_Emprego_PortallavrasTV-470x68.png 470w, https:\/\/lavras.tv\/site\/wp-content\/uploads\/2025\/03\/Banner_Emprego_PortallavrasTV-170x25.png 170w, https:\/\/lavras.tv\/site\/wp-content\/uploads\/2025\/03\/Banner_Emprego_PortallavrasTV-200x29.png 200w\" sizes=\"(max-width: 720px) 100vw, 720px\" width=\"720\" height=\"104\"   \/><\/a><\/li><li><a href=\"https:\/\/sistemas.lavras.mg.gov.br\/portalcidadao\/#df1b1a7c7b2a290bcb31e32771e610784662739a88807c0dacac58ede5f391a7530e299dc302d611ee73cb143fc22eaf93592e53e7b5bdb01b00a0b8d28dae460c141dd2ff83412e4dc1c31b16b25f33144a9e5620ea73b13f5bc1c59411d98439ad226e8af03840603796067d87afe130812cf3de24982d0e306f9e61e764e5\" aria-label=\"Banner_Obras_PortallavrasTV\"><img src=\"https:\/\/lavras.tv\/site\/wp-content\/uploads\/2025\/03\/Banner_Obras_PortallavrasTV.png\" alt=\"\"  srcset=\"https:\/\/lavras.tv\/site\/wp-content\/uploads\/2025\/03\/Banner_Obras_PortallavrasTV.png 720w, https:\/\/lavras.tv\/site\/wp-content\/uploads\/2025\/03\/Banner_Obras_PortallavrasTV-470x68.png 470w, https:\/\/lavras.tv\/site\/wp-content\/uploads\/2025\/03\/Banner_Obras_PortallavrasTV-170x25.png 170w, https:\/\/lavras.tv\/site\/wp-content\/uploads\/2025\/03\/Banner_Obras_PortallavrasTV-200x29.png 200w\" sizes=\"(max-width: 720px) 100vw, 720px\" width=\"720\" height=\"104\"   \/><\/a><\/li><li><div style=\"margin-left: auto;margin-right: auto;text-align: center;\" id=\"lavra-2924954624\"><a href=\"https:\/\/sistemas.lavras.mg.gov.br\/portalcidadao\/#df1b1a7c7b2a290bcb31e32771e610784662739a88807c0dacac58ede5f391a7530e299dc302d611ee73cb143fc22eaf93592e53e7b5bdb01b00a0b8d28dae460c141dd2ff83412e4dc1c31b16b25f33144a9e5620ea73b13f5bc1c59411d98439ad226e8af03840603796067d87afe130812cf3de24982d0e306f9e61e764e5\" aria-label=\"Banner_Educa\u00e7\u00e3o_PortallavrasTV\"><img src=\"https:\/\/lavras.tv\/site\/wp-content\/uploads\/2025\/01\/Banner_Educacao_PortallavrasTV.png\" alt=\"\"  srcset=\"https:\/\/lavras.tv\/site\/wp-content\/uploads\/2025\/01\/Banner_Educacao_PortallavrasTV.png 720w, https:\/\/lavras.tv\/site\/wp-content\/uploads\/2025\/01\/Banner_Educacao_PortallavrasTV-470x68.png 470w, https:\/\/lavras.tv\/site\/wp-content\/uploads\/2025\/01\/Banner_Educacao_PortallavrasTV-170x25.png 170w, https:\/\/lavras.tv\/site\/wp-content\/uploads\/2025\/01\/Banner_Educacao_PortallavrasTV-200x29.png 200w\" sizes=\"(max-width: 720px) 100vw, 720px\" width=\"720\" height=\"104\"  style=\"display: inline-block;\" \/><\/a><\/div><\/li><li><a href=\"https:\/\/sistemas.lavras.mg.gov.br\/portalcidadao\/#df1b1a7c7b2a290bcb31e32771e610784662739a88807c0dacac58ede5f391a7530e299dc302d611ee73cb143fc22eaf93592e53e7b5bdb01b00a0b8d28dae460c141dd2ff83412e4dc1c31b16b25f33144a9e5620ea73b13f5bc1c59411d98439ad226e8af03840603796067d87afe130812cf3de24982d0e306f9e61e764e5\" aria-label=\"Banner_Sa\u00fade_PortallavrasTV\"><img src=\"https:\/\/lavras.tv\/site\/wp-content\/uploads\/2025\/03\/Banner_Saude_PortallavrasTV.png\" alt=\"\"  srcset=\"https:\/\/lavras.tv\/site\/wp-content\/uploads\/2025\/03\/Banner_Saude_PortallavrasTV.png 720w, https:\/\/lavras.tv\/site\/wp-content\/uploads\/2025\/03\/Banner_Saude_PortallavrasTV-470x68.png 470w, https:\/\/lavras.tv\/site\/wp-content\/uploads\/2025\/03\/Banner_Saude_PortallavrasTV-170x25.png 170w, https:\/\/lavras.tv\/site\/wp-content\/uploads\/2025\/03\/Banner_Saude_PortallavrasTV-200x29.png 200w\" sizes=\"(max-width: 720px) 100vw, 720px\" width=\"720\" height=\"104\"   \/><\/a><\/li><li><div id=\"lavra-2242349520\" style=\"width:720px;height:104px;background-color:#ddd;overflow:scroll;\">\n\t<strong>Sa\u00edda da depura\u00e7\u00e3o de an\u00fancios<\/strong>\n\t<br><br>\n\tO an\u00fancio n\u00e3o \u00e9 exibido na p\u00e1gina<br><br>post atual: [Informe Parlamentar] D\u00e2mina Pereira garante junto ao Minist\u00e9rio da Sa\u00fade equipamento para Radioterapia, ID: 12198<br><br><span style=\"color: red;\">O post atual n\u00e3o \u00e9 id\u00eantico ao post principal.<\/span><br><br>An\u00fancios: ROXO - TOPO INTERNA - ROTATIVO 2 (197)<br \/>Grupo de an\u00fancios: Princ_Meio01_720x104 (27)<br><br>Condi\u00e7\u00f5es de exibi\u00e7\u00e3o<div style=\"margin-bottom: 20px; white-space: pre-wrap; font-family: monospace; width: 100%; background: #ffe9e9;\"><strong>condi\u00e7\u00f5es gerais<\/strong><table border=\"1\"><thead><tr><th><\/th><th>An\u00fancios<\/th><th>wp_the_query<\/th><\/tr><\/thead><tr><td>is_main_query<\/td><td>1<\/td><td>1<\/td><\/tr><tr><td>is_rest_api<\/td><td>0<\/td><td>1<\/td><\/tr><tr><td>page<\/td><td>0<\/td><td>1<\/td><\/tr><tr><td>numpages<\/td><td>0<\/td><td>1<\/td><\/tr><tr><td>is_archive<\/td><td>1<\/td><td><\/td><\/tr><tr><td>is_search<\/td><td>1<\/td><td><\/td><\/tr><tr><td>is_home<\/td><td>1<\/td><td><\/td><\/tr><tr><td>is_404<\/td><td>1<\/td><td><\/td><\/tr><tr><td>is_attachment<\/td><td>1<\/td><td><\/td><\/tr><tr><td>is_singular<\/td><td>1<\/td><td><\/td><\/tr><tr><td>is_front_page<\/td><td>1<\/td><td><\/td><\/tr><tr><td>is_feed<\/td><td>1<\/td><td><\/td><\/tr><\/table><\/div><br><br><span style=\"color: red;\">Seu site usa HTTPS, mas o c\u00f3digo do an\u00fancio cont\u00e9m HTTP e pode n\u00e3o funcionar.<\/span>\t<br><br>\n\t<a style=\"color: green;\" href=\"https:\/\/wpadvancedads.com\/manual\/ad-debug-mode\/?utm_source=advanced-ads&utm_medium=link&utm_campaign=ad-debug-mode\" target=\"_blank\" rel=\"nofollow\">Encontre solu\u00e7\u00f5es no manual<\/a>\n<\/div>\n<\/li><\/ul><\/div><script>( window.advanced_ads_ready || jQuery( document ).ready ).call( null, function() {var $lavraslider432430266 = jQuery( \".lavra-slider-432430266\" );$lavraslider432430266.on( \"unslider.ready\", function() { jQuery( \"div.custom-slider ul li\" ).css( \"display\", \"block\" ); });$lavraslider432430266.unslider({ delay:4000, autoplay:true, nav:false, arrows:false, infinite:true });$lavraslider432430266.on(\"mouseover\", function() {$lavraslider432430266.unslider(\"stop\");}).on(\"mouseout\", function() {$lavraslider432430266.unslider(\"start\");});});<\/script><\/div><p>&nbsp;<\/p>\n<p>Para tratar da implanta\u00e7\u00e3o do Centro de Tratamento Oncol\u00f3gico na Santa Casa de Miseric\u00f3rdia em Lavras\/MG, a deputada federal D\u00e2mina Pereira (PSL\/MG) seu reuniu em Bras\u00edlia, com o ministro da Sa\u00fade, Ricardo Barros.<!--more--><\/p>\n<p><img fetchpriority=\"high\" decoding=\"async\" class=\"alignnone size-full wp-image-12199 aligncenter\" src=\"http:\/\/lavras.tv\/site\/wp-content\/uploads\/2017\/09\/DSC0006.jpg\" alt=\"_DSC0006\" width=\"3872\" height=\"2592\" srcset=\"https:\/\/lavras.tv\/site\/wp-content\/uploads\/2017\/09\/DSC0006.jpg 3872w, https:\/\/lavras.tv\/site\/wp-content\/uploads\/2017\/09\/DSC0006-150x100.jpg 150w, https:\/\/lavras.tv\/site\/wp-content\/uploads\/2017\/09\/DSC0006-300x201.jpg 300w, https:\/\/lavras.tv\/site\/wp-content\/uploads\/2017\/09\/DSC0006-1024x685.jpg 1024w, https:\/\/lavras.tv\/site\/wp-content\/uploads\/2017\/09\/DSC0006-480x320.jpg 480w, https:\/\/lavras.tv\/site\/wp-content\/uploads\/2017\/09\/DSC0006-272x182.jpg 272w\" sizes=\"(max-width: 3872px) 100vw, 3872px\" \/><\/p>\n<p>No encontro o ministro assegurou a doa\u00e7\u00e3o de um acelerador de radioterapia, para a Santa Casa. A reuni\u00e3o tamb\u00e9m definiu a visita de um t\u00e9cnico da \u00e1rea oncol\u00f3gica a Unidade, para estabelecer o projeto de instala\u00e7\u00e3o do equipamento. O valor de R$9.506.314,00 j\u00e1 est\u00e1 dispon\u00edvel na conta da institui\u00e7\u00e3o, esse recurso vai possibilitar a o in\u00edcio das obras do centro de oncologia.<\/p>\n<p>\u201cEstamos trabalhando para que o atendimento da sa\u00fade em Lavras seja ampliado. O processo \u00e9 burocr\u00e1tico, mas com o envolvimento de todos, iremos juntos, oferecer um servi\u00e7o oncol\u00f3gico moderno e de qualidade\u201d, explicou a deputada.<\/p>\n<p>A conversa contou com a presen\u00e7a dos vereadores lavrenses Toninho do Raio X, Elias Freire (Lila) e Carlos Lindomar, representantes da Santa Casa de Miseric\u00f3rdia de Lavras, o provedor Marciel Pierangeli, Dr. Andr\u00e9 Borini, Dr. Luciano Carvalho, e do presidente estadual do PSL, Carlos Alberto Pereira.<\/p>\n<p><img decoding=\"async\" class=\"alignnone size-full wp-image-12200 aligncenter\" src=\"http:\/\/lavras.tv\/site\/wp-content\/uploads\/2017\/09\/DSC0030.jpg\" alt=\"_DSC0030\" width=\"3872\" height=\"2592\" srcset=\"https:\/\/lavras.tv\/site\/wp-content\/uploads\/2017\/09\/DSC0030.jpg 3872w, https:\/\/lavras.tv\/site\/wp-content\/uploads\/2017\/09\/DSC0030-150x100.jpg 150w, https:\/\/lavras.tv\/site\/wp-content\/uploads\/2017\/09\/DSC0030-300x201.jpg 300w, https:\/\/lavras.tv\/site\/wp-content\/uploads\/2017\/09\/DSC0030-1024x685.jpg 1024w, https:\/\/lavras.tv\/site\/wp-content\/uploads\/2017\/09\/DSC0030-480x320.jpg 480w, https:\/\/lavras.tv\/site\/wp-content\/uploads\/2017\/09\/DSC0030-272x182.jpg 272w\" sizes=\"(max-width: 3872px) 100vw, 3872px\" \/><\/p>\n<p><strong>Centro de Tratamento Oncol\u00f3gico<\/strong><\/p>\n<p>O Centro de Tratamento Oncol\u00f3gico vai funcionar dentro da Santa Casa de Miseric\u00f3rdia atrav\u00e9s de uma obra para a expans\u00e3o do pr\u00e9dio que j\u00e1 existe. A unidade j\u00e1 possui um conjunto de servi\u00e7os que pode atender aos pacientes com c\u00e2ncer, como quimioterapia, pronto-socorro, setor de imagem, cirurgia e UTI. A instala\u00e7\u00e3o da radioterapia \u00e9 o pr\u00f3ximo passo, sendo essencial para que o hospital consiga o credenciamento do SUS e que possa atender gratuitamente aos pacientes com c\u00e2ncer.<\/p>\n<p>\u201cCom a reforma, a Santa Casa ter\u00e1 condi\u00e7\u00f5es e estrutura suficiente para, ap\u00f3s conseguir o credenciamento do SUS, atender a todos os pacientes de Lavras e Regi\u00e3o&#8221;, afirma o provedor da Santa Casa Dr. Marciel Guerra Pierangeli.<\/p>\n<p><img decoding=\"async\" class=\"alignnone size-full wp-image-12201 aligncenter\" src=\"http:\/\/lavras.tv\/site\/wp-content\/uploads\/2017\/09\/36538065973_0cd15c4b50_o.jpg\" alt=\"36538065973_0cd15c4b50_o\" width=\"5500\" height=\"3648\" srcset=\"https:\/\/lavras.tv\/site\/wp-content\/uploads\/2017\/09\/36538065973_0cd15c4b50_o.jpg 5500w, https:\/\/lavras.tv\/site\/wp-content\/uploads\/2017\/09\/36538065973_0cd15c4b50_o-150x99.jpg 150w, https:\/\/lavras.tv\/site\/wp-content\/uploads\/2017\/09\/36538065973_0cd15c4b50_o-300x199.jpg 300w, https:\/\/lavras.tv\/site\/wp-content\/uploads\/2017\/09\/36538065973_0cd15c4b50_o-1024x679.jpg 1024w\" sizes=\"(max-width: 5500px) 100vw, 5500px\" \/><br \/>\n<strong>A Radioterapia<\/strong><\/p>\n<p>Ser\u00e1 constru\u00eddo um bunker na Santa Casa para abrigar o acelerador linear, equipamento que realiza a radioterapia. O Bunker \u00e9 uma sala especial, de blindagem, que isola o local para garantir a seguran\u00e7a dos pacientes e profissionais, j\u00e1 que o aparelho emite radia\u00e7\u00f5es.<\/p>\n<p>\u201cLavras n\u00e3o oferece servi\u00e7o de radioterapia, assim, a sua implanta\u00e7\u00e3o vai favorecer de imediato a todos os necessitam do tratamento. E sempre vale lembrar que o deslocamento \u00e9 doloroso e invi\u00e1vel, uma vez que as pessoas j\u00e1 est\u00e3o fragilizadas pela doen\u00e7a\u201d, destacou o oncologista, Dr. Andr\u00e9 Murad, coordenador do Servi\u00e7o de Oncologia da Santa Casa.<\/p>\n","protected":false},"excerpt":{"rendered":"<p>&nbsp; Para tratar da implanta\u00e7\u00e3o do Centro de Tratamento Oncol\u00f3gico na Santa Casa de Miseric\u00f3rdia em Lavras\/MG, a deputada federal D\u00e2mina Pereira (PSL\/MG) seu reuniu em Bras\u00edlia, com o ministro da Sa\u00fade, Ricardo Barros.<\/p>\n","protected":false},"author":2,"featured_media":12199,"comment_status":"closed","ping_status":"open","sticky":false,"template":"","format":"standard","meta":{"advgb_blocks_editor_width":"","advgb_blocks_columns_visual_guide":"","_exactmetrics_skip_tracking":false,"_exactmetrics_sitenote_active":false,"_exactmetrics_sitenote_note":"","_exactmetrics_sitenote_category":0,"footnotes":""},"categories":[7,12],"tags":[671,2066],"class_list":["post-12198","post","type-post","status-publish","format-standard","has-post-thumbnail","hentry","category-destaques","category-politica","tag-damina-pereira","tag-deputada-damina"],"better_featured_image":{"id":12199,"alt_text":"","caption":"","description":"","media_type":"image","media_details":{"width":3872,"height":2592,"file":"2017\/09\/DSC0006.jpg","sizes":{"thumbnail":{"file":"DSC0006-150x100.jpg","width":150,"height":100,"mime-type":"image\/jpeg","source_url":"https:\/\/lavras.tv\/site\/wp-content\/uploads\/2017\/09\/DSC0006-150x100.jpg"},"medium":{"file":"DSC0006-300x201.jpg","width":300,"height":201,"mime-type":"image\/jpeg","source_url":"https:\/\/lavras.tv\/site\/wp-content\/uploads\/2017\/09\/DSC0006-300x201.jpg"},"large":{"file":"DSC0006-1024x685.jpg","width":1024,"height":685,"mime-type":"image\/jpeg","source_url":"https:\/\/lavras.tv\/site\/wp-content\/uploads\/2017\/09\/DSC0006-1024x685.jpg"},"featured-slider-img":{"file":"DSC0006-640x480.jpg","width":640,"height":480,"mime-type":"image\/jpeg","source_url":"https:\/\/lavras.tv\/site\/wp-content\/uploads\/2017\/09\/DSC0006-640x480.jpg"},"featured-post-img":{"file":"DSC0006-480x320.jpg","width":480,"height":320,"mime-type":"image\/jpeg","source_url":"https:\/\/lavras.tv\/site\/wp-content\/uploads\/2017\/09\/DSC0006-480x320.jpg"},"sow-carousel-default":{"file":"DSC0006-272x182.jpg","width":272,"height":182,"mime-type":"image\/jpeg","source_url":"https:\/\/lavras.tv\/site\/wp-content\/uploads\/2017\/09\/DSC0006-272x182.jpg"}},"image_meta":{"aperture":"3.5","credit":"","camera":"NIKON D3000","caption":"","created_timestamp":"1505917141","copyright":"","focal_length":"18","iso":"200","shutter_speed":"0.0166666666667","title":"","orientation":"1","keywords":[]}},"post":12198,"source_url":"https:\/\/lavras.tv\/site\/wp-content\/uploads\/2017\/09\/DSC0006.jpg"},"author_meta":{"display_name":"Lavras TV","author_link":"https:\/\/lavras.tv\/site\/author\/lavrastv\/"},"featured_img":"https:\/\/lavras.tv\/site\/wp-content\/uploads\/2017\/09\/DSC0006-300x201.jpg","coauthors":[],"tax_additional":{"categories":{"linked":["<a href=\"https:\/\/lavras.tv\/site\/category\/destaques\/\" class=\"advgb-post-tax-term\">Destaques<\/a>","<a href=\"https:\/\/lavras.tv\/site\/category\/politica\/\" class=\"advgb-post-tax-term\">Pol\u00edtica<\/a>"],"unlinked":["<span class=\"advgb-post-tax-term\">Destaques<\/span>","<span class=\"advgb-post-tax-term\">Pol\u00edtica<\/span>"]},"tags":{"linked":["<a href=\"https:\/\/lavras.tv\/site\/category\/politica\/\" class=\"advgb-post-tax-term\">D\u00e2mina Pereira<\/a>","<a href=\"https:\/\/lavras.tv\/site\/category\/politica\/\" class=\"advgb-post-tax-term\">deputada d\u00e2mina<\/a>"],"unlinked":["<span class=\"advgb-post-tax-term\">D\u00e2mina Pereira<\/span>","<span class=\"advgb-post-tax-term\">deputada d\u00e2mina<\/span>"]}},"comment_count":"0","relative_dates":{"created":"Publicado 9 anos atr\u00e1s","modified":"Atualizado 9 anos atr\u00e1s"},"absolute_dates":{"created":"Publicado em 29 de setembro de 2017","modified":"Atualizado em 29 de setembro de 2017"},"absolute_dates_time":{"created":"Publicado em 29 de setembro de 2017 09:15","modified":"Atualizado em 29 de setembro de 2017 09:15"},"featured_img_caption":"","series_order":"","_links":{"self":[{"href":"https:\/\/lavras.tv\/site\/wp-json\/wp\/v2\/posts\/12198","targetHints":{"allow":["GET"]}}],"collection":[{"href":"https:\/\/lavras.tv\/site\/wp-json\/wp\/v2\/posts"}],"about":[{"href":"https:\/\/lavras.tv\/site\/wp-json\/wp\/v2\/types\/post"}],"author":[{"embeddable":true,"href":"https:\/\/lavras.tv\/site\/wp-json\/wp\/v2\/users\/2"}],"replies":[{"embeddable":true,"href":"https:\/\/lavras.tv\/site\/wp-json\/wp\/v2\/comments?post=12198"}],"version-history":[{"count":1,"href":"https:\/\/lavras.tv\/site\/wp-json\/wp\/v2\/posts\/12198\/revisions"}],"predecessor-version":[{"id":12202,"href":"https:\/\/lavras.tv\/site\/wp-json\/wp\/v2\/posts\/12198\/revisions\/12202"}],"wp:featuredmedia":[{"embeddable":true,"href":"https:\/\/lavras.tv\/site\/wp-json\/wp\/v2\/media\/12199"}],"wp:attachment":[{"href":"https:\/\/lavras.tv\/site\/wp-json\/wp\/v2\/media?parent=12198"}],"wp:term":[{"taxonomy":"category","embeddable":true,"href":"https:\/\/lavras.tv\/site\/wp-json\/wp\/v2\/categories?post=12198"},{"taxonomy":"post_tag","embeddable":true,"href":"https:\/\/lavras.tv\/site\/wp-json\/wp\/v2\/tags?post=12198"}],"curies":[{"name":"wp","href":"https:\/\/api.w.org\/{rel}","templated":true}]}}