{"id":1237,"date":"2016-08-01T11:46:43","date_gmt":"2016-08-01T11:46:43","guid":{"rendered":"http:\/\/lavras.tv\/site\/?p=1237"},"modified":"2016-08-02T11:41:07","modified_gmt":"2016-08-02T11:41:07","slug":"lavras-e-sede-de-nova-etapa-dos-jogos-escolares-de-minas-gerais","status":"publish","type":"post","link":"https:\/\/lavras.tv\/site\/2016\/08\/01\/lavras-e-sede-de-nova-etapa-dos-jogos-escolares-de-minas-gerais\/","title":{"rendered":"Lavras \u00e9 sede de nova etapa dos Jogos Escolares de Minas Gerais"},"content":{"rendered":"<div class=\"lavra-antes-do-conteudo_2\" id=\"lavra-3987964718\"><div id=\"lavra-slider-27\" class=\"custom-slider lavra-slider-201692630 lavra-slider\"><ul><li><div style=\"margin-left: auto;margin-right: auto;text-align: center;\" id=\"lavra-2275362642\"><a href=\"https:\/\/sistemas.lavras.mg.gov.br\/portalcidadao\/#df1b1a7c7b2a290bcb31e32771e610784662739a88807c0dacac58ede5f391a7530e299dc302d611ee73cb143fc22eaf93592e53e7b5bdb01b00a0b8d28dae460c141dd2ff83412e4dc1c31b16b25f33144a9e5620ea73b13f5bc1c59411d98439ad226e8af03840603796067d87afe130812cf3de24982d0e306f9e61e764e5\" aria-label=\"Lavras-TV&#8211;720x104px (1) (1)\"><img src=\"https:\/\/lavras.tv\/site\/wp-content\/uploads\/2025\/01\/Lavras-TV-720x104px-1-1.png\" alt=\"\"  srcset=\"https:\/\/lavras.tv\/site\/wp-content\/uploads\/2025\/01\/Lavras-TV-720x104px-1-1.png 720w, https:\/\/lavras.tv\/site\/wp-content\/uploads\/2025\/01\/Lavras-TV-720x104px-1-1-470x68.png 470w, https:\/\/lavras.tv\/site\/wp-content\/uploads\/2025\/01\/Lavras-TV-720x104px-1-1-170x25.png 170w, https:\/\/lavras.tv\/site\/wp-content\/uploads\/2025\/01\/Lavras-TV-720x104px-1-1-200x29.png 200w\" sizes=\"(max-width: 720px) 100vw, 720px\" width=\"720\" height=\"104\"  style=\"display: inline-block;\" \/><\/a><\/div><\/li><li><a href=\"https:\/\/sistemas.lavras.mg.gov.br\/portalcidadao\/#df1b1a7c7b2a290bcb31e32771e610784662739a88807c0dacac58ede5f391a7530e299dc302d611ee73cb143fc22eaf93592e53e7b5bdb01b00a0b8d28dae460c141dd2ff83412e4dc1c31b16b25f33144a9e5620ea73b13f5bc1c59411d98439ad226e8af03840603796067d87afe130812cf3de24982d0e306f9e61e764e5\" aria-label=\"Banner_Emprego_PortallavrasTV\"><img src=\"https:\/\/lavras.tv\/site\/wp-content\/uploads\/2025\/03\/Banner_Emprego_PortallavrasTV.png\" alt=\"\"  srcset=\"https:\/\/lavras.tv\/site\/wp-content\/uploads\/2025\/03\/Banner_Emprego_PortallavrasTV.png 720w, https:\/\/lavras.tv\/site\/wp-content\/uploads\/2025\/03\/Banner_Emprego_PortallavrasTV-470x68.png 470w, https:\/\/lavras.tv\/site\/wp-content\/uploads\/2025\/03\/Banner_Emprego_PortallavrasTV-170x25.png 170w, https:\/\/lavras.tv\/site\/wp-content\/uploads\/2025\/03\/Banner_Emprego_PortallavrasTV-200x29.png 200w\" sizes=\"(max-width: 720px) 100vw, 720px\" width=\"720\" height=\"104\"   \/><\/a><\/li><li><a href=\"https:\/\/sistemas.lavras.mg.gov.br\/portalcidadao\/#df1b1a7c7b2a290bcb31e32771e610784662739a88807c0dacac58ede5f391a7530e299dc302d611ee73cb143fc22eaf93592e53e7b5bdb01b00a0b8d28dae460c141dd2ff83412e4dc1c31b16b25f33144a9e5620ea73b13f5bc1c59411d98439ad226e8af03840603796067d87afe130812cf3de24982d0e306f9e61e764e5\" aria-label=\"Banner_Obras_PortallavrasTV\"><img src=\"https:\/\/lavras.tv\/site\/wp-content\/uploads\/2025\/03\/Banner_Obras_PortallavrasTV.png\" alt=\"\"  srcset=\"https:\/\/lavras.tv\/site\/wp-content\/uploads\/2025\/03\/Banner_Obras_PortallavrasTV.png 720w, https:\/\/lavras.tv\/site\/wp-content\/uploads\/2025\/03\/Banner_Obras_PortallavrasTV-470x68.png 470w, https:\/\/lavras.tv\/site\/wp-content\/uploads\/2025\/03\/Banner_Obras_PortallavrasTV-170x25.png 170w, https:\/\/lavras.tv\/site\/wp-content\/uploads\/2025\/03\/Banner_Obras_PortallavrasTV-200x29.png 200w\" sizes=\"(max-width: 720px) 100vw, 720px\" width=\"720\" height=\"104\"   \/><\/a><\/li><li><div style=\"margin-left: auto;margin-right: auto;text-align: center;\" id=\"lavra-3529216741\"><a href=\"https:\/\/sistemas.lavras.mg.gov.br\/portalcidadao\/#df1b1a7c7b2a290bcb31e32771e610784662739a88807c0dacac58ede5f391a7530e299dc302d611ee73cb143fc22eaf93592e53e7b5bdb01b00a0b8d28dae460c141dd2ff83412e4dc1c31b16b25f33144a9e5620ea73b13f5bc1c59411d98439ad226e8af03840603796067d87afe130812cf3de24982d0e306f9e61e764e5\" aria-label=\"Banner_Educa\u00e7\u00e3o_PortallavrasTV\"><img src=\"https:\/\/lavras.tv\/site\/wp-content\/uploads\/2025\/01\/Banner_Educacao_PortallavrasTV.png\" alt=\"\"  srcset=\"https:\/\/lavras.tv\/site\/wp-content\/uploads\/2025\/01\/Banner_Educacao_PortallavrasTV.png 720w, https:\/\/lavras.tv\/site\/wp-content\/uploads\/2025\/01\/Banner_Educacao_PortallavrasTV-470x68.png 470w, https:\/\/lavras.tv\/site\/wp-content\/uploads\/2025\/01\/Banner_Educacao_PortallavrasTV-170x25.png 170w, https:\/\/lavras.tv\/site\/wp-content\/uploads\/2025\/01\/Banner_Educacao_PortallavrasTV-200x29.png 200w\" sizes=\"(max-width: 720px) 100vw, 720px\" width=\"720\" height=\"104\"  style=\"display: inline-block;\" \/><\/a><\/div><\/li><li><a href=\"https:\/\/sistemas.lavras.mg.gov.br\/portalcidadao\/#df1b1a7c7b2a290bcb31e32771e610784662739a88807c0dacac58ede5f391a7530e299dc302d611ee73cb143fc22eaf93592e53e7b5bdb01b00a0b8d28dae460c141dd2ff83412e4dc1c31b16b25f33144a9e5620ea73b13f5bc1c59411d98439ad226e8af03840603796067d87afe130812cf3de24982d0e306f9e61e764e5\" aria-label=\"Banner_Sa\u00fade_PortallavrasTV\"><img src=\"https:\/\/lavras.tv\/site\/wp-content\/uploads\/2025\/03\/Banner_Saude_PortallavrasTV.png\" alt=\"\"  srcset=\"https:\/\/lavras.tv\/site\/wp-content\/uploads\/2025\/03\/Banner_Saude_PortallavrasTV.png 720w, https:\/\/lavras.tv\/site\/wp-content\/uploads\/2025\/03\/Banner_Saude_PortallavrasTV-470x68.png 470w, https:\/\/lavras.tv\/site\/wp-content\/uploads\/2025\/03\/Banner_Saude_PortallavrasTV-170x25.png 170w, https:\/\/lavras.tv\/site\/wp-content\/uploads\/2025\/03\/Banner_Saude_PortallavrasTV-200x29.png 200w\" sizes=\"(max-width: 720px) 100vw, 720px\" width=\"720\" height=\"104\"   \/><\/a><\/li><li><div id=\"lavra-2438957675\" style=\"width:720px;height:104px;background-color:#ddd;overflow:scroll;\">\n\t<strong>Sa\u00edda da depura\u00e7\u00e3o de an\u00fancios<\/strong>\n\t<br><br>\n\tO an\u00fancio n\u00e3o \u00e9 exibido na p\u00e1gina<br><br>post atual: Lavras \u00e9 sede de nova etapa dos Jogos Escolares de Minas Gerais, ID: 1237<br><br><span style=\"color: red;\">O post atual n\u00e3o \u00e9 id\u00eantico ao post principal.<\/span><br><br>An\u00fancios: ROXO - TOPO INTERNA - ROTATIVO 2 (197)<br \/>Grupo de an\u00fancios: Princ_Meio01_720x104 (27)<br><br>Condi\u00e7\u00f5es de exibi\u00e7\u00e3o<div style=\"margin-bottom: 20px; white-space: pre-wrap; font-family: monospace; width: 100%; background: #ffe9e9;\"><strong>condi\u00e7\u00f5es gerais<\/strong><table border=\"1\"><thead><tr><th><\/th><th>An\u00fancios<\/th><th>wp_the_query<\/th><\/tr><\/thead><tr><td>is_main_query<\/td><td>1<\/td><td>1<\/td><\/tr><tr><td>is_rest_api<\/td><td>0<\/td><td>1<\/td><\/tr><tr><td>page<\/td><td>0<\/td><td>1<\/td><\/tr><tr><td>numpages<\/td><td>0<\/td><td>1<\/td><\/tr><tr><td>is_archive<\/td><td>1<\/td><td><\/td><\/tr><tr><td>is_search<\/td><td>1<\/td><td><\/td><\/tr><tr><td>is_home<\/td><td>1<\/td><td><\/td><\/tr><tr><td>is_404<\/td><td>1<\/td><td><\/td><\/tr><tr><td>is_attachment<\/td><td>1<\/td><td><\/td><\/tr><tr><td>is_singular<\/td><td>1<\/td><td><\/td><\/tr><tr><td>is_front_page<\/td><td>1<\/td><td><\/td><\/tr><tr><td>is_feed<\/td><td>1<\/td><td><\/td><\/tr><\/table><\/div><br><br><span style=\"color: red;\">Seu site usa HTTPS, mas o c\u00f3digo do an\u00fancio cont\u00e9m HTTP e pode n\u00e3o funcionar.<\/span>\t<br><br>\n\t<a style=\"color: green;\" href=\"https:\/\/wpadvancedads.com\/manual\/ad-debug-mode\/?utm_source=advanced-ads&utm_medium=link&utm_campaign=ad-debug-mode\" target=\"_blank\" rel=\"nofollow\">Encontre solu\u00e7\u00f5es no manual<\/a>\n<\/div>\n<\/li><\/ul><\/div><script>( window.advanced_ads_ready || jQuery( document ).ready ).call( null, function() {var $lavraslider201692630 = jQuery( \".lavra-slider-201692630\" );$lavraslider201692630.on( \"unslider.ready\", function() { jQuery( \"div.custom-slider ul li\" ).css( \"display\", \"block\" ); });$lavraslider201692630.unslider({ delay:4000, autoplay:true, nav:false, arrows:false, infinite:true });$lavraslider201692630.on(\"mouseover\", function() {$lavraslider201692630.unslider(\"stop\");}).on(\"mouseout\", function() {$lavraslider201692630.unslider(\"start\");});});<\/script><\/div><p>Cerca de 1.500 estudantes, com idades entre 12 e 17 anos, v\u00e3o passar por Lavras esta semana para disputar a etapa estadual do JEMG, Jogos Escolares de Minas Gerais, nas modalidades coletivas.<!--more--> S\u00e3o representantes de 144 escolas de 101 munic\u00edpios do Estado.<img fetchpriority=\"high\" decoding=\"async\" class=\" wp-image-1238 alignleft\" src=\"http:\/\/lavras.tv\/site\/wp-content\/uploads\/2016\/08\/jemg.jpg\" alt=\"jemg\" width=\"470\" height=\"313\" srcset=\"https:\/\/lavras.tv\/site\/wp-content\/uploads\/2016\/08\/jemg.jpg 1200w, https:\/\/lavras.tv\/site\/wp-content\/uploads\/2016\/08\/jemg-150x100.jpg 150w, https:\/\/lavras.tv\/site\/wp-content\/uploads\/2016\/08\/jemg-300x200.jpg 300w, https:\/\/lavras.tv\/site\/wp-content\/uploads\/2016\/08\/jemg-1024x683.jpg 1024w, https:\/\/lavras.tv\/site\/wp-content\/uploads\/2016\/08\/jemg-480x320.jpg 480w, https:\/\/lavras.tv\/site\/wp-content\/uploads\/2016\/08\/jemg-272x182.jpg 272w\" sizes=\"(max-width: 470px) 100vw, 470px\" \/><\/p>\n<p>A cerim\u00f4nia oficial de abertura desta etapa ser\u00e1 na ter\u00e7a-feira, dia 2, \u00e0s 19 horas, no Gin\u00e1sio do Lavras T\u00eanis Clube (Rua Costa Pereira, s\/n\u00ba, bairro Centro).<\/p>\n<p>Segundo o secret\u00e1rio municipal de Esporte, Lazer e Turismo de Lavras, Ricardo Pacheco, o JEMG \u00e9 uma grande oportunidade para o desenvolvimento esportivo e econ\u00f4mico da cidade. Pacheco comentou que a execu\u00e7\u00e3o das modalidades individuais e paral\u00edmpicas injetou cerca de 2 milh\u00f5es de reais no com\u00e9rcio local.<\/p>\n<p>\u201cCom a realiza\u00e7\u00e3o das coletivas, agora, e das individuais, a estimativa \u00e9 que movimentemos um total de 5 milh\u00f5es de reais com o evento, o que \u00e9 muito positivo para a economia de Lavras. Al\u00e9m disso, \u00e9 uma chance de incentivar a pr\u00e1tica esportiva em nossa cidade, j\u00e1 que possu\u00edmos vagas garantidas na estadual, em raz\u00e3o de sermos a sede\u201d, comemorou.<\/p>\n<p><strong>Esporte nos quatro cantos da cidade<\/strong><\/p>\n<p>Ao todo, 12 espa\u00e7os ser\u00e3o utilizados pelo JEMG, o que levar\u00e1 o esporte a diferentes regi\u00f5es de Lavras. O Gin\u00e1sio Edimilson Bosco Chitarra, no bairro S\u00e3o Vicente, ser\u00e1 a casa do basquete m\u00f3dulo I (para alunos de 12 a 14 anos), enquanto o Gin\u00e1sio II da Universidade Federal de Lavras (UFLA), no bairro Kennedy, recebe as disputas do m\u00f3dulo II (para alunos de 15 a 17 anos). A UFLA recebe tamb\u00e9m as competi\u00e7\u00f5es de handebol m\u00f3dulo II e v\u00f4lei de praia, ambas no Ciune.<\/p>\n<p>No Centro estar\u00e3o concentrados os jogos de futsal m\u00f3dulo II e peteca (gin\u00e1sio, quadras 1 e 2 do Lavras T\u00eanis Clube \u2013 LTC), v\u00f4lei m\u00f3dulo II (gin\u00e1sio da Associa\u00e7\u00e3o Atl\u00e9tica Ferrovi\u00e1ria) e v\u00f4lei de praia (quadra da Secretaria Municipal de Esporte, Lazer e Turismo \u2013 SELT).<\/p>\n<p>A competi\u00e7\u00e3o do futsal do m\u00f3dulo I acontece no gin\u00e1sio do Instituto Presbiteriano Gammon, no bairro Esplanada, e do handebol, no mesmo m\u00f3dulo, no gin\u00e1sio do Col\u00e9gio Tiradentes, no Jardim Floresta. O v\u00f4lei m\u00f3dulo I ser\u00e1 realizado no gin\u00e1sio do Clube ABR Cofap, no Distrito Industrial.<\/p>\n<p>&nbsp;<\/p>\n<p>Foto: Tiago Ciccarinini<\/p>\n","protected":false},"excerpt":{"rendered":"<p>Cerca de 1.500 estudantes, com idades entre 12 e 17 anos, v\u00e3o passar por Lavras esta semana para disputar a etapa estadual do JEMG, Jogos Escolares de Minas Gerais, nas modalidades coletivas.<\/p>\n","protected":false},"author":2,"featured_media":1238,"comment_status":"closed","ping_status":"open","sticky":false,"template":"","format":"standard","meta":{"advgb_blocks_editor_width":"","advgb_blocks_columns_visual_guide":"","_exactmetrics_skip_tracking":false,"_exactmetrics_sitenote_active":false,"_exactmetrics_sitenote_note":"","_exactmetrics_sitenote_category":0,"footnotes":""},"categories":[3],"tags":[392,393,394,50],"class_list":["post-1237","post","type-post","status-publish","format-standard","has-post-thumbnail","hentry","category-esportes","tag-jemg-2016","tag-jemg-lavras-mg","tag-jogos-escolares-de-minas-gerais-2016","tag-lavras-tv"],"better_featured_image":{"id":1238,"alt_text":"","caption":"","description":"","media_type":"image","media_details":{"width":1200,"height":800,"file":"2016\/08\/jemg.jpg","sizes":{"thumbnail":{"file":"jemg-150x100.jpg","width":150,"height":100,"mime-type":"image\/jpeg","source_url":"https:\/\/lavras.tv\/site\/wp-content\/uploads\/2016\/08\/jemg-150x100.jpg"},"medium":{"file":"jemg-300x200.jpg","width":300,"height":200,"mime-type":"image\/jpeg","source_url":"https:\/\/lavras.tv\/site\/wp-content\/uploads\/2016\/08\/jemg-300x200.jpg"},"large":{"file":"jemg-1024x683.jpg","width":1024,"height":683,"mime-type":"image\/jpeg","source_url":"https:\/\/lavras.tv\/site\/wp-content\/uploads\/2016\/08\/jemg-1024x683.jpg"},"featured-slider-img":{"file":"jemg-640x480.jpg","width":640,"height":480,"mime-type":"image\/jpeg","source_url":"https:\/\/lavras.tv\/site\/wp-content\/uploads\/2016\/08\/jemg-640x480.jpg"},"featured-post-img":{"file":"jemg-480x320.jpg","width":480,"height":320,"mime-type":"image\/jpeg","source_url":"https:\/\/lavras.tv\/site\/wp-content\/uploads\/2016\/08\/jemg-480x320.jpg"},"sow-carousel-default":{"file":"jemg-272x182.jpg","width":272,"height":182,"mime-type":"image\/jpeg","source_url":"https:\/\/lavras.tv\/site\/wp-content\/uploads\/2016\/08\/jemg-272x182.jpg"}},"image_meta":{"aperture":"0","credit":"","camera":"","caption":"","created_timestamp":"0","copyright":"","focal_length":"0","iso":"0","shutter_speed":"0","title":"","orientation":"0","keywords":[]}},"post":1237,"source_url":"https:\/\/lavras.tv\/site\/wp-content\/uploads\/2016\/08\/jemg.jpg"},"author_meta":{"display_name":"Lavras TV","author_link":"https:\/\/lavras.tv\/site\/author\/lavrastv\/"},"featured_img":"https:\/\/lavras.tv\/site\/wp-content\/uploads\/2016\/08\/jemg-300x200.jpg","coauthors":[],"tax_additional":{"categories":{"linked":["<a href=\"https:\/\/lavras.tv\/site\/category\/esportes\/\" class=\"advgb-post-tax-term\">Esportes<\/a>"],"unlinked":["<span class=\"advgb-post-tax-term\">Esportes<\/span>"]},"tags":{"linked":["<a href=\"https:\/\/lavras.tv\/site\/category\/esportes\/\" class=\"advgb-post-tax-term\">jemg 2016<\/a>","<a href=\"https:\/\/lavras.tv\/site\/category\/esportes\/\" class=\"advgb-post-tax-term\">jemg lavras mg<\/a>","<a href=\"https:\/\/lavras.tv\/site\/category\/esportes\/\" class=\"advgb-post-tax-term\">jogos escolares de minas gerais 2016<\/a>","<a href=\"https:\/\/lavras.tv\/site\/category\/esportes\/\" class=\"advgb-post-tax-term\">lavras.tv<\/a>"],"unlinked":["<span class=\"advgb-post-tax-term\">jemg 2016<\/span>","<span class=\"advgb-post-tax-term\">jemg lavras mg<\/span>","<span class=\"advgb-post-tax-term\">jogos escolares de minas gerais 2016<\/span>","<span class=\"advgb-post-tax-term\">lavras.tv<\/span>"]}},"comment_count":"0","relative_dates":{"created":"Publicado 10 anos atr\u00e1s","modified":"Atualizado 10 anos atr\u00e1s"},"absolute_dates":{"created":"Publicado em 1 de agosto de 2016","modified":"Atualizado em 2 de agosto de 2016"},"absolute_dates_time":{"created":"Publicado em 1 de agosto de 2016 11:46","modified":"Atualizado em 2 de agosto de 2016 11:41"},"featured_img_caption":"","series_order":"","_links":{"self":[{"href":"https:\/\/lavras.tv\/site\/wp-json\/wp\/v2\/posts\/1237","targetHints":{"allow":["GET"]}}],"collection":[{"href":"https:\/\/lavras.tv\/site\/wp-json\/wp\/v2\/posts"}],"about":[{"href":"https:\/\/lavras.tv\/site\/wp-json\/wp\/v2\/types\/post"}],"author":[{"embeddable":true,"href":"https:\/\/lavras.tv\/site\/wp-json\/wp\/v2\/users\/2"}],"replies":[{"embeddable":true,"href":"https:\/\/lavras.tv\/site\/wp-json\/wp\/v2\/comments?post=1237"}],"version-history":[{"count":1,"href":"https:\/\/lavras.tv\/site\/wp-json\/wp\/v2\/posts\/1237\/revisions"}],"predecessor-version":[{"id":1239,"href":"https:\/\/lavras.tv\/site\/wp-json\/wp\/v2\/posts\/1237\/revisions\/1239"}],"wp:featuredmedia":[{"embeddable":true,"href":"https:\/\/lavras.tv\/site\/wp-json\/wp\/v2\/media\/1238"}],"wp:attachment":[{"href":"https:\/\/lavras.tv\/site\/wp-json\/wp\/v2\/media?parent=1237"}],"wp:term":[{"taxonomy":"category","embeddable":true,"href":"https:\/\/lavras.tv\/site\/wp-json\/wp\/v2\/categories?post=1237"},{"taxonomy":"post_tag","embeddable":true,"href":"https:\/\/lavras.tv\/site\/wp-json\/wp\/v2\/tags?post=1237"}],"curies":[{"name":"wp","href":"https:\/\/api.w.org\/{rel}","templated":true}]}}