{"id":12447,"date":"2017-10-11T09:41:14","date_gmt":"2017-10-11T12:41:14","guid":{"rendered":"http:\/\/lavras.tv\/site\/?p=12447"},"modified":"2017-10-11T09:41:14","modified_gmt":"2017-10-11T12:41:14","slug":"semana-do-saco-cheio-em-lavras-tem-etapa-estadual-do-jimi","status":"publish","type":"post","link":"https:\/\/lavras.tv\/site\/2017\/10\/11\/semana-do-saco-cheio-em-lavras-tem-etapa-estadual-do-jimi\/","title":{"rendered":"Semana do saco cheio em Lavras tem etapa estadual do JIMI"},"content":{"rendered":"<div class=\"lavra-antes-do-conteudo_2\" id=\"lavra-900789088\"><div id=\"lavra-slider-27\" class=\"custom-slider lavra-slider-666811985 lavra-slider\"><ul><li><div style=\"margin-left: auto;margin-right: auto;text-align: center;\" id=\"lavra-3717557912\"><a href=\"https:\/\/sistemas.lavras.mg.gov.br\/portalcidadao\/#df1b1a7c7b2a290bcb31e32771e610784662739a88807c0dacac58ede5f391a7530e299dc302d611ee73cb143fc22eaf93592e53e7b5bdb01b00a0b8d28dae460c141dd2ff83412e4dc1c31b16b25f33144a9e5620ea73b13f5bc1c59411d98439ad226e8af03840603796067d87afe130812cf3de24982d0e306f9e61e764e5\" aria-label=\"Lavras-TV&#8211;720x104px (1) (1)\"><img src=\"https:\/\/lavras.tv\/site\/wp-content\/uploads\/2025\/01\/Lavras-TV-720x104px-1-1.png\" alt=\"\"  srcset=\"https:\/\/lavras.tv\/site\/wp-content\/uploads\/2025\/01\/Lavras-TV-720x104px-1-1.png 720w, https:\/\/lavras.tv\/site\/wp-content\/uploads\/2025\/01\/Lavras-TV-720x104px-1-1-470x68.png 470w, https:\/\/lavras.tv\/site\/wp-content\/uploads\/2025\/01\/Lavras-TV-720x104px-1-1-170x25.png 170w, https:\/\/lavras.tv\/site\/wp-content\/uploads\/2025\/01\/Lavras-TV-720x104px-1-1-200x29.png 200w\" sizes=\"(max-width: 720px) 100vw, 720px\" width=\"720\" height=\"104\"  style=\"display: inline-block;\" \/><\/a><\/div><\/li><li><a href=\"https:\/\/sistemas.lavras.mg.gov.br\/portalcidadao\/#df1b1a7c7b2a290bcb31e32771e610784662739a88807c0dacac58ede5f391a7530e299dc302d611ee73cb143fc22eaf93592e53e7b5bdb01b00a0b8d28dae460c141dd2ff83412e4dc1c31b16b25f33144a9e5620ea73b13f5bc1c59411d98439ad226e8af03840603796067d87afe130812cf3de24982d0e306f9e61e764e5\" aria-label=\"Banner_Emprego_PortallavrasTV\"><img src=\"https:\/\/lavras.tv\/site\/wp-content\/uploads\/2025\/03\/Banner_Emprego_PortallavrasTV.png\" alt=\"\"  srcset=\"https:\/\/lavras.tv\/site\/wp-content\/uploads\/2025\/03\/Banner_Emprego_PortallavrasTV.png 720w, https:\/\/lavras.tv\/site\/wp-content\/uploads\/2025\/03\/Banner_Emprego_PortallavrasTV-470x68.png 470w, https:\/\/lavras.tv\/site\/wp-content\/uploads\/2025\/03\/Banner_Emprego_PortallavrasTV-170x25.png 170w, https:\/\/lavras.tv\/site\/wp-content\/uploads\/2025\/03\/Banner_Emprego_PortallavrasTV-200x29.png 200w\" sizes=\"(max-width: 720px) 100vw, 720px\" width=\"720\" height=\"104\"   \/><\/a><\/li><li><a href=\"https:\/\/sistemas.lavras.mg.gov.br\/portalcidadao\/#df1b1a7c7b2a290bcb31e32771e610784662739a88807c0dacac58ede5f391a7530e299dc302d611ee73cb143fc22eaf93592e53e7b5bdb01b00a0b8d28dae460c141dd2ff83412e4dc1c31b16b25f33144a9e5620ea73b13f5bc1c59411d98439ad226e8af03840603796067d87afe130812cf3de24982d0e306f9e61e764e5\" aria-label=\"Banner_Obras_PortallavrasTV\"><img src=\"https:\/\/lavras.tv\/site\/wp-content\/uploads\/2025\/03\/Banner_Obras_PortallavrasTV.png\" alt=\"\"  srcset=\"https:\/\/lavras.tv\/site\/wp-content\/uploads\/2025\/03\/Banner_Obras_PortallavrasTV.png 720w, https:\/\/lavras.tv\/site\/wp-content\/uploads\/2025\/03\/Banner_Obras_PortallavrasTV-470x68.png 470w, https:\/\/lavras.tv\/site\/wp-content\/uploads\/2025\/03\/Banner_Obras_PortallavrasTV-170x25.png 170w, https:\/\/lavras.tv\/site\/wp-content\/uploads\/2025\/03\/Banner_Obras_PortallavrasTV-200x29.png 200w\" sizes=\"(max-width: 720px) 100vw, 720px\" width=\"720\" height=\"104\"   \/><\/a><\/li><li><div style=\"margin-left: auto;margin-right: auto;text-align: center;\" id=\"lavra-388811553\"><a href=\"https:\/\/sistemas.lavras.mg.gov.br\/portalcidadao\/#df1b1a7c7b2a290bcb31e32771e610784662739a88807c0dacac58ede5f391a7530e299dc302d611ee73cb143fc22eaf93592e53e7b5bdb01b00a0b8d28dae460c141dd2ff83412e4dc1c31b16b25f33144a9e5620ea73b13f5bc1c59411d98439ad226e8af03840603796067d87afe130812cf3de24982d0e306f9e61e764e5\" aria-label=\"Banner_Educa\u00e7\u00e3o_PortallavrasTV\"><img src=\"https:\/\/lavras.tv\/site\/wp-content\/uploads\/2025\/01\/Banner_Educacao_PortallavrasTV.png\" alt=\"\"  srcset=\"https:\/\/lavras.tv\/site\/wp-content\/uploads\/2025\/01\/Banner_Educacao_PortallavrasTV.png 720w, https:\/\/lavras.tv\/site\/wp-content\/uploads\/2025\/01\/Banner_Educacao_PortallavrasTV-470x68.png 470w, https:\/\/lavras.tv\/site\/wp-content\/uploads\/2025\/01\/Banner_Educacao_PortallavrasTV-170x25.png 170w, https:\/\/lavras.tv\/site\/wp-content\/uploads\/2025\/01\/Banner_Educacao_PortallavrasTV-200x29.png 200w\" sizes=\"(max-width: 720px) 100vw, 720px\" width=\"720\" height=\"104\"  style=\"display: inline-block;\" \/><\/a><\/div><\/li><li><a href=\"https:\/\/sistemas.lavras.mg.gov.br\/portalcidadao\/#df1b1a7c7b2a290bcb31e32771e610784662739a88807c0dacac58ede5f391a7530e299dc302d611ee73cb143fc22eaf93592e53e7b5bdb01b00a0b8d28dae460c141dd2ff83412e4dc1c31b16b25f33144a9e5620ea73b13f5bc1c59411d98439ad226e8af03840603796067d87afe130812cf3de24982d0e306f9e61e764e5\" aria-label=\"Banner_Sa\u00fade_PortallavrasTV\"><img src=\"https:\/\/lavras.tv\/site\/wp-content\/uploads\/2025\/03\/Banner_Saude_PortallavrasTV.png\" alt=\"\"  srcset=\"https:\/\/lavras.tv\/site\/wp-content\/uploads\/2025\/03\/Banner_Saude_PortallavrasTV.png 720w, https:\/\/lavras.tv\/site\/wp-content\/uploads\/2025\/03\/Banner_Saude_PortallavrasTV-470x68.png 470w, https:\/\/lavras.tv\/site\/wp-content\/uploads\/2025\/03\/Banner_Saude_PortallavrasTV-170x25.png 170w, https:\/\/lavras.tv\/site\/wp-content\/uploads\/2025\/03\/Banner_Saude_PortallavrasTV-200x29.png 200w\" sizes=\"(max-width: 720px) 100vw, 720px\" width=\"720\" height=\"104\"   \/><\/a><\/li><li><div id=\"lavra-1472562050\" style=\"width:720px;height:104px;background-color:#ddd;overflow:scroll;\">\n\t<strong>Sa\u00edda da depura\u00e7\u00e3o de an\u00fancios<\/strong>\n\t<br><br>\n\tO an\u00fancio n\u00e3o \u00e9 exibido na p\u00e1gina<br><br>post atual: Semana do saco cheio em Lavras tem etapa estadual do JIMI, ID: 12447<br><br><span style=\"color: red;\">O post atual n\u00e3o \u00e9 id\u00eantico ao post principal.<\/span><br><br>An\u00fancios: ROXO - TOPO INTERNA - ROTATIVO 2 (197)<br \/>Grupo de an\u00fancios: Princ_Meio01_720x104 (27)<br><br>Condi\u00e7\u00f5es de exibi\u00e7\u00e3o<div style=\"margin-bottom: 20px; white-space: pre-wrap; font-family: monospace; width: 100%; background: #ffe9e9;\"><strong>condi\u00e7\u00f5es gerais<\/strong><table border=\"1\"><thead><tr><th><\/th><th>An\u00fancios<\/th><th>wp_the_query<\/th><\/tr><\/thead><tr><td>is_main_query<\/td><td>1<\/td><td>1<\/td><\/tr><tr><td>is_rest_api<\/td><td>0<\/td><td>1<\/td><\/tr><tr><td>page<\/td><td>0<\/td><td>1<\/td><\/tr><tr><td>numpages<\/td><td>0<\/td><td>1<\/td><\/tr><tr><td>is_archive<\/td><td>1<\/td><td><\/td><\/tr><tr><td>is_search<\/td><td>1<\/td><td><\/td><\/tr><tr><td>is_home<\/td><td>1<\/td><td><\/td><\/tr><tr><td>is_404<\/td><td>1<\/td><td><\/td><\/tr><tr><td>is_attachment<\/td><td>1<\/td><td><\/td><\/tr><tr><td>is_singular<\/td><td>1<\/td><td><\/td><\/tr><tr><td>is_front_page<\/td><td>1<\/td><td><\/td><\/tr><tr><td>is_feed<\/td><td>1<\/td><td><\/td><\/tr><\/table><\/div><br><br><span style=\"color: red;\">Seu site usa HTTPS, mas o c\u00f3digo do an\u00fancio cont\u00e9m HTTP e pode n\u00e3o funcionar.<\/span>\t<br><br>\n\t<a style=\"color: green;\" href=\"https:\/\/wpadvancedads.com\/manual\/ad-debug-mode\/?utm_source=advanced-ads&utm_medium=link&utm_campaign=ad-debug-mode\" target=\"_blank\" rel=\"nofollow\">Encontre solu\u00e7\u00f5es no manual<\/a>\n<\/div>\n<\/li><\/ul><\/div><script>( window.advanced_ads_ready || jQuery( document ).ready ).call( null, function() {var $lavraslider666811985 = jQuery( \".lavra-slider-666811985\" );$lavraslider666811985.on( \"unslider.ready\", function() { jQuery( \"div.custom-slider ul li\" ).css( \"display\", \"block\" ); });$lavraslider666811985.unslider({ delay:4000, autoplay:true, nav:false, arrows:false, infinite:true });$lavraslider666811985.on(\"mouseover\", function() {$lavraslider666811985.unslider(\"stop\");}).on(\"mouseout\", function() {$lavraslider666811985.unslider(\"start\");});});<\/script><\/div><p>Ser\u00e1 nesta quarta-feira (11) a abertura da Etapa Estadual do JIMI \u2013 Jogos do Interior de Minas, \u00e0s 20h15, no Gin\u00e1sio do LTC \u2013 Lavras T\u00eanis Clube, com a participa\u00e7\u00e3o de mais de 2000 atletas de 85 cidades mineiras.<!--more--><\/p>\n<p>A solenidade coloca Lavras em destaque no esporte mineiro, \u201cesta \u00e9 a maior delega\u00e7\u00e3o de atletas na hist\u00f3ria de Lavras e estamos preparados para receb\u00ea-los neste evento que \u00e9 um dos maiores de Minas Gerais\u201d disse Alexandre Belo, Secret\u00e1rio de Esporte, Lazer, Turismo e Cultura de Lavras e coordenador do evento.<\/p>\n<p><img fetchpriority=\"high\" decoding=\"async\" class=\"alignnone size-full wp-image-3577 aligncenter\" src=\"http:\/\/lavras.tv\/site\/wp-content\/uploads\/2016\/11\/jogos_de_minas.jpg\" alt=\"jogos_de_minas\" width=\"940\" height=\"350\" srcset=\"https:\/\/lavras.tv\/site\/wp-content\/uploads\/2016\/11\/jogos_de_minas.jpg 940w, https:\/\/lavras.tv\/site\/wp-content\/uploads\/2016\/11\/jogos_de_minas-150x56.jpg 150w, https:\/\/lavras.tv\/site\/wp-content\/uploads\/2016\/11\/jogos_de_minas-300x112.jpg 300w\" sizes=\"(max-width: 940px) 100vw, 940px\" \/><\/p>\n<p>\u201cNo JIMI, queremos democratizar o acesso ao esporte, movimentar a economia e o turismo das cidades que recebem as etapas dos Jogos e fazer com que nossos atletas se aproximem das modalidades e percebam benef\u00edcios na pr\u00e1tica esportiva que v\u00e3o al\u00e9m dos resultados nas quadras\u201d disse o secret\u00e1rio de Estado de Esportes, Arnaldo Gontijo, respons\u00e1vel pela organiza\u00e7\u00e3o do evento em Minas Gerais.<\/p>\n<p><img decoding=\"async\" class=\"alignnone size-full wp-image-1889 aligncenter\" src=\"http:\/\/lavras.tv\/site\/wp-content\/uploads\/2016\/08\/jogos-de-minas.jpg\" alt=\"jogos de minas\" width=\"731\" height=\"483\" srcset=\"https:\/\/lavras.tv\/site\/wp-content\/uploads\/2016\/08\/jogos-de-minas.jpg 731w, https:\/\/lavras.tv\/site\/wp-content\/uploads\/2016\/08\/jogos-de-minas-150x99.jpg 150w, https:\/\/lavras.tv\/site\/wp-content\/uploads\/2016\/08\/jogos-de-minas-300x198.jpg 300w\" sizes=\"(max-width: 731px) 100vw, 731px\" \/><\/p>\n<p>As disputas coletivas e individuais acontecem entre os dias 11 e 15 de outubro na\u00a0<b><strong>SELT<\/strong><\/b>\u00a0\u2013 Rua Jo\u00e3o Pomarico, s\/n, Centro (Basquete Feminino e Basquete em Cadeira de Rodas);\u00a0<b><strong>SEST SENAT<\/strong><\/b>\u00a0\u2013 Rua do Prensista, 200, Distrito Industrial (Nata\u00e7\u00e3o e Xadrez);\u00a0<b><strong>Admilson Bosco Chetarra<\/strong><\/b>\u00a0\u2013 Rua Agn\u00e9sio de Carvalho, s\/n, S\u00e3o Vicente (T\u00eanis de Mesa);\u00a0<b><strong>UFLA<\/strong><\/b>\u00a0<b><strong>\u2013 Pista de Atletismo Campus Universit\u00e1rio<\/strong><\/b>\u00a0\u2013 Departamento de Educa\u00e7\u00e3o F\u00edsica (Atletismo);\u00a0<b><strong>ABR COFAP<\/strong><\/b>\u00a0\u2013 Rua Rosa Kasisnki, 865, Colina da Serra (Futsal de Surdos);\u00a0<b><strong>Campestre Clube Celso Baptista Dias<\/strong><\/b>\u00a0\u2013 Rua Raimunda Marques Guimar\u00e3es, 152, Jardim Gl\u00f3ria (Karat\u00ea);\u00a0<b><strong>8\u00ba Batalh\u00e3o Pol\u00edcia Militar<\/strong><\/b>\u00a0\u2013 Av. Comandante N\u00e9lio, 7, Jardim Floresta (Jud\u00f4);\u00a0<b><strong>UFLA \u2013 Avenida Norte Campus Universit\u00e1rio<\/strong><\/b>\u00a0(Ciclismo);\u00a0<b><strong>CIUNE Campus Universit\u00e1rio<\/strong><\/b>\u00a0\u2013 Departamento de Educa\u00e7\u00e3o F\u00edsica (Voleibol Masculino);\u00a0<b><strong>UFLA \u2013 G2 Campus Universit\u00e1rio<\/strong><\/b>\u00a0\u2013 Departamento de Educa\u00e7\u00e3o F\u00edsica (Basquete Masculino e Basquete em Cadeira de Rodas);\u00a0<b><strong>UFLA \u2013 G1 Campus Universit\u00e1rio<\/strong><\/b>\u00a0\u2013 Departamento de Educa\u00e7\u00e3o F\u00edsica (Handebol);\u00a0<b><strong>CNEC<\/strong><\/b>\u00a0\u2013 Rua Vaz Monteiro, 500, Centro (Voleibol feminino e Taekwondo);\u00a0<b><strong>Lavras T\u00eanis Clube<\/strong><\/b>\u00a0\u2013 Rua Proc\u00f3pio Alvarenga, 8, Centro (Futsal).<\/p>\n<p>Fonte: Prefeitura de Lavras<\/p>\n","protected":false},"excerpt":{"rendered":"<p>Ser\u00e1 nesta quarta-feira (11) a abertura da Etapa Estadual do JIMI \u2013 Jogos do Interior de Minas, \u00e0s 20h15, no Gin\u00e1sio do LTC \u2013 Lavras T\u00eanis Clube, com a participa\u00e7\u00e3o de mais de 2000 atletas de 85 cidades mineiras.<\/p>\n","protected":false},"author":2,"featured_media":1889,"comment_status":"closed","ping_status":"open","sticky":false,"template":"","format":"standard","meta":{"advgb_blocks_editor_width":"","advgb_blocks_columns_visual_guide":"","_exactmetrics_skip_tracking":false,"_exactmetrics_sitenote_active":false,"_exactmetrics_sitenote_note":"","_exactmetrics_sitenote_category":0,"footnotes":""},"categories":[7,3],"tags":[895,689,34],"class_list":["post-12447","post","type-post","status-publish","format-standard","has-post-thumbnail","hentry","category-destaques","category-esportes","tag-895","tag-jimi","tag-lavras"],"better_featured_image":{"id":1889,"alt_text":"","caption":"","description":"","media_type":"image","media_details":{"width":731,"height":483,"file":"2016\/08\/jogos-de-minas.jpg","sizes":{"thumbnail":{"file":"jogos-de-minas-150x99.jpg","width":150,"height":99,"mime-type":"image\/jpeg","source_url":"https:\/\/lavras.tv\/site\/wp-content\/uploads\/2016\/08\/jogos-de-minas-150x99.jpg"},"medium":{"file":"jogos-de-minas-300x198.jpg","width":300,"height":198,"mime-type":"image\/jpeg","source_url":"https:\/\/lavras.tv\/site\/wp-content\/uploads\/2016\/08\/jogos-de-minas-300x198.jpg"},"featured-slider-img":{"file":"jogos-de-minas-640x480.jpg","width":640,"height":480,"mime-type":"image\/jpeg","source_url":"https:\/\/lavras.tv\/site\/wp-content\/uploads\/2016\/08\/jogos-de-minas-640x480.jpg"},"featured-post-img":{"file":"jogos-de-minas-480x320.jpg","width":480,"height":320,"mime-type":"image\/jpeg","source_url":"https:\/\/lavras.tv\/site\/wp-content\/uploads\/2016\/08\/jogos-de-minas-480x320.jpg"},"sow-carousel-default":{"file":"jogos-de-minas-272x182.jpg","width":272,"height":182,"mime-type":"image\/jpeg","source_url":"https:\/\/lavras.tv\/site\/wp-content\/uploads\/2016\/08\/jogos-de-minas-272x182.jpg"}},"image_meta":{"aperture":"5.6","credit":"","camera":"NIKON D300S","caption":"","created_timestamp":"1340729725","copyright":"","focal_length":"80","iso":"3200","shutter_speed":"0.008","title":"","orientation":"0","keywords":[]}},"post":1888,"source_url":"https:\/\/lavras.tv\/site\/wp-content\/uploads\/2016\/08\/jogos-de-minas.jpg"},"author_meta":{"display_name":"Lavras TV","author_link":"https:\/\/lavras.tv\/site\/author\/lavrastv\/"},"featured_img":"https:\/\/lavras.tv\/site\/wp-content\/uploads\/2016\/08\/jogos-de-minas-300x198.jpg","coauthors":[],"tax_additional":{"categories":{"linked":["<a href=\"https:\/\/lavras.tv\/site\/category\/destaques\/\" class=\"advgb-post-tax-term\">Destaques<\/a>","<a href=\"https:\/\/lavras.tv\/site\/category\/esportes\/\" class=\"advgb-post-tax-term\">Esportes<\/a>"],"unlinked":["<span class=\"advgb-post-tax-term\">Destaques<\/span>","<span class=\"advgb-post-tax-term\">Esportes<\/span>"]},"tags":{"linked":["<a href=\"https:\/\/lavras.tv\/site\/category\/esportes\/\" class=\"advgb-post-tax-term\">2017<\/a>","<a href=\"https:\/\/lavras.tv\/site\/category\/esportes\/\" class=\"advgb-post-tax-term\">jimi<\/a>","<a href=\"https:\/\/lavras.tv\/site\/category\/esportes\/\" class=\"advgb-post-tax-term\">lavras<\/a>"],"unlinked":["<span class=\"advgb-post-tax-term\">2017<\/span>","<span class=\"advgb-post-tax-term\">jimi<\/span>","<span class=\"advgb-post-tax-term\">lavras<\/span>"]}},"comment_count":"0","relative_dates":{"created":"Publicado 9 anos atr\u00e1s","modified":"Atualizado 9 anos atr\u00e1s"},"absolute_dates":{"created":"Publicado em 11 de outubro de 2017","modified":"Atualizado em 11 de outubro de 2017"},"absolute_dates_time":{"created":"Publicado em 11 de outubro de 2017 09:41","modified":"Atualizado em 11 de outubro de 2017 09:41"},"featured_img_caption":"","series_order":"","_links":{"self":[{"href":"https:\/\/lavras.tv\/site\/wp-json\/wp\/v2\/posts\/12447","targetHints":{"allow":["GET"]}}],"collection":[{"href":"https:\/\/lavras.tv\/site\/wp-json\/wp\/v2\/posts"}],"about":[{"href":"https:\/\/lavras.tv\/site\/wp-json\/wp\/v2\/types\/post"}],"author":[{"embeddable":true,"href":"https:\/\/lavras.tv\/site\/wp-json\/wp\/v2\/users\/2"}],"replies":[{"embeddable":true,"href":"https:\/\/lavras.tv\/site\/wp-json\/wp\/v2\/comments?post=12447"}],"version-history":[{"count":1,"href":"https:\/\/lavras.tv\/site\/wp-json\/wp\/v2\/posts\/12447\/revisions"}],"predecessor-version":[{"id":12448,"href":"https:\/\/lavras.tv\/site\/wp-json\/wp\/v2\/posts\/12447\/revisions\/12448"}],"wp:featuredmedia":[{"embeddable":true,"href":"https:\/\/lavras.tv\/site\/wp-json\/wp\/v2\/media\/1889"}],"wp:attachment":[{"href":"https:\/\/lavras.tv\/site\/wp-json\/wp\/v2\/media?parent=12447"}],"wp:term":[{"taxonomy":"category","embeddable":true,"href":"https:\/\/lavras.tv\/site\/wp-json\/wp\/v2\/categories?post=12447"},{"taxonomy":"post_tag","embeddable":true,"href":"https:\/\/lavras.tv\/site\/wp-json\/wp\/v2\/tags?post=12447"}],"curies":[{"name":"wp","href":"https:\/\/api.w.org\/{rel}","templated":true}]}}