{"id":12486,"date":"2017-10-16T09:56:55","date_gmt":"2017-10-16T11:56:55","guid":{"rendered":"http:\/\/lavras.tv\/site\/?p=12486"},"modified":"2017-10-16T09:58:33","modified_gmt":"2017-10-16T11:58:33","slug":"temer-libera-mais-recursos-para-deputados-em-troca-de-apoio-na-camara","status":"publish","type":"post","link":"https:\/\/lavras.tv\/site\/2017\/10\/16\/temer-libera-mais-recursos-para-deputados-em-troca-de-apoio-na-camara\/","title":{"rendered":"Temer libera mais recursos para deputados em troca de apoio na C\u00e2mara"},"content":{"rendered":"<div class=\"lavra-antes-do-conteudo_2\" id=\"lavra-1625691699\"><div id=\"lavra-slider-27\" class=\"custom-slider lavra-slider-2320900775 lavra-slider\"><ul><li><div style=\"margin-left: auto;margin-right: auto;text-align: center;\" id=\"lavra-4262640812\"><a href=\"https:\/\/sistemas.lavras.mg.gov.br\/portalcidadao\/#df1b1a7c7b2a290bcb31e32771e610784662739a88807c0dacac58ede5f391a7530e299dc302d611ee73cb143fc22eaf93592e53e7b5bdb01b00a0b8d28dae460c141dd2ff83412e4dc1c31b16b25f33144a9e5620ea73b13f5bc1c59411d98439ad226e8af03840603796067d87afe130812cf3de24982d0e306f9e61e764e5\" aria-label=\"Lavras-TV&#8211;720x104px (1) (1)\"><img src=\"https:\/\/lavras.tv\/site\/wp-content\/uploads\/2025\/01\/Lavras-TV-720x104px-1-1.png\" alt=\"\"  srcset=\"https:\/\/lavras.tv\/site\/wp-content\/uploads\/2025\/01\/Lavras-TV-720x104px-1-1.png 720w, https:\/\/lavras.tv\/site\/wp-content\/uploads\/2025\/01\/Lavras-TV-720x104px-1-1-470x68.png 470w, https:\/\/lavras.tv\/site\/wp-content\/uploads\/2025\/01\/Lavras-TV-720x104px-1-1-170x25.png 170w, https:\/\/lavras.tv\/site\/wp-content\/uploads\/2025\/01\/Lavras-TV-720x104px-1-1-200x29.png 200w\" sizes=\"(max-width: 720px) 100vw, 720px\" width=\"720\" height=\"104\"  style=\"display: inline-block;\" \/><\/a><\/div><\/li><li><a href=\"https:\/\/sistemas.lavras.mg.gov.br\/portalcidadao\/#df1b1a7c7b2a290bcb31e32771e610784662739a88807c0dacac58ede5f391a7530e299dc302d611ee73cb143fc22eaf93592e53e7b5bdb01b00a0b8d28dae460c141dd2ff83412e4dc1c31b16b25f33144a9e5620ea73b13f5bc1c59411d98439ad226e8af03840603796067d87afe130812cf3de24982d0e306f9e61e764e5\" aria-label=\"Banner_Emprego_PortallavrasTV\"><img src=\"https:\/\/lavras.tv\/site\/wp-content\/uploads\/2025\/03\/Banner_Emprego_PortallavrasTV.png\" alt=\"\"  srcset=\"https:\/\/lavras.tv\/site\/wp-content\/uploads\/2025\/03\/Banner_Emprego_PortallavrasTV.png 720w, https:\/\/lavras.tv\/site\/wp-content\/uploads\/2025\/03\/Banner_Emprego_PortallavrasTV-470x68.png 470w, https:\/\/lavras.tv\/site\/wp-content\/uploads\/2025\/03\/Banner_Emprego_PortallavrasTV-170x25.png 170w, https:\/\/lavras.tv\/site\/wp-content\/uploads\/2025\/03\/Banner_Emprego_PortallavrasTV-200x29.png 200w\" sizes=\"(max-width: 720px) 100vw, 720px\" width=\"720\" height=\"104\"   \/><\/a><\/li><li><a href=\"https:\/\/sistemas.lavras.mg.gov.br\/portalcidadao\/#df1b1a7c7b2a290bcb31e32771e610784662739a88807c0dacac58ede5f391a7530e299dc302d611ee73cb143fc22eaf93592e53e7b5bdb01b00a0b8d28dae460c141dd2ff83412e4dc1c31b16b25f33144a9e5620ea73b13f5bc1c59411d98439ad226e8af03840603796067d87afe130812cf3de24982d0e306f9e61e764e5\" aria-label=\"Banner_Obras_PortallavrasTV\"><img src=\"https:\/\/lavras.tv\/site\/wp-content\/uploads\/2025\/03\/Banner_Obras_PortallavrasTV.png\" alt=\"\"  srcset=\"https:\/\/lavras.tv\/site\/wp-content\/uploads\/2025\/03\/Banner_Obras_PortallavrasTV.png 720w, https:\/\/lavras.tv\/site\/wp-content\/uploads\/2025\/03\/Banner_Obras_PortallavrasTV-470x68.png 470w, https:\/\/lavras.tv\/site\/wp-content\/uploads\/2025\/03\/Banner_Obras_PortallavrasTV-170x25.png 170w, https:\/\/lavras.tv\/site\/wp-content\/uploads\/2025\/03\/Banner_Obras_PortallavrasTV-200x29.png 200w\" sizes=\"(max-width: 720px) 100vw, 720px\" width=\"720\" height=\"104\"   \/><\/a><\/li><li><div style=\"margin-left: auto;margin-right: auto;text-align: center;\" id=\"lavra-3740929486\"><a href=\"https:\/\/sistemas.lavras.mg.gov.br\/portalcidadao\/#df1b1a7c7b2a290bcb31e32771e610784662739a88807c0dacac58ede5f391a7530e299dc302d611ee73cb143fc22eaf93592e53e7b5bdb01b00a0b8d28dae460c141dd2ff83412e4dc1c31b16b25f33144a9e5620ea73b13f5bc1c59411d98439ad226e8af03840603796067d87afe130812cf3de24982d0e306f9e61e764e5\" aria-label=\"Banner_Educa\u00e7\u00e3o_PortallavrasTV\"><img src=\"https:\/\/lavras.tv\/site\/wp-content\/uploads\/2025\/01\/Banner_Educacao_PortallavrasTV.png\" alt=\"\"  srcset=\"https:\/\/lavras.tv\/site\/wp-content\/uploads\/2025\/01\/Banner_Educacao_PortallavrasTV.png 720w, https:\/\/lavras.tv\/site\/wp-content\/uploads\/2025\/01\/Banner_Educacao_PortallavrasTV-470x68.png 470w, https:\/\/lavras.tv\/site\/wp-content\/uploads\/2025\/01\/Banner_Educacao_PortallavrasTV-170x25.png 170w, https:\/\/lavras.tv\/site\/wp-content\/uploads\/2025\/01\/Banner_Educacao_PortallavrasTV-200x29.png 200w\" sizes=\"(max-width: 720px) 100vw, 720px\" width=\"720\" height=\"104\"  style=\"display: inline-block;\" \/><\/a><\/div><\/li><li><a href=\"https:\/\/sistemas.lavras.mg.gov.br\/portalcidadao\/#df1b1a7c7b2a290bcb31e32771e610784662739a88807c0dacac58ede5f391a7530e299dc302d611ee73cb143fc22eaf93592e53e7b5bdb01b00a0b8d28dae460c141dd2ff83412e4dc1c31b16b25f33144a9e5620ea73b13f5bc1c59411d98439ad226e8af03840603796067d87afe130812cf3de24982d0e306f9e61e764e5\" aria-label=\"Banner_Sa\u00fade_PortallavrasTV\"><img src=\"https:\/\/lavras.tv\/site\/wp-content\/uploads\/2025\/03\/Banner_Saude_PortallavrasTV.png\" alt=\"\"  srcset=\"https:\/\/lavras.tv\/site\/wp-content\/uploads\/2025\/03\/Banner_Saude_PortallavrasTV.png 720w, https:\/\/lavras.tv\/site\/wp-content\/uploads\/2025\/03\/Banner_Saude_PortallavrasTV-470x68.png 470w, https:\/\/lavras.tv\/site\/wp-content\/uploads\/2025\/03\/Banner_Saude_PortallavrasTV-170x25.png 170w, https:\/\/lavras.tv\/site\/wp-content\/uploads\/2025\/03\/Banner_Saude_PortallavrasTV-200x29.png 200w\" sizes=\"(max-width: 720px) 100vw, 720px\" width=\"720\" height=\"104\"   \/><\/a><\/li><li><div id=\"lavra-3418994867\" style=\"width:720px;height:104px;background-color:#ddd;overflow:scroll;\">\n\t<strong>Sa\u00edda da depura\u00e7\u00e3o de an\u00fancios<\/strong>\n\t<br><br>\n\tO an\u00fancio n\u00e3o \u00e9 exibido na p\u00e1gina<br><br>post atual: Temer libera mais recursos para deputados em troca de apoio na C\u00e2mara, ID: 12486<br><br><span style=\"color: red;\">O post atual n\u00e3o \u00e9 id\u00eantico ao post principal.<\/span><br><br>An\u00fancios: ROXO - TOPO INTERNA - ROTATIVO 2 (197)<br \/>Grupo de an\u00fancios: Princ_Meio01_720x104 (27)<br><br>Condi\u00e7\u00f5es de exibi\u00e7\u00e3o<div style=\"margin-bottom: 20px; white-space: pre-wrap; font-family: monospace; width: 100%; background: #ffe9e9;\"><strong>condi\u00e7\u00f5es gerais<\/strong><table border=\"1\"><thead><tr><th><\/th><th>An\u00fancios<\/th><th>wp_the_query<\/th><\/tr><\/thead><tr><td>is_main_query<\/td><td>1<\/td><td>1<\/td><\/tr><tr><td>is_rest_api<\/td><td>0<\/td><td>1<\/td><\/tr><tr><td>page<\/td><td>0<\/td><td>1<\/td><\/tr><tr><td>numpages<\/td><td>0<\/td><td>1<\/td><\/tr><tr><td>is_archive<\/td><td>1<\/td><td><\/td><\/tr><tr><td>is_search<\/td><td>1<\/td><td><\/td><\/tr><tr><td>is_home<\/td><td>1<\/td><td><\/td><\/tr><tr><td>is_404<\/td><td>1<\/td><td><\/td><\/tr><tr><td>is_attachment<\/td><td>1<\/td><td><\/td><\/tr><tr><td>is_singular<\/td><td>1<\/td><td><\/td><\/tr><tr><td>is_front_page<\/td><td>1<\/td><td><\/td><\/tr><tr><td>is_feed<\/td><td>1<\/td><td><\/td><\/tr><\/table><\/div><br><br><span style=\"color: red;\">Seu site usa HTTPS, mas o c\u00f3digo do an\u00fancio cont\u00e9m HTTP e pode n\u00e3o funcionar.<\/span>\t<br><br>\n\t<a style=\"color: green;\" href=\"https:\/\/wpadvancedads.com\/manual\/ad-debug-mode\/?utm_source=advanced-ads&utm_medium=link&utm_campaign=ad-debug-mode\" target=\"_blank\" rel=\"nofollow\">Encontre solu\u00e7\u00f5es no manual<\/a>\n<\/div>\n<\/li><\/ul><\/div><script>( window.advanced_ads_ready || jQuery( document ).ready ).call( null, function() {var $lavraslider2320900775 = jQuery( \".lavra-slider-2320900775\" );$lavraslider2320900775.on( \"unslider.ready\", function() { jQuery( \"div.custom-slider ul li\" ).css( \"display\", \"block\" ); });$lavraslider2320900775.unslider({ delay:4000, autoplay:true, nav:false, arrows:false, infinite:true });$lavraslider2320900775.on(\"mouseover\", function() {$lavraslider2320900775.unslider(\"stop\");}).on(\"mouseout\", function() {$lavraslider2320900775.unslider(\"start\");});});<\/script><\/div><p>No m\u00eas em que a Procuradoria-Geral da Rep\u00fablica (PGR) apresentou a segunda den\u00fancia contra o presidente Michel Temer (PMDB) \u2013 dessa vez por obstru\u00e7\u00e3o de Justi\u00e7a e organiza\u00e7\u00e3o criminosa \u2013, o Pal\u00e1cio do Planalto voltou a ultrapassar a marca de R$ 1 bilh\u00e3o em emendas parlamentares liberadas.<\/p>\n<p style=\"text-align: left;\"><img decoding=\"async\" src=\"http:\/\/www.tribunapr.com.br\/wp-content\/uploads\/sites\/1\/2016\/12\/Temer.jpg\" alt=\"Resultado de imagem para temer sorrindo\" \/><\/p>\n<p style=\"text-align: left;\">A estrat\u00e9gia para garantir apoio no Congresso deu certo em junho, quando a PGR apresentou a primeira den\u00fancia contra Temer. Naquele m\u00eas foram liberados R$ 2 bilh\u00f5es e em julho foram liberados outros R$ 2,2 bilh\u00f5es para os parlamentares, que arquivaram a den\u00fancia. Em setembro, foi liberado R$ 1,04 bilh\u00e3o e apenas na primeira semana deste m\u00eas R$ 76,6 milh\u00f5es para emendas.<\/p>\n<p>A menos de um ano para as elei\u00e7\u00f5es, conseguir liberar verbas para suas emendas \u00e9 fundamental para os deputados. Por meio das emendas, eles garantem dinheiro para obras e a\u00e7\u00f5es em suas bases eleitorais, o que normalmente se transforma em votos e apoio de prefeitos e lideran\u00e7as locais. A partir do momento em que o governo empenha o recurso para determinada emenda, fica comprometido a pagar pela obra.<\/p>\n<p style=\"text-align: left;\">De acordo com lei aprovada em 2015, as emendas parlamentares s\u00e3o impositivas, ou seja, o governo tem obriga\u00e7\u00e3o de liberar os recursos para atender deputados e senadores. No entanto, na pr\u00e1tica, o Planalto ainda \u00e9 respons\u00e1vel pelo cronograma das libera\u00e7\u00f5es e pode priorizar determinadas emendas e atrasar o pagamento de outras.<\/p>\n<p>No m\u00eas passado, quando o ex-procurador-geral da Rep\u00fablica Rodrigo Janot apresentou a segunda den\u00fancia contra Temer os valores liberados para os deputados voltou a crescer. Enquanto em agosto foram liberados R$ 199 milh\u00f5es, em setembro o valor quintuplicou e alcan\u00e7ou R$ 1,04 bilh\u00e3o.<\/p>\n<p>Em compara\u00e7\u00e3o com os valores liberados em 2016, o montante de pagamentos autorizados pelo Planalto este ano \u00e9 significativamente maior. Em setembro do ano passado foram liberados R$ 111 milh\u00f5es, quase 10 vezes menos do que o montante liberado este ano, em que Temer enfrenta maior turbul\u00eancia pol\u00edtica com as den\u00fancias feitas pelo Minist\u00e9rio Publico Federal.<\/p>\n<p><strong>APOIO<\/strong>\u00a0A aten\u00e7\u00e3o garantida aos parlamentares em suas demandas locais ajudar a explicar em parte o alto grau de fidelidade que Temer consegue no Congresso. Apesar de ter aprova\u00e7\u00e3o pequena na sociedade \u2013 segundo levantamento da CNI, apenas 3% aprovam sua gest\u00e3o, e segundo levantamento do Instituto Datafolha, apenas 5% aprovam seu governo \u2013 o Planalto n\u00e3o enfrentou dificuldades para aprovar a maioria dos projetos priorit\u00e1rios para o governo em 2017.<\/p>\n<p>Segundo levantamento da Prospectiva Consultoria, em m\u00e9dia, 75% dos congressistas votaram alinhados com o governo federal ao longo dos \u00faltimos 14 meses, per\u00edodo em que o peemedebista est\u00e1 \u00e0 frente da Rep\u00fablica. Em setembro, o percentual foi ainda maior, com o grau de fidelidade entre parlamentares atingindo 79,64% nas vota\u00e7\u00f5es.<\/p>\n<p>Desde o fim do m\u00eas passado, quando come\u00e7ou a tramitar a segunda den\u00fancia contra Temer, a movimenta\u00e7\u00e3o dos parlamentares para pressionar a libera\u00e7\u00e3o de suas emendas aumentou. Alguns deputados cobraram do ministro do Planejamento, Dyogo Oliveira, maior celeridade para assegurar recursos para suas bases eleitorais.<\/p>\n<p>O EM entrou em contato com a assessoria de imprensa do Pal\u00e1cio do Planalto para saber os crit\u00e9rios de libera\u00e7\u00e3o de recursos para emendas parlamentares, mas foi informada que \u00e9 o Minist\u00e9rio do Planejamento que trata do assunto. A pasta do Planejamento informou que a rela\u00e7\u00e3o do governo com deputados e senadores \u00e9 de responsabilidade da Secretaria de Governo. J\u00e1 a Secretaria de Governo informou que a demanda deveria ser tratada com a Secretaria de Rela\u00e7\u00f5es Institucionais, que por sua vez repassou a demanda para a Casa Civil. Por \u00faltimo, a assessoria da Casa Civil n\u00e3o atendeu a reportagem.<\/p>\n<p style=\"text-align: left;\">Fonte: Estado de Minas<\/p>\n","protected":false},"excerpt":{"rendered":"<p>No m\u00eas em que a Procuradoria-Geral da Rep\u00fablica (PGR) apresentou a segunda den\u00fancia contra o presidente Michel Temer (PMDB) \u2013 dessa vez por obstru\u00e7\u00e3o de Justi\u00e7a e organiza\u00e7\u00e3o criminosa \u2013, o Pal\u00e1cio do Planalto voltou a ultrapassar a marca de R$ 1 bilh\u00e3o em emendas parlamentares liberadas. A estrat\u00e9gia para garantir apoio no Congresso deu [&hellip;]<\/p>\n","protected":false},"author":2,"featured_media":8161,"comment_status":"closed","ping_status":"open","sticky":false,"template":"","format":"standard","meta":{"advgb_blocks_editor_width":"","advgb_blocks_columns_visual_guide":"","_exactmetrics_skip_tracking":false,"_exactmetrics_sitenote_active":false,"_exactmetrics_sitenote_note":"","_exactmetrics_sitenote_category":0,"footnotes":""},"categories":[12],"tags":[3174,104,4063,1933],"class_list":["post-12486","post","type-post","status-publish","format-standard","has-post-thumbnail","hentry","category-politica","tag-corrupcao","tag-denuncia","tag-pgr","tag-temer"],"better_featured_image":{"id":8161,"alt_text":"","caption":"","description":"","media_type":"image","media_details":{"width":405,"height":272,"file":"2017\/04\/temer.jpg","sizes":{"thumbnail":{"file":"temer-150x101.jpg","width":150,"height":101,"mime-type":"image\/jpeg","source_url":"https:\/\/lavras.tv\/site\/wp-content\/uploads\/2017\/04\/temer-150x101.jpg"},"medium":{"file":"temer-300x201.jpg","width":300,"height":201,"mime-type":"image\/jpeg","source_url":"https:\/\/lavras.tv\/site\/wp-content\/uploads\/2017\/04\/temer-300x201.jpg"},"sow-carousel-default":{"file":"temer-272x182.jpg","width":272,"height":182,"mime-type":"image\/jpeg","source_url":"https:\/\/lavras.tv\/site\/wp-content\/uploads\/2017\/04\/temer-272x182.jpg"}},"image_meta":{"aperture":"0","credit":"","camera":"","caption":"","created_timestamp":"0","copyright":"","focal_length":"0","iso":"0","shutter_speed":"0","title":"","orientation":"0","keywords":[]}},"post":8160,"source_url":"https:\/\/lavras.tv\/site\/wp-content\/uploads\/2017\/04\/temer.jpg"},"author_meta":{"display_name":"Lavras TV","author_link":"https:\/\/lavras.tv\/site\/author\/lavrastv\/"},"featured_img":"https:\/\/lavras.tv\/site\/wp-content\/uploads\/2017\/04\/temer-300x201.jpg","coauthors":[],"tax_additional":{"categories":{"linked":["<a href=\"https:\/\/lavras.tv\/site\/category\/politica\/\" class=\"advgb-post-tax-term\">Pol\u00edtica<\/a>"],"unlinked":["<span class=\"advgb-post-tax-term\">Pol\u00edtica<\/span>"]},"tags":{"linked":["<a href=\"https:\/\/lavras.tv\/site\/category\/politica\/\" class=\"advgb-post-tax-term\">corrup\u00e7\u00e3o<\/a>","<a href=\"https:\/\/lavras.tv\/site\/category\/politica\/\" class=\"advgb-post-tax-term\">den\u00fancia<\/a>","<a href=\"https:\/\/lavras.tv\/site\/category\/politica\/\" class=\"advgb-post-tax-term\">pgr<\/a>","<a href=\"https:\/\/lavras.tv\/site\/category\/politica\/\" class=\"advgb-post-tax-term\">Temer<\/a>"],"unlinked":["<span class=\"advgb-post-tax-term\">corrup\u00e7\u00e3o<\/span>","<span class=\"advgb-post-tax-term\">den\u00fancia<\/span>","<span class=\"advgb-post-tax-term\">pgr<\/span>","<span class=\"advgb-post-tax-term\">Temer<\/span>"]}},"comment_count":"0","relative_dates":{"created":"Publicado 9 anos atr\u00e1s","modified":"Atualizado 9 anos atr\u00e1s"},"absolute_dates":{"created":"Publicado em 16 de outubro de 2017","modified":"Atualizado em 16 de outubro de 2017"},"absolute_dates_time":{"created":"Publicado em 16 de outubro de 2017 09:56","modified":"Atualizado em 16 de outubro de 2017 09:58"},"featured_img_caption":"","series_order":"","_links":{"self":[{"href":"https:\/\/lavras.tv\/site\/wp-json\/wp\/v2\/posts\/12486","targetHints":{"allow":["GET"]}}],"collection":[{"href":"https:\/\/lavras.tv\/site\/wp-json\/wp\/v2\/posts"}],"about":[{"href":"https:\/\/lavras.tv\/site\/wp-json\/wp\/v2\/types\/post"}],"author":[{"embeddable":true,"href":"https:\/\/lavras.tv\/site\/wp-json\/wp\/v2\/users\/2"}],"replies":[{"embeddable":true,"href":"https:\/\/lavras.tv\/site\/wp-json\/wp\/v2\/comments?post=12486"}],"version-history":[{"count":2,"href":"https:\/\/lavras.tv\/site\/wp-json\/wp\/v2\/posts\/12486\/revisions"}],"predecessor-version":[{"id":12488,"href":"https:\/\/lavras.tv\/site\/wp-json\/wp\/v2\/posts\/12486\/revisions\/12488"}],"wp:featuredmedia":[{"embeddable":true,"href":"https:\/\/lavras.tv\/site\/wp-json\/wp\/v2\/media\/8161"}],"wp:attachment":[{"href":"https:\/\/lavras.tv\/site\/wp-json\/wp\/v2\/media?parent=12486"}],"wp:term":[{"taxonomy":"category","embeddable":true,"href":"https:\/\/lavras.tv\/site\/wp-json\/wp\/v2\/categories?post=12486"},{"taxonomy":"post_tag","embeddable":true,"href":"https:\/\/lavras.tv\/site\/wp-json\/wp\/v2\/tags?post=12486"}],"curies":[{"name":"wp","href":"https:\/\/api.w.org\/{rel}","templated":true}]}}