{"id":12489,"date":"2017-10-16T10:08:07","date_gmt":"2017-10-16T12:08:07","guid":{"rendered":"http:\/\/lavras.tv\/site\/?p=12489"},"modified":"2017-10-16T10:08:07","modified_gmt":"2017-10-16T12:08:07","slug":"lavras-vai-sediar-ii-simposio-sul-mineiro-de-nutricao-esportiva","status":"publish","type":"post","link":"https:\/\/lavras.tv\/site\/2017\/10\/16\/lavras-vai-sediar-ii-simposio-sul-mineiro-de-nutricao-esportiva\/","title":{"rendered":"Lavras vai sediar II Simp\u00f3sio Sul Mineiro de Nutri\u00e7\u00e3o Esportiva"},"content":{"rendered":"<div class=\"lavra-antes-do-conteudo_2\" id=\"lavra-1901377041\"><div id=\"lavra-slider-27\" class=\"custom-slider lavra-slider-2704978512 lavra-slider\"><ul><li><div style=\"margin-left: auto;margin-right: auto;text-align: center;\" id=\"lavra-1489596314\"><a href=\"https:\/\/sistemas.lavras.mg.gov.br\/portalcidadao\/#df1b1a7c7b2a290bcb31e32771e610784662739a88807c0dacac58ede5f391a7530e299dc302d611ee73cb143fc22eaf93592e53e7b5bdb01b00a0b8d28dae460c141dd2ff83412e4dc1c31b16b25f33144a9e5620ea73b13f5bc1c59411d98439ad226e8af03840603796067d87afe130812cf3de24982d0e306f9e61e764e5\" aria-label=\"Lavras-TV&#8211;720x104px (1) (1)\"><img src=\"https:\/\/lavras.tv\/site\/wp-content\/uploads\/2025\/01\/Lavras-TV-720x104px-1-1.png\" alt=\"\"  srcset=\"https:\/\/lavras.tv\/site\/wp-content\/uploads\/2025\/01\/Lavras-TV-720x104px-1-1.png 720w, https:\/\/lavras.tv\/site\/wp-content\/uploads\/2025\/01\/Lavras-TV-720x104px-1-1-470x68.png 470w, https:\/\/lavras.tv\/site\/wp-content\/uploads\/2025\/01\/Lavras-TV-720x104px-1-1-170x25.png 170w, https:\/\/lavras.tv\/site\/wp-content\/uploads\/2025\/01\/Lavras-TV-720x104px-1-1-200x29.png 200w\" sizes=\"(max-width: 720px) 100vw, 720px\" width=\"720\" height=\"104\"  style=\"display: inline-block;\" \/><\/a><\/div><\/li><li><a href=\"https:\/\/sistemas.lavras.mg.gov.br\/portalcidadao\/#df1b1a7c7b2a290bcb31e32771e610784662739a88807c0dacac58ede5f391a7530e299dc302d611ee73cb143fc22eaf93592e53e7b5bdb01b00a0b8d28dae460c141dd2ff83412e4dc1c31b16b25f33144a9e5620ea73b13f5bc1c59411d98439ad226e8af03840603796067d87afe130812cf3de24982d0e306f9e61e764e5\" aria-label=\"Banner_Emprego_PortallavrasTV\"><img src=\"https:\/\/lavras.tv\/site\/wp-content\/uploads\/2025\/03\/Banner_Emprego_PortallavrasTV.png\" alt=\"\"  srcset=\"https:\/\/lavras.tv\/site\/wp-content\/uploads\/2025\/03\/Banner_Emprego_PortallavrasTV.png 720w, https:\/\/lavras.tv\/site\/wp-content\/uploads\/2025\/03\/Banner_Emprego_PortallavrasTV-470x68.png 470w, https:\/\/lavras.tv\/site\/wp-content\/uploads\/2025\/03\/Banner_Emprego_PortallavrasTV-170x25.png 170w, https:\/\/lavras.tv\/site\/wp-content\/uploads\/2025\/03\/Banner_Emprego_PortallavrasTV-200x29.png 200w\" sizes=\"(max-width: 720px) 100vw, 720px\" width=\"720\" height=\"104\"   \/><\/a><\/li><li><a href=\"https:\/\/sistemas.lavras.mg.gov.br\/portalcidadao\/#df1b1a7c7b2a290bcb31e32771e610784662739a88807c0dacac58ede5f391a7530e299dc302d611ee73cb143fc22eaf93592e53e7b5bdb01b00a0b8d28dae460c141dd2ff83412e4dc1c31b16b25f33144a9e5620ea73b13f5bc1c59411d98439ad226e8af03840603796067d87afe130812cf3de24982d0e306f9e61e764e5\" aria-label=\"Banner_Obras_PortallavrasTV\"><img src=\"https:\/\/lavras.tv\/site\/wp-content\/uploads\/2025\/03\/Banner_Obras_PortallavrasTV.png\" alt=\"\"  srcset=\"https:\/\/lavras.tv\/site\/wp-content\/uploads\/2025\/03\/Banner_Obras_PortallavrasTV.png 720w, https:\/\/lavras.tv\/site\/wp-content\/uploads\/2025\/03\/Banner_Obras_PortallavrasTV-470x68.png 470w, https:\/\/lavras.tv\/site\/wp-content\/uploads\/2025\/03\/Banner_Obras_PortallavrasTV-170x25.png 170w, https:\/\/lavras.tv\/site\/wp-content\/uploads\/2025\/03\/Banner_Obras_PortallavrasTV-200x29.png 200w\" sizes=\"(max-width: 720px) 100vw, 720px\" width=\"720\" height=\"104\"   \/><\/a><\/li><li><div style=\"margin-left: auto;margin-right: auto;text-align: center;\" id=\"lavra-2684452767\"><a href=\"https:\/\/sistemas.lavras.mg.gov.br\/portalcidadao\/#df1b1a7c7b2a290bcb31e32771e610784662739a88807c0dacac58ede5f391a7530e299dc302d611ee73cb143fc22eaf93592e53e7b5bdb01b00a0b8d28dae460c141dd2ff83412e4dc1c31b16b25f33144a9e5620ea73b13f5bc1c59411d98439ad226e8af03840603796067d87afe130812cf3de24982d0e306f9e61e764e5\" aria-label=\"Banner_Educa\u00e7\u00e3o_PortallavrasTV\"><img src=\"https:\/\/lavras.tv\/site\/wp-content\/uploads\/2025\/01\/Banner_Educacao_PortallavrasTV.png\" alt=\"\"  srcset=\"https:\/\/lavras.tv\/site\/wp-content\/uploads\/2025\/01\/Banner_Educacao_PortallavrasTV.png 720w, https:\/\/lavras.tv\/site\/wp-content\/uploads\/2025\/01\/Banner_Educacao_PortallavrasTV-470x68.png 470w, https:\/\/lavras.tv\/site\/wp-content\/uploads\/2025\/01\/Banner_Educacao_PortallavrasTV-170x25.png 170w, https:\/\/lavras.tv\/site\/wp-content\/uploads\/2025\/01\/Banner_Educacao_PortallavrasTV-200x29.png 200w\" sizes=\"(max-width: 720px) 100vw, 720px\" width=\"720\" height=\"104\"  style=\"display: inline-block;\" \/><\/a><\/div><\/li><li><a href=\"https:\/\/sistemas.lavras.mg.gov.br\/portalcidadao\/#df1b1a7c7b2a290bcb31e32771e610784662739a88807c0dacac58ede5f391a7530e299dc302d611ee73cb143fc22eaf93592e53e7b5bdb01b00a0b8d28dae460c141dd2ff83412e4dc1c31b16b25f33144a9e5620ea73b13f5bc1c59411d98439ad226e8af03840603796067d87afe130812cf3de24982d0e306f9e61e764e5\" aria-label=\"Banner_Sa\u00fade_PortallavrasTV\"><img src=\"https:\/\/lavras.tv\/site\/wp-content\/uploads\/2025\/03\/Banner_Saude_PortallavrasTV.png\" alt=\"\"  srcset=\"https:\/\/lavras.tv\/site\/wp-content\/uploads\/2025\/03\/Banner_Saude_PortallavrasTV.png 720w, https:\/\/lavras.tv\/site\/wp-content\/uploads\/2025\/03\/Banner_Saude_PortallavrasTV-470x68.png 470w, https:\/\/lavras.tv\/site\/wp-content\/uploads\/2025\/03\/Banner_Saude_PortallavrasTV-170x25.png 170w, https:\/\/lavras.tv\/site\/wp-content\/uploads\/2025\/03\/Banner_Saude_PortallavrasTV-200x29.png 200w\" sizes=\"(max-width: 720px) 100vw, 720px\" width=\"720\" height=\"104\"   \/><\/a><\/li><li><div id=\"lavra-1876696244\" style=\"width:720px;height:104px;background-color:#ddd;overflow:scroll;\">\n\t<strong>Sa\u00edda da depura\u00e7\u00e3o de an\u00fancios<\/strong>\n\t<br><br>\n\tO an\u00fancio n\u00e3o \u00e9 exibido na p\u00e1gina<br><br>post atual: Lavras vai sediar II Simp\u00f3sio Sul Mineiro de Nutri\u00e7\u00e3o Esportiva, ID: 12489<br><br><span style=\"color: red;\">O post atual n\u00e3o \u00e9 id\u00eantico ao post principal.<\/span><br><br>An\u00fancios: ROXO - TOPO INTERNA - ROTATIVO 2 (197)<br \/>Grupo de an\u00fancios: Princ_Meio01_720x104 (27)<br><br>Condi\u00e7\u00f5es de exibi\u00e7\u00e3o<div style=\"margin-bottom: 20px; white-space: pre-wrap; font-family: monospace; width: 100%; background: #ffe9e9;\"><strong>condi\u00e7\u00f5es gerais<\/strong><table border=\"1\"><thead><tr><th><\/th><th>An\u00fancios<\/th><th>wp_the_query<\/th><\/tr><\/thead><tr><td>is_main_query<\/td><td>1<\/td><td>1<\/td><\/tr><tr><td>is_rest_api<\/td><td>0<\/td><td>1<\/td><\/tr><tr><td>page<\/td><td>0<\/td><td>1<\/td><\/tr><tr><td>numpages<\/td><td>0<\/td><td>1<\/td><\/tr><tr><td>is_archive<\/td><td>1<\/td><td><\/td><\/tr><tr><td>is_search<\/td><td>1<\/td><td><\/td><\/tr><tr><td>is_home<\/td><td>1<\/td><td><\/td><\/tr><tr><td>is_404<\/td><td>1<\/td><td><\/td><\/tr><tr><td>is_attachment<\/td><td>1<\/td><td><\/td><\/tr><tr><td>is_singular<\/td><td>1<\/td><td><\/td><\/tr><tr><td>is_front_page<\/td><td>1<\/td><td><\/td><\/tr><tr><td>is_feed<\/td><td>1<\/td><td><\/td><\/tr><\/table><\/div><br><br><span style=\"color: red;\">Seu site usa HTTPS, mas o c\u00f3digo do an\u00fancio cont\u00e9m HTTP e pode n\u00e3o funcionar.<\/span>\t<br><br>\n\t<a style=\"color: green;\" href=\"https:\/\/wpadvancedads.com\/manual\/ad-debug-mode\/?utm_source=advanced-ads&utm_medium=link&utm_campaign=ad-debug-mode\" target=\"_blank\" rel=\"nofollow\">Encontre solu\u00e7\u00f5es no manual<\/a>\n<\/div>\n<\/li><\/ul><\/div><script>( window.advanced_ads_ready || jQuery( document ).ready ).call( null, function() {var $lavraslider2704978512 = jQuery( \".lavra-slider-2704978512\" );$lavraslider2704978512.on( \"unslider.ready\", function() { jQuery( \"div.custom-slider ul li\" ).css( \"display\", \"block\" ); });$lavraslider2704978512.unslider({ delay:4000, autoplay:true, nav:false, arrows:false, infinite:true });$lavraslider2704978512.on(\"mouseover\", function() {$lavraslider2704978512.unslider(\"stop\");}).on(\"mouseout\", function() {$lavraslider2704978512.unslider(\"start\");});});<\/script><\/div><p>O Grupo de Estudo em Nutri\u00e7\u00e3o e Exerc\u00edcios da Universidade Federal de Lavras (Genex\/UFLA) realizar\u00e1, entre os dias 17 e 18\/10, o II Simp\u00f3sio Sul Mineiro de Nutri\u00e7\u00e3o Esportiva.<!--more--><\/p>\n<p>O evento, que ser\u00e1 realizado no Sal\u00e3o de Conven\u00e7\u00f5es, contar\u00e1 com palestrantes profissionais da \u00e1rea de nutri\u00e7\u00e3o esportiva, abordando temas como: estrat\u00e9gias nutricionais para melhora do desempenho esportivo, perda de peso em esportes de combate, dietas Low-Carb, entre outros temas.<\/p>\n<p><img fetchpriority=\"high\" decoding=\"async\" class=\"alignnone size-full wp-image-12490 aligncenter\" src=\"http:\/\/lavras.tv\/site\/wp-content\/uploads\/2017\/10\/nutricao-esportiva.jpg\" alt=\"Diet\" width=\"1736\" height=\"1094\" srcset=\"https:\/\/lavras.tv\/site\/wp-content\/uploads\/2017\/10\/nutricao-esportiva.jpg 1736w, https:\/\/lavras.tv\/site\/wp-content\/uploads\/2017\/10\/nutricao-esportiva-150x95.jpg 150w, https:\/\/lavras.tv\/site\/wp-content\/uploads\/2017\/10\/nutricao-esportiva-300x189.jpg 300w, https:\/\/lavras.tv\/site\/wp-content\/uploads\/2017\/10\/nutricao-esportiva-1024x645.jpg 1024w\" sizes=\"(max-width: 1736px) 100vw, 1736px\" \/><\/p>\n<p>Al\u00e9m disso, ser\u00e3o oferecidos dois minicursos: \u201cCulin\u00e1ria: Prepara\u00e7\u00f5es pr\u00e9 e p\u00f3s-treino\u201d e \u201cInterpreta\u00e7\u00e3o de Exames bioqu\u00edmicos\u201d.<\/p>\n<p>Informa\u00e7\u00f5es, d\u00favidas e inscri\u00e7\u00f5es podem ser solicitadas pelo email:\u00a0<a href=\"mailto:simposionutriesportiva@gmail.com\">simposionutriesportiva@gmail.com<\/a><\/p>\n<p>Ou pela p\u00e1gina:\u00a0<a href=\"https:\/\/www.facebook.com\/GENEX-Ufla-571114339671870\/?ref=br_rs\">https:\/\/www.facebook.com\/GENEX-Ufla-571114339671870\/?ref=br_rs<\/a><\/p>\n<p>Fonte: UFLA<\/p>\n","protected":false},"excerpt":{"rendered":"<p>O Grupo de Estudo em Nutri\u00e7\u00e3o e Exerc\u00edcios da Universidade Federal de Lavras (Genex\/UFLA) realizar\u00e1, entre os dias 17 e 18\/10, o II Simp\u00f3sio Sul Mineiro de Nutri\u00e7\u00e3o Esportiva.<\/p>\n","protected":false},"author":2,"featured_media":12490,"comment_status":"closed","ping_status":"open","sticky":false,"template":"","format":"standard","meta":{"advgb_blocks_editor_width":"","advgb_blocks_columns_visual_guide":"","_exactmetrics_skip_tracking":false,"_exactmetrics_sitenote_active":false,"_exactmetrics_sitenote_note":"","_exactmetrics_sitenote_category":0,"footnotes":""},"categories":[7,3],"tags":[4066,4065,4068,4067,4064,56],"class_list":["post-12489","post","type-post","status-publish","format-standard","has-post-thumbnail","hentry","category-destaques","category-esportes","tag-low-carb","tag-nutricao-esportiva","tag-pos-treino","tag-pre-treino","tag-simposio-sul-mineiro","tag-ufla"],"better_featured_image":{"id":12490,"alt_text":"","caption":"","description":"","media_type":"image","media_details":{"width":1736,"height":1094,"file":"2017\/10\/nutricao-esportiva.jpg","sizes":{"thumbnail":{"file":"nutricao-esportiva-150x95.jpg","width":150,"height":95,"mime-type":"image\/jpeg","source_url":"https:\/\/lavras.tv\/site\/wp-content\/uploads\/2017\/10\/nutricao-esportiva-150x95.jpg"},"medium":{"file":"nutricao-esportiva-300x189.jpg","width":300,"height":189,"mime-type":"image\/jpeg","source_url":"https:\/\/lavras.tv\/site\/wp-content\/uploads\/2017\/10\/nutricao-esportiva-300x189.jpg"},"large":{"file":"nutricao-esportiva-1024x645.jpg","width":1024,"height":645,"mime-type":"image\/jpeg","source_url":"https:\/\/lavras.tv\/site\/wp-content\/uploads\/2017\/10\/nutricao-esportiva-1024x645.jpg"},"featured-slider-img":{"file":"nutricao-esportiva-640x480.jpg","width":640,"height":480,"mime-type":"image\/jpeg","source_url":"https:\/\/lavras.tv\/site\/wp-content\/uploads\/2017\/10\/nutricao-esportiva-640x480.jpg"},"featured-post-img":{"file":"nutricao-esportiva-480x320.jpg","width":480,"height":320,"mime-type":"image\/jpeg","source_url":"https:\/\/lavras.tv\/site\/wp-content\/uploads\/2017\/10\/nutricao-esportiva-480x320.jpg"},"sow-carousel-default":{"file":"nutricao-esportiva-272x182.jpg","width":272,"height":182,"mime-type":"image\/jpeg","source_url":"https:\/\/lavras.tv\/site\/wp-content\/uploads\/2017\/10\/nutricao-esportiva-272x182.jpg"}},"image_meta":{"aperture":"5.6","credit":"stokkete - Fotolia","camera":"Canon EOS-1Ds Mark III","caption":"Nutritionist Doctor is writing a prescription. Focus on fruit","created_timestamp":"1379824962","copyright":"stokkete - Fotolia","focal_length":"150","iso":"100","shutter_speed":"0.008","title":"Diet","orientation":"1","keywords":["Alternative Medicine","Apple","Care","Dietetics","Dieting","Dietology","Doctor","Expertise","Food and Drink","Healthcare And Medicine","Healthcare Worker","Healthy Eating","Healthy Lifestyle","kiwi","Lab Coat","Measuring","Medical Occupation","Medical Service","Meter","Nutritionist","Orange","Professional Occupation","Stethoscope","Vitamin","Wellbeing","alternative medicine","apple","care","dietetics","dieting","dietology","doctor","expertise","food and drink","healthcare and medicine","healthcare worker","healthy eating","healthy lifestyle","kiwi","lab coat","measuring","medical occupation","medical service","meter","nutritionist","orange","professional occupation","stethoscope","vitamin","wellbeing"]}},"post":12489,"source_url":"https:\/\/lavras.tv\/site\/wp-content\/uploads\/2017\/10\/nutricao-esportiva.jpg"},"author_meta":{"display_name":"Lavras TV","author_link":"https:\/\/lavras.tv\/site\/author\/lavrastv\/"},"featured_img":"https:\/\/lavras.tv\/site\/wp-content\/uploads\/2017\/10\/nutricao-esportiva-300x189.jpg","coauthors":[],"tax_additional":{"categories":{"linked":["<a href=\"https:\/\/lavras.tv\/site\/category\/destaques\/\" class=\"advgb-post-tax-term\">Destaques<\/a>","<a href=\"https:\/\/lavras.tv\/site\/category\/esportes\/\" class=\"advgb-post-tax-term\">Esportes<\/a>"],"unlinked":["<span class=\"advgb-post-tax-term\">Destaques<\/span>","<span class=\"advgb-post-tax-term\">Esportes<\/span>"]},"tags":{"linked":["<a href=\"https:\/\/lavras.tv\/site\/category\/esportes\/\" class=\"advgb-post-tax-term\">low carb<\/a>","<a href=\"https:\/\/lavras.tv\/site\/category\/esportes\/\" class=\"advgb-post-tax-term\">nutri\u00e7\u00e3o esportiva<\/a>","<a href=\"https:\/\/lavras.tv\/site\/category\/esportes\/\" class=\"advgb-post-tax-term\">p\u00f3s treino<\/a>","<a href=\"https:\/\/lavras.tv\/site\/category\/esportes\/\" class=\"advgb-post-tax-term\">pr\u00e9 treino<\/a>","<a href=\"https:\/\/lavras.tv\/site\/category\/esportes\/\" class=\"advgb-post-tax-term\">simp\u00f3sio sul mineiro<\/a>","<a href=\"https:\/\/lavras.tv\/site\/category\/esportes\/\" class=\"advgb-post-tax-term\">ufla<\/a>"],"unlinked":["<span class=\"advgb-post-tax-term\">low carb<\/span>","<span class=\"advgb-post-tax-term\">nutri\u00e7\u00e3o esportiva<\/span>","<span class=\"advgb-post-tax-term\">p\u00f3s treino<\/span>","<span class=\"advgb-post-tax-term\">pr\u00e9 treino<\/span>","<span class=\"advgb-post-tax-term\">simp\u00f3sio sul mineiro<\/span>","<span class=\"advgb-post-tax-term\">ufla<\/span>"]}},"comment_count":"0","relative_dates":{"created":"Publicado 9 anos atr\u00e1s","modified":"Atualizado 9 anos atr\u00e1s"},"absolute_dates":{"created":"Publicado em 16 de outubro de 2017","modified":"Atualizado em 16 de outubro de 2017"},"absolute_dates_time":{"created":"Publicado em 16 de outubro de 2017 10:08","modified":"Atualizado em 16 de outubro de 2017 10:08"},"featured_img_caption":"","series_order":"","_links":{"self":[{"href":"https:\/\/lavras.tv\/site\/wp-json\/wp\/v2\/posts\/12489","targetHints":{"allow":["GET"]}}],"collection":[{"href":"https:\/\/lavras.tv\/site\/wp-json\/wp\/v2\/posts"}],"about":[{"href":"https:\/\/lavras.tv\/site\/wp-json\/wp\/v2\/types\/post"}],"author":[{"embeddable":true,"href":"https:\/\/lavras.tv\/site\/wp-json\/wp\/v2\/users\/2"}],"replies":[{"embeddable":true,"href":"https:\/\/lavras.tv\/site\/wp-json\/wp\/v2\/comments?post=12489"}],"version-history":[{"count":1,"href":"https:\/\/lavras.tv\/site\/wp-json\/wp\/v2\/posts\/12489\/revisions"}],"predecessor-version":[{"id":12491,"href":"https:\/\/lavras.tv\/site\/wp-json\/wp\/v2\/posts\/12489\/revisions\/12491"}],"wp:featuredmedia":[{"embeddable":true,"href":"https:\/\/lavras.tv\/site\/wp-json\/wp\/v2\/media\/12490"}],"wp:attachment":[{"href":"https:\/\/lavras.tv\/site\/wp-json\/wp\/v2\/media?parent=12489"}],"wp:term":[{"taxonomy":"category","embeddable":true,"href":"https:\/\/lavras.tv\/site\/wp-json\/wp\/v2\/categories?post=12489"},{"taxonomy":"post_tag","embeddable":true,"href":"https:\/\/lavras.tv\/site\/wp-json\/wp\/v2\/tags?post=12489"}],"curies":[{"name":"wp","href":"https:\/\/api.w.org\/{rel}","templated":true}]}}