{"id":12699,"date":"2017-10-26T10:07:27","date_gmt":"2017-10-26T12:07:27","guid":{"rendered":"http:\/\/lavras.tv\/site\/?p=12699"},"modified":"2017-10-26T10:07:27","modified_gmt":"2017-10-26T12:07:27","slug":"prefeito-recebe-empresarios-para-anuncio-de-mais-um-grande-investimento-em-lavras","status":"publish","type":"post","link":"https:\/\/lavras.tv\/site\/2017\/10\/26\/prefeito-recebe-empresarios-para-anuncio-de-mais-um-grande-investimento-em-lavras\/","title":{"rendered":"Prefeito recebe empres\u00e1rios para an\u00fancio de mais um grande investimento em Lavras"},"content":{"rendered":"<div class=\"lavra-antes-do-conteudo_2\" id=\"lavra-1940647554\"><div id=\"lavra-slider-27\" class=\"custom-slider lavra-slider-2186341726 lavra-slider\"><ul><li><div style=\"margin-left: auto;margin-right: auto;text-align: center;\" id=\"lavra-535887186\"><a href=\"https:\/\/sistemas.lavras.mg.gov.br\/portalcidadao\/#df1b1a7c7b2a290bcb31e32771e610784662739a88807c0dacac58ede5f391a7530e299dc302d611ee73cb143fc22eaf93592e53e7b5bdb01b00a0b8d28dae460c141dd2ff83412e4dc1c31b16b25f33144a9e5620ea73b13f5bc1c59411d98439ad226e8af03840603796067d87afe130812cf3de24982d0e306f9e61e764e5\" aria-label=\"Lavras-TV&#8211;720x104px (1) (1)\"><img src=\"https:\/\/lavras.tv\/site\/wp-content\/uploads\/2025\/01\/Lavras-TV-720x104px-1-1.png\" alt=\"\"  srcset=\"https:\/\/lavras.tv\/site\/wp-content\/uploads\/2025\/01\/Lavras-TV-720x104px-1-1.png 720w, https:\/\/lavras.tv\/site\/wp-content\/uploads\/2025\/01\/Lavras-TV-720x104px-1-1-470x68.png 470w, https:\/\/lavras.tv\/site\/wp-content\/uploads\/2025\/01\/Lavras-TV-720x104px-1-1-170x25.png 170w, https:\/\/lavras.tv\/site\/wp-content\/uploads\/2025\/01\/Lavras-TV-720x104px-1-1-200x29.png 200w\" sizes=\"(max-width: 720px) 100vw, 720px\" width=\"720\" height=\"104\"  style=\"display: inline-block;\" \/><\/a><\/div><\/li><li><a href=\"https:\/\/sistemas.lavras.mg.gov.br\/portalcidadao\/#df1b1a7c7b2a290bcb31e32771e610784662739a88807c0dacac58ede5f391a7530e299dc302d611ee73cb143fc22eaf93592e53e7b5bdb01b00a0b8d28dae460c141dd2ff83412e4dc1c31b16b25f33144a9e5620ea73b13f5bc1c59411d98439ad226e8af03840603796067d87afe130812cf3de24982d0e306f9e61e764e5\" aria-label=\"Banner_Emprego_PortallavrasTV\"><img src=\"https:\/\/lavras.tv\/site\/wp-content\/uploads\/2025\/03\/Banner_Emprego_PortallavrasTV.png\" alt=\"\"  srcset=\"https:\/\/lavras.tv\/site\/wp-content\/uploads\/2025\/03\/Banner_Emprego_PortallavrasTV.png 720w, https:\/\/lavras.tv\/site\/wp-content\/uploads\/2025\/03\/Banner_Emprego_PortallavrasTV-470x68.png 470w, https:\/\/lavras.tv\/site\/wp-content\/uploads\/2025\/03\/Banner_Emprego_PortallavrasTV-170x25.png 170w, https:\/\/lavras.tv\/site\/wp-content\/uploads\/2025\/03\/Banner_Emprego_PortallavrasTV-200x29.png 200w\" sizes=\"(max-width: 720px) 100vw, 720px\" width=\"720\" height=\"104\"   \/><\/a><\/li><li><a href=\"https:\/\/sistemas.lavras.mg.gov.br\/portalcidadao\/#df1b1a7c7b2a290bcb31e32771e610784662739a88807c0dacac58ede5f391a7530e299dc302d611ee73cb143fc22eaf93592e53e7b5bdb01b00a0b8d28dae460c141dd2ff83412e4dc1c31b16b25f33144a9e5620ea73b13f5bc1c59411d98439ad226e8af03840603796067d87afe130812cf3de24982d0e306f9e61e764e5\" aria-label=\"Banner_Obras_PortallavrasTV\"><img src=\"https:\/\/lavras.tv\/site\/wp-content\/uploads\/2025\/03\/Banner_Obras_PortallavrasTV.png\" alt=\"\"  srcset=\"https:\/\/lavras.tv\/site\/wp-content\/uploads\/2025\/03\/Banner_Obras_PortallavrasTV.png 720w, https:\/\/lavras.tv\/site\/wp-content\/uploads\/2025\/03\/Banner_Obras_PortallavrasTV-470x68.png 470w, https:\/\/lavras.tv\/site\/wp-content\/uploads\/2025\/03\/Banner_Obras_PortallavrasTV-170x25.png 170w, https:\/\/lavras.tv\/site\/wp-content\/uploads\/2025\/03\/Banner_Obras_PortallavrasTV-200x29.png 200w\" sizes=\"(max-width: 720px) 100vw, 720px\" width=\"720\" height=\"104\"   \/><\/a><\/li><li><div style=\"margin-left: auto;margin-right: auto;text-align: center;\" id=\"lavra-3776782749\"><a href=\"https:\/\/sistemas.lavras.mg.gov.br\/portalcidadao\/#df1b1a7c7b2a290bcb31e32771e610784662739a88807c0dacac58ede5f391a7530e299dc302d611ee73cb143fc22eaf93592e53e7b5bdb01b00a0b8d28dae460c141dd2ff83412e4dc1c31b16b25f33144a9e5620ea73b13f5bc1c59411d98439ad226e8af03840603796067d87afe130812cf3de24982d0e306f9e61e764e5\" aria-label=\"Banner_Educa\u00e7\u00e3o_PortallavrasTV\"><img src=\"https:\/\/lavras.tv\/site\/wp-content\/uploads\/2025\/01\/Banner_Educacao_PortallavrasTV.png\" alt=\"\"  srcset=\"https:\/\/lavras.tv\/site\/wp-content\/uploads\/2025\/01\/Banner_Educacao_PortallavrasTV.png 720w, https:\/\/lavras.tv\/site\/wp-content\/uploads\/2025\/01\/Banner_Educacao_PortallavrasTV-470x68.png 470w, https:\/\/lavras.tv\/site\/wp-content\/uploads\/2025\/01\/Banner_Educacao_PortallavrasTV-170x25.png 170w, https:\/\/lavras.tv\/site\/wp-content\/uploads\/2025\/01\/Banner_Educacao_PortallavrasTV-200x29.png 200w\" sizes=\"(max-width: 720px) 100vw, 720px\" width=\"720\" height=\"104\"  style=\"display: inline-block;\" \/><\/a><\/div><\/li><li><a href=\"https:\/\/sistemas.lavras.mg.gov.br\/portalcidadao\/#df1b1a7c7b2a290bcb31e32771e610784662739a88807c0dacac58ede5f391a7530e299dc302d611ee73cb143fc22eaf93592e53e7b5bdb01b00a0b8d28dae460c141dd2ff83412e4dc1c31b16b25f33144a9e5620ea73b13f5bc1c59411d98439ad226e8af03840603796067d87afe130812cf3de24982d0e306f9e61e764e5\" aria-label=\"Banner_Sa\u00fade_PortallavrasTV\"><img src=\"https:\/\/lavras.tv\/site\/wp-content\/uploads\/2025\/03\/Banner_Saude_PortallavrasTV.png\" alt=\"\"  srcset=\"https:\/\/lavras.tv\/site\/wp-content\/uploads\/2025\/03\/Banner_Saude_PortallavrasTV.png 720w, https:\/\/lavras.tv\/site\/wp-content\/uploads\/2025\/03\/Banner_Saude_PortallavrasTV-470x68.png 470w, https:\/\/lavras.tv\/site\/wp-content\/uploads\/2025\/03\/Banner_Saude_PortallavrasTV-170x25.png 170w, https:\/\/lavras.tv\/site\/wp-content\/uploads\/2025\/03\/Banner_Saude_PortallavrasTV-200x29.png 200w\" sizes=\"(max-width: 720px) 100vw, 720px\" width=\"720\" height=\"104\"   \/><\/a><\/li><li><div id=\"lavra-677933926\" style=\"width:720px;height:104px;background-color:#ddd;overflow:scroll;\">\n\t<strong>Sa\u00edda da depura\u00e7\u00e3o de an\u00fancios<\/strong>\n\t<br><br>\n\tO an\u00fancio n\u00e3o \u00e9 exibido na p\u00e1gina<br><br>post atual: Prefeito recebe empres\u00e1rios para an\u00fancio de mais um grande investimento em Lavras, ID: 12699<br><br><span style=\"color: red;\">O post atual n\u00e3o \u00e9 id\u00eantico ao post principal.<\/span><br><br>An\u00fancios: ROXO - TOPO INTERNA - ROTATIVO 2 (197)<br \/>Grupo de an\u00fancios: Princ_Meio01_720x104 (27)<br><br>Condi\u00e7\u00f5es de exibi\u00e7\u00e3o<div style=\"margin-bottom: 20px; white-space: pre-wrap; font-family: monospace; width: 100%; background: #ffe9e9;\"><strong>condi\u00e7\u00f5es gerais<\/strong><table border=\"1\"><thead><tr><th><\/th><th>An\u00fancios<\/th><th>wp_the_query<\/th><\/tr><\/thead><tr><td>is_main_query<\/td><td>1<\/td><td>1<\/td><\/tr><tr><td>is_rest_api<\/td><td>0<\/td><td>1<\/td><\/tr><tr><td>page<\/td><td>0<\/td><td>1<\/td><\/tr><tr><td>numpages<\/td><td>0<\/td><td>1<\/td><\/tr><tr><td>is_archive<\/td><td>1<\/td><td><\/td><\/tr><tr><td>is_search<\/td><td>1<\/td><td><\/td><\/tr><tr><td>is_home<\/td><td>1<\/td><td><\/td><\/tr><tr><td>is_404<\/td><td>1<\/td><td><\/td><\/tr><tr><td>is_attachment<\/td><td>1<\/td><td><\/td><\/tr><tr><td>is_singular<\/td><td>1<\/td><td><\/td><\/tr><tr><td>is_front_page<\/td><td>1<\/td><td><\/td><\/tr><tr><td>is_feed<\/td><td>1<\/td><td><\/td><\/tr><\/table><\/div><br><br><span style=\"color: red;\">Seu site usa HTTPS, mas o c\u00f3digo do an\u00fancio cont\u00e9m HTTP e pode n\u00e3o funcionar.<\/span>\t<br><br>\n\t<a style=\"color: green;\" href=\"https:\/\/wpadvancedads.com\/manual\/ad-debug-mode\/?utm_source=advanced-ads&utm_medium=link&utm_campaign=ad-debug-mode\" target=\"_blank\" rel=\"nofollow\">Encontre solu\u00e7\u00f5es no manual<\/a>\n<\/div>\n<\/li><\/ul><\/div><script>( window.advanced_ads_ready || jQuery( document ).ready ).call( null, function() {var $lavraslider2186341726 = jQuery( \".lavra-slider-2186341726\" );$lavraslider2186341726.on( \"unslider.ready\", function() { jQuery( \"div.custom-slider ul li\" ).css( \"display\", \"block\" ); });$lavraslider2186341726.unslider({ delay:4000, autoplay:true, nav:false, arrows:false, infinite:true });$lavraslider2186341726.on(\"mouseover\", function() {$lavraslider2186341726.unslider(\"stop\");}).on(\"mouseout\", function() {$lavraslider2186341726.unslider(\"start\");});});<\/script><\/div><p>Na semana passada, o Chefe do Executivo recebeu em seu gabinete representantes de uma grande rede de hot\u00e9is e propriet\u00e1rios de duas incorporadoras que v\u00e3o construir um hotel na Cidade da Serra, em Lavras.<\/p>\n<p>Com sete andares, o pr\u00e9dio ter\u00e1 132 apartamentos com aproximadamente 18 metros quadrados cada unidade, quatro sal\u00f5es de conven\u00e7\u00f5es, restaurante e lojas de diversos segmentos.<\/p>\n<p>O in\u00edcio da obra est\u00e1 marcado para dezembro deste ano com previs\u00e3o de conclus\u00e3o em 2020. O investimento ser\u00e1 de R$ 32 milh\u00f5es, gerando 300 empregos na obra e 80 empregos diretos quando o hotel estiver em funcionamento.<\/p>\n<figure id=\"attachment_12700\" aria-describedby=\"caption-attachment-12700\" style=\"width: 512px\" class=\"wp-caption aligncenter\"><img fetchpriority=\"high\" decoding=\"async\" class=\"size-full wp-image-12700\" src=\"http:\/\/lavras.tv\/site\/wp-content\/uploads\/2017\/10\/cidade_da_serra.png\" alt=\"Projeto do bairro Cidade da Serra\" width=\"512\" height=\"333\" srcset=\"https:\/\/lavras.tv\/site\/wp-content\/uploads\/2017\/10\/cidade_da_serra.png 512w, https:\/\/lavras.tv\/site\/wp-content\/uploads\/2017\/10\/cidade_da_serra-150x98.png 150w, https:\/\/lavras.tv\/site\/wp-content\/uploads\/2017\/10\/cidade_da_serra-300x195.png 300w\" sizes=\"(max-width: 512px) 100vw, 512px\" \/><figcaption id=\"caption-attachment-12700\" class=\"wp-caption-text\">Projeto do bairro Cidade da Serra<\/figcaption><\/figure>\n<p><b><strong>Grandes investimentos em Lavras<\/strong><\/b><\/p>\n<p>Desde janeiro,\u00a0cinco empres\u00e1rios procuraram o Governo Municipal para anunciar grandes investimentos em Lavras. Foram duas grandes redes hoteleiras, um frigor\u00edfico e uma grande rede de supermercados atacadista e varejista, al\u00e9m da amplia\u00e7\u00e3o de um latic\u00ednio adquirido por uma multinacional americana.<\/p>\n<p>Este ano tamb\u00e9m foi anunciado que o Parque Tecnol\u00f3gico da Universidade Federal de Lavras (Ufla) ser\u00e1 inaugurado em fevereiro e 12 empresas nacionais e estrangeiras j\u00e1 est\u00e3o interessadas em estabelecer laborat\u00f3rios nesse centro de pesquisas.<\/p>\n<p>Tamb\u00e9m em 2017 foram divulgados os resultados de duas pesquisas com destaque para a cidade. A Revista Exame apontou Lavras como a 8\u00aa melhor cidade para se investir em Minas Gerais e 86\u00aa no Brasil. J\u00e1 o Instituto de Longevidade Mongeral Aegon em parceria com a Funda\u00e7\u00e3o Get\u00falio Vargas (FGV) divulgou pesquisa que considerou Lavras a melhor cidade em Minas Gerais e a 23\u00aa do Brasil para se envelhecer com qualidade de vida.<\/p>\n<p>Fonte: Prefeitura de Lavras<\/p>\n","protected":false},"excerpt":{"rendered":"<p>Na semana passada, o Chefe do Executivo recebeu em seu gabinete representantes de uma grande rede de hot\u00e9is e propriet\u00e1rios de duas incorporadoras que v\u00e3o construir um hotel na Cidade da Serra, em Lavras. Com sete andares, o pr\u00e9dio ter\u00e1 132 apartamentos com aproximadamente 18 metros quadrados cada unidade, quatro sal\u00f5es de conven\u00e7\u00f5es, restaurante e [&hellip;]<\/p>\n","protected":false},"author":2,"featured_media":12700,"comment_status":"closed","ping_status":"open","sticky":false,"template":"","format":"standard","meta":{"advgb_blocks_editor_width":"","advgb_blocks_columns_visual_guide":"","_exactmetrics_skip_tracking":false,"_exactmetrics_sitenote_active":false,"_exactmetrics_sitenote_note":"","_exactmetrics_sitenote_category":0,"footnotes":""},"categories":[7,12],"tags":[4116,4118,34,4117,103],"class_list":["post-12699","post","type-post","status-publish","format-standard","has-post-thumbnail","hentry","category-destaques","category-politica","tag-cidade-da-serra","tag-hotel","tag-lavras","tag-pemi","tag-prefeitura-de-lavras"],"better_featured_image":{"id":12700,"alt_text":"","caption":"Projeto do bairro Cidade da Serra","description":"","media_type":"image","media_details":{"width":512,"height":333,"file":"2017\/10\/cidade_da_serra.png","sizes":{"thumbnail":{"file":"cidade_da_serra-150x98.png","width":150,"height":98,"mime-type":"image\/png","source_url":"https:\/\/lavras.tv\/site\/wp-content\/uploads\/2017\/10\/cidade_da_serra-150x98.png"},"medium":{"file":"cidade_da_serra-300x195.png","width":300,"height":195,"mime-type":"image\/png","source_url":"https:\/\/lavras.tv\/site\/wp-content\/uploads\/2017\/10\/cidade_da_serra-300x195.png"},"featured-post-img":{"file":"cidade_da_serra-480x320.png","width":480,"height":320,"mime-type":"image\/png","source_url":"https:\/\/lavras.tv\/site\/wp-content\/uploads\/2017\/10\/cidade_da_serra-480x320.png"},"sow-carousel-default":{"file":"cidade_da_serra-272x182.png","width":272,"height":182,"mime-type":"image\/png","source_url":"https:\/\/lavras.tv\/site\/wp-content\/uploads\/2017\/10\/cidade_da_serra-272x182.png"}},"image_meta":{"aperture":"0","credit":"","camera":"","caption":"","created_timestamp":"0","copyright":"","focal_length":"0","iso":"0","shutter_speed":"0","title":"","orientation":"0","keywords":[]}},"post":12699,"source_url":"https:\/\/lavras.tv\/site\/wp-content\/uploads\/2017\/10\/cidade_da_serra.png"},"author_meta":{"display_name":"Lavras TV","author_link":"https:\/\/lavras.tv\/site\/author\/lavrastv\/"},"featured_img":"https:\/\/lavras.tv\/site\/wp-content\/uploads\/2017\/10\/cidade_da_serra-300x195.png","coauthors":[],"tax_additional":{"categories":{"linked":["<a href=\"https:\/\/lavras.tv\/site\/category\/destaques\/\" class=\"advgb-post-tax-term\">Destaques<\/a>","<a href=\"https:\/\/lavras.tv\/site\/category\/politica\/\" class=\"advgb-post-tax-term\">Pol\u00edtica<\/a>"],"unlinked":["<span class=\"advgb-post-tax-term\">Destaques<\/span>","<span class=\"advgb-post-tax-term\">Pol\u00edtica<\/span>"]},"tags":{"linked":["<a href=\"https:\/\/lavras.tv\/site\/category\/politica\/\" class=\"advgb-post-tax-term\">cidade da serra<\/a>","<a href=\"https:\/\/lavras.tv\/site\/category\/politica\/\" class=\"advgb-post-tax-term\">hotel<\/a>","<a href=\"https:\/\/lavras.tv\/site\/category\/politica\/\" class=\"advgb-post-tax-term\">lavras<\/a>","<a href=\"https:\/\/lavras.tv\/site\/category\/politica\/\" class=\"advgb-post-tax-term\">pemi<\/a>","<a href=\"https:\/\/lavras.tv\/site\/category\/politica\/\" class=\"advgb-post-tax-term\">prefeitura de lavras<\/a>"],"unlinked":["<span class=\"advgb-post-tax-term\">cidade da serra<\/span>","<span class=\"advgb-post-tax-term\">hotel<\/span>","<span class=\"advgb-post-tax-term\">lavras<\/span>","<span class=\"advgb-post-tax-term\">pemi<\/span>","<span class=\"advgb-post-tax-term\">prefeitura de lavras<\/span>"]}},"comment_count":"0","relative_dates":{"created":"Publicado 9 anos atr\u00e1s","modified":"Atualizado 9 anos atr\u00e1s"},"absolute_dates":{"created":"Publicado em 26 de outubro de 2017","modified":"Atualizado em 26 de outubro de 2017"},"absolute_dates_time":{"created":"Publicado em 26 de outubro de 2017 10:07","modified":"Atualizado em 26 de outubro de 2017 10:07"},"featured_img_caption":"Projeto do bairro Cidade da Serra","series_order":"","_links":{"self":[{"href":"https:\/\/lavras.tv\/site\/wp-json\/wp\/v2\/posts\/12699","targetHints":{"allow":["GET"]}}],"collection":[{"href":"https:\/\/lavras.tv\/site\/wp-json\/wp\/v2\/posts"}],"about":[{"href":"https:\/\/lavras.tv\/site\/wp-json\/wp\/v2\/types\/post"}],"author":[{"embeddable":true,"href":"https:\/\/lavras.tv\/site\/wp-json\/wp\/v2\/users\/2"}],"replies":[{"embeddable":true,"href":"https:\/\/lavras.tv\/site\/wp-json\/wp\/v2\/comments?post=12699"}],"version-history":[{"count":1,"href":"https:\/\/lavras.tv\/site\/wp-json\/wp\/v2\/posts\/12699\/revisions"}],"predecessor-version":[{"id":12701,"href":"https:\/\/lavras.tv\/site\/wp-json\/wp\/v2\/posts\/12699\/revisions\/12701"}],"wp:featuredmedia":[{"embeddable":true,"href":"https:\/\/lavras.tv\/site\/wp-json\/wp\/v2\/media\/12700"}],"wp:attachment":[{"href":"https:\/\/lavras.tv\/site\/wp-json\/wp\/v2\/media?parent=12699"}],"wp:term":[{"taxonomy":"category","embeddable":true,"href":"https:\/\/lavras.tv\/site\/wp-json\/wp\/v2\/categories?post=12699"},{"taxonomy":"post_tag","embeddable":true,"href":"https:\/\/lavras.tv\/site\/wp-json\/wp\/v2\/tags?post=12699"}],"curies":[{"name":"wp","href":"https:\/\/api.w.org\/{rel}","templated":true}]}}