{"id":12715,"date":"2017-10-27T09:21:10","date_gmt":"2017-10-27T11:21:10","guid":{"rendered":"http:\/\/lavras.tv\/site\/?p=12715"},"modified":"2017-10-27T09:21:10","modified_gmt":"2017-10-27T11:21:10","slug":"informe-parlamentar-deputada-damina-participa-de-debate-sobre-a-insercao-da-mulher-no-mercado-de-trabalho","status":"publish","type":"post","link":"https:\/\/lavras.tv\/site\/2017\/10\/27\/informe-parlamentar-deputada-damina-participa-de-debate-sobre-a-insercao-da-mulher-no-mercado-de-trabalho\/","title":{"rendered":"[Informe Parlamentar] Deputada D\u00e2mina participa de debate sobre a inser\u00e7\u00e3o da mulher no mercado de trabalho"},"content":{"rendered":"<div class=\"lavra-antes-do-conteudo_2\" id=\"lavra-2822021944\"><div id=\"lavra-slider-27\" class=\"custom-slider lavra-slider-4131272122 lavra-slider\"><ul><li><div style=\"margin-left: auto;margin-right: auto;text-align: center;\" id=\"lavra-3057597190\"><a href=\"https:\/\/sistemas.lavras.mg.gov.br\/portalcidadao\/#df1b1a7c7b2a290bcb31e32771e610784662739a88807c0dacac58ede5f391a7530e299dc302d611ee73cb143fc22eaf93592e53e7b5bdb01b00a0b8d28dae460c141dd2ff83412e4dc1c31b16b25f33144a9e5620ea73b13f5bc1c59411d98439ad226e8af03840603796067d87afe130812cf3de24982d0e306f9e61e764e5\" aria-label=\"Lavras-TV&#8211;720x104px (1) (1)\"><img src=\"https:\/\/lavras.tv\/site\/wp-content\/uploads\/2025\/01\/Lavras-TV-720x104px-1-1.png\" alt=\"\"  srcset=\"https:\/\/lavras.tv\/site\/wp-content\/uploads\/2025\/01\/Lavras-TV-720x104px-1-1.png 720w, https:\/\/lavras.tv\/site\/wp-content\/uploads\/2025\/01\/Lavras-TV-720x104px-1-1-470x68.png 470w, https:\/\/lavras.tv\/site\/wp-content\/uploads\/2025\/01\/Lavras-TV-720x104px-1-1-170x25.png 170w, https:\/\/lavras.tv\/site\/wp-content\/uploads\/2025\/01\/Lavras-TV-720x104px-1-1-200x29.png 200w\" sizes=\"(max-width: 720px) 100vw, 720px\" width=\"720\" height=\"104\"  style=\"display: inline-block;\" \/><\/a><\/div><\/li><li><a href=\"https:\/\/sistemas.lavras.mg.gov.br\/portalcidadao\/#df1b1a7c7b2a290bcb31e32771e610784662739a88807c0dacac58ede5f391a7530e299dc302d611ee73cb143fc22eaf93592e53e7b5bdb01b00a0b8d28dae460c141dd2ff83412e4dc1c31b16b25f33144a9e5620ea73b13f5bc1c59411d98439ad226e8af03840603796067d87afe130812cf3de24982d0e306f9e61e764e5\" aria-label=\"Banner_Emprego_PortallavrasTV\"><img src=\"https:\/\/lavras.tv\/site\/wp-content\/uploads\/2025\/03\/Banner_Emprego_PortallavrasTV.png\" alt=\"\"  srcset=\"https:\/\/lavras.tv\/site\/wp-content\/uploads\/2025\/03\/Banner_Emprego_PortallavrasTV.png 720w, https:\/\/lavras.tv\/site\/wp-content\/uploads\/2025\/03\/Banner_Emprego_PortallavrasTV-470x68.png 470w, https:\/\/lavras.tv\/site\/wp-content\/uploads\/2025\/03\/Banner_Emprego_PortallavrasTV-170x25.png 170w, https:\/\/lavras.tv\/site\/wp-content\/uploads\/2025\/03\/Banner_Emprego_PortallavrasTV-200x29.png 200w\" sizes=\"(max-width: 720px) 100vw, 720px\" width=\"720\" height=\"104\"   \/><\/a><\/li><li><a href=\"https:\/\/sistemas.lavras.mg.gov.br\/portalcidadao\/#df1b1a7c7b2a290bcb31e32771e610784662739a88807c0dacac58ede5f391a7530e299dc302d611ee73cb143fc22eaf93592e53e7b5bdb01b00a0b8d28dae460c141dd2ff83412e4dc1c31b16b25f33144a9e5620ea73b13f5bc1c59411d98439ad226e8af03840603796067d87afe130812cf3de24982d0e306f9e61e764e5\" aria-label=\"Banner_Obras_PortallavrasTV\"><img src=\"https:\/\/lavras.tv\/site\/wp-content\/uploads\/2025\/03\/Banner_Obras_PortallavrasTV.png\" alt=\"\"  srcset=\"https:\/\/lavras.tv\/site\/wp-content\/uploads\/2025\/03\/Banner_Obras_PortallavrasTV.png 720w, https:\/\/lavras.tv\/site\/wp-content\/uploads\/2025\/03\/Banner_Obras_PortallavrasTV-470x68.png 470w, https:\/\/lavras.tv\/site\/wp-content\/uploads\/2025\/03\/Banner_Obras_PortallavrasTV-170x25.png 170w, https:\/\/lavras.tv\/site\/wp-content\/uploads\/2025\/03\/Banner_Obras_PortallavrasTV-200x29.png 200w\" sizes=\"(max-width: 720px) 100vw, 720px\" width=\"720\" height=\"104\"   \/><\/a><\/li><li><div style=\"margin-left: auto;margin-right: auto;text-align: center;\" id=\"lavra-1554845252\"><a href=\"https:\/\/sistemas.lavras.mg.gov.br\/portalcidadao\/#df1b1a7c7b2a290bcb31e32771e610784662739a88807c0dacac58ede5f391a7530e299dc302d611ee73cb143fc22eaf93592e53e7b5bdb01b00a0b8d28dae460c141dd2ff83412e4dc1c31b16b25f33144a9e5620ea73b13f5bc1c59411d98439ad226e8af03840603796067d87afe130812cf3de24982d0e306f9e61e764e5\" aria-label=\"Banner_Educa\u00e7\u00e3o_PortallavrasTV\"><img src=\"https:\/\/lavras.tv\/site\/wp-content\/uploads\/2025\/01\/Banner_Educacao_PortallavrasTV.png\" alt=\"\"  srcset=\"https:\/\/lavras.tv\/site\/wp-content\/uploads\/2025\/01\/Banner_Educacao_PortallavrasTV.png 720w, https:\/\/lavras.tv\/site\/wp-content\/uploads\/2025\/01\/Banner_Educacao_PortallavrasTV-470x68.png 470w, https:\/\/lavras.tv\/site\/wp-content\/uploads\/2025\/01\/Banner_Educacao_PortallavrasTV-170x25.png 170w, https:\/\/lavras.tv\/site\/wp-content\/uploads\/2025\/01\/Banner_Educacao_PortallavrasTV-200x29.png 200w\" sizes=\"(max-width: 720px) 100vw, 720px\" width=\"720\" height=\"104\"  style=\"display: inline-block;\" \/><\/a><\/div><\/li><li><a href=\"https:\/\/sistemas.lavras.mg.gov.br\/portalcidadao\/#df1b1a7c7b2a290bcb31e32771e610784662739a88807c0dacac58ede5f391a7530e299dc302d611ee73cb143fc22eaf93592e53e7b5bdb01b00a0b8d28dae460c141dd2ff83412e4dc1c31b16b25f33144a9e5620ea73b13f5bc1c59411d98439ad226e8af03840603796067d87afe130812cf3de24982d0e306f9e61e764e5\" aria-label=\"Banner_Sa\u00fade_PortallavrasTV\"><img src=\"https:\/\/lavras.tv\/site\/wp-content\/uploads\/2025\/03\/Banner_Saude_PortallavrasTV.png\" alt=\"\"  srcset=\"https:\/\/lavras.tv\/site\/wp-content\/uploads\/2025\/03\/Banner_Saude_PortallavrasTV.png 720w, https:\/\/lavras.tv\/site\/wp-content\/uploads\/2025\/03\/Banner_Saude_PortallavrasTV-470x68.png 470w, https:\/\/lavras.tv\/site\/wp-content\/uploads\/2025\/03\/Banner_Saude_PortallavrasTV-170x25.png 170w, https:\/\/lavras.tv\/site\/wp-content\/uploads\/2025\/03\/Banner_Saude_PortallavrasTV-200x29.png 200w\" sizes=\"(max-width: 720px) 100vw, 720px\" width=\"720\" height=\"104\"   \/><\/a><\/li><li><div id=\"lavra-4292828772\" style=\"width:720px;height:104px;background-color:#ddd;overflow:scroll;\">\n\t<strong>Sa\u00edda da depura\u00e7\u00e3o de an\u00fancios<\/strong>\n\t<br><br>\n\tO an\u00fancio n\u00e3o \u00e9 exibido na p\u00e1gina<br><br>post atual: [Informe Parlamentar] Deputada D\u00e2mina participa de debate sobre a inser\u00e7\u00e3o da mulher no mercado de trabalho, ID: 12715<br><br><span style=\"color: red;\">O post atual n\u00e3o \u00e9 id\u00eantico ao post principal.<\/span><br><br>An\u00fancios: ROXO - TOPO INTERNA - ROTATIVO 2 (197)<br \/>Grupo de an\u00fancios: Princ_Meio01_720x104 (27)<br><br>Condi\u00e7\u00f5es de exibi\u00e7\u00e3o<div style=\"margin-bottom: 20px; white-space: pre-wrap; font-family: monospace; width: 100%; background: #ffe9e9;\"><strong>condi\u00e7\u00f5es gerais<\/strong><table border=\"1\"><thead><tr><th><\/th><th>An\u00fancios<\/th><th>wp_the_query<\/th><\/tr><\/thead><tr><td>is_main_query<\/td><td>1<\/td><td>1<\/td><\/tr><tr><td>is_rest_api<\/td><td>0<\/td><td>1<\/td><\/tr><tr><td>page<\/td><td>0<\/td><td>1<\/td><\/tr><tr><td>numpages<\/td><td>0<\/td><td>1<\/td><\/tr><tr><td>is_archive<\/td><td>1<\/td><td><\/td><\/tr><tr><td>is_search<\/td><td>1<\/td><td><\/td><\/tr><tr><td>is_home<\/td><td>1<\/td><td><\/td><\/tr><tr><td>is_404<\/td><td>1<\/td><td><\/td><\/tr><tr><td>is_attachment<\/td><td>1<\/td><td><\/td><\/tr><tr><td>is_singular<\/td><td>1<\/td><td><\/td><\/tr><tr><td>is_front_page<\/td><td>1<\/td><td><\/td><\/tr><tr><td>is_feed<\/td><td>1<\/td><td><\/td><\/tr><\/table><\/div><br><br><span style=\"color: red;\">Seu site usa HTTPS, mas o c\u00f3digo do an\u00fancio cont\u00e9m HTTP e pode n\u00e3o funcionar.<\/span>\t<br><br>\n\t<a style=\"color: green;\" href=\"https:\/\/wpadvancedads.com\/manual\/ad-debug-mode\/?utm_source=advanced-ads&utm_medium=link&utm_campaign=ad-debug-mode\" target=\"_blank\" rel=\"nofollow\">Encontre solu\u00e7\u00f5es no manual<\/a>\n<\/div>\n<\/li><\/ul><\/div><script>( window.advanced_ads_ready || jQuery( document ).ready ).call( null, function() {var $lavraslider4131272122 = jQuery( \".lavra-slider-4131272122\" );$lavraslider4131272122.on( \"unslider.ready\", function() { jQuery( \"div.custom-slider ul li\" ).css( \"display\", \"block\" ); });$lavraslider4131272122.unslider({ delay:4000, autoplay:true, nav:false, arrows:false, infinite:true });$lavraslider4131272122.on(\"mouseover\", function() {$lavraslider4131272122.unslider(\"stop\");}).on(\"mouseout\", function() {$lavraslider4131272122.unslider(\"start\");});});<\/script><\/div><p><span style=\"font-weight: 400;\">A deputada D\u00e2mina Pereira (PSL\/MG), participou na Confedera\u00e7\u00e3o Nacional da Ind\u00fastria (CNI) em Bras\u00edlia, do evento que discutiu sob a perspectiva da mulher e o emprego. A conversa reuniu parlamentares da bancada feminina da C\u00e2mara dos Deputados. <\/span><!--more--><\/p>\n<p><span style=\"font-weight: 400;\">\u201cO debate sobre as pol\u00edticas de qualifica\u00e7\u00e3o e oportunidades de inser\u00e7\u00e3o da mulher no mercado de trabalho, foi \u00f3timo. Apresentaram-nos dados que mostrou o quanto \u00e0 mulher ganhou espa\u00e7o ao longo dos anos. Claro que ainda temos muito para conquistar\u201d, disse D\u00e2mina. \u00a0<\/span><\/p>\n<p><img fetchpriority=\"high\" decoding=\"async\" class=\"alignnone size-full wp-image-12716 aligncenter\" src=\"http:\/\/lavras.tv\/site\/wp-content\/uploads\/2017\/10\/22688896_1967558276792576_4206102197889612061_n.jpg\" alt=\"22688896_1967558276792576_4206102197889612061_n\" width=\"960\" height=\"642\" srcset=\"https:\/\/lavras.tv\/site\/wp-content\/uploads\/2017\/10\/22688896_1967558276792576_4206102197889612061_n.jpg 960w, https:\/\/lavras.tv\/site\/wp-content\/uploads\/2017\/10\/22688896_1967558276792576_4206102197889612061_n-150x100.jpg 150w, https:\/\/lavras.tv\/site\/wp-content\/uploads\/2017\/10\/22688896_1967558276792576_4206102197889612061_n-300x201.jpg 300w, https:\/\/lavras.tv\/site\/wp-content\/uploads\/2017\/10\/22688896_1967558276792576_4206102197889612061_n-480x320.jpg 480w, https:\/\/lavras.tv\/site\/wp-content\/uploads\/2017\/10\/22688896_1967558276792576_4206102197889612061_n-272x182.jpg 272w\" sizes=\"(max-width: 960px) 100vw, 960px\" \/><\/p>\n<p><span style=\"font-weight: 400;\">O presidente da CNI, Robson Braga de Andrade, falou do importante papel que a mulher exerce para o desenvolvimento da ind\u00fastria brasileira e salientou os avan\u00e7os na conquista de maior representatividade feminina no Poder Legislativo. <\/span><\/p>\n<p><span style=\"font-weight: 400;\">O diretor-geral do Servi\u00e7o Nacional de Aprendizagem Industrial (SENAI), Rafael Lucchesi, apresentou informa\u00e7\u00f5es que comprovam o impacto da qualifica\u00e7\u00e3o profissional na empregabilidade e na renda do trabalhador. O ensino t\u00e9cnico tem se mostrado um caminho importante para inser\u00e7\u00e3o de mulheres no mercado de trabalho, especialmente naqueles com maior teor tecnol\u00f3gico. No setor farmac\u00eautico, por exemplo, 47% dos postos de n\u00edvel t\u00e9cnico s\u00e3o ocupados por trabalhadoras. J\u00e1 no ramo de equipamentos de inform\u00e1tica, elas s\u00e3o 44% dos profissionais t\u00e9cnicos.<\/span><\/p>\n<p><img decoding=\"async\" class=\"alignnone size-full wp-image-12717 aligncenter\" src=\"http:\/\/lavras.tv\/site\/wp-content\/uploads\/2017\/10\/22713483_1967558143459256_6470330410191821109_o.jpg\" alt=\"22713483_1967558143459256_6470330410191821109_o\" width=\"2048\" height=\"1365\" srcset=\"https:\/\/lavras.tv\/site\/wp-content\/uploads\/2017\/10\/22713483_1967558143459256_6470330410191821109_o.jpg 2048w, https:\/\/lavras.tv\/site\/wp-content\/uploads\/2017\/10\/22713483_1967558143459256_6470330410191821109_o-150x100.jpg 150w, https:\/\/lavras.tv\/site\/wp-content\/uploads\/2017\/10\/22713483_1967558143459256_6470330410191821109_o-300x200.jpg 300w, https:\/\/lavras.tv\/site\/wp-content\/uploads\/2017\/10\/22713483_1967558143459256_6470330410191821109_o-1024x683.jpg 1024w, https:\/\/lavras.tv\/site\/wp-content\/uploads\/2017\/10\/22713483_1967558143459256_6470330410191821109_o-480x320.jpg 480w, https:\/\/lavras.tv\/site\/wp-content\/uploads\/2017\/10\/22713483_1967558143459256_6470330410191821109_o-272x182.jpg 272w\" sizes=\"(max-width: 2048px) 100vw, 2048px\" \/><\/p>\n<p><span style=\"font-weight: 400;\">Outro assunto debatido foi \u00e0 luta da mulher por equidade salarial. Os dados mostraram que nos setores da ind\u00fastria, especialmente nos de maior conte\u00fado tecnol\u00f3gico, j\u00e1 existem mulheres ganhando mais que os homens. <\/span><\/p>\n<p><span style=\"font-weight: 400;\">Fonte: gabinete da deputada D\u00e2mina Pereira com informa\u00e7\u00f5es da Ag\u00eancia CNI de Not\u00edcias<\/span><\/p>\n<p>&nbsp;<\/p>\n","protected":false},"excerpt":{"rendered":"<p>A deputada D\u00e2mina Pereira (PSL\/MG), participou na Confedera\u00e7\u00e3o Nacional da Ind\u00fastria (CNI) em Bras\u00edlia, do evento que discutiu sob a perspectiva da mulher e o emprego. A conversa reuniu parlamentares da bancada feminina da C\u00e2mara dos Deputados.<\/p>\n","protected":false},"author":2,"featured_media":12716,"comment_status":"closed","ping_status":"open","sticky":false,"template":"","format":"standard","meta":{"advgb_blocks_editor_width":"","advgb_blocks_columns_visual_guide":"","_exactmetrics_skip_tracking":false,"_exactmetrics_sitenote_active":false,"_exactmetrics_sitenote_note":"","_exactmetrics_sitenote_category":0,"footnotes":""},"categories":[7,12],"tags":[671],"class_list":["post-12715","post","type-post","status-publish","format-standard","has-post-thumbnail","hentry","category-destaques","category-politica","tag-damina-pereira"],"better_featured_image":{"id":12716,"alt_text":"","caption":"","description":"","media_type":"image","media_details":{"width":960,"height":642,"file":"2017\/10\/22688896_1967558276792576_4206102197889612061_n.jpg","sizes":{"thumbnail":{"file":"22688896_1967558276792576_4206102197889612061_n-150x100.jpg","width":150,"height":100,"mime-type":"image\/jpeg","source_url":"https:\/\/lavras.tv\/site\/wp-content\/uploads\/2017\/10\/22688896_1967558276792576_4206102197889612061_n-150x100.jpg"},"medium":{"file":"22688896_1967558276792576_4206102197889612061_n-300x201.jpg","width":300,"height":201,"mime-type":"image\/jpeg","source_url":"https:\/\/lavras.tv\/site\/wp-content\/uploads\/2017\/10\/22688896_1967558276792576_4206102197889612061_n-300x201.jpg"},"featured-slider-img":{"file":"22688896_1967558276792576_4206102197889612061_n-640x480.jpg","width":640,"height":480,"mime-type":"image\/jpeg","source_url":"https:\/\/lavras.tv\/site\/wp-content\/uploads\/2017\/10\/22688896_1967558276792576_4206102197889612061_n-640x480.jpg"},"featured-post-img":{"file":"22688896_1967558276792576_4206102197889612061_n-480x320.jpg","width":480,"height":320,"mime-type":"image\/jpeg","source_url":"https:\/\/lavras.tv\/site\/wp-content\/uploads\/2017\/10\/22688896_1967558276792576_4206102197889612061_n-480x320.jpg"},"sow-carousel-default":{"file":"22688896_1967558276792576_4206102197889612061_n-272x182.jpg","width":272,"height":182,"mime-type":"image\/jpeg","source_url":"https:\/\/lavras.tv\/site\/wp-content\/uploads\/2017\/10\/22688896_1967558276792576_4206102197889612061_n-272x182.jpg"}},"image_meta":{"aperture":"0","credit":"","camera":"","caption":"","created_timestamp":"0","copyright":"","focal_length":"0","iso":"0","shutter_speed":"0","title":"","orientation":"0","keywords":[]}},"post":12715,"source_url":"https:\/\/lavras.tv\/site\/wp-content\/uploads\/2017\/10\/22688896_1967558276792576_4206102197889612061_n.jpg"},"author_meta":{"display_name":"Lavras TV","author_link":"https:\/\/lavras.tv\/site\/author\/lavrastv\/"},"featured_img":"https:\/\/lavras.tv\/site\/wp-content\/uploads\/2017\/10\/22688896_1967558276792576_4206102197889612061_n-300x201.jpg","coauthors":[],"tax_additional":{"categories":{"linked":["<a href=\"https:\/\/lavras.tv\/site\/category\/destaques\/\" class=\"advgb-post-tax-term\">Destaques<\/a>","<a href=\"https:\/\/lavras.tv\/site\/category\/politica\/\" class=\"advgb-post-tax-term\">Pol\u00edtica<\/a>"],"unlinked":["<span class=\"advgb-post-tax-term\">Destaques<\/span>","<span class=\"advgb-post-tax-term\">Pol\u00edtica<\/span>"]},"tags":{"linked":["<a href=\"https:\/\/lavras.tv\/site\/category\/politica\/\" class=\"advgb-post-tax-term\">D\u00e2mina Pereira<\/a>"],"unlinked":["<span class=\"advgb-post-tax-term\">D\u00e2mina Pereira<\/span>"]}},"comment_count":"0","relative_dates":{"created":"Publicado 9 anos atr\u00e1s","modified":"Atualizado 9 anos atr\u00e1s"},"absolute_dates":{"created":"Publicado em 27 de outubro de 2017","modified":"Atualizado em 27 de outubro de 2017"},"absolute_dates_time":{"created":"Publicado em 27 de outubro de 2017 09:21","modified":"Atualizado em 27 de outubro de 2017 09:21"},"featured_img_caption":"","series_order":"","_links":{"self":[{"href":"https:\/\/lavras.tv\/site\/wp-json\/wp\/v2\/posts\/12715","targetHints":{"allow":["GET"]}}],"collection":[{"href":"https:\/\/lavras.tv\/site\/wp-json\/wp\/v2\/posts"}],"about":[{"href":"https:\/\/lavras.tv\/site\/wp-json\/wp\/v2\/types\/post"}],"author":[{"embeddable":true,"href":"https:\/\/lavras.tv\/site\/wp-json\/wp\/v2\/users\/2"}],"replies":[{"embeddable":true,"href":"https:\/\/lavras.tv\/site\/wp-json\/wp\/v2\/comments?post=12715"}],"version-history":[{"count":1,"href":"https:\/\/lavras.tv\/site\/wp-json\/wp\/v2\/posts\/12715\/revisions"}],"predecessor-version":[{"id":12718,"href":"https:\/\/lavras.tv\/site\/wp-json\/wp\/v2\/posts\/12715\/revisions\/12718"}],"wp:featuredmedia":[{"embeddable":true,"href":"https:\/\/lavras.tv\/site\/wp-json\/wp\/v2\/media\/12716"}],"wp:attachment":[{"href":"https:\/\/lavras.tv\/site\/wp-json\/wp\/v2\/media?parent=12715"}],"wp:term":[{"taxonomy":"category","embeddable":true,"href":"https:\/\/lavras.tv\/site\/wp-json\/wp\/v2\/categories?post=12715"},{"taxonomy":"post_tag","embeddable":true,"href":"https:\/\/lavras.tv\/site\/wp-json\/wp\/v2\/tags?post=12715"}],"curies":[{"name":"wp","href":"https:\/\/api.w.org\/{rel}","templated":true}]}}