{"id":12734,"date":"2017-10-27T09:54:09","date_gmt":"2017-10-27T11:54:09","guid":{"rendered":"http:\/\/lavras.tv\/site\/?p=12734"},"modified":"2017-10-27T09:54:09","modified_gmt":"2017-10-27T11:54:09","slug":"equipe-de-atletismo-da-ufla-conquista-podio-nos-jogos-universitarios-brasileiros","status":"publish","type":"post","link":"https:\/\/lavras.tv\/site\/2017\/10\/27\/equipe-de-atletismo-da-ufla-conquista-podio-nos-jogos-universitarios-brasileiros\/","title":{"rendered":"Equipe de Atletismo da UFLA conquista p\u00f3dio nos Jogos Universit\u00e1rios Brasileiros"},"content":{"rendered":"<div class=\"lavra-antes-do-conteudo_2\" id=\"lavra-378271852\"><div id=\"lavra-slider-27\" class=\"custom-slider lavra-slider-2650581598 lavra-slider\"><ul><li><div style=\"margin-left: auto;margin-right: auto;text-align: center;\" id=\"lavra-1728793989\"><a href=\"https:\/\/sistemas.lavras.mg.gov.br\/portalcidadao\/#df1b1a7c7b2a290bcb31e32771e610784662739a88807c0dacac58ede5f391a7530e299dc302d611ee73cb143fc22eaf93592e53e7b5bdb01b00a0b8d28dae460c141dd2ff83412e4dc1c31b16b25f33144a9e5620ea73b13f5bc1c59411d98439ad226e8af03840603796067d87afe130812cf3de24982d0e306f9e61e764e5\" aria-label=\"Lavras-TV&#8211;720x104px (1) (1)\"><img src=\"https:\/\/lavras.tv\/site\/wp-content\/uploads\/2025\/01\/Lavras-TV-720x104px-1-1.png\" alt=\"\"  srcset=\"https:\/\/lavras.tv\/site\/wp-content\/uploads\/2025\/01\/Lavras-TV-720x104px-1-1.png 720w, https:\/\/lavras.tv\/site\/wp-content\/uploads\/2025\/01\/Lavras-TV-720x104px-1-1-470x68.png 470w, https:\/\/lavras.tv\/site\/wp-content\/uploads\/2025\/01\/Lavras-TV-720x104px-1-1-170x25.png 170w, https:\/\/lavras.tv\/site\/wp-content\/uploads\/2025\/01\/Lavras-TV-720x104px-1-1-200x29.png 200w\" sizes=\"(max-width: 720px) 100vw, 720px\" width=\"720\" height=\"104\"  style=\"display: inline-block;\" \/><\/a><\/div><\/li><li><a href=\"https:\/\/sistemas.lavras.mg.gov.br\/portalcidadao\/#df1b1a7c7b2a290bcb31e32771e610784662739a88807c0dacac58ede5f391a7530e299dc302d611ee73cb143fc22eaf93592e53e7b5bdb01b00a0b8d28dae460c141dd2ff83412e4dc1c31b16b25f33144a9e5620ea73b13f5bc1c59411d98439ad226e8af03840603796067d87afe130812cf3de24982d0e306f9e61e764e5\" aria-label=\"Banner_Emprego_PortallavrasTV\"><img src=\"https:\/\/lavras.tv\/site\/wp-content\/uploads\/2025\/03\/Banner_Emprego_PortallavrasTV.png\" alt=\"\"  srcset=\"https:\/\/lavras.tv\/site\/wp-content\/uploads\/2025\/03\/Banner_Emprego_PortallavrasTV.png 720w, https:\/\/lavras.tv\/site\/wp-content\/uploads\/2025\/03\/Banner_Emprego_PortallavrasTV-470x68.png 470w, https:\/\/lavras.tv\/site\/wp-content\/uploads\/2025\/03\/Banner_Emprego_PortallavrasTV-170x25.png 170w, https:\/\/lavras.tv\/site\/wp-content\/uploads\/2025\/03\/Banner_Emprego_PortallavrasTV-200x29.png 200w\" sizes=\"(max-width: 720px) 100vw, 720px\" width=\"720\" height=\"104\"   \/><\/a><\/li><li><a href=\"https:\/\/sistemas.lavras.mg.gov.br\/portalcidadao\/#df1b1a7c7b2a290bcb31e32771e610784662739a88807c0dacac58ede5f391a7530e299dc302d611ee73cb143fc22eaf93592e53e7b5bdb01b00a0b8d28dae460c141dd2ff83412e4dc1c31b16b25f33144a9e5620ea73b13f5bc1c59411d98439ad226e8af03840603796067d87afe130812cf3de24982d0e306f9e61e764e5\" aria-label=\"Banner_Obras_PortallavrasTV\"><img src=\"https:\/\/lavras.tv\/site\/wp-content\/uploads\/2025\/03\/Banner_Obras_PortallavrasTV.png\" alt=\"\"  srcset=\"https:\/\/lavras.tv\/site\/wp-content\/uploads\/2025\/03\/Banner_Obras_PortallavrasTV.png 720w, https:\/\/lavras.tv\/site\/wp-content\/uploads\/2025\/03\/Banner_Obras_PortallavrasTV-470x68.png 470w, https:\/\/lavras.tv\/site\/wp-content\/uploads\/2025\/03\/Banner_Obras_PortallavrasTV-170x25.png 170w, https:\/\/lavras.tv\/site\/wp-content\/uploads\/2025\/03\/Banner_Obras_PortallavrasTV-200x29.png 200w\" sizes=\"(max-width: 720px) 100vw, 720px\" width=\"720\" height=\"104\"   \/><\/a><\/li><li><div style=\"margin-left: auto;margin-right: auto;text-align: center;\" id=\"lavra-2917165611\"><a href=\"https:\/\/sistemas.lavras.mg.gov.br\/portalcidadao\/#df1b1a7c7b2a290bcb31e32771e610784662739a88807c0dacac58ede5f391a7530e299dc302d611ee73cb143fc22eaf93592e53e7b5bdb01b00a0b8d28dae460c141dd2ff83412e4dc1c31b16b25f33144a9e5620ea73b13f5bc1c59411d98439ad226e8af03840603796067d87afe130812cf3de24982d0e306f9e61e764e5\" aria-label=\"Banner_Educa\u00e7\u00e3o_PortallavrasTV\"><img src=\"https:\/\/lavras.tv\/site\/wp-content\/uploads\/2025\/01\/Banner_Educacao_PortallavrasTV.png\" alt=\"\"  srcset=\"https:\/\/lavras.tv\/site\/wp-content\/uploads\/2025\/01\/Banner_Educacao_PortallavrasTV.png 720w, https:\/\/lavras.tv\/site\/wp-content\/uploads\/2025\/01\/Banner_Educacao_PortallavrasTV-470x68.png 470w, https:\/\/lavras.tv\/site\/wp-content\/uploads\/2025\/01\/Banner_Educacao_PortallavrasTV-170x25.png 170w, https:\/\/lavras.tv\/site\/wp-content\/uploads\/2025\/01\/Banner_Educacao_PortallavrasTV-200x29.png 200w\" sizes=\"(max-width: 720px) 100vw, 720px\" width=\"720\" height=\"104\"  style=\"display: inline-block;\" \/><\/a><\/div><\/li><li><a href=\"https:\/\/sistemas.lavras.mg.gov.br\/portalcidadao\/#df1b1a7c7b2a290bcb31e32771e610784662739a88807c0dacac58ede5f391a7530e299dc302d611ee73cb143fc22eaf93592e53e7b5bdb01b00a0b8d28dae460c141dd2ff83412e4dc1c31b16b25f33144a9e5620ea73b13f5bc1c59411d98439ad226e8af03840603796067d87afe130812cf3de24982d0e306f9e61e764e5\" aria-label=\"Banner_Sa\u00fade_PortallavrasTV\"><img src=\"https:\/\/lavras.tv\/site\/wp-content\/uploads\/2025\/03\/Banner_Saude_PortallavrasTV.png\" alt=\"\"  srcset=\"https:\/\/lavras.tv\/site\/wp-content\/uploads\/2025\/03\/Banner_Saude_PortallavrasTV.png 720w, https:\/\/lavras.tv\/site\/wp-content\/uploads\/2025\/03\/Banner_Saude_PortallavrasTV-470x68.png 470w, https:\/\/lavras.tv\/site\/wp-content\/uploads\/2025\/03\/Banner_Saude_PortallavrasTV-170x25.png 170w, https:\/\/lavras.tv\/site\/wp-content\/uploads\/2025\/03\/Banner_Saude_PortallavrasTV-200x29.png 200w\" sizes=\"(max-width: 720px) 100vw, 720px\" width=\"720\" height=\"104\"   \/><\/a><\/li><li><div id=\"lavra-2862789333\" style=\"width:720px;height:104px;background-color:#ddd;overflow:scroll;\">\n\t<strong>Sa\u00edda da depura\u00e7\u00e3o de an\u00fancios<\/strong>\n\t<br><br>\n\tO an\u00fancio n\u00e3o \u00e9 exibido na p\u00e1gina<br><br>post atual: Equipe de Atletismo da UFLA conquista p\u00f3dio nos Jogos Universit\u00e1rios Brasileiros, ID: 12734<br><br><span style=\"color: red;\">O post atual n\u00e3o \u00e9 id\u00eantico ao post principal.<\/span><br><br>An\u00fancios: ROXO - TOPO INTERNA - ROTATIVO 2 (197)<br \/>Grupo de an\u00fancios: Princ_Meio01_720x104 (27)<br><br>Condi\u00e7\u00f5es de exibi\u00e7\u00e3o<div style=\"margin-bottom: 20px; white-space: pre-wrap; font-family: monospace; width: 100%; background: #ffe9e9;\"><strong>condi\u00e7\u00f5es gerais<\/strong><table border=\"1\"><thead><tr><th><\/th><th>An\u00fancios<\/th><th>wp_the_query<\/th><\/tr><\/thead><tr><td>is_main_query<\/td><td>1<\/td><td>1<\/td><\/tr><tr><td>is_rest_api<\/td><td>0<\/td><td>1<\/td><\/tr><tr><td>page<\/td><td>0<\/td><td>1<\/td><\/tr><tr><td>numpages<\/td><td>0<\/td><td>1<\/td><\/tr><tr><td>is_archive<\/td><td>1<\/td><td><\/td><\/tr><tr><td>is_search<\/td><td>1<\/td><td><\/td><\/tr><tr><td>is_home<\/td><td>1<\/td><td><\/td><\/tr><tr><td>is_404<\/td><td>1<\/td><td><\/td><\/tr><tr><td>is_attachment<\/td><td>1<\/td><td><\/td><\/tr><tr><td>is_singular<\/td><td>1<\/td><td><\/td><\/tr><tr><td>is_front_page<\/td><td>1<\/td><td><\/td><\/tr><tr><td>is_feed<\/td><td>1<\/td><td><\/td><\/tr><\/table><\/div><br><br><span style=\"color: red;\">Seu site usa HTTPS, mas o c\u00f3digo do an\u00fancio cont\u00e9m HTTP e pode n\u00e3o funcionar.<\/span>\t<br><br>\n\t<a style=\"color: green;\" href=\"https:\/\/wpadvancedads.com\/manual\/ad-debug-mode\/?utm_source=advanced-ads&utm_medium=link&utm_campaign=ad-debug-mode\" target=\"_blank\" rel=\"nofollow\">Encontre solu\u00e7\u00f5es no manual<\/a>\n<\/div>\n<\/li><\/ul><\/div><script>( window.advanced_ads_ready || jQuery( document ).ready ).call( null, function() {var $lavraslider2650581598 = jQuery( \".lavra-slider-2650581598\" );$lavraslider2650581598.on( \"unslider.ready\", function() { jQuery( \"div.custom-slider ul li\" ).css( \"display\", \"block\" ); });$lavraslider2650581598.unslider({ delay:4000, autoplay:true, nav:false, arrows:false, infinite:true });$lavraslider2650581598.on(\"mouseover\", function() {$lavraslider2650581598.unslider(\"stop\");}).on(\"mouseout\", function() {$lavraslider2650581598.unslider(\"start\");});});<\/script><\/div><p>A equipe de atletas do Centro Regional de Inicia\u00e7\u00e3o ao Atletismo (Cria Lavras) alcan\u00e7ou o p\u00f3dio, pela primeira vez, nos Jogos Universit\u00e1rios Brasileiros (JUBs). <!--more-->O torneio foi disputado no \u00faltimo fim de semana, no Est\u00e1dio Ol\u00edmpico Pedro Ludovico Teixeira, em Goi\u00e2nia (GO), por 43 institui\u00e7\u00f5es marcando pontos entre os homens e 30 entre as mulheres. No resultado final, com o somat\u00f3rio de pontos por equipe, a UFLA alcan\u00e7ou, respectivamente, 2\u00ba e 3\u00ba lugares nas disputas feminina e masculina.<\/p>\n<p>Al\u00e9m disso, os atletas do projeto conquistaram o ouro na prova masculina 4 x 400 metros e nas provas femininas de 5000 metros (Hellen Cristina Trindade Ferreira), 100 metros com barreiras (Camila Paulino Paiva), Triplo (Pamela Aparecida Andr\u00e9) e Heptatlo (Ingrid Ellen).<\/p>\n<p><img fetchpriority=\"high\" decoding=\"async\" class=\"alignnone size-full wp-image-12735 aligncenter\" src=\"http:\/\/lavras.tv\/site\/wp-content\/uploads\/2017\/10\/Cria-Scolforo.jpg\" alt=\"Cria-Scolforo\" width=\"700\" height=\"467\" srcset=\"https:\/\/lavras.tv\/site\/wp-content\/uploads\/2017\/10\/Cria-Scolforo.jpg 700w, https:\/\/lavras.tv\/site\/wp-content\/uploads\/2017\/10\/Cria-Scolforo-150x100.jpg 150w, https:\/\/lavras.tv\/site\/wp-content\/uploads\/2017\/10\/Cria-Scolforo-300x200.jpg 300w, https:\/\/lavras.tv\/site\/wp-content\/uploads\/2017\/10\/Cria-Scolforo-480x320.jpg 480w, https:\/\/lavras.tv\/site\/wp-content\/uploads\/2017\/10\/Cria-Scolforo-272x182.jpg 272w\" sizes=\"(max-width: 700px) 100vw, 700px\" \/><\/p>\n<p>De acordo com o treinador da equipe de atletismo do Cria Lavras e professor do Departamento de Educa\u00e7\u00e3o F\u00edsica (DEF\/UFLA), Fernando de Oliveira, o resultado superou expectativas. \u201cT\u00ednhamos a previs\u00e3o de ficar entre as cinco melhores equipes. Fomos al\u00e9m. Somos a \u00fanica universidade p\u00fablica a alcan\u00e7ar esse \u00eaxito, de subir ao p\u00f3dio nos dois g\u00eaneros em uma competi\u00e7\u00e3o universit\u00e1ria desse n\u00edvel\u201d, explicou.<\/p>\n<p>O reitor da UFLA, professor Jos\u00e9 Roberto Soares Scolforo, esteve com os atletas na tarde de ter\u00e7a-feira (24\/10) e os parabenizou pelo desempenho. \u201cO Cria Lavras \u00e9 um projeto que tem dado excelentes resultados ao longo desses dez anos. Isso se deve \u00e0 dedica\u00e7\u00e3o de toda a equipe, tanto de coordena\u00e7\u00e3o e treinamento, quanto dos pr\u00f3prios atletas, que encontraram no esporte uma motiva\u00e7\u00e3o profissional e de vida. Temos muito orgulho de v\u00ea-los alcan\u00e7ando sucesso nas competi\u00e7\u00f5es e tamb\u00e9m na vida universit\u00e1ria\u201d, ressaltou o reitor.<\/p>\n<p>O projeto<\/p>\n<p>O Cria Lavras \u00e9 uma atividade de extens\u00e3o da Universidade Federal de Lavras (UFLA) em parceria com a Prefeitura Municipal desde 2007. Foi desenvolvido para, por meio do esporte, aproximar crian\u00e7as e jovens em situa\u00e7\u00e3o de vulnerabilidade socioecon\u00f4mica da universidade, para que se sintam incentivados a ingressar no ambiente acad\u00eamico.<\/p>\n<p>De segunda a sexta, das 15h \u00e0s 18h, e aos s\u00e1bados, das 9h \u00e0s 11h, os atletas treinam na Pista de Atletismo de Alto Rendimento ou no Gin\u00e1sio Poliesportivo da UFLA. Alguns deles participam da iniciativa desde inf\u00e2ncia, e s\u00e3o hoje alunos da Universidade.<\/p>\n<p>Esse \u00e9 o caso do graduando em Educa\u00e7\u00e3o F\u00edsica, Pedro Oliveira, que se interessou pelo esporte aos 11 anos e inspirou o pai, Fernando, a idealizar o projeto. \u201cLembro de estar assistindo \u00e0 final dos 100 metros do atletismo nas Olimp\u00edadas de 2008 e descobrir que era isso o que queria fazer, ser atleta de verdade. E o Cria Lavras nasceu, com mais tr\u00eas crian\u00e7as participantes. Faz\u00edamos outros esportes, mas o atletismo foi ganhando for\u00e7a, agregando mais pessoas, at\u00e9 alcan\u00e7armos um estado de profissionalismo: j\u00e1 fomos campe\u00f5es brasileiros, temos atletas rankiados entre os melhores do pa\u00eds, da Am\u00e9rica Latina e at\u00e9 do mundo, e podemos treinar em uma pista de n\u00edvel internacional aqui na UFLA\u201d, contou.<\/p>\n<p>Sobre o resultado no JUBs, o atleta revelou: \u201cfoi a consagra\u00e7\u00e3o de um sonho, quando reunimos o fator educacional, de que alguns atletas j\u00e1 est\u00e3o na universidade, a um alto rendimento esportivo em competi\u00e7\u00f5es. \u00c9 um resultado bem gratificante\u201d, concluiu.<\/p>\n<p>Fonte: UFLA com informa\u00e7\u00f5es da Confedera\u00e7\u00e3o Brasileira de Atletismo.<\/p>\n","protected":false},"excerpt":{"rendered":"<p>A equipe de atletas do Centro Regional de Inicia\u00e7\u00e3o ao Atletismo (Cria Lavras) alcan\u00e7ou o p\u00f3dio, pela primeira vez, nos Jogos Universit\u00e1rios Brasileiros (JUBs).<\/p>\n","protected":false},"author":2,"featured_media":12735,"comment_status":"closed","ping_status":"open","sticky":false,"template":"","format":"standard","meta":{"advgb_blocks_editor_width":"","advgb_blocks_columns_visual_guide":"","_exactmetrics_skip_tracking":false,"_exactmetrics_sitenote_active":false,"_exactmetrics_sitenote_note":"","_exactmetrics_sitenote_category":0,"footnotes":""},"categories":[7,3],"tags":[1100,4129,4128,4130,4127,56],"class_list":["post-12734","post","type-post","status-publish","format-standard","has-post-thumbnail","hentry","category-destaques","category-esportes","tag-atletismo","tag-jogos-universitarios","tag-jubs","tag-podio","tag-projeto-cria","tag-ufla"],"better_featured_image":{"id":12735,"alt_text":"","caption":"","description":"","media_type":"image","media_details":{"width":700,"height":467,"file":"2017\/10\/Cria-Scolforo.jpg","sizes":{"thumbnail":{"file":"Cria-Scolforo-150x100.jpg","width":150,"height":100,"mime-type":"image\/jpeg","source_url":"https:\/\/lavras.tv\/site\/wp-content\/uploads\/2017\/10\/Cria-Scolforo-150x100.jpg"},"medium":{"file":"Cria-Scolforo-300x200.jpg","width":300,"height":200,"mime-type":"image\/jpeg","source_url":"https:\/\/lavras.tv\/site\/wp-content\/uploads\/2017\/10\/Cria-Scolforo-300x200.jpg"},"featured-slider-img":{"file":"Cria-Scolforo-640x467.jpg","width":640,"height":467,"mime-type":"image\/jpeg","source_url":"https:\/\/lavras.tv\/site\/wp-content\/uploads\/2017\/10\/Cria-Scolforo-640x467.jpg"},"featured-post-img":{"file":"Cria-Scolforo-480x320.jpg","width":480,"height":320,"mime-type":"image\/jpeg","source_url":"https:\/\/lavras.tv\/site\/wp-content\/uploads\/2017\/10\/Cria-Scolforo-480x320.jpg"},"sow-carousel-default":{"file":"Cria-Scolforo-272x182.jpg","width":272,"height":182,"mime-type":"image\/jpeg","source_url":"https:\/\/lavras.tv\/site\/wp-content\/uploads\/2017\/10\/Cria-Scolforo-272x182.jpg"}},"image_meta":{"aperture":"5.6","credit":"","camera":"Canon EOS 80D","caption":"","created_timestamp":"1508864342","copyright":"","focal_length":"24","iso":"100","shutter_speed":"0.0125","title":"","orientation":"1","keywords":[]}},"post":12734,"source_url":"https:\/\/lavras.tv\/site\/wp-content\/uploads\/2017\/10\/Cria-Scolforo.jpg"},"author_meta":{"display_name":"Lavras TV","author_link":"https:\/\/lavras.tv\/site\/author\/lavrastv\/"},"featured_img":"https:\/\/lavras.tv\/site\/wp-content\/uploads\/2017\/10\/Cria-Scolforo-300x200.jpg","coauthors":[],"tax_additional":{"categories":{"linked":["<a href=\"https:\/\/lavras.tv\/site\/category\/destaques\/\" class=\"advgb-post-tax-term\">Destaques<\/a>","<a href=\"https:\/\/lavras.tv\/site\/category\/esportes\/\" class=\"advgb-post-tax-term\">Esportes<\/a>"],"unlinked":["<span class=\"advgb-post-tax-term\">Destaques<\/span>","<span class=\"advgb-post-tax-term\">Esportes<\/span>"]},"tags":{"linked":["<a href=\"https:\/\/lavras.tv\/site\/category\/esportes\/\" class=\"advgb-post-tax-term\">atletismo<\/a>","<a href=\"https:\/\/lavras.tv\/site\/category\/esportes\/\" class=\"advgb-post-tax-term\">Jogos Universit\u00e1rios<\/a>","<a href=\"https:\/\/lavras.tv\/site\/category\/esportes\/\" class=\"advgb-post-tax-term\">JUBs<\/a>","<a href=\"https:\/\/lavras.tv\/site\/category\/esportes\/\" class=\"advgb-post-tax-term\">p\u00f3dio<\/a>","<a href=\"https:\/\/lavras.tv\/site\/category\/esportes\/\" class=\"advgb-post-tax-term\">projeto CRIA<\/a>","<a href=\"https:\/\/lavras.tv\/site\/category\/esportes\/\" class=\"advgb-post-tax-term\">ufla<\/a>"],"unlinked":["<span class=\"advgb-post-tax-term\">atletismo<\/span>","<span class=\"advgb-post-tax-term\">Jogos Universit\u00e1rios<\/span>","<span class=\"advgb-post-tax-term\">JUBs<\/span>","<span class=\"advgb-post-tax-term\">p\u00f3dio<\/span>","<span class=\"advgb-post-tax-term\">projeto CRIA<\/span>","<span class=\"advgb-post-tax-term\">ufla<\/span>"]}},"comment_count":"0","relative_dates":{"created":"Publicado 9 anos atr\u00e1s","modified":"Atualizado 9 anos atr\u00e1s"},"absolute_dates":{"created":"Publicado em 27 de outubro de 2017","modified":"Atualizado em 27 de outubro de 2017"},"absolute_dates_time":{"created":"Publicado em 27 de outubro de 2017 09:54","modified":"Atualizado em 27 de outubro de 2017 09:54"},"featured_img_caption":"","series_order":"","_links":{"self":[{"href":"https:\/\/lavras.tv\/site\/wp-json\/wp\/v2\/posts\/12734","targetHints":{"allow":["GET"]}}],"collection":[{"href":"https:\/\/lavras.tv\/site\/wp-json\/wp\/v2\/posts"}],"about":[{"href":"https:\/\/lavras.tv\/site\/wp-json\/wp\/v2\/types\/post"}],"author":[{"embeddable":true,"href":"https:\/\/lavras.tv\/site\/wp-json\/wp\/v2\/users\/2"}],"replies":[{"embeddable":true,"href":"https:\/\/lavras.tv\/site\/wp-json\/wp\/v2\/comments?post=12734"}],"version-history":[{"count":1,"href":"https:\/\/lavras.tv\/site\/wp-json\/wp\/v2\/posts\/12734\/revisions"}],"predecessor-version":[{"id":12736,"href":"https:\/\/lavras.tv\/site\/wp-json\/wp\/v2\/posts\/12734\/revisions\/12736"}],"wp:featuredmedia":[{"embeddable":true,"href":"https:\/\/lavras.tv\/site\/wp-json\/wp\/v2\/media\/12735"}],"wp:attachment":[{"href":"https:\/\/lavras.tv\/site\/wp-json\/wp\/v2\/media?parent=12734"}],"wp:term":[{"taxonomy":"category","embeddable":true,"href":"https:\/\/lavras.tv\/site\/wp-json\/wp\/v2\/categories?post=12734"},{"taxonomy":"post_tag","embeddable":true,"href":"https:\/\/lavras.tv\/site\/wp-json\/wp\/v2\/tags?post=12734"}],"curies":[{"name":"wp","href":"https:\/\/api.w.org\/{rel}","templated":true}]}}