{"id":12805,"date":"2017-11-01T10:44:29","date_gmt":"2017-11-01T12:44:29","guid":{"rendered":"http:\/\/lavras.tv\/site\/?p=12805"},"modified":"2017-11-01T10:44:29","modified_gmt":"2017-11-01T12:44:29","slug":"veja-como-foi-a-terceira-edicao-da-corrida-unilavras","status":"publish","type":"post","link":"https:\/\/lavras.tv\/site\/2017\/11\/01\/veja-como-foi-a-terceira-edicao-da-corrida-unilavras\/","title":{"rendered":"Veja como foi a terceira edi\u00e7\u00e3o da Corrida Unilavras"},"content":{"rendered":"<div class=\"lavra-antes-do-conteudo_2\" id=\"lavra-3510154400\"><div id=\"lavra-slider-27\" class=\"custom-slider lavra-slider-3442932160 lavra-slider\"><ul><li><div style=\"margin-left: auto;margin-right: auto;text-align: center;\" id=\"lavra-4060924798\"><a href=\"https:\/\/sistemas.lavras.mg.gov.br\/portalcidadao\/#df1b1a7c7b2a290bcb31e32771e610784662739a88807c0dacac58ede5f391a7530e299dc302d611ee73cb143fc22eaf93592e53e7b5bdb01b00a0b8d28dae460c141dd2ff83412e4dc1c31b16b25f33144a9e5620ea73b13f5bc1c59411d98439ad226e8af03840603796067d87afe130812cf3de24982d0e306f9e61e764e5\" aria-label=\"Lavras-TV&#8211;720x104px (1) (1)\"><img src=\"https:\/\/lavras.tv\/site\/wp-content\/uploads\/2025\/01\/Lavras-TV-720x104px-1-1.png\" alt=\"\"  srcset=\"https:\/\/lavras.tv\/site\/wp-content\/uploads\/2025\/01\/Lavras-TV-720x104px-1-1.png 720w, https:\/\/lavras.tv\/site\/wp-content\/uploads\/2025\/01\/Lavras-TV-720x104px-1-1-470x68.png 470w, https:\/\/lavras.tv\/site\/wp-content\/uploads\/2025\/01\/Lavras-TV-720x104px-1-1-170x25.png 170w, https:\/\/lavras.tv\/site\/wp-content\/uploads\/2025\/01\/Lavras-TV-720x104px-1-1-200x29.png 200w\" sizes=\"(max-width: 720px) 100vw, 720px\" width=\"720\" height=\"104\"  style=\"display: inline-block;\" \/><\/a><\/div><\/li><li><a href=\"https:\/\/sistemas.lavras.mg.gov.br\/portalcidadao\/#df1b1a7c7b2a290bcb31e32771e610784662739a88807c0dacac58ede5f391a7530e299dc302d611ee73cb143fc22eaf93592e53e7b5bdb01b00a0b8d28dae460c141dd2ff83412e4dc1c31b16b25f33144a9e5620ea73b13f5bc1c59411d98439ad226e8af03840603796067d87afe130812cf3de24982d0e306f9e61e764e5\" aria-label=\"Banner_Emprego_PortallavrasTV\"><img src=\"https:\/\/lavras.tv\/site\/wp-content\/uploads\/2025\/03\/Banner_Emprego_PortallavrasTV.png\" alt=\"\"  srcset=\"https:\/\/lavras.tv\/site\/wp-content\/uploads\/2025\/03\/Banner_Emprego_PortallavrasTV.png 720w, https:\/\/lavras.tv\/site\/wp-content\/uploads\/2025\/03\/Banner_Emprego_PortallavrasTV-470x68.png 470w, https:\/\/lavras.tv\/site\/wp-content\/uploads\/2025\/03\/Banner_Emprego_PortallavrasTV-170x25.png 170w, https:\/\/lavras.tv\/site\/wp-content\/uploads\/2025\/03\/Banner_Emprego_PortallavrasTV-200x29.png 200w\" sizes=\"(max-width: 720px) 100vw, 720px\" width=\"720\" height=\"104\"   \/><\/a><\/li><li><a href=\"https:\/\/sistemas.lavras.mg.gov.br\/portalcidadao\/#df1b1a7c7b2a290bcb31e32771e610784662739a88807c0dacac58ede5f391a7530e299dc302d611ee73cb143fc22eaf93592e53e7b5bdb01b00a0b8d28dae460c141dd2ff83412e4dc1c31b16b25f33144a9e5620ea73b13f5bc1c59411d98439ad226e8af03840603796067d87afe130812cf3de24982d0e306f9e61e764e5\" aria-label=\"Banner_Obras_PortallavrasTV\"><img src=\"https:\/\/lavras.tv\/site\/wp-content\/uploads\/2025\/03\/Banner_Obras_PortallavrasTV.png\" alt=\"\"  srcset=\"https:\/\/lavras.tv\/site\/wp-content\/uploads\/2025\/03\/Banner_Obras_PortallavrasTV.png 720w, https:\/\/lavras.tv\/site\/wp-content\/uploads\/2025\/03\/Banner_Obras_PortallavrasTV-470x68.png 470w, https:\/\/lavras.tv\/site\/wp-content\/uploads\/2025\/03\/Banner_Obras_PortallavrasTV-170x25.png 170w, https:\/\/lavras.tv\/site\/wp-content\/uploads\/2025\/03\/Banner_Obras_PortallavrasTV-200x29.png 200w\" sizes=\"(max-width: 720px) 100vw, 720px\" width=\"720\" height=\"104\"   \/><\/a><\/li><li><div style=\"margin-left: auto;margin-right: auto;text-align: center;\" id=\"lavra-155341899\"><a href=\"https:\/\/sistemas.lavras.mg.gov.br\/portalcidadao\/#df1b1a7c7b2a290bcb31e32771e610784662739a88807c0dacac58ede5f391a7530e299dc302d611ee73cb143fc22eaf93592e53e7b5bdb01b00a0b8d28dae460c141dd2ff83412e4dc1c31b16b25f33144a9e5620ea73b13f5bc1c59411d98439ad226e8af03840603796067d87afe130812cf3de24982d0e306f9e61e764e5\" aria-label=\"Banner_Educa\u00e7\u00e3o_PortallavrasTV\"><img src=\"https:\/\/lavras.tv\/site\/wp-content\/uploads\/2025\/01\/Banner_Educacao_PortallavrasTV.png\" alt=\"\"  srcset=\"https:\/\/lavras.tv\/site\/wp-content\/uploads\/2025\/01\/Banner_Educacao_PortallavrasTV.png 720w, https:\/\/lavras.tv\/site\/wp-content\/uploads\/2025\/01\/Banner_Educacao_PortallavrasTV-470x68.png 470w, https:\/\/lavras.tv\/site\/wp-content\/uploads\/2025\/01\/Banner_Educacao_PortallavrasTV-170x25.png 170w, https:\/\/lavras.tv\/site\/wp-content\/uploads\/2025\/01\/Banner_Educacao_PortallavrasTV-200x29.png 200w\" sizes=\"(max-width: 720px) 100vw, 720px\" width=\"720\" height=\"104\"  style=\"display: inline-block;\" \/><\/a><\/div><\/li><li><a href=\"https:\/\/sistemas.lavras.mg.gov.br\/portalcidadao\/#df1b1a7c7b2a290bcb31e32771e610784662739a88807c0dacac58ede5f391a7530e299dc302d611ee73cb143fc22eaf93592e53e7b5bdb01b00a0b8d28dae460c141dd2ff83412e4dc1c31b16b25f33144a9e5620ea73b13f5bc1c59411d98439ad226e8af03840603796067d87afe130812cf3de24982d0e306f9e61e764e5\" aria-label=\"Banner_Sa\u00fade_PortallavrasTV\"><img src=\"https:\/\/lavras.tv\/site\/wp-content\/uploads\/2025\/03\/Banner_Saude_PortallavrasTV.png\" alt=\"\"  srcset=\"https:\/\/lavras.tv\/site\/wp-content\/uploads\/2025\/03\/Banner_Saude_PortallavrasTV.png 720w, https:\/\/lavras.tv\/site\/wp-content\/uploads\/2025\/03\/Banner_Saude_PortallavrasTV-470x68.png 470w, https:\/\/lavras.tv\/site\/wp-content\/uploads\/2025\/03\/Banner_Saude_PortallavrasTV-170x25.png 170w, https:\/\/lavras.tv\/site\/wp-content\/uploads\/2025\/03\/Banner_Saude_PortallavrasTV-200x29.png 200w\" sizes=\"(max-width: 720px) 100vw, 720px\" width=\"720\" height=\"104\"   \/><\/a><\/li><li><div id=\"lavra-1778192107\" style=\"width:720px;height:104px;background-color:#ddd;overflow:scroll;\">\n\t<strong>Sa\u00edda da depura\u00e7\u00e3o de an\u00fancios<\/strong>\n\t<br><br>\n\tO an\u00fancio n\u00e3o \u00e9 exibido na p\u00e1gina<br><br>post atual: Veja como foi a terceira edi\u00e7\u00e3o da Corrida Unilavras, ID: 12805<br><br><span style=\"color: red;\">O post atual n\u00e3o \u00e9 id\u00eantico ao post principal.<\/span><br><br>An\u00fancios: ROXO - TOPO INTERNA - ROTATIVO 2 (197)<br \/>Grupo de an\u00fancios: Princ_Meio01_720x104 (27)<br><br>Condi\u00e7\u00f5es de exibi\u00e7\u00e3o<div style=\"margin-bottom: 20px; white-space: pre-wrap; font-family: monospace; width: 100%; background: #ffe9e9;\"><strong>condi\u00e7\u00f5es gerais<\/strong><table border=\"1\"><thead><tr><th><\/th><th>An\u00fancios<\/th><th>wp_the_query<\/th><\/tr><\/thead><tr><td>is_main_query<\/td><td>1<\/td><td>1<\/td><\/tr><tr><td>is_rest_api<\/td><td>0<\/td><td>1<\/td><\/tr><tr><td>page<\/td><td>0<\/td><td>1<\/td><\/tr><tr><td>numpages<\/td><td>0<\/td><td>1<\/td><\/tr><tr><td>is_archive<\/td><td>1<\/td><td><\/td><\/tr><tr><td>is_search<\/td><td>1<\/td><td><\/td><\/tr><tr><td>is_home<\/td><td>1<\/td><td><\/td><\/tr><tr><td>is_404<\/td><td>1<\/td><td><\/td><\/tr><tr><td>is_attachment<\/td><td>1<\/td><td><\/td><\/tr><tr><td>is_singular<\/td><td>1<\/td><td><\/td><\/tr><tr><td>is_front_page<\/td><td>1<\/td><td><\/td><\/tr><tr><td>is_feed<\/td><td>1<\/td><td><\/td><\/tr><\/table><\/div><br><br><span style=\"color: red;\">Seu site usa HTTPS, mas o c\u00f3digo do an\u00fancio cont\u00e9m HTTP e pode n\u00e3o funcionar.<\/span>\t<br><br>\n\t<a style=\"color: green;\" href=\"https:\/\/wpadvancedads.com\/manual\/ad-debug-mode\/?utm_source=advanced-ads&utm_medium=link&utm_campaign=ad-debug-mode\" target=\"_blank\" rel=\"nofollow\">Encontre solu\u00e7\u00f5es no manual<\/a>\n<\/div>\n<\/li><\/ul><\/div><script>( window.advanced_ads_ready || jQuery( document ).ready ).call( null, function() {var $lavraslider3442932160 = jQuery( \".lavra-slider-3442932160\" );$lavraslider3442932160.on( \"unslider.ready\", function() { jQuery( \"div.custom-slider ul li\" ).css( \"display\", \"block\" ); });$lavraslider3442932160.unslider({ delay:4000, autoplay:true, nav:false, arrows:false, infinite:true });$lavraslider3442932160.on(\"mouseover\", function() {$lavraslider3442932160.unslider(\"stop\");}).on(\"mouseout\", function() {$lavraslider3442932160.unslider(\"start\");});});<\/script><\/div><p><span style=\"font-weight: 400;\">Nesse \u00faltimo domingo, dia 29\/10, cerca de 250 corredores amadores e profissionais participaram da edi\u00e7\u00e3o 2017 da Corrida Unilavras. Os atletas largaram \u00e0s 8h para as provas de 5km e 10km, realizada pelas ruas da cidade de Lavras, num dia nublado, excelente para os competidores.<\/span><!--more--><\/p>\n<p><img fetchpriority=\"high\" decoding=\"async\" class=\"alignnone size-full wp-image-12806 aligncenter\" src=\"http:\/\/lavras.tv\/site\/wp-content\/uploads\/2017\/11\/Corrida-Unilavras-2017-146.jpg\" alt=\"Corrida Unilavras 2017-146\" width=\"1620\" height=\"1080\" srcset=\"https:\/\/lavras.tv\/site\/wp-content\/uploads\/2017\/11\/Corrida-Unilavras-2017-146.jpg 1620w, https:\/\/lavras.tv\/site\/wp-content\/uploads\/2017\/11\/Corrida-Unilavras-2017-146-150x100.jpg 150w, https:\/\/lavras.tv\/site\/wp-content\/uploads\/2017\/11\/Corrida-Unilavras-2017-146-300x200.jpg 300w, https:\/\/lavras.tv\/site\/wp-content\/uploads\/2017\/11\/Corrida-Unilavras-2017-146-1024x683.jpg 1024w, https:\/\/lavras.tv\/site\/wp-content\/uploads\/2017\/11\/Corrida-Unilavras-2017-146-480x320.jpg 480w, https:\/\/lavras.tv\/site\/wp-content\/uploads\/2017\/11\/Corrida-Unilavras-2017-146-272x182.jpg 272w\" sizes=\"(max-width: 1620px) 100vw, 1620px\" \/><\/p>\n<p><span style=\"font-weight: 400;\">Foram premiados os primeiros colocados gerais, os primeiros na categoria Unilavras, al\u00e9m dos primeiros de cada categoria et\u00e1ria. Na prova masculina de 5km o campe\u00e3o foi o atleta Rafael Tobias da equipe Cria Lavras, com o tempo de 15:15:90. No feminino a campe\u00e3 da competi\u00e7\u00e3o foi Islane Pereira, tamb\u00e9m do Cria Lavras, com o tempo de 20:37:08. Na categoria Unilavras, o vencedor dos 5km foi Wendel Ribeiro, com a marca de 21:30:54. No feminino da categoria, a vencedora foi Luciane Barbosa, com o tempo de 23:34:97. J\u00e1 na prova de 10km, o campe\u00e3o no masculino foi o atleta da equipe Homeostase Jos\u00e9 Luiz Almeida, com o tempo de 38:25:49. No feminino, a campe\u00e3 foi a atleta da equipe Top Runners Ediene de Souza, com o tempo de 45:10:71. Na categoria Unilavras o vencedor da prova foi Gabriel Faria, com o tempo de 41:12:10. No feminino Unilavras a campe\u00e3 foi Ana Paula Post, com tempo de 52:53:77.<\/span><\/p>\n<p><img decoding=\"async\" class=\"alignnone size-full wp-image-12807 aligncenter\" src=\"http:\/\/lavras.tv\/site\/wp-content\/uploads\/2017\/11\/Corrida-Unilavras-2017-308.jpg\" alt=\"Corrida Unilavras 2017-308\" width=\"1620\" height=\"1080\" srcset=\"https:\/\/lavras.tv\/site\/wp-content\/uploads\/2017\/11\/Corrida-Unilavras-2017-308.jpg 1620w, https:\/\/lavras.tv\/site\/wp-content\/uploads\/2017\/11\/Corrida-Unilavras-2017-308-150x100.jpg 150w, https:\/\/lavras.tv\/site\/wp-content\/uploads\/2017\/11\/Corrida-Unilavras-2017-308-300x200.jpg 300w, https:\/\/lavras.tv\/site\/wp-content\/uploads\/2017\/11\/Corrida-Unilavras-2017-308-1024x683.jpg 1024w, https:\/\/lavras.tv\/site\/wp-content\/uploads\/2017\/11\/Corrida-Unilavras-2017-308-480x320.jpg 480w, https:\/\/lavras.tv\/site\/wp-content\/uploads\/2017\/11\/Corrida-Unilavras-2017-308-272x182.jpg 272w\" sizes=\"(max-width: 1620px) 100vw, 1620px\" \/><\/p>\n<p><span style=\"font-weight: 400;\">Al\u00e9m das premia\u00e7\u00f5es por coloca\u00e7\u00e3o, foram premiadas as tr\u00eas maiores equipes presentes na competi\u00e7\u00e3o. A equipe da Studio Corpore ficou com a terceira posi\u00e7\u00e3o, a segunda colocada foi a equipe Homeostase e a campe\u00e3 foi a equipe Top Runners, de Perd\u00f5es.<\/span><\/p>\n<p><img decoding=\"async\" class=\"alignnone size-full wp-image-12808 aligncenter\" src=\"http:\/\/lavras.tv\/site\/wp-content\/uploads\/2017\/11\/Corrida-Unilavras-2017-204.jpg\" alt=\"Corrida Unilavras 2017-204\" width=\"1620\" height=\"1080\" srcset=\"https:\/\/lavras.tv\/site\/wp-content\/uploads\/2017\/11\/Corrida-Unilavras-2017-204.jpg 1620w, https:\/\/lavras.tv\/site\/wp-content\/uploads\/2017\/11\/Corrida-Unilavras-2017-204-150x100.jpg 150w, https:\/\/lavras.tv\/site\/wp-content\/uploads\/2017\/11\/Corrida-Unilavras-2017-204-300x200.jpg 300w, https:\/\/lavras.tv\/site\/wp-content\/uploads\/2017\/11\/Corrida-Unilavras-2017-204-1024x683.jpg 1024w, https:\/\/lavras.tv\/site\/wp-content\/uploads\/2017\/11\/Corrida-Unilavras-2017-204-480x320.jpg 480w, https:\/\/lavras.tv\/site\/wp-content\/uploads\/2017\/11\/Corrida-Unilavras-2017-204-272x182.jpg 272w\" sizes=\"(max-width: 1620px) 100vw, 1620px\" \/><\/p>\n<p><span style=\"font-weight: 400;\">Como na edi\u00e7\u00e3o passada, o evento promoveu tamb\u00e9m a \u201cCorrida Kids\u201d. Disputaram crian\u00e7as de 5 a 12 anos, dando um toque especial \u00e0 competi\u00e7\u00e3o e promovendo uma verdadeira festa do esporte! O evento foi uma realiza\u00e7\u00e3o do Unilavras em parceria de produ\u00e7\u00e3o com a Asdela.<\/span><\/p>\n<p><img loading=\"lazy\" decoding=\"async\" class=\"alignnone size-full wp-image-12809 aligncenter\" src=\"http:\/\/lavras.tv\/site\/wp-content\/uploads\/2017\/11\/Corrida-Unilavras-2017-208.jpg\" alt=\"Corrida Unilavras 2017-208\" width=\"1620\" height=\"1080\" srcset=\"https:\/\/lavras.tv\/site\/wp-content\/uploads\/2017\/11\/Corrida-Unilavras-2017-208.jpg 1620w, https:\/\/lavras.tv\/site\/wp-content\/uploads\/2017\/11\/Corrida-Unilavras-2017-208-150x100.jpg 150w, https:\/\/lavras.tv\/site\/wp-content\/uploads\/2017\/11\/Corrida-Unilavras-2017-208-300x200.jpg 300w, https:\/\/lavras.tv\/site\/wp-content\/uploads\/2017\/11\/Corrida-Unilavras-2017-208-1024x683.jpg 1024w, https:\/\/lavras.tv\/site\/wp-content\/uploads\/2017\/11\/Corrida-Unilavras-2017-208-480x320.jpg 480w, https:\/\/lavras.tv\/site\/wp-content\/uploads\/2017\/11\/Corrida-Unilavras-2017-208-272x182.jpg 272w\" sizes=\"(max-width: 1620px) 100vw, 1620px\" \/><\/p>\n<p>Fonte: Unilavras<\/p>\n","protected":false},"excerpt":{"rendered":"<p>Nesse \u00faltimo domingo, dia 29\/10, cerca de 250 corredores amadores e profissionais participaram da edi\u00e7\u00e3o 2017 da Corrida Unilavras. Os atletas largaram \u00e0s 8h para as provas de 5km e 10km, realizada pelas ruas da cidade de Lavras, num dia nublado, excelente para os competidores.<\/p>\n","protected":false},"author":2,"featured_media":12806,"comment_status":"closed","ping_status":"open","sticky":false,"template":"","format":"standard","meta":{"advgb_blocks_editor_width":"","advgb_blocks_columns_visual_guide":"","_exactmetrics_skip_tracking":false,"_exactmetrics_sitenote_active":false,"_exactmetrics_sitenote_note":"","_exactmetrics_sitenote_category":0,"footnotes":""},"categories":[7,3],"tags":[145,326,603,405],"class_list":["post-12805","post","type-post","status-publish","format-standard","has-post-thumbnail","hentry","category-destaques","category-esportes","tag-asdela","tag-corrida-de-rua","tag-corrida-unilavras","tag-unilavras"],"better_featured_image":{"id":12806,"alt_text":"","caption":"","description":"","media_type":"image","media_details":{"width":1620,"height":1080,"file":"2017\/11\/Corrida-Unilavras-2017-146.jpg","sizes":{"thumbnail":{"file":"Corrida-Unilavras-2017-146-150x100.jpg","width":150,"height":100,"mime-type":"image\/jpeg","source_url":"https:\/\/lavras.tv\/site\/wp-content\/uploads\/2017\/11\/Corrida-Unilavras-2017-146-150x100.jpg"},"medium":{"file":"Corrida-Unilavras-2017-146-300x200.jpg","width":300,"height":200,"mime-type":"image\/jpeg","source_url":"https:\/\/lavras.tv\/site\/wp-content\/uploads\/2017\/11\/Corrida-Unilavras-2017-146-300x200.jpg"},"large":{"file":"Corrida-Unilavras-2017-146-1024x683.jpg","width":1024,"height":683,"mime-type":"image\/jpeg","source_url":"https:\/\/lavras.tv\/site\/wp-content\/uploads\/2017\/11\/Corrida-Unilavras-2017-146-1024x683.jpg"},"featured-slider-img":{"file":"Corrida-Unilavras-2017-146-640x480.jpg","width":640,"height":480,"mime-type":"image\/jpeg","source_url":"https:\/\/lavras.tv\/site\/wp-content\/uploads\/2017\/11\/Corrida-Unilavras-2017-146-640x480.jpg"},"featured-post-img":{"file":"Corrida-Unilavras-2017-146-480x320.jpg","width":480,"height":320,"mime-type":"image\/jpeg","source_url":"https:\/\/lavras.tv\/site\/wp-content\/uploads\/2017\/11\/Corrida-Unilavras-2017-146-480x320.jpg"},"sow-carousel-default":{"file":"Corrida-Unilavras-2017-146-272x182.jpg","width":272,"height":182,"mime-type":"image\/jpeg","source_url":"https:\/\/lavras.tv\/site\/wp-content\/uploads\/2017\/11\/Corrida-Unilavras-2017-146-272x182.jpg"}},"image_meta":{"aperture":"4","credit":"ASCOM UNILAVRAS","camera":"Canon EOS 70D","caption":"","created_timestamp":"1509264228","copyright":"ASCOM-UNILAVRAS","focal_length":"28","iso":"320","shutter_speed":"0.005","title":"","orientation":"0","keywords":[]}},"post":12805,"source_url":"https:\/\/lavras.tv\/site\/wp-content\/uploads\/2017\/11\/Corrida-Unilavras-2017-146.jpg"},"author_meta":{"display_name":"Lavras TV","author_link":"https:\/\/lavras.tv\/site\/author\/lavrastv\/"},"featured_img":"https:\/\/lavras.tv\/site\/wp-content\/uploads\/2017\/11\/Corrida-Unilavras-2017-146-300x200.jpg","coauthors":[],"tax_additional":{"categories":{"linked":["<a href=\"https:\/\/lavras.tv\/site\/category\/destaques\/\" class=\"advgb-post-tax-term\">Destaques<\/a>","<a href=\"https:\/\/lavras.tv\/site\/category\/esportes\/\" class=\"advgb-post-tax-term\">Esportes<\/a>"],"unlinked":["<span class=\"advgb-post-tax-term\">Destaques<\/span>","<span class=\"advgb-post-tax-term\">Esportes<\/span>"]},"tags":{"linked":["<a href=\"https:\/\/lavras.tv\/site\/category\/esportes\/\" class=\"advgb-post-tax-term\">asdela<\/a>","<a href=\"https:\/\/lavras.tv\/site\/category\/esportes\/\" class=\"advgb-post-tax-term\">corrida de rua<\/a>","<a href=\"https:\/\/lavras.tv\/site\/category\/esportes\/\" class=\"advgb-post-tax-term\">corrida unilavras<\/a>","<a href=\"https:\/\/lavras.tv\/site\/category\/esportes\/\" class=\"advgb-post-tax-term\">unilavras<\/a>"],"unlinked":["<span class=\"advgb-post-tax-term\">asdela<\/span>","<span class=\"advgb-post-tax-term\">corrida de rua<\/span>","<span class=\"advgb-post-tax-term\">corrida unilavras<\/span>","<span class=\"advgb-post-tax-term\">unilavras<\/span>"]}},"comment_count":"0","relative_dates":{"created":"Publicado 9 anos atr\u00e1s","modified":"Atualizado 9 anos atr\u00e1s"},"absolute_dates":{"created":"Publicado em 1 de novembro de 2017","modified":"Atualizado em 1 de novembro de 2017"},"absolute_dates_time":{"created":"Publicado em 1 de novembro de 2017 10:44","modified":"Atualizado em 1 de novembro de 2017 10:44"},"featured_img_caption":"","series_order":"","_links":{"self":[{"href":"https:\/\/lavras.tv\/site\/wp-json\/wp\/v2\/posts\/12805","targetHints":{"allow":["GET"]}}],"collection":[{"href":"https:\/\/lavras.tv\/site\/wp-json\/wp\/v2\/posts"}],"about":[{"href":"https:\/\/lavras.tv\/site\/wp-json\/wp\/v2\/types\/post"}],"author":[{"embeddable":true,"href":"https:\/\/lavras.tv\/site\/wp-json\/wp\/v2\/users\/2"}],"replies":[{"embeddable":true,"href":"https:\/\/lavras.tv\/site\/wp-json\/wp\/v2\/comments?post=12805"}],"version-history":[{"count":1,"href":"https:\/\/lavras.tv\/site\/wp-json\/wp\/v2\/posts\/12805\/revisions"}],"predecessor-version":[{"id":12810,"href":"https:\/\/lavras.tv\/site\/wp-json\/wp\/v2\/posts\/12805\/revisions\/12810"}],"wp:featuredmedia":[{"embeddable":true,"href":"https:\/\/lavras.tv\/site\/wp-json\/wp\/v2\/media\/12806"}],"wp:attachment":[{"href":"https:\/\/lavras.tv\/site\/wp-json\/wp\/v2\/media?parent=12805"}],"wp:term":[{"taxonomy":"category","embeddable":true,"href":"https:\/\/lavras.tv\/site\/wp-json\/wp\/v2\/categories?post=12805"},{"taxonomy":"post_tag","embeddable":true,"href":"https:\/\/lavras.tv\/site\/wp-json\/wp\/v2\/tags?post=12805"}],"curies":[{"name":"wp","href":"https:\/\/api.w.org\/{rel}","templated":true}]}}