{"id":12959,"date":"2017-11-08T10:53:16","date_gmt":"2017-11-08T12:53:16","guid":{"rendered":"http:\/\/lavras.tv\/site\/?p=12959"},"modified":"2017-11-09T09:10:24","modified_gmt":"2017-11-09T11:10:24","slug":"secretario-de-cultura-deixa-equipe-do-prefeito-jose-cherem","status":"publish","type":"post","link":"https:\/\/lavras.tv\/site\/2017\/11\/08\/secretario-de-cultura-deixa-equipe-do-prefeito-jose-cherem\/","title":{"rendered":"Gerente de Cultura deixa equipe do prefeito Jos\u00e9 Cherem"},"content":{"rendered":"<div class=\"lavra-antes-do-conteudo_2\" id=\"lavra-2212577855\"><div id=\"lavra-slider-27\" class=\"custom-slider lavra-slider-2760615461 lavra-slider\"><ul><li><div style=\"margin-left: auto;margin-right: auto;text-align: center;\" id=\"lavra-1487502690\"><a href=\"https:\/\/sistemas.lavras.mg.gov.br\/portalcidadao\/#df1b1a7c7b2a290bcb31e32771e610784662739a88807c0dacac58ede5f391a7530e299dc302d611ee73cb143fc22eaf93592e53e7b5bdb01b00a0b8d28dae460c141dd2ff83412e4dc1c31b16b25f33144a9e5620ea73b13f5bc1c59411d98439ad226e8af03840603796067d87afe130812cf3de24982d0e306f9e61e764e5\" aria-label=\"Lavras-TV&#8211;720x104px (1) (1)\"><img src=\"https:\/\/lavras.tv\/site\/wp-content\/uploads\/2025\/01\/Lavras-TV-720x104px-1-1.png\" alt=\"\"  srcset=\"https:\/\/lavras.tv\/site\/wp-content\/uploads\/2025\/01\/Lavras-TV-720x104px-1-1.png 720w, https:\/\/lavras.tv\/site\/wp-content\/uploads\/2025\/01\/Lavras-TV-720x104px-1-1-470x68.png 470w, https:\/\/lavras.tv\/site\/wp-content\/uploads\/2025\/01\/Lavras-TV-720x104px-1-1-170x25.png 170w, https:\/\/lavras.tv\/site\/wp-content\/uploads\/2025\/01\/Lavras-TV-720x104px-1-1-200x29.png 200w\" sizes=\"(max-width: 720px) 100vw, 720px\" width=\"720\" height=\"104\"  style=\"display: inline-block;\" \/><\/a><\/div><\/li><li><a href=\"https:\/\/sistemas.lavras.mg.gov.br\/portalcidadao\/#df1b1a7c7b2a290bcb31e32771e610784662739a88807c0dacac58ede5f391a7530e299dc302d611ee73cb143fc22eaf93592e53e7b5bdb01b00a0b8d28dae460c141dd2ff83412e4dc1c31b16b25f33144a9e5620ea73b13f5bc1c59411d98439ad226e8af03840603796067d87afe130812cf3de24982d0e306f9e61e764e5\" aria-label=\"Banner_Emprego_PortallavrasTV\"><img src=\"https:\/\/lavras.tv\/site\/wp-content\/uploads\/2025\/03\/Banner_Emprego_PortallavrasTV.png\" alt=\"\"  srcset=\"https:\/\/lavras.tv\/site\/wp-content\/uploads\/2025\/03\/Banner_Emprego_PortallavrasTV.png 720w, https:\/\/lavras.tv\/site\/wp-content\/uploads\/2025\/03\/Banner_Emprego_PortallavrasTV-470x68.png 470w, https:\/\/lavras.tv\/site\/wp-content\/uploads\/2025\/03\/Banner_Emprego_PortallavrasTV-170x25.png 170w, https:\/\/lavras.tv\/site\/wp-content\/uploads\/2025\/03\/Banner_Emprego_PortallavrasTV-200x29.png 200w\" sizes=\"(max-width: 720px) 100vw, 720px\" width=\"720\" height=\"104\"   \/><\/a><\/li><li><a href=\"https:\/\/sistemas.lavras.mg.gov.br\/portalcidadao\/#df1b1a7c7b2a290bcb31e32771e610784662739a88807c0dacac58ede5f391a7530e299dc302d611ee73cb143fc22eaf93592e53e7b5bdb01b00a0b8d28dae460c141dd2ff83412e4dc1c31b16b25f33144a9e5620ea73b13f5bc1c59411d98439ad226e8af03840603796067d87afe130812cf3de24982d0e306f9e61e764e5\" aria-label=\"Banner_Obras_PortallavrasTV\"><img src=\"https:\/\/lavras.tv\/site\/wp-content\/uploads\/2025\/03\/Banner_Obras_PortallavrasTV.png\" alt=\"\"  srcset=\"https:\/\/lavras.tv\/site\/wp-content\/uploads\/2025\/03\/Banner_Obras_PortallavrasTV.png 720w, https:\/\/lavras.tv\/site\/wp-content\/uploads\/2025\/03\/Banner_Obras_PortallavrasTV-470x68.png 470w, https:\/\/lavras.tv\/site\/wp-content\/uploads\/2025\/03\/Banner_Obras_PortallavrasTV-170x25.png 170w, https:\/\/lavras.tv\/site\/wp-content\/uploads\/2025\/03\/Banner_Obras_PortallavrasTV-200x29.png 200w\" sizes=\"(max-width: 720px) 100vw, 720px\" width=\"720\" height=\"104\"   \/><\/a><\/li><li><div style=\"margin-left: auto;margin-right: auto;text-align: center;\" id=\"lavra-1136005075\"><a href=\"https:\/\/sistemas.lavras.mg.gov.br\/portalcidadao\/#df1b1a7c7b2a290bcb31e32771e610784662739a88807c0dacac58ede5f391a7530e299dc302d611ee73cb143fc22eaf93592e53e7b5bdb01b00a0b8d28dae460c141dd2ff83412e4dc1c31b16b25f33144a9e5620ea73b13f5bc1c59411d98439ad226e8af03840603796067d87afe130812cf3de24982d0e306f9e61e764e5\" aria-label=\"Banner_Educa\u00e7\u00e3o_PortallavrasTV\"><img src=\"https:\/\/lavras.tv\/site\/wp-content\/uploads\/2025\/01\/Banner_Educacao_PortallavrasTV.png\" alt=\"\"  srcset=\"https:\/\/lavras.tv\/site\/wp-content\/uploads\/2025\/01\/Banner_Educacao_PortallavrasTV.png 720w, https:\/\/lavras.tv\/site\/wp-content\/uploads\/2025\/01\/Banner_Educacao_PortallavrasTV-470x68.png 470w, https:\/\/lavras.tv\/site\/wp-content\/uploads\/2025\/01\/Banner_Educacao_PortallavrasTV-170x25.png 170w, https:\/\/lavras.tv\/site\/wp-content\/uploads\/2025\/01\/Banner_Educacao_PortallavrasTV-200x29.png 200w\" sizes=\"(max-width: 720px) 100vw, 720px\" width=\"720\" height=\"104\"  style=\"display: inline-block;\" \/><\/a><\/div><\/li><li><a href=\"https:\/\/sistemas.lavras.mg.gov.br\/portalcidadao\/#df1b1a7c7b2a290bcb31e32771e610784662739a88807c0dacac58ede5f391a7530e299dc302d611ee73cb143fc22eaf93592e53e7b5bdb01b00a0b8d28dae460c141dd2ff83412e4dc1c31b16b25f33144a9e5620ea73b13f5bc1c59411d98439ad226e8af03840603796067d87afe130812cf3de24982d0e306f9e61e764e5\" aria-label=\"Banner_Sa\u00fade_PortallavrasTV\"><img src=\"https:\/\/lavras.tv\/site\/wp-content\/uploads\/2025\/03\/Banner_Saude_PortallavrasTV.png\" alt=\"\"  srcset=\"https:\/\/lavras.tv\/site\/wp-content\/uploads\/2025\/03\/Banner_Saude_PortallavrasTV.png 720w, https:\/\/lavras.tv\/site\/wp-content\/uploads\/2025\/03\/Banner_Saude_PortallavrasTV-470x68.png 470w, https:\/\/lavras.tv\/site\/wp-content\/uploads\/2025\/03\/Banner_Saude_PortallavrasTV-170x25.png 170w, https:\/\/lavras.tv\/site\/wp-content\/uploads\/2025\/03\/Banner_Saude_PortallavrasTV-200x29.png 200w\" sizes=\"(max-width: 720px) 100vw, 720px\" width=\"720\" height=\"104\"   \/><\/a><\/li><li><div id=\"lavra-4102137865\" style=\"width:720px;height:104px;background-color:#ddd;overflow:scroll;\">\n\t<strong>Sa\u00edda da depura\u00e7\u00e3o de an\u00fancios<\/strong>\n\t<br><br>\n\tO an\u00fancio n\u00e3o \u00e9 exibido na p\u00e1gina<br><br>post atual: Gerente de Cultura deixa equipe do prefeito Jos\u00e9 Cherem, ID: 12959<br><br><span style=\"color: red;\">O post atual n\u00e3o \u00e9 id\u00eantico ao post principal.<\/span><br><br>An\u00fancios: ROXO - TOPO INTERNA - ROTATIVO 2 (197)<br \/>Grupo de an\u00fancios: Princ_Meio01_720x104 (27)<br><br>Condi\u00e7\u00f5es de exibi\u00e7\u00e3o<div style=\"margin-bottom: 20px; white-space: pre-wrap; font-family: monospace; width: 100%; background: #ffe9e9;\"><strong>condi\u00e7\u00f5es gerais<\/strong><table border=\"1\"><thead><tr><th><\/th><th>An\u00fancios<\/th><th>wp_the_query<\/th><\/tr><\/thead><tr><td>is_main_query<\/td><td>1<\/td><td>1<\/td><\/tr><tr><td>is_rest_api<\/td><td>0<\/td><td>1<\/td><\/tr><tr><td>page<\/td><td>0<\/td><td>1<\/td><\/tr><tr><td>numpages<\/td><td>0<\/td><td>1<\/td><\/tr><tr><td>is_archive<\/td><td>1<\/td><td><\/td><\/tr><tr><td>is_search<\/td><td>1<\/td><td><\/td><\/tr><tr><td>is_home<\/td><td>1<\/td><td><\/td><\/tr><tr><td>is_404<\/td><td>1<\/td><td><\/td><\/tr><tr><td>is_attachment<\/td><td>1<\/td><td><\/td><\/tr><tr><td>is_singular<\/td><td>1<\/td><td><\/td><\/tr><tr><td>is_front_page<\/td><td>1<\/td><td><\/td><\/tr><tr><td>is_feed<\/td><td>1<\/td><td><\/td><\/tr><\/table><\/div><br><br><span style=\"color: red;\">Seu site usa HTTPS, mas o c\u00f3digo do an\u00fancio cont\u00e9m HTTP e pode n\u00e3o funcionar.<\/span>\t<br><br>\n\t<a style=\"color: green;\" href=\"https:\/\/wpadvancedads.com\/manual\/ad-debug-mode\/?utm_source=advanced-ads&utm_medium=link&utm_campaign=ad-debug-mode\" target=\"_blank\" rel=\"nofollow\">Encontre solu\u00e7\u00f5es no manual<\/a>\n<\/div>\n<\/li><\/ul><\/div><script>( window.advanced_ads_ready || jQuery( document ).ready ).call( null, function() {var $lavraslider2760615461 = jQuery( \".lavra-slider-2760615461\" );$lavraslider2760615461.on( \"unslider.ready\", function() { jQuery( \"div.custom-slider ul li\" ).css( \"display\", \"block\" ); });$lavraslider2760615461.unslider({ delay:4000, autoplay:true, nav:false, arrows:false, infinite:true });$lavraslider2760615461.on(\"mouseover\", function() {$lavraslider2760615461.unslider(\"stop\");}).on(\"mouseout\", function() {$lavraslider2760615461.unslider(\"start\");});});<\/script><\/div><p>O produtor cultural Marcus Paullus, at\u00e9 ent\u00e3o Secret\u00e1rio Municipal de Cultura, n\u00e3o faz mais parte da equipe do primeiro escal\u00e3o da Prefeitura de Lavras.\u00a0<!--more-->O an\u00fancio foi feito por ele, atrav\u00e9s de uma postagem no Facebook. Marcus Paullus ficou 10 meses \u00e0 frente da Secretaria e pediu o desligamento do cargo ao prefeito Jos\u00e9 Cherem na ter\u00e7a-feira, dia 7. Os motivos alegados dizem respeito \u00e0 estrutura da Secretaria e \u00e0 remunera\u00e7\u00e3o.<\/p>\n<p><img fetchpriority=\"high\" decoding=\"async\" class=\"alignnone size-full wp-image-12960 aligncenter\" src=\"http:\/\/lavras.tv\/site\/wp-content\/uploads\/2017\/11\/marcus-paullus.jpg\" alt=\"marcus paullus\" width=\"857\" height=\"849\" srcset=\"https:\/\/lavras.tv\/site\/wp-content\/uploads\/2017\/11\/marcus-paullus.jpg 857w, https:\/\/lavras.tv\/site\/wp-content\/uploads\/2017\/11\/marcus-paullus-150x150.jpg 150w, https:\/\/lavras.tv\/site\/wp-content\/uploads\/2017\/11\/marcus-paullus-300x297.jpg 300w\" sizes=\"(max-width: 857px) 100vw, 857px\" \/><\/p>\n<p>Confira a postagem:<\/p>\n<p><em>&#8220;Nesses 10 meses ocupando a Ger\u00eancia de Cultura de Lavras, vivi experi\u00eancias maravilhosas, creio que consegui transmitir para os fazedores de cultura da cidade a import\u00e2ncia do protagonismo da Sociedade Civil na promo\u00e7\u00e3o das culturas que temos nessa terra.<\/em><\/p>\n<p><em>Nesse tempo fiz e fortaleci la\u00e7os de amizade e profissionais, que seguir\u00e3o comigo, principalmente da Reuni\u00e3o Urbana de Artistas de Lavras e dos Fot\u00f3grafos Amadores de Lavras, dois grupos que sustentaram nossa gest\u00e3o\u00a0<span class=\"text_exposed_show\">a todo tempo.<\/span><\/em><\/p>\n<div class=\"text_exposed_show\">\n<p><em>Em 10 meses foram 65 eventos produzidos, fomentados ou apoiados pela Ger\u00eancia de Cultura. Cinco exposi\u00e7\u00f5es fotogr\u00e1ficas, um curso de comunica\u00e7\u00e3o e gest\u00e3o de carreira e direitos culturais para os artistas, a realiza\u00e7\u00e3o da 1a. Confer\u00eancia Municipal de Cultura, a cria\u00e7\u00e3o do Conselho Municipal de Pol\u00edtica Cultural com a inclus\u00e3o do Munic\u00edpio no Sistema Nacional de Cultura. Reestrutura\u00e7\u00e3o do Sistema Municipal do Patrim\u00f4nio Cultural, dentre tantos outros pequenos avan\u00e7os para a cultura da cidade.<\/em><\/p>\n<p><em>Conseguimos incluir Lavras no projeto CineMinas da Codemig para a constru\u00e7\u00e3o de um Cinema Municipal no local da antiga C\u00e2mara Municipal, aguardando s\u00f3 a libera\u00e7\u00e3o do Prefeito.<\/em><\/p>\n<p><em>Mediante as dificuldades de n\u00e3o termos a Secretaria de Cultura com a estrutura e equipe necess\u00e1ria para desenvolver um pol\u00edtica cultural consistente e duradoura, al\u00e9m de uma remunera\u00e7\u00e3o que me permitisse a dedica\u00e7\u00e3o exclusiva ao servi\u00e7o p\u00fablico, comuniquei ontem ao Prefeito Municipal meu pedido de demiss\u00e3o.<\/em><\/p>\n<p><em>Agrade\u00e7o a todxs o carinho, o apoio e por prestigiar todos os eventos que realizamos nesses meses. Agrade\u00e7o a equipe da Ger\u00eancia de Cultura pelo esfor\u00e7o e dedica\u00e7\u00e3o. Agrade\u00e7o a Vereadora\u00a0Cristiane Oliveira Costa, ao Vereador\u00a0Antonio Claret Dos Santos, ao Vereador\u00a0Jo\u00e3o Paulo Felizardo\u00a0e ao Vereador\u00a0Carlos Lindomar De Sousa\u00a0pelo pronto apoio sempre que solicitado. Agrade\u00e7o a fam\u00edlia pelo suporte, em especial minha amada esposa\u00a0Ana Flavia Rolim.<\/em><\/p>\n<p><em>Grande abra\u00e7o!&#8221;<\/em><\/p>\n<p>O nome de quem vai assumir a Secretaria de Cultura ainda n\u00e3o foi divulgado.<\/p>\n<\/div>\n","protected":false},"excerpt":{"rendered":"<p>O produtor cultural Marcus Paullus, at\u00e9 ent\u00e3o Secret\u00e1rio Municipal de Cultura, n\u00e3o faz mais parte da equipe do primeiro escal\u00e3o da Prefeitura de Lavras.\u00a0<\/p>\n","protected":false},"author":2,"featured_media":12960,"comment_status":"closed","ping_status":"open","sticky":false,"template":"","format":"standard","meta":{"advgb_blocks_editor_width":"","advgb_blocks_columns_visual_guide":"","_exactmetrics_skip_tracking":false,"_exactmetrics_sitenote_active":false,"_exactmetrics_sitenote_note":"","_exactmetrics_sitenote_category":0,"footnotes":""},"categories":[7,12],"tags":[34,3904,2370],"class_list":["post-12959","post","type-post","status-publish","format-standard","has-post-thumbnail","hentry","category-destaques","category-politica","tag-lavras","tag-marcus-paullus","tag-secretaria-de-cultura"],"better_featured_image":{"id":12960,"alt_text":"","caption":"","description":"","media_type":"image","media_details":{"width":857,"height":849,"file":"2017\/11\/marcus-paullus.jpg","sizes":{"thumbnail":{"file":"marcus-paullus-150x150.jpg","width":150,"height":150,"mime-type":"image\/jpeg","source_url":"https:\/\/lavras.tv\/site\/wp-content\/uploads\/2017\/11\/marcus-paullus-150x150.jpg"},"medium":{"file":"marcus-paullus-300x297.jpg","width":300,"height":297,"mime-type":"image\/jpeg","source_url":"https:\/\/lavras.tv\/site\/wp-content\/uploads\/2017\/11\/marcus-paullus-300x297.jpg"},"featured-slider-img":{"file":"marcus-paullus-640x480.jpg","width":640,"height":480,"mime-type":"image\/jpeg","source_url":"https:\/\/lavras.tv\/site\/wp-content\/uploads\/2017\/11\/marcus-paullus-640x480.jpg"},"featured-post-img":{"file":"marcus-paullus-480x320.jpg","width":480,"height":320,"mime-type":"image\/jpeg","source_url":"https:\/\/lavras.tv\/site\/wp-content\/uploads\/2017\/11\/marcus-paullus-480x320.jpg"},"sow-carousel-default":{"file":"marcus-paullus-272x182.jpg","width":272,"height":182,"mime-type":"image\/jpeg","source_url":"https:\/\/lavras.tv\/site\/wp-content\/uploads\/2017\/11\/marcus-paullus-272x182.jpg"}},"image_meta":{"aperture":"0","credit":"","camera":"","caption":"","created_timestamp":"0","copyright":"","focal_length":"0","iso":"0","shutter_speed":"0","title":"","orientation":"0","keywords":[]}},"post":12959,"source_url":"https:\/\/lavras.tv\/site\/wp-content\/uploads\/2017\/11\/marcus-paullus.jpg"},"author_meta":{"display_name":"Lavras TV","author_link":"https:\/\/lavras.tv\/site\/author\/lavrastv\/"},"featured_img":"https:\/\/lavras.tv\/site\/wp-content\/uploads\/2017\/11\/marcus-paullus-300x297.jpg","coauthors":[],"tax_additional":{"categories":{"linked":["<a href=\"https:\/\/lavras.tv\/site\/category\/destaques\/\" class=\"advgb-post-tax-term\">Destaques<\/a>","<a href=\"https:\/\/lavras.tv\/site\/category\/politica\/\" class=\"advgb-post-tax-term\">Pol\u00edtica<\/a>"],"unlinked":["<span class=\"advgb-post-tax-term\">Destaques<\/span>","<span class=\"advgb-post-tax-term\">Pol\u00edtica<\/span>"]},"tags":{"linked":["<a href=\"https:\/\/lavras.tv\/site\/category\/politica\/\" class=\"advgb-post-tax-term\">lavras<\/a>","<a href=\"https:\/\/lavras.tv\/site\/category\/politica\/\" class=\"advgb-post-tax-term\">Marcus Paullus<\/a>","<a href=\"https:\/\/lavras.tv\/site\/category\/politica\/\" class=\"advgb-post-tax-term\">secretaria de cultura<\/a>"],"unlinked":["<span class=\"advgb-post-tax-term\">lavras<\/span>","<span class=\"advgb-post-tax-term\">Marcus Paullus<\/span>","<span class=\"advgb-post-tax-term\">secretaria de cultura<\/span>"]}},"comment_count":"0","relative_dates":{"created":"Publicado 8 anos atr\u00e1s","modified":"Atualizado 8 anos atr\u00e1s"},"absolute_dates":{"created":"Publicado em 8 de novembro de 2017","modified":"Atualizado em 9 de novembro de 2017"},"absolute_dates_time":{"created":"Publicado em 8 de novembro de 2017 10:53","modified":"Atualizado em 9 de novembro de 2017 09:10"},"featured_img_caption":"","series_order":"","_links":{"self":[{"href":"https:\/\/lavras.tv\/site\/wp-json\/wp\/v2\/posts\/12959","targetHints":{"allow":["GET"]}}],"collection":[{"href":"https:\/\/lavras.tv\/site\/wp-json\/wp\/v2\/posts"}],"about":[{"href":"https:\/\/lavras.tv\/site\/wp-json\/wp\/v2\/types\/post"}],"author":[{"embeddable":true,"href":"https:\/\/lavras.tv\/site\/wp-json\/wp\/v2\/users\/2"}],"replies":[{"embeddable":true,"href":"https:\/\/lavras.tv\/site\/wp-json\/wp\/v2\/comments?post=12959"}],"version-history":[{"count":3,"href":"https:\/\/lavras.tv\/site\/wp-json\/wp\/v2\/posts\/12959\/revisions"}],"predecessor-version":[{"id":12969,"href":"https:\/\/lavras.tv\/site\/wp-json\/wp\/v2\/posts\/12959\/revisions\/12969"}],"wp:featuredmedia":[{"embeddable":true,"href":"https:\/\/lavras.tv\/site\/wp-json\/wp\/v2\/media\/12960"}],"wp:attachment":[{"href":"https:\/\/lavras.tv\/site\/wp-json\/wp\/v2\/media?parent=12959"}],"wp:term":[{"taxonomy":"category","embeddable":true,"href":"https:\/\/lavras.tv\/site\/wp-json\/wp\/v2\/categories?post=12959"},{"taxonomy":"post_tag","embeddable":true,"href":"https:\/\/lavras.tv\/site\/wp-json\/wp\/v2\/tags?post=12959"}],"curies":[{"name":"wp","href":"https:\/\/api.w.org\/{rel}","templated":true}]}}