{"id":1301,"date":"2016-08-03T11:20:42","date_gmt":"2016-08-03T11:20:42","guid":{"rendered":"http:\/\/lavras.tv\/site\/?p=1301"},"modified":"2016-08-03T11:22:03","modified_gmt":"2016-08-03T11:22:03","slug":"ainda-da-pra-se-inscrever-na-corrida-do-centenario-do-tiro-de-guerra","status":"publish","type":"post","link":"https:\/\/lavras.tv\/site\/2016\/08\/03\/ainda-da-pra-se-inscrever-na-corrida-do-centenario-do-tiro-de-guerra\/","title":{"rendered":"Ainda d\u00e1 pra se inscrever na Corrida do Centen\u00e1rio do Tiro de Guerra"},"content":{"rendered":"<div class=\"lavra-antes-do-conteudo_2\" id=\"lavra-705787625\"><div id=\"lavra-slider-27\" class=\"custom-slider lavra-slider-479214543 lavra-slider\"><ul><li><div style=\"margin-left: auto;margin-right: auto;text-align: center;\" id=\"lavra-1322602815\"><a href=\"https:\/\/sistemas.lavras.mg.gov.br\/portalcidadao\/#df1b1a7c7b2a290bcb31e32771e610784662739a88807c0dacac58ede5f391a7530e299dc302d611ee73cb143fc22eaf93592e53e7b5bdb01b00a0b8d28dae460c141dd2ff83412e4dc1c31b16b25f33144a9e5620ea73b13f5bc1c59411d98439ad226e8af03840603796067d87afe130812cf3de24982d0e306f9e61e764e5\" aria-label=\"Lavras-TV&#8211;720x104px (1) (1)\"><img src=\"https:\/\/lavras.tv\/site\/wp-content\/uploads\/2025\/01\/Lavras-TV-720x104px-1-1.png\" alt=\"\"  srcset=\"https:\/\/lavras.tv\/site\/wp-content\/uploads\/2025\/01\/Lavras-TV-720x104px-1-1.png 720w, https:\/\/lavras.tv\/site\/wp-content\/uploads\/2025\/01\/Lavras-TV-720x104px-1-1-470x68.png 470w, https:\/\/lavras.tv\/site\/wp-content\/uploads\/2025\/01\/Lavras-TV-720x104px-1-1-170x25.png 170w, https:\/\/lavras.tv\/site\/wp-content\/uploads\/2025\/01\/Lavras-TV-720x104px-1-1-200x29.png 200w\" sizes=\"(max-width: 720px) 100vw, 720px\" width=\"720\" height=\"104\"  style=\"display: inline-block;\" \/><\/a><\/div><\/li><li><a href=\"https:\/\/sistemas.lavras.mg.gov.br\/portalcidadao\/#df1b1a7c7b2a290bcb31e32771e610784662739a88807c0dacac58ede5f391a7530e299dc302d611ee73cb143fc22eaf93592e53e7b5bdb01b00a0b8d28dae460c141dd2ff83412e4dc1c31b16b25f33144a9e5620ea73b13f5bc1c59411d98439ad226e8af03840603796067d87afe130812cf3de24982d0e306f9e61e764e5\" aria-label=\"Banner_Emprego_PortallavrasTV\"><img src=\"https:\/\/lavras.tv\/site\/wp-content\/uploads\/2025\/03\/Banner_Emprego_PortallavrasTV.png\" alt=\"\"  srcset=\"https:\/\/lavras.tv\/site\/wp-content\/uploads\/2025\/03\/Banner_Emprego_PortallavrasTV.png 720w, https:\/\/lavras.tv\/site\/wp-content\/uploads\/2025\/03\/Banner_Emprego_PortallavrasTV-470x68.png 470w, https:\/\/lavras.tv\/site\/wp-content\/uploads\/2025\/03\/Banner_Emprego_PortallavrasTV-170x25.png 170w, https:\/\/lavras.tv\/site\/wp-content\/uploads\/2025\/03\/Banner_Emprego_PortallavrasTV-200x29.png 200w\" sizes=\"(max-width: 720px) 100vw, 720px\" width=\"720\" height=\"104\"   \/><\/a><\/li><li><a href=\"https:\/\/sistemas.lavras.mg.gov.br\/portalcidadao\/#df1b1a7c7b2a290bcb31e32771e610784662739a88807c0dacac58ede5f391a7530e299dc302d611ee73cb143fc22eaf93592e53e7b5bdb01b00a0b8d28dae460c141dd2ff83412e4dc1c31b16b25f33144a9e5620ea73b13f5bc1c59411d98439ad226e8af03840603796067d87afe130812cf3de24982d0e306f9e61e764e5\" aria-label=\"Banner_Obras_PortallavrasTV\"><img src=\"https:\/\/lavras.tv\/site\/wp-content\/uploads\/2025\/03\/Banner_Obras_PortallavrasTV.png\" alt=\"\"  srcset=\"https:\/\/lavras.tv\/site\/wp-content\/uploads\/2025\/03\/Banner_Obras_PortallavrasTV.png 720w, https:\/\/lavras.tv\/site\/wp-content\/uploads\/2025\/03\/Banner_Obras_PortallavrasTV-470x68.png 470w, https:\/\/lavras.tv\/site\/wp-content\/uploads\/2025\/03\/Banner_Obras_PortallavrasTV-170x25.png 170w, https:\/\/lavras.tv\/site\/wp-content\/uploads\/2025\/03\/Banner_Obras_PortallavrasTV-200x29.png 200w\" sizes=\"(max-width: 720px) 100vw, 720px\" width=\"720\" height=\"104\"   \/><\/a><\/li><li><div style=\"margin-left: auto;margin-right: auto;text-align: center;\" id=\"lavra-766469872\"><a href=\"https:\/\/sistemas.lavras.mg.gov.br\/portalcidadao\/#df1b1a7c7b2a290bcb31e32771e610784662739a88807c0dacac58ede5f391a7530e299dc302d611ee73cb143fc22eaf93592e53e7b5bdb01b00a0b8d28dae460c141dd2ff83412e4dc1c31b16b25f33144a9e5620ea73b13f5bc1c59411d98439ad226e8af03840603796067d87afe130812cf3de24982d0e306f9e61e764e5\" aria-label=\"Banner_Educa\u00e7\u00e3o_PortallavrasTV\"><img src=\"https:\/\/lavras.tv\/site\/wp-content\/uploads\/2025\/01\/Banner_Educacao_PortallavrasTV.png\" alt=\"\"  srcset=\"https:\/\/lavras.tv\/site\/wp-content\/uploads\/2025\/01\/Banner_Educacao_PortallavrasTV.png 720w, https:\/\/lavras.tv\/site\/wp-content\/uploads\/2025\/01\/Banner_Educacao_PortallavrasTV-470x68.png 470w, https:\/\/lavras.tv\/site\/wp-content\/uploads\/2025\/01\/Banner_Educacao_PortallavrasTV-170x25.png 170w, https:\/\/lavras.tv\/site\/wp-content\/uploads\/2025\/01\/Banner_Educacao_PortallavrasTV-200x29.png 200w\" sizes=\"(max-width: 720px) 100vw, 720px\" width=\"720\" height=\"104\"  style=\"display: inline-block;\" \/><\/a><\/div><\/li><li><a href=\"https:\/\/sistemas.lavras.mg.gov.br\/portalcidadao\/#df1b1a7c7b2a290bcb31e32771e610784662739a88807c0dacac58ede5f391a7530e299dc302d611ee73cb143fc22eaf93592e53e7b5bdb01b00a0b8d28dae460c141dd2ff83412e4dc1c31b16b25f33144a9e5620ea73b13f5bc1c59411d98439ad226e8af03840603796067d87afe130812cf3de24982d0e306f9e61e764e5\" aria-label=\"Banner_Sa\u00fade_PortallavrasTV\"><img src=\"https:\/\/lavras.tv\/site\/wp-content\/uploads\/2025\/03\/Banner_Saude_PortallavrasTV.png\" alt=\"\"  srcset=\"https:\/\/lavras.tv\/site\/wp-content\/uploads\/2025\/03\/Banner_Saude_PortallavrasTV.png 720w, https:\/\/lavras.tv\/site\/wp-content\/uploads\/2025\/03\/Banner_Saude_PortallavrasTV-470x68.png 470w, https:\/\/lavras.tv\/site\/wp-content\/uploads\/2025\/03\/Banner_Saude_PortallavrasTV-170x25.png 170w, https:\/\/lavras.tv\/site\/wp-content\/uploads\/2025\/03\/Banner_Saude_PortallavrasTV-200x29.png 200w\" sizes=\"(max-width: 720px) 100vw, 720px\" width=\"720\" height=\"104\"   \/><\/a><\/li><li><div id=\"lavra-3402507866\" style=\"width:720px;height:104px;background-color:#ddd;overflow:scroll;\">\n\t<strong>Sa\u00edda da depura\u00e7\u00e3o de an\u00fancios<\/strong>\n\t<br><br>\n\tO an\u00fancio n\u00e3o \u00e9 exibido na p\u00e1gina<br><br>post atual: Ainda d\u00e1 pra se inscrever na Corrida do Centen\u00e1rio do Tiro de Guerra, ID: 1301<br><br><span style=\"color: red;\">O post atual n\u00e3o \u00e9 id\u00eantico ao post principal.<\/span><br><br>An\u00fancios: ROXO - TOPO INTERNA - ROTATIVO 2 (197)<br \/>Grupo de an\u00fancios: Princ_Meio01_720x104 (27)<br><br>Condi\u00e7\u00f5es de exibi\u00e7\u00e3o<div style=\"margin-bottom: 20px; white-space: pre-wrap; font-family: monospace; width: 100%; background: #ffe9e9;\"><strong>condi\u00e7\u00f5es gerais<\/strong><table border=\"1\"><thead><tr><th><\/th><th>An\u00fancios<\/th><th>wp_the_query<\/th><\/tr><\/thead><tr><td>is_main_query<\/td><td>1<\/td><td>1<\/td><\/tr><tr><td>is_rest_api<\/td><td>0<\/td><td>1<\/td><\/tr><tr><td>page<\/td><td>0<\/td><td>1<\/td><\/tr><tr><td>numpages<\/td><td>0<\/td><td>1<\/td><\/tr><tr><td>is_archive<\/td><td>1<\/td><td><\/td><\/tr><tr><td>is_search<\/td><td>1<\/td><td><\/td><\/tr><tr><td>is_home<\/td><td>1<\/td><td><\/td><\/tr><tr><td>is_404<\/td><td>1<\/td><td><\/td><\/tr><tr><td>is_attachment<\/td><td>1<\/td><td><\/td><\/tr><tr><td>is_singular<\/td><td>1<\/td><td><\/td><\/tr><tr><td>is_front_page<\/td><td>1<\/td><td><\/td><\/tr><tr><td>is_feed<\/td><td>1<\/td><td><\/td><\/tr><\/table><\/div><br><br><span style=\"color: red;\">Seu site usa HTTPS, mas o c\u00f3digo do an\u00fancio cont\u00e9m HTTP e pode n\u00e3o funcionar.<\/span>\t<br><br>\n\t<a style=\"color: green;\" href=\"https:\/\/wpadvancedads.com\/manual\/ad-debug-mode\/?utm_source=advanced-ads&utm_medium=link&utm_campaign=ad-debug-mode\" target=\"_blank\" rel=\"nofollow\">Encontre solu\u00e7\u00f5es no manual<\/a>\n<\/div>\n<\/li><\/ul><\/div><script>( window.advanced_ads_ready || jQuery( document ).ready ).call( null, function() {var $lavraslider479214543 = jQuery( \".lavra-slider-479214543\" );$lavraslider479214543.on( \"unslider.ready\", function() { jQuery( \"div.custom-slider ul li\" ).css( \"display\", \"block\" ); });$lavraslider479214543.unslider({ delay:4000, autoplay:true, nav:false, arrows:false, infinite:true });$lavraslider479214543.on(\"mouseover\", function() {$lavraslider479214543.unslider(\"stop\");}).on(\"mouseout\", function() {$lavraslider479214543.unslider(\"start\");});});<\/script><\/div><p>Est\u00e1 terminando o per\u00edodo de inscri\u00e7\u00f5es na Corrida do Centen\u00e1rio do Tiro de Guerra de Lavras. <!--more-->A prova est\u00e1 marcada para o dia 4 de setembro e s\u00e3o apenas 150 vagas. O percurso \u00e9 de 6,5km e passa por algumas ruas da cidade. Seg<img decoding=\"async\" class=\"wp-image-1302 alignleft\" src=\"http:\/\/lavras.tv\/site\/wp-content\/uploads\/2016\/08\/corridaderua.jpg\" alt=\"Runner man running sprinting for success on run. Male athlete runner training at fast speed. Muscular fit sport model sprinter exercising sprint on mountain road. Full body length of Caucasian model.\" width=\"216\" height=\"144\" srcset=\"https:\/\/lavras.tv\/site\/wp-content\/uploads\/2016\/08\/corridaderua.jpg 1600w, https:\/\/lavras.tv\/site\/wp-content\/uploads\/2016\/08\/corridaderua-150x100.jpg 150w, https:\/\/lavras.tv\/site\/wp-content\/uploads\/2016\/08\/corridaderua-300x200.jpg 300w, https:\/\/lavras.tv\/site\/wp-content\/uploads\/2016\/08\/corridaderua-1024x683.jpg 1024w, https:\/\/lavras.tv\/site\/wp-content\/uploads\/2016\/08\/corridaderua-480x320.jpg 480w, https:\/\/lavras.tv\/site\/wp-content\/uploads\/2016\/08\/corridaderua-272x182.jpg 272w\" sizes=\"(max-width: 216px) 100vw, 216px\" \/>undo a organiza\u00e7\u00e3o, haver\u00e1 premia\u00e7\u00e3o para os tr\u00eas primeiros colocados em cada categoria, al\u00e9m de medalhas para todos os participantes.<\/p>\n<p>A inscri\u00e7\u00e3o pode ser feita no site <a href=\"http:\/\/www.portalsportevolution.com.br\">www.portalsportevolution.com.br<\/a> ou pelos telefones 99955-6157 e 99979-3037.<\/p>\n","protected":false},"excerpt":{"rendered":"<p>Est\u00e1 terminando o per\u00edodo de inscri\u00e7\u00f5es na Corrida do Centen\u00e1rio do Tiro de Guerra de Lavras.<\/p>\n","protected":false},"author":2,"featured_media":1302,"comment_status":"closed","ping_status":"open","sticky":false,"template":"","format":"standard","meta":{"advgb_blocks_editor_width":"","advgb_blocks_columns_visual_guide":"","_exactmetrics_skip_tracking":false,"_exactmetrics_sitenote_active":false,"_exactmetrics_sitenote_note":"","_exactmetrics_sitenote_category":0,"footnotes":""},"categories":[7,3],"tags":[415,326,50,416],"class_list":["post-1301","post","type-post","status-publish","format-standard","has-post-thumbnail","hentry","category-destaques","category-esportes","tag-corrida-centenario-tiro-de-guerra","tag-corrida-de-rua","tag-lavras-tv","tag-tiro-de-guerra-lavras-mg"],"better_featured_image":{"id":1302,"alt_text":"","caption":"Runner man running sprinting for success on run. Male athlete runner training at fast speed. Muscular fit sport model sprinter exercising sprint on mountain road. Full body length of Caucasian model.","description":"","media_type":"image","media_details":{"width":1600,"height":1067,"file":"2016\/08\/corridaderua.jpg","sizes":{"thumbnail":{"file":"corridaderua-150x100.jpg","width":150,"height":100,"mime-type":"image\/jpeg","source_url":"https:\/\/lavras.tv\/site\/wp-content\/uploads\/2016\/08\/corridaderua-150x100.jpg"},"medium":{"file":"corridaderua-300x200.jpg","width":300,"height":200,"mime-type":"image\/jpeg","source_url":"https:\/\/lavras.tv\/site\/wp-content\/uploads\/2016\/08\/corridaderua-300x200.jpg"},"large":{"file":"corridaderua-1024x683.jpg","width":1024,"height":683,"mime-type":"image\/jpeg","source_url":"https:\/\/lavras.tv\/site\/wp-content\/uploads\/2016\/08\/corridaderua-1024x683.jpg"},"featured-slider-img":{"file":"corridaderua-640x480.jpg","width":640,"height":480,"mime-type":"image\/jpeg","source_url":"https:\/\/lavras.tv\/site\/wp-content\/uploads\/2016\/08\/corridaderua-640x480.jpg"},"featured-post-img":{"file":"corridaderua-480x320.jpg","width":480,"height":320,"mime-type":"image\/jpeg","source_url":"https:\/\/lavras.tv\/site\/wp-content\/uploads\/2016\/08\/corridaderua-480x320.jpg"},"sow-carousel-default":{"file":"corridaderua-272x182.jpg","width":272,"height":182,"mime-type":"image\/jpeg","source_url":"https:\/\/lavras.tv\/site\/wp-content\/uploads\/2016\/08\/corridaderua-272x182.jpg"}},"image_meta":{"aperture":"0","credit":"","camera":"","caption":"Runner man running sprinting for success on run. Male athlete runner training at fast speed. Muscular fit sport model sprinter exercising sprint on mountain road. Full body length of Caucasian model.","created_timestamp":"0","copyright":"Bigstock","focal_length":"0","iso":"0","shutter_speed":"0","title":"Runner man running sprinting for success on run. Male athlete ru","orientation":"0","keywords":["active","adult","athlete","athletic","body","cardio","close up","countryside","exercise","fast","feet","fit","fitness","fitness man","fitness model","fitness training","full","healthy","healthy body","healthy living","healthy man","jog","jogger","legs","length","living","male","male model","male models","marathon","marathon runners","men","motion","mountain road","muscular man","nature","outdoor","outdoor fitness","outdoor living","outside","people","person","race","red","road","road to success","run","runner","running man","running race","running shoes","shoes","shorts","speed","sport","sprint","sprinter","sprinting","success","summer","trail","training","working out","workout","young"]}},"post":1301,"source_url":"https:\/\/lavras.tv\/site\/wp-content\/uploads\/2016\/08\/corridaderua.jpg"},"author_meta":{"display_name":"Lavras TV","author_link":"https:\/\/lavras.tv\/site\/author\/lavrastv\/"},"featured_img":"https:\/\/lavras.tv\/site\/wp-content\/uploads\/2016\/08\/corridaderua-300x200.jpg","coauthors":[],"tax_additional":{"categories":{"linked":["<a href=\"https:\/\/lavras.tv\/site\/category\/destaques\/\" class=\"advgb-post-tax-term\">Destaques<\/a>","<a href=\"https:\/\/lavras.tv\/site\/category\/esportes\/\" class=\"advgb-post-tax-term\">Esportes<\/a>"],"unlinked":["<span class=\"advgb-post-tax-term\">Destaques<\/span>","<span class=\"advgb-post-tax-term\">Esportes<\/span>"]},"tags":{"linked":["<a href=\"https:\/\/lavras.tv\/site\/category\/esportes\/\" class=\"advgb-post-tax-term\">corrida centen\u00e1rio tiro de guerra<\/a>","<a href=\"https:\/\/lavras.tv\/site\/category\/esportes\/\" class=\"advgb-post-tax-term\">corrida de rua<\/a>","<a href=\"https:\/\/lavras.tv\/site\/category\/esportes\/\" class=\"advgb-post-tax-term\">lavras.tv<\/a>","<a href=\"https:\/\/lavras.tv\/site\/category\/esportes\/\" class=\"advgb-post-tax-term\">tiro de guerra lavras mg<\/a>"],"unlinked":["<span class=\"advgb-post-tax-term\">corrida centen\u00e1rio tiro de guerra<\/span>","<span class=\"advgb-post-tax-term\">corrida de rua<\/span>","<span class=\"advgb-post-tax-term\">lavras.tv<\/span>","<span class=\"advgb-post-tax-term\">tiro de guerra lavras mg<\/span>"]}},"comment_count":"0","relative_dates":{"created":"Publicado 10 anos atr\u00e1s","modified":"Atualizado 10 anos atr\u00e1s"},"absolute_dates":{"created":"Publicado em 3 de agosto de 2016","modified":"Atualizado em 3 de agosto de 2016"},"absolute_dates_time":{"created":"Publicado em 3 de agosto de 2016 11:20","modified":"Atualizado em 3 de agosto de 2016 11:22"},"featured_img_caption":"Runner man running sprinting for success on run. Male athlete runner training at fast speed. Muscular fit sport model sprinter exercising sprint on mountain road. Full body length of Caucasian model.","series_order":"","_links":{"self":[{"href":"https:\/\/lavras.tv\/site\/wp-json\/wp\/v2\/posts\/1301","targetHints":{"allow":["GET"]}}],"collection":[{"href":"https:\/\/lavras.tv\/site\/wp-json\/wp\/v2\/posts"}],"about":[{"href":"https:\/\/lavras.tv\/site\/wp-json\/wp\/v2\/types\/post"}],"author":[{"embeddable":true,"href":"https:\/\/lavras.tv\/site\/wp-json\/wp\/v2\/users\/2"}],"replies":[{"embeddable":true,"href":"https:\/\/lavras.tv\/site\/wp-json\/wp\/v2\/comments?post=1301"}],"version-history":[{"count":2,"href":"https:\/\/lavras.tv\/site\/wp-json\/wp\/v2\/posts\/1301\/revisions"}],"predecessor-version":[{"id":1304,"href":"https:\/\/lavras.tv\/site\/wp-json\/wp\/v2\/posts\/1301\/revisions\/1304"}],"wp:featuredmedia":[{"embeddable":true,"href":"https:\/\/lavras.tv\/site\/wp-json\/wp\/v2\/media\/1302"}],"wp:attachment":[{"href":"https:\/\/lavras.tv\/site\/wp-json\/wp\/v2\/media?parent=1301"}],"wp:term":[{"taxonomy":"category","embeddable":true,"href":"https:\/\/lavras.tv\/site\/wp-json\/wp\/v2\/categories?post=1301"},{"taxonomy":"post_tag","embeddable":true,"href":"https:\/\/lavras.tv\/site\/wp-json\/wp\/v2\/tags?post=1301"}],"curies":[{"name":"wp","href":"https:\/\/api.w.org\/{rel}","templated":true}]}}