{"id":13010,"date":"2017-11-10T07:04:58","date_gmt":"2017-11-10T09:04:58","guid":{"rendered":"http:\/\/lavras.tv\/site\/?p=13010"},"modified":"2017-11-10T07:04:58","modified_gmt":"2017-11-10T09:04:58","slug":"ginastica-aerobica-da-ufla-e-tricampea-no-pan-americano","status":"publish","type":"post","link":"https:\/\/lavras.tv\/site\/2017\/11\/10\/ginastica-aerobica-da-ufla-e-tricampea-no-pan-americano\/","title":{"rendered":"Gin\u00e1stica Aer\u00f3bica da UFLA \u00e9 tricampe\u00e3 no Pan-Americano"},"content":{"rendered":"<div class=\"lavra-antes-do-conteudo_2\" id=\"lavra-2071581416\"><div id=\"lavra-slider-27\" class=\"custom-slider lavra-slider-2817966990 lavra-slider\"><ul><li><div style=\"margin-left: auto;margin-right: auto;text-align: center;\" id=\"lavra-1615379421\"><a href=\"https:\/\/sistemas.lavras.mg.gov.br\/portalcidadao\/#df1b1a7c7b2a290bcb31e32771e610784662739a88807c0dacac58ede5f391a7530e299dc302d611ee73cb143fc22eaf93592e53e7b5bdb01b00a0b8d28dae460c141dd2ff83412e4dc1c31b16b25f33144a9e5620ea73b13f5bc1c59411d98439ad226e8af03840603796067d87afe130812cf3de24982d0e306f9e61e764e5\" aria-label=\"Lavras-TV&#8211;720x104px (1) (1)\"><img src=\"https:\/\/lavras.tv\/site\/wp-content\/uploads\/2025\/01\/Lavras-TV-720x104px-1-1.png\" alt=\"\"  srcset=\"https:\/\/lavras.tv\/site\/wp-content\/uploads\/2025\/01\/Lavras-TV-720x104px-1-1.png 720w, https:\/\/lavras.tv\/site\/wp-content\/uploads\/2025\/01\/Lavras-TV-720x104px-1-1-470x68.png 470w, https:\/\/lavras.tv\/site\/wp-content\/uploads\/2025\/01\/Lavras-TV-720x104px-1-1-170x25.png 170w, https:\/\/lavras.tv\/site\/wp-content\/uploads\/2025\/01\/Lavras-TV-720x104px-1-1-200x29.png 200w\" sizes=\"(max-width: 720px) 100vw, 720px\" width=\"720\" height=\"104\"  style=\"display: inline-block;\" \/><\/a><\/div><\/li><li><a href=\"https:\/\/sistemas.lavras.mg.gov.br\/portalcidadao\/#df1b1a7c7b2a290bcb31e32771e610784662739a88807c0dacac58ede5f391a7530e299dc302d611ee73cb143fc22eaf93592e53e7b5bdb01b00a0b8d28dae460c141dd2ff83412e4dc1c31b16b25f33144a9e5620ea73b13f5bc1c59411d98439ad226e8af03840603796067d87afe130812cf3de24982d0e306f9e61e764e5\" aria-label=\"Banner_Emprego_PortallavrasTV\"><img src=\"https:\/\/lavras.tv\/site\/wp-content\/uploads\/2025\/03\/Banner_Emprego_PortallavrasTV.png\" alt=\"\"  srcset=\"https:\/\/lavras.tv\/site\/wp-content\/uploads\/2025\/03\/Banner_Emprego_PortallavrasTV.png 720w, https:\/\/lavras.tv\/site\/wp-content\/uploads\/2025\/03\/Banner_Emprego_PortallavrasTV-470x68.png 470w, https:\/\/lavras.tv\/site\/wp-content\/uploads\/2025\/03\/Banner_Emprego_PortallavrasTV-170x25.png 170w, https:\/\/lavras.tv\/site\/wp-content\/uploads\/2025\/03\/Banner_Emprego_PortallavrasTV-200x29.png 200w\" sizes=\"(max-width: 720px) 100vw, 720px\" width=\"720\" height=\"104\"   \/><\/a><\/li><li><a href=\"https:\/\/sistemas.lavras.mg.gov.br\/portalcidadao\/#df1b1a7c7b2a290bcb31e32771e610784662739a88807c0dacac58ede5f391a7530e299dc302d611ee73cb143fc22eaf93592e53e7b5bdb01b00a0b8d28dae460c141dd2ff83412e4dc1c31b16b25f33144a9e5620ea73b13f5bc1c59411d98439ad226e8af03840603796067d87afe130812cf3de24982d0e306f9e61e764e5\" aria-label=\"Banner_Obras_PortallavrasTV\"><img src=\"https:\/\/lavras.tv\/site\/wp-content\/uploads\/2025\/03\/Banner_Obras_PortallavrasTV.png\" alt=\"\"  srcset=\"https:\/\/lavras.tv\/site\/wp-content\/uploads\/2025\/03\/Banner_Obras_PortallavrasTV.png 720w, https:\/\/lavras.tv\/site\/wp-content\/uploads\/2025\/03\/Banner_Obras_PortallavrasTV-470x68.png 470w, https:\/\/lavras.tv\/site\/wp-content\/uploads\/2025\/03\/Banner_Obras_PortallavrasTV-170x25.png 170w, https:\/\/lavras.tv\/site\/wp-content\/uploads\/2025\/03\/Banner_Obras_PortallavrasTV-200x29.png 200w\" sizes=\"(max-width: 720px) 100vw, 720px\" width=\"720\" height=\"104\"   \/><\/a><\/li><li><div style=\"margin-left: auto;margin-right: auto;text-align: center;\" id=\"lavra-866755277\"><a href=\"https:\/\/sistemas.lavras.mg.gov.br\/portalcidadao\/#df1b1a7c7b2a290bcb31e32771e610784662739a88807c0dacac58ede5f391a7530e299dc302d611ee73cb143fc22eaf93592e53e7b5bdb01b00a0b8d28dae460c141dd2ff83412e4dc1c31b16b25f33144a9e5620ea73b13f5bc1c59411d98439ad226e8af03840603796067d87afe130812cf3de24982d0e306f9e61e764e5\" aria-label=\"Banner_Educa\u00e7\u00e3o_PortallavrasTV\"><img src=\"https:\/\/lavras.tv\/site\/wp-content\/uploads\/2025\/01\/Banner_Educacao_PortallavrasTV.png\" alt=\"\"  srcset=\"https:\/\/lavras.tv\/site\/wp-content\/uploads\/2025\/01\/Banner_Educacao_PortallavrasTV.png 720w, https:\/\/lavras.tv\/site\/wp-content\/uploads\/2025\/01\/Banner_Educacao_PortallavrasTV-470x68.png 470w, https:\/\/lavras.tv\/site\/wp-content\/uploads\/2025\/01\/Banner_Educacao_PortallavrasTV-170x25.png 170w, https:\/\/lavras.tv\/site\/wp-content\/uploads\/2025\/01\/Banner_Educacao_PortallavrasTV-200x29.png 200w\" sizes=\"(max-width: 720px) 100vw, 720px\" width=\"720\" height=\"104\"  style=\"display: inline-block;\" \/><\/a><\/div><\/li><li><a href=\"https:\/\/sistemas.lavras.mg.gov.br\/portalcidadao\/#df1b1a7c7b2a290bcb31e32771e610784662739a88807c0dacac58ede5f391a7530e299dc302d611ee73cb143fc22eaf93592e53e7b5bdb01b00a0b8d28dae460c141dd2ff83412e4dc1c31b16b25f33144a9e5620ea73b13f5bc1c59411d98439ad226e8af03840603796067d87afe130812cf3de24982d0e306f9e61e764e5\" aria-label=\"Banner_Sa\u00fade_PortallavrasTV\"><img src=\"https:\/\/lavras.tv\/site\/wp-content\/uploads\/2025\/03\/Banner_Saude_PortallavrasTV.png\" alt=\"\"  srcset=\"https:\/\/lavras.tv\/site\/wp-content\/uploads\/2025\/03\/Banner_Saude_PortallavrasTV.png 720w, https:\/\/lavras.tv\/site\/wp-content\/uploads\/2025\/03\/Banner_Saude_PortallavrasTV-470x68.png 470w, https:\/\/lavras.tv\/site\/wp-content\/uploads\/2025\/03\/Banner_Saude_PortallavrasTV-170x25.png 170w, https:\/\/lavras.tv\/site\/wp-content\/uploads\/2025\/03\/Banner_Saude_PortallavrasTV-200x29.png 200w\" sizes=\"(max-width: 720px) 100vw, 720px\" width=\"720\" height=\"104\"   \/><\/a><\/li><li><div id=\"lavra-3697871637\" style=\"width:720px;height:104px;background-color:#ddd;overflow:scroll;\">\n\t<strong>Sa\u00edda da depura\u00e7\u00e3o de an\u00fancios<\/strong>\n\t<br><br>\n\tO an\u00fancio n\u00e3o \u00e9 exibido na p\u00e1gina<br><br>post atual: Gin\u00e1stica Aer\u00f3bica da UFLA \u00e9 tricampe\u00e3 no Pan-Americano, ID: 13010<br><br><span style=\"color: red;\">O post atual n\u00e3o \u00e9 id\u00eantico ao post principal.<\/span><br><br>An\u00fancios: ROXO - TOPO INTERNA - ROTATIVO 2 (197)<br \/>Grupo de an\u00fancios: Princ_Meio01_720x104 (27)<br><br>Condi\u00e7\u00f5es de exibi\u00e7\u00e3o<div style=\"margin-bottom: 20px; white-space: pre-wrap; font-family: monospace; width: 100%; background: #ffe9e9;\"><strong>condi\u00e7\u00f5es gerais<\/strong><table border=\"1\"><thead><tr><th><\/th><th>An\u00fancios<\/th><th>wp_the_query<\/th><\/tr><\/thead><tr><td>is_main_query<\/td><td>1<\/td><td>1<\/td><\/tr><tr><td>is_rest_api<\/td><td>0<\/td><td>1<\/td><\/tr><tr><td>page<\/td><td>0<\/td><td>1<\/td><\/tr><tr><td>numpages<\/td><td>0<\/td><td>1<\/td><\/tr><tr><td>is_archive<\/td><td>1<\/td><td><\/td><\/tr><tr><td>is_search<\/td><td>1<\/td><td><\/td><\/tr><tr><td>is_home<\/td><td>1<\/td><td><\/td><\/tr><tr><td>is_404<\/td><td>1<\/td><td><\/td><\/tr><tr><td>is_attachment<\/td><td>1<\/td><td><\/td><\/tr><tr><td>is_singular<\/td><td>1<\/td><td><\/td><\/tr><tr><td>is_front_page<\/td><td>1<\/td><td><\/td><\/tr><tr><td>is_feed<\/td><td>1<\/td><td><\/td><\/tr><\/table><\/div><br><br><span style=\"color: red;\">Seu site usa HTTPS, mas o c\u00f3digo do an\u00fancio cont\u00e9m HTTP e pode n\u00e3o funcionar.<\/span>\t<br><br>\n\t<a style=\"color: green;\" href=\"https:\/\/wpadvancedads.com\/manual\/ad-debug-mode\/?utm_source=advanced-ads&utm_medium=link&utm_campaign=ad-debug-mode\" target=\"_blank\" rel=\"nofollow\">Encontre solu\u00e7\u00f5es no manual<\/a>\n<\/div>\n<\/li><\/ul><\/div><script>( window.advanced_ads_ready || jQuery( document ).ready ).call( null, function() {var $lavraslider2817966990 = jQuery( \".lavra-slider-2817966990\" );$lavraslider2817966990.on( \"unslider.ready\", function() { jQuery( \"div.custom-slider ul li\" ).css( \"display\", \"block\" ); });$lavraslider2817966990.unslider({ delay:4000, autoplay:true, nav:false, arrows:false, infinite:true });$lavraslider2817966990.on(\"mouseover\", function() {$lavraslider2817966990.unslider(\"stop\");}).on(\"mouseout\", function() {$lavraslider2817966990.unslider(\"start\");});});<\/script><\/div><p>A Gin\u00e1stica Aer\u00f3bica da Universidade Federal de Lavras (UFLA) voltou para casa com mais uma conquista: tricampe\u00e3, na categoria adulta, por equipe, no Campeonato Pan-Americano, realizado na \u00faltima semana, na Col\u00f4mbia.<!--more--><\/p>\n<p><img fetchpriority=\"high\" decoding=\"async\" class=\"alignnone size-full wp-image-13011 aligncenter\" src=\"http:\/\/lavras.tv\/site\/wp-content\/uploads\/2017\/11\/ginastica.jpg\" alt=\"ginastica\" width=\"1046\" height=\"789\" srcset=\"https:\/\/lavras.tv\/site\/wp-content\/uploads\/2017\/11\/ginastica.jpg 1046w, https:\/\/lavras.tv\/site\/wp-content\/uploads\/2017\/11\/ginastica-150x113.jpg 150w, https:\/\/lavras.tv\/site\/wp-content\/uploads\/2017\/11\/ginastica-300x226.jpg 300w, https:\/\/lavras.tv\/site\/wp-content\/uploads\/2017\/11\/ginastica-1024x772.jpg 1024w\" sizes=\"(max-width: 1046px) 100vw, 1046px\" \/><\/p>\n<p>Al\u00e9m do primeiro lugar na competi\u00e7\u00e3o por equipe, a Gin\u00e1stica Aer\u00f3bica obteve outros resultados significativos:<\/p>\n<p>Adrielle Lopes, Caroline Santiago, Christian Andrade, Edson Nunes, Jos\u00e9 Henrique Oliveira, Maelton Mesquita, Marcelo Martins e Maria Eduarda Oliveira \u2013 Aerobic Dance \u2013 2\u00aa coloca\u00e7\u00e3o.<\/p>\n<p>Jos\u00e9 Henrique Oliveira, Maelton Mesquita e Marcelo Martins \u2013 Trio Adulto, 3\u00aa.<\/p>\n<p>Jos\u00e9 Henrique Oliveira \u2013 Individual Masculino Adulto, 3\u00aa.<\/p>\n<p>Caroline Santiago, Christian Andrade, Edson Nunes, Marcelo Martins e Maria Eduarda Oliveira \u2013 Grupo Adulto \u2013 4\u00aa.<\/p>\n<p>Elisa Carvalho, Eduarda Carvalho e Martha Mazochi \u2013 Trio infanto-juvenil, 5\u00aa.<\/p>\n<p>J\u00falia Diniz \u2013 Individual Feminino Juvenil, 5\u00aa.<\/p>\n<p>Adrielle Lopes e Christian Andrade \u2013 Dupla Mista Adulta, 5\u00aa.<\/p>\n<p>Caroline Santiago \u2013 Individual Feminino Adulto, 6\u00aa.<\/p>\n<p>Edson Nunes- Individual Masculino Adulto, 6\u00aa.<\/p>\n<p>O treinador e coordenador do projeto, professor Luiz Henrique Rezende Maciel, do Departamento de\u00a0<a href=\"http:\/\/www.ufla.br\/ascom\/wp-content\/uploads\/2017\/11\/ginastica_5.jpg\"><img decoding=\"async\" class=\" wp-image-145276 alignright\" src=\"http:\/\/www.ufla.br\/ascom\/wp-content\/uploads\/2017\/11\/ginastica_5-249x178.jpg\" sizes=\"(max-width: 227px) 100vw, 227px\" srcset=\"http:\/\/www.ufla.br\/ascom\/wp-content\/uploads\/2017\/11\/ginastica_5-249x178.jpg 249w, http:\/\/www.ufla.br\/ascom\/wp-content\/uploads\/2017\/11\/ginastica_5-768x548.jpg 768w, http:\/\/www.ufla.br\/ascom\/wp-content\/uploads\/2017\/11\/ginastica_5-612x436.jpg 612w, http:\/\/www.ufla.br\/ascom\/wp-content\/uploads\/2017\/11\/ginastica_5-120x86.jpg 120w, http:\/\/www.ufla.br\/ascom\/wp-content\/uploads\/2017\/11\/ginastica_5.jpg 1059w\" alt=\"\" width=\"227\" height=\"162\" \/><\/a>Educa\u00e7\u00e3o F\u00edsica (DEF\/UFLA), agradece a todo o empenho da equipe. \u201cEstamos fechando o ano com chave de ouro. Muito ouro, prata, bronze e acima de tudo aprendizado e evolu\u00e7\u00e3o. O ano de 2017 nos prova que tudo o que planejamos conseguimos realizar quando h\u00e1 verdade e acima de tudo honestidade. Cada um de n\u00f3s fez a sua parte, com muita dedica\u00e7\u00e3o. E seguimos nessa crescente. Nunca vou me cansar de agradecer a toda equipe, por seguir comigo nessa jornada\u201d, comentou.<\/p>\n<p><strong>Gin\u00e1stica na UFLA: um legado de conquistas<\/strong><\/p>\n<p>H\u00e1 sete anos, crian\u00e7as, adolescentes e adultos universit\u00e1rios podem desfrutar de atividades\u00a0<em>gymnicas<\/em>\u00a0 na UFLA. Al\u00e9m de exercer um trabalho social, o projeto \u201cGin\u00e1stica na UFLA\u201d tem permitido aos atletas subir ao p\u00f3dio das competi\u00e7\u00f5es mais disputadas do mundo. Nos dois \u00faltimos anos, conquistou os t\u00edtulos de melhor equipe das Am\u00e9ricas e, nos \u00faltimos quatro de melhor do Brasil. Em 2016, a equipe al\u00e9m de participar do Pan-Americano, foi a \u00fanica brasileira a estar na final no Campeonato Mundial.<\/p>\n<p>Neste ano, conquistaram outros importantes t\u00edtulos no Campeonato Brasileiro. Os ginastas trouxeram para casa os t\u00edtulos de pentacampe\u00f5es por equipe, categoria adulta, com a maior nota existente na hist\u00f3ria da Aer\u00f3bica brasileira; pentacampe\u00f5es no grupo adulto; tricampe\u00f5es no trio adulto e ainda vice-campe\u00f5es na dupla adulto. Agora, mais uma vit\u00f3ria:\u00a0tricampe\u00f5es, na categoria adulta, por equipe, no Campeonato Pan-Americano.<img decoding=\"async\" class=\" wp-image-145277 alignright\" src=\"http:\/\/www.ufla.br\/ascom\/wp-content\/uploads\/2017\/11\/ginastica_6-249x170.jpg\" sizes=\"(max-width: 227px) 100vw, 227px\" srcset=\"http:\/\/www.ufla.br\/ascom\/wp-content\/uploads\/2017\/11\/ginastica_6-249x170.jpg 249w, http:\/\/www.ufla.br\/ascom\/wp-content\/uploads\/2017\/11\/ginastica_6-768x525.jpg 768w, http:\/\/www.ufla.br\/ascom\/wp-content\/uploads\/2017\/11\/ginastica_6-612x419.jpg 612w, http:\/\/www.ufla.br\/ascom\/wp-content\/uploads\/2017\/11\/ginastica_6-120x82.jpg 120w, http:\/\/www.ufla.br\/ascom\/wp-content\/uploads\/2017\/11\/ginastica_6.jpg 905w\" alt=\"\" width=\"227\" height=\"155\" \/><\/p>\n<p>O coordenador do projeto, professor Luiz Maciel, tamb\u00e9m \u00e9 t\u00e9cnico da Sele\u00e7\u00e3o Brasileira de Gin\u00e1stica Aer\u00f3bica. Encantado pela gin\u00e1stica aer\u00f3bica desde a sua gradua\u00e7\u00e3o, Luiz Maciel cresceu no esporte e possibilitou que ele se fortalecesse na Universidade. Em 2010, assim que ingressou como docente na UFLA, inseriu o projeto com um cunho social, um trabalho que vai al\u00e9m das competi\u00e7\u00f5es.<\/p>\n<p>\u201cTemos muita visibilidade com rela\u00e7\u00e3o \u00e0s competi\u00e7\u00f5es, mas tamb\u00e9m exercemos um forte trabalho social. Hoje, atendemos a cerca de 200 crian\u00e7as, jovens, adultos universit\u00e1rios, gratuitamente. Assim que eles entram, j\u00e1 os aconselho a ingressarem na Universidade, que \u00e9 preciso ir al\u00e9m dos nossos treinamentos, para dar continuidade nos estudos. Temos o compromisso de abrir os olhos das crian\u00e7as, da comunidade e possibilitar a entrada na Universidade. Eu tenho atletas que est\u00e3o comigo desde que eram crian\u00e7as e que ingressaram na UFLA\u201d, comenta o coordenador.<\/p>\n<p><a href=\"http:\/\/www.ufla.br\/ascom\/wp-content\/uploads\/2017\/11\/ginastica.jpg\"><img loading=\"lazy\" decoding=\"async\" class=\"alignleft wp-image-145273\" src=\"http:\/\/www.ufla.br\/ascom\/wp-content\/uploads\/2017\/11\/ginastica-249x180.jpg\" sizes=\"(max-width: 218px) 100vw, 218px\" srcset=\"http:\/\/www.ufla.br\/ascom\/wp-content\/uploads\/2017\/11\/ginastica-249x180.jpg 249w, http:\/\/www.ufla.br\/ascom\/wp-content\/uploads\/2017\/11\/ginastica-768x554.jpg 768w, http:\/\/www.ufla.br\/ascom\/wp-content\/uploads\/2017\/11\/ginastica-612x441.jpg 612w, http:\/\/www.ufla.br\/ascom\/wp-content\/uploads\/2017\/11\/ginastica-120x87.jpg 120w, http:\/\/www.ufla.br\/ascom\/wp-content\/uploads\/2017\/11\/ginastica.jpg 1091w\" alt=\"\" width=\"218\" height=\"157\" \/><\/a>Lavras, Ijaci, Perd\u00f5es, entre tantas outras cidades, s\u00e3o atendidas no projeto. Para ingressar, \u00e9 preciso que a crian\u00e7a tenha pelo menos cinco anos. O professor explica que a procura \u00e9 grande, e por isso, os interessados devem deixar os nomes cadastrados em listas de espera, para que possam ser chamados sempre que surgir uma nova vaga.<\/p>\n<p>Para quem deseja entrar, \u00e9 preciso saber que o trabalho \u00e9 \u00e1rduo. Aqueles que j\u00e1 participam de competi\u00e7\u00f5es treinam de segunda a s\u00e1bado, de quatro a cinco horas por dia. \u201cNem em feriados descansamos, somente aos domingos, e ainda depende se h\u00e1 alguma competi\u00e7\u00e3o em vista. Para as Olimp\u00edadas, por exemplo, treinamos de janeiro a agosto, de segunda a segunda, sem feriado, sem domingo\u201d, ressalta Luiz.<\/p>\n<p>Fonte: UFLA<\/p>\n","protected":false},"excerpt":{"rendered":"<p>A Gin\u00e1stica Aer\u00f3bica da Universidade Federal de Lavras (UFLA) voltou para casa com mais uma conquista: tricampe\u00e3, na categoria adulta, por equipe, no Campeonato Pan-Americano, realizado na \u00faltima semana, na Col\u00f4mbia.<\/p>\n","protected":false},"author":2,"featured_media":13011,"comment_status":"closed","ping_status":"open","sticky":false,"template":"","format":"standard","meta":{"advgb_blocks_editor_width":"","advgb_blocks_columns_visual_guide":"","_exactmetrics_skip_tracking":false,"_exactmetrics_sitenote_active":false,"_exactmetrics_sitenote_note":"","_exactmetrics_sitenote_category":0,"footnotes":""},"categories":[7,3],"tags":[1857,509,56],"class_list":["post-13010","post","type-post","status-publish","format-standard","has-post-thumbnail","hentry","category-destaques","category-esportes","tag-campea","tag-ginastica","tag-ufla"],"better_featured_image":{"id":13011,"alt_text":"","caption":"","description":"","media_type":"image","media_details":{"width":1046,"height":789,"file":"2017\/11\/ginastica.jpg","sizes":{"thumbnail":{"file":"ginastica-150x113.jpg","width":150,"height":113,"mime-type":"image\/jpeg","source_url":"https:\/\/lavras.tv\/site\/wp-content\/uploads\/2017\/11\/ginastica-150x113.jpg"},"medium":{"file":"ginastica-300x226.jpg","width":300,"height":226,"mime-type":"image\/jpeg","source_url":"https:\/\/lavras.tv\/site\/wp-content\/uploads\/2017\/11\/ginastica-300x226.jpg"},"large":{"file":"ginastica-1024x772.jpg","width":1024,"height":772,"mime-type":"image\/jpeg","source_url":"https:\/\/lavras.tv\/site\/wp-content\/uploads\/2017\/11\/ginastica-1024x772.jpg"},"featured-slider-img":{"file":"ginastica-640x480.jpg","width":640,"height":480,"mime-type":"image\/jpeg","source_url":"https:\/\/lavras.tv\/site\/wp-content\/uploads\/2017\/11\/ginastica-640x480.jpg"},"featured-post-img":{"file":"ginastica-480x320.jpg","width":480,"height":320,"mime-type":"image\/jpeg","source_url":"https:\/\/lavras.tv\/site\/wp-content\/uploads\/2017\/11\/ginastica-480x320.jpg"},"sow-carousel-default":{"file":"ginastica-272x182.jpg","width":272,"height":182,"mime-type":"image\/jpeg","source_url":"https:\/\/lavras.tv\/site\/wp-content\/uploads\/2017\/11\/ginastica-272x182.jpg"}},"image_meta":{"aperture":"0","credit":"","camera":"","caption":"","created_timestamp":"0","copyright":"","focal_length":"0","iso":"0","shutter_speed":"0","title":"","orientation":"0","keywords":[]}},"post":13010,"source_url":"https:\/\/lavras.tv\/site\/wp-content\/uploads\/2017\/11\/ginastica.jpg"},"author_meta":{"display_name":"Lavras TV","author_link":"https:\/\/lavras.tv\/site\/author\/lavrastv\/"},"featured_img":"https:\/\/lavras.tv\/site\/wp-content\/uploads\/2017\/11\/ginastica-300x226.jpg","coauthors":[],"tax_additional":{"categories":{"linked":["<a href=\"https:\/\/lavras.tv\/site\/category\/destaques\/\" class=\"advgb-post-tax-term\">Destaques<\/a>","<a href=\"https:\/\/lavras.tv\/site\/category\/esportes\/\" class=\"advgb-post-tax-term\">Esportes<\/a>"],"unlinked":["<span class=\"advgb-post-tax-term\">Destaques<\/span>","<span class=\"advgb-post-tax-term\">Esportes<\/span>"]},"tags":{"linked":["<a href=\"https:\/\/lavras.tv\/site\/category\/esportes\/\" class=\"advgb-post-tax-term\">campe\u00e3<\/a>","<a href=\"https:\/\/lavras.tv\/site\/category\/esportes\/\" class=\"advgb-post-tax-term\">gin\u00e1stica<\/a>","<a href=\"https:\/\/lavras.tv\/site\/category\/esportes\/\" class=\"advgb-post-tax-term\">ufla<\/a>"],"unlinked":["<span class=\"advgb-post-tax-term\">campe\u00e3<\/span>","<span class=\"advgb-post-tax-term\">gin\u00e1stica<\/span>","<span class=\"advgb-post-tax-term\">ufla<\/span>"]}},"comment_count":"0","relative_dates":{"created":"Publicado 8 anos atr\u00e1s","modified":"Atualizado 8 anos atr\u00e1s"},"absolute_dates":{"created":"Publicado em 10 de novembro de 2017","modified":"Atualizado em 10 de novembro de 2017"},"absolute_dates_time":{"created":"Publicado em 10 de novembro de 2017 07:04","modified":"Atualizado em 10 de novembro de 2017 07:04"},"featured_img_caption":"","series_order":"","_links":{"self":[{"href":"https:\/\/lavras.tv\/site\/wp-json\/wp\/v2\/posts\/13010","targetHints":{"allow":["GET"]}}],"collection":[{"href":"https:\/\/lavras.tv\/site\/wp-json\/wp\/v2\/posts"}],"about":[{"href":"https:\/\/lavras.tv\/site\/wp-json\/wp\/v2\/types\/post"}],"author":[{"embeddable":true,"href":"https:\/\/lavras.tv\/site\/wp-json\/wp\/v2\/users\/2"}],"replies":[{"embeddable":true,"href":"https:\/\/lavras.tv\/site\/wp-json\/wp\/v2\/comments?post=13010"}],"version-history":[{"count":1,"href":"https:\/\/lavras.tv\/site\/wp-json\/wp\/v2\/posts\/13010\/revisions"}],"predecessor-version":[{"id":13012,"href":"https:\/\/lavras.tv\/site\/wp-json\/wp\/v2\/posts\/13010\/revisions\/13012"}],"wp:featuredmedia":[{"embeddable":true,"href":"https:\/\/lavras.tv\/site\/wp-json\/wp\/v2\/media\/13011"}],"wp:attachment":[{"href":"https:\/\/lavras.tv\/site\/wp-json\/wp\/v2\/media?parent=13010"}],"wp:term":[{"taxonomy":"category","embeddable":true,"href":"https:\/\/lavras.tv\/site\/wp-json\/wp\/v2\/categories?post=13010"},{"taxonomy":"post_tag","embeddable":true,"href":"https:\/\/lavras.tv\/site\/wp-json\/wp\/v2\/tags?post=13010"}],"curies":[{"name":"wp","href":"https:\/\/api.w.org\/{rel}","templated":true}]}}