{"id":1325,"date":"2016-08-03T19:09:43","date_gmt":"2016-08-03T19:09:43","guid":{"rendered":"http:\/\/lavras.tv\/site\/?p=1325"},"modified":"2016-08-03T19:09:43","modified_gmt":"2016-08-03T19:09:43","slug":"eleicoes-2016-maquina-fotografica-e-celular-sao-proibidos-na-cabine-de-votacao","status":"publish","type":"post","link":"https:\/\/lavras.tv\/site\/2016\/08\/03\/eleicoes-2016-maquina-fotografica-e-celular-sao-proibidos-na-cabine-de-votacao\/","title":{"rendered":"Elei\u00e7\u00f5es 2016: m\u00e1quina fotogr\u00e1fica e celular s\u00e3o proibidos na cabine de vota\u00e7\u00e3o"},"content":{"rendered":"<div class=\"lavra-antes-do-conteudo_2\" id=\"lavra-843940628\"><div id=\"lavra-slider-27\" class=\"custom-slider lavra-slider-3936705465 lavra-slider\"><ul><li><div style=\"margin-left: auto;margin-right: auto;text-align: center;\" id=\"lavra-1518013334\"><a href=\"https:\/\/sistemas.lavras.mg.gov.br\/portalcidadao\/#df1b1a7c7b2a290bcb31e32771e610784662739a88807c0dacac58ede5f391a7530e299dc302d611ee73cb143fc22eaf93592e53e7b5bdb01b00a0b8d28dae460c141dd2ff83412e4dc1c31b16b25f33144a9e5620ea73b13f5bc1c59411d98439ad226e8af03840603796067d87afe130812cf3de24982d0e306f9e61e764e5\" aria-label=\"Lavras-TV&#8211;720x104px (1) (1)\"><img src=\"https:\/\/lavras.tv\/site\/wp-content\/uploads\/2025\/01\/Lavras-TV-720x104px-1-1.png\" alt=\"\"  srcset=\"https:\/\/lavras.tv\/site\/wp-content\/uploads\/2025\/01\/Lavras-TV-720x104px-1-1.png 720w, https:\/\/lavras.tv\/site\/wp-content\/uploads\/2025\/01\/Lavras-TV-720x104px-1-1-470x68.png 470w, https:\/\/lavras.tv\/site\/wp-content\/uploads\/2025\/01\/Lavras-TV-720x104px-1-1-170x25.png 170w, https:\/\/lavras.tv\/site\/wp-content\/uploads\/2025\/01\/Lavras-TV-720x104px-1-1-200x29.png 200w\" sizes=\"(max-width: 720px) 100vw, 720px\" width=\"720\" height=\"104\"  style=\"display: inline-block;\" \/><\/a><\/div><\/li><li><a href=\"https:\/\/sistemas.lavras.mg.gov.br\/portalcidadao\/#df1b1a7c7b2a290bcb31e32771e610784662739a88807c0dacac58ede5f391a7530e299dc302d611ee73cb143fc22eaf93592e53e7b5bdb01b00a0b8d28dae460c141dd2ff83412e4dc1c31b16b25f33144a9e5620ea73b13f5bc1c59411d98439ad226e8af03840603796067d87afe130812cf3de24982d0e306f9e61e764e5\" aria-label=\"Banner_Emprego_PortallavrasTV\"><img src=\"https:\/\/lavras.tv\/site\/wp-content\/uploads\/2025\/03\/Banner_Emprego_PortallavrasTV.png\" alt=\"\"  srcset=\"https:\/\/lavras.tv\/site\/wp-content\/uploads\/2025\/03\/Banner_Emprego_PortallavrasTV.png 720w, https:\/\/lavras.tv\/site\/wp-content\/uploads\/2025\/03\/Banner_Emprego_PortallavrasTV-470x68.png 470w, https:\/\/lavras.tv\/site\/wp-content\/uploads\/2025\/03\/Banner_Emprego_PortallavrasTV-170x25.png 170w, https:\/\/lavras.tv\/site\/wp-content\/uploads\/2025\/03\/Banner_Emprego_PortallavrasTV-200x29.png 200w\" sizes=\"(max-width: 720px) 100vw, 720px\" width=\"720\" height=\"104\"   \/><\/a><\/li><li><a href=\"https:\/\/sistemas.lavras.mg.gov.br\/portalcidadao\/#df1b1a7c7b2a290bcb31e32771e610784662739a88807c0dacac58ede5f391a7530e299dc302d611ee73cb143fc22eaf93592e53e7b5bdb01b00a0b8d28dae460c141dd2ff83412e4dc1c31b16b25f33144a9e5620ea73b13f5bc1c59411d98439ad226e8af03840603796067d87afe130812cf3de24982d0e306f9e61e764e5\" aria-label=\"Banner_Obras_PortallavrasTV\"><img src=\"https:\/\/lavras.tv\/site\/wp-content\/uploads\/2025\/03\/Banner_Obras_PortallavrasTV.png\" alt=\"\"  srcset=\"https:\/\/lavras.tv\/site\/wp-content\/uploads\/2025\/03\/Banner_Obras_PortallavrasTV.png 720w, https:\/\/lavras.tv\/site\/wp-content\/uploads\/2025\/03\/Banner_Obras_PortallavrasTV-470x68.png 470w, https:\/\/lavras.tv\/site\/wp-content\/uploads\/2025\/03\/Banner_Obras_PortallavrasTV-170x25.png 170w, https:\/\/lavras.tv\/site\/wp-content\/uploads\/2025\/03\/Banner_Obras_PortallavrasTV-200x29.png 200w\" sizes=\"(max-width: 720px) 100vw, 720px\" width=\"720\" height=\"104\"   \/><\/a><\/li><li><div style=\"margin-left: auto;margin-right: auto;text-align: center;\" id=\"lavra-380322802\"><a href=\"https:\/\/sistemas.lavras.mg.gov.br\/portalcidadao\/#df1b1a7c7b2a290bcb31e32771e610784662739a88807c0dacac58ede5f391a7530e299dc302d611ee73cb143fc22eaf93592e53e7b5bdb01b00a0b8d28dae460c141dd2ff83412e4dc1c31b16b25f33144a9e5620ea73b13f5bc1c59411d98439ad226e8af03840603796067d87afe130812cf3de24982d0e306f9e61e764e5\" aria-label=\"Banner_Educa\u00e7\u00e3o_PortallavrasTV\"><img src=\"https:\/\/lavras.tv\/site\/wp-content\/uploads\/2025\/01\/Banner_Educacao_PortallavrasTV.png\" alt=\"\"  srcset=\"https:\/\/lavras.tv\/site\/wp-content\/uploads\/2025\/01\/Banner_Educacao_PortallavrasTV.png 720w, https:\/\/lavras.tv\/site\/wp-content\/uploads\/2025\/01\/Banner_Educacao_PortallavrasTV-470x68.png 470w, https:\/\/lavras.tv\/site\/wp-content\/uploads\/2025\/01\/Banner_Educacao_PortallavrasTV-170x25.png 170w, https:\/\/lavras.tv\/site\/wp-content\/uploads\/2025\/01\/Banner_Educacao_PortallavrasTV-200x29.png 200w\" sizes=\"(max-width: 720px) 100vw, 720px\" width=\"720\" height=\"104\"  style=\"display: inline-block;\" \/><\/a><\/div><\/li><li><a href=\"https:\/\/sistemas.lavras.mg.gov.br\/portalcidadao\/#df1b1a7c7b2a290bcb31e32771e610784662739a88807c0dacac58ede5f391a7530e299dc302d611ee73cb143fc22eaf93592e53e7b5bdb01b00a0b8d28dae460c141dd2ff83412e4dc1c31b16b25f33144a9e5620ea73b13f5bc1c59411d98439ad226e8af03840603796067d87afe130812cf3de24982d0e306f9e61e764e5\" aria-label=\"Banner_Sa\u00fade_PortallavrasTV\"><img src=\"https:\/\/lavras.tv\/site\/wp-content\/uploads\/2025\/03\/Banner_Saude_PortallavrasTV.png\" alt=\"\"  srcset=\"https:\/\/lavras.tv\/site\/wp-content\/uploads\/2025\/03\/Banner_Saude_PortallavrasTV.png 720w, https:\/\/lavras.tv\/site\/wp-content\/uploads\/2025\/03\/Banner_Saude_PortallavrasTV-470x68.png 470w, https:\/\/lavras.tv\/site\/wp-content\/uploads\/2025\/03\/Banner_Saude_PortallavrasTV-170x25.png 170w, https:\/\/lavras.tv\/site\/wp-content\/uploads\/2025\/03\/Banner_Saude_PortallavrasTV-200x29.png 200w\" sizes=\"(max-width: 720px) 100vw, 720px\" width=\"720\" height=\"104\"   \/><\/a><\/li><li><div id=\"lavra-4257988171\" style=\"width:720px;height:104px;background-color:#ddd;overflow:scroll;\">\n\t<strong>Sa\u00edda da depura\u00e7\u00e3o de an\u00fancios<\/strong>\n\t<br><br>\n\tO an\u00fancio n\u00e3o \u00e9 exibido na p\u00e1gina<br><br>post atual: Elei\u00e7\u00f5es 2016: m\u00e1quina fotogr\u00e1fica e celular s\u00e3o proibidos na cabine de vota\u00e7\u00e3o, ID: 1325<br><br><span style=\"color: red;\">O post atual n\u00e3o \u00e9 id\u00eantico ao post principal.<\/span><br><br>An\u00fancios: ROXO - TOPO INTERNA - ROTATIVO 2 (197)<br \/>Grupo de an\u00fancios: Princ_Meio01_720x104 (27)<br><br>Condi\u00e7\u00f5es de exibi\u00e7\u00e3o<div style=\"margin-bottom: 20px; white-space: pre-wrap; font-family: monospace; width: 100%; background: #ffe9e9;\"><strong>condi\u00e7\u00f5es gerais<\/strong><table border=\"1\"><thead><tr><th><\/th><th>An\u00fancios<\/th><th>wp_the_query<\/th><\/tr><\/thead><tr><td>is_main_query<\/td><td>1<\/td><td>1<\/td><\/tr><tr><td>is_rest_api<\/td><td>0<\/td><td>1<\/td><\/tr><tr><td>page<\/td><td>0<\/td><td>1<\/td><\/tr><tr><td>numpages<\/td><td>0<\/td><td>1<\/td><\/tr><tr><td>is_archive<\/td><td>1<\/td><td><\/td><\/tr><tr><td>is_search<\/td><td>1<\/td><td><\/td><\/tr><tr><td>is_home<\/td><td>1<\/td><td><\/td><\/tr><tr><td>is_404<\/td><td>1<\/td><td><\/td><\/tr><tr><td>is_attachment<\/td><td>1<\/td><td><\/td><\/tr><tr><td>is_singular<\/td><td>1<\/td><td><\/td><\/tr><tr><td>is_front_page<\/td><td>1<\/td><td><\/td><\/tr><tr><td>is_feed<\/td><td>1<\/td><td><\/td><\/tr><\/table><\/div><br><br><span style=\"color: red;\">Seu site usa HTTPS, mas o c\u00f3digo do an\u00fancio cont\u00e9m HTTP e pode n\u00e3o funcionar.<\/span>\t<br><br>\n\t<a style=\"color: green;\" href=\"https:\/\/wpadvancedads.com\/manual\/ad-debug-mode\/?utm_source=advanced-ads&utm_medium=link&utm_campaign=ad-debug-mode\" target=\"_blank\" rel=\"nofollow\">Encontre solu\u00e7\u00f5es no manual<\/a>\n<\/div>\n<\/li><\/ul><\/div><script>( window.advanced_ads_ready || jQuery( document ).ready ).call( null, function() {var $lavraslider3936705465 = jQuery( \".lavra-slider-3936705465\" );$lavraslider3936705465.on( \"unslider.ready\", function() { jQuery( \"div.custom-slider ul li\" ).css( \"display\", \"block\" ); });$lavraslider3936705465.unslider({ delay:4000, autoplay:true, nav:false, arrows:false, infinite:true });$lavraslider3936705465.on(\"mouseover\", function() {$lavraslider3936705465.unslider(\"stop\");}).on(\"mouseout\", function() {$lavraslider3936705465.unslider(\"start\");});});<\/script><\/div><p style=\"line-height: 18.0pt; background: white; margin: 0cm 0cm 5.25pt 0cm;\"><span style=\"font-size: 11.5pt; font-family: 'Arial','sans-serif'; color: black;\">A cabine de vota\u00e7\u00e3o \u00e9 o local reservado da se\u00e7\u00e3o eleitoral em que o eleitor pode expressar, com total sigilo, tranquilidade e plena certeza de inviolabilidade, seu voto na urna eletr\u00f4nica. Assim, quando se dirigir \u00e0 cabine de vota\u00e7\u00e3o, o eleitor deve estar atento e respeitar as proibi\u00e7\u00f5es impostas pela legisla\u00e7\u00e3o eleitoral para que tudo corra bem no momento do voto, e ele n\u00e3o venha a incorrer em eventual falta.<\/span><\/p>\n<p style=\"line-height: 18.0pt; background: white; orphans: auto; widows: 1; -webkit-text-stroke-width: 0px; word-spacing: 0px; margin: 0cm 0cm 5.25pt 0cm;\"><span style=\"font-size: 11.5pt; font-family: 'Arial','sans-serif'; color: black;\">No dia da vota\u00e7\u00e3o, \u00e9 permitida a manifesta\u00e7\u00e3o individual e silenciosa da prefer\u00eancia do eleitor por partido pol\u00edtico, coliga\u00e7\u00e3o ou candidato, revelada exclusivamente pelo uso de bandeiras, broches, d\u00edsticos e adesivos.<\/span><\/p>\n<p style=\"line-height: 18.0pt; background: white; orphans: auto; widows: 1; -webkit-text-stroke-width: 0px; word-spacing: 0px; margin: 0cm 0cm 5.25pt 0cm;\"><span style=\"font-size: 11.5pt; font-family: 'Arial','sans-serif'; color: black;\">Por\u00e9m, com o objetivo de assegurar o sigilo do voto, \u00e9 proibido ao eleitor, na cabine de vota\u00e7\u00e3o, o uso de celular (inclusive para tirar \u201cselfie\u201d do momento do voto). Tamb\u00e9m s\u00e3o vedadas m\u00e1quinas fotogr\u00e1ficas, filmadoras, equipamentos de radiocomunica\u00e7\u00e3o ou qualquer instrumento que possa comprometer esse sigilo. Cabe \u00e0 mesa receptora reter esses objetos enquanto o eleitor estiver votando.<\/span><\/p>\n<p style=\"line-height: 18.0pt; background: white; orphans: auto; widows: 1; -webkit-text-stroke-width: 0px; word-spacing: 0px; margin: 0cm 0cm 5.25pt 0cm;\"><span style=\"font-size: 11.5pt; font-family: 'Arial','sans-serif'; color: black;\">O ministro Henrique Neves destaca que o momento voto \u201c\u00e9 solene\u201d. \u201c\u00c9 o instante no qual eleitor exerce a sua plena liberdade de escolha. N\u00e3o pode haver neste momento nada que, de alguma forma, possa identificar o voto. Por isso, \u00e9 que n\u00e3o se admite que ele porte uma m\u00e1quina fotogr\u00e1fica ou aparelho celular, para evitar que isso possa ser utilizado para revelar o conte\u00fado do voto. Ent\u00e3o, essa \u00e9 a raz\u00e3o pela qual o eleitor vai \u00e0 cabine sem qualquer aparato que possa registrar o seu voto\u201d, esclarece o ministro.<\/span><\/p>\n<p style=\"line-height: 18.0pt; background: white; orphans: auto; widows: 1; -webkit-text-stroke-width: 0px; word-spacing: 0px; margin: 0cm 0cm 5.25pt 0cm;\"><span style=\"font-size: 11.5pt; font-family: 'Arial','sans-serif'; color: black;\">O ministro lembra que a tentativa de quebra ou a quebra do sigilo do voto \u00e9 tipificada como crime eleitoral. \u201cObviamente, quando \u00e9 o pr\u00f3prio eleitor que tenta quebrar [o sigilo de] seu voto, isso tem que ser analisado tamb\u00e9m de outra forma. Mas a principal consequ\u00eancia \u00e9 que esse voto ser\u00e1 tido como nulo. Isso pode, inclusive, gerar uma nulidade maior do que a que simplesmente afeta o voto do eleitor\u201d, afirma.<\/span><\/p>\n<p style=\"margin: 0cm; margin-bottom: .0001pt; line-height: 18.0pt; background: white; orphans: auto; widows: 1; -webkit-text-stroke-width: 0px; word-spacing: 0px;\"><strong><span style=\"font-size: 11.5pt; font-family: 'Arial','sans-serif'; color: black;\">Acessibilidade<\/span><\/strong><\/p>\n<p style=\"line-height: 18.0pt; background: white; orphans: auto; widows: 1; -webkit-text-stroke-width: 0px; word-spacing: 0px; margin: 0cm 0cm 5.25pt 0cm;\"><span style=\"font-size: 11.5pt; font-family: 'Arial','sans-serif'; color: black;\">Somente aquelas pessoas que tenham alguma restri\u00e7\u00e3o de acessibilidade, que tenham dificuldade de locomo\u00e7\u00e3o (ou de vis\u00e3o) ou que precisam de um aux\u00edlio para votar podem ser acompanhadas na cabine de vota\u00e7\u00e3o por uma pessoa de sua confian\u00e7a. Ou seja, um eleitor que tenha plena condi\u00e7\u00e3o de votar n\u00e3o pode ser acompanhado pelo filho ou filha na cabine.<\/span><\/p>\n<p style=\"line-height: 18.0pt; background: white; orphans: auto; widows: 1; -webkit-text-stroke-width: 0px; word-spacing: 0px; margin: 0cm 0cm 5.25pt 0cm;\"><span style=\"font-size: 11.5pt; font-family: 'Arial','sans-serif'; color: black;\">\u201c\u00c9 salutar que o filho do eleitor acompanhe todo o processo, a fila de vota\u00e7\u00e3o. Mas, no momento da cabine, ele tem que ser impedido. S\u00f3 o eleitor pode se dirigir \u00e0 cabine\u201d, ressalta Henrique Neves.<\/span><\/p>\n<p style=\"margin: 0cm; margin-bottom: .0001pt; line-height: 18.0pt; background: white; orphans: auto; widows: 1; -webkit-text-stroke-width: 0px; word-spacing: 0px;\"><strong><span style=\"font-size: 11.5pt; font-family: 'Arial','sans-serif'; color: black;\">Lembrete<\/span><\/strong><\/p>\n<p style=\"margin: 0cm; margin-bottom: .0001pt; line-height: 18.0pt; background: white; orphans: auto; widows: 1; -webkit-text-stroke-width: 0px; word-spacing: 0px;\"><span style=\"font-size: 11.5pt; font-family: 'Arial','sans-serif'; color: black;\">No momento de votar, o eleitor pode levar uma \u201ccola\u201d, um lembrete, ou seja, um papel com os n\u00fameros de seus candidatos, para que possa recordar no instante de marcar seus candidatos na urna eletr\u00f4nica.\u00a0<\/span><\/p>\n<p style=\"margin: 0cm; margin-bottom: .0001pt; line-height: 18.0pt; background: white; orphans: auto; widows: 1; -webkit-text-stroke-width: 0px; word-spacing: 0px;\"><strong><span style=\"font-size: 11.5pt; font-family: 'Arial','sans-serif'; color: black;\">Imprensa<\/span><\/strong><\/p>\n<p style=\"margin: 0cm; margin-bottom: .0001pt; line-height: 18.0pt; background: white; orphans: auto; widows: 1; -webkit-text-stroke-width: 0px; word-spacing: 0px;\"><span style=\"font-size: 11.5pt; font-family: 'Arial','sans-serif'; color: black;\">Todo o poder de pol\u00edcia no dia das elei\u00e7\u00f5es \u00e9 exercido pelo juiz eleitoral e pelo presidente da mesa de vota\u00e7\u00e3o. S\u00e3o as \u00fanicas pessoas que podem autorizar a aproxima\u00e7\u00e3o da pol\u00edcia ou de for\u00e7a de seguran\u00e7a, para garantir que as elei\u00e7\u00f5es ocorram na maior tranquilidade poss\u00edvel.<\/span><\/p>\n<p style=\"line-height: 18.0pt; background: white; orphans: auto; widows: 1; -webkit-text-stroke-width: 0px; word-spacing: 0px; margin: 0cm 0cm 5.25pt 0cm;\"><span style=\"font-size: 11.5pt; font-family: 'Arial','sans-serif'; color: black;\">\u201cA imprensa, por \u00f3bvio, pode acompanhar a trajet\u00f3ria dos candidatos no dia da elei\u00e7\u00e3o. Pode registrar os fatos. Mas tamb\u00e9m tem que ter certo cuidado para que a sua leg\u00edtima atua\u00e7\u00e3o, em prol da divulga\u00e7\u00e3o das informa\u00e7\u00f5es, da liberdade de imprensa, n\u00e3o acabe tumultuando o local de vota\u00e7\u00e3o e, de alguma maneira, constranja ou impe\u00e7a que os eleitores possam exercer seu direito ao voto\u201d, observa o ministro Henrique Neves.<\/span><\/p>\n<p style=\"margin: 0cm; margin-bottom: .0001pt; line-height: 18.0pt; background: white; orphans: auto; widows: 1; -webkit-text-stroke-width: 0px; word-spacing: 0px;\"><strong><span style=\"font-size: 11.5pt; font-family: 'Arial','sans-serif'; color: black;\">Alto-falantes e amplificadores<\/span><\/strong><\/p>\n<p style=\"margin: 0cm; margin-bottom: .0001pt; line-height: 18.0pt; background: white; orphans: auto; widows: 1; -webkit-text-stroke-width: 0px; word-spacing: 0px;\"><span style=\"font-size: 11.5pt; font-family: 'Arial','sans-serif'; color: black;\">No dia da vota\u00e7\u00e3o, constitui crime o uso de alto-falantes e amplificadores de som ou a promo\u00e7\u00e3o de com\u00edcio ou carreata, a arregimenta\u00e7\u00e3o de eleitor ou a propaganda de boca de urna e a divulga\u00e7\u00e3o de qualquer esp\u00e9cie de propaganda de partidos pol\u00edticos ou de seus candidatos.<\/span><\/p>\n<p style=\"margin: 0cm; margin-bottom: .0001pt; line-height: 18.0pt; background: white; orphans: auto; widows: 1; -webkit-text-stroke-width: 0px; word-spacing: 0px;\"><strong><span style=\"font-size: 11.5pt; font-family: 'Arial','sans-serif'; color: black;\">Aglomera\u00e7\u00e3o<\/span><\/strong><\/p>\n<p style=\"margin: 0cm; margin-bottom: .0001pt; line-height: 18.0pt; background: white; orphans: auto; widows: 1; -webkit-text-stroke-width: 0px; word-spacing: 0px;\"><span style=\"font-size: 11.5pt; font-family: 'Arial','sans-serif'; color: black;\">At\u00e9 o t\u00e9rmino da vota\u00e7\u00e3o, n\u00e3o \u00e9 permitida a aglomera\u00e7\u00e3o de pessoas, portando vestu\u00e1rio padronizado, bem como bandeiras, broches, d\u00edsticos e adesivos que caracterizem manifesta\u00e7\u00e3o coletiva, com ou sem utiliza\u00e7\u00e3o de ve\u00edculos.<\/span><\/p>\n<p style=\"line-height: 18.0pt; background: white; orphans: auto; widows: 1; -webkit-text-stroke-width: 0px; word-spacing: 0px; margin: 0cm 0cm 5.25pt 0cm;\"><span style=\"font-size: 11.5pt; font-family: 'Arial','sans-serif'; color: black;\">Nas se\u00e7\u00f5es eleitorais e juntas apuradoras, \u00e9 proibido aos servidores da Justi\u00e7a Eleitoral, aos mes\u00e1rios e aos escrutinadores o uso de vestu\u00e1rio ou objeto que contenha qualquer propaganda de partido pol\u00edtico, de coliga\u00e7\u00e3o ou de candidato.<\/span><\/p>\n<p style=\"line-height: 18.0pt; background: white; orphans: auto; widows: 1; -webkit-text-stroke-width: 0px; word-spacing: 0px; margin: 0cm 0cm 5.25pt 0cm;\"><span style=\"font-size: 11.5pt; font-family: 'Arial','sans-serif'; color: black;\">Por sua vez, \u00e9 proibido aos fiscais partid\u00e1rios, nos trabalhos de vota\u00e7\u00e3o, o uso de vestu\u00e1rio padronizado. No caso, \u00e9 permitido somente o uso de crach\u00e1s com o nome e a sigla do partido pol\u00edtico ou coliga\u00e7\u00e3o.<\/span><\/p>\n<p style=\"line-height: 18.0pt; background: white; orphans: auto; widows: 1; -webkit-text-stroke-width: 0px; word-spacing: 0px; margin: 0cm 0cm 5.25pt 0cm;\"><span style=\"font-size: 11.5pt; font-family: 'Arial','sans-serif'; color: black;\">\u00a0<\/span><\/p>\n<p style=\"line-height: 18.0pt; background: white; orphans: auto; widows: 1; -webkit-text-stroke-width: 0px; word-spacing: 0px; margin: 0cm 0cm 5.25pt 0cm;\"><span style=\"font-size: 11.5pt; font-family: 'Arial','sans-serif'; color: black;\">Reproduzido do site do TSE<\/span><\/p>\n","protected":false},"excerpt":{"rendered":"<p>A cabine de vota\u00e7\u00e3o \u00e9 o local reservado da se\u00e7\u00e3o eleitoral em que o eleitor pode expressar, com total sigilo, tranquilidade e plena certeza de inviolabilidade, seu voto na urna eletr\u00f4nica. Assim, quando se dirigir \u00e0 cabine de vota\u00e7\u00e3o, o eleitor deve estar atento e respeitar as proibi\u00e7\u00f5es impostas pela legisla\u00e7\u00e3o eleitoral para que tudo [&hellip;]<\/p>\n","protected":false},"author":2,"featured_media":951,"comment_status":"closed","ping_status":"open","sticky":false,"template":"","format":"standard","meta":{"advgb_blocks_editor_width":"","advgb_blocks_columns_visual_guide":"","_exactmetrics_skip_tracking":false,"_exactmetrics_sitenote_active":false,"_exactmetrics_sitenote_note":"","_exactmetrics_sitenote_category":0,"footnotes":""},"categories":[12],"tags":[],"class_list":["post-1325","post","type-post","status-publish","format-standard","has-post-thumbnail","hentry","category-politica"],"better_featured_image":{"id":951,"alt_text":"","caption":"","description":"","media_type":"image","media_details":{"width":1181,"height":801,"file":"2016\/07\/urna.jpg","sizes":{"thumbnail":{"file":"urna-150x102.jpg","width":150,"height":102,"mime-type":"image\/jpeg","source_url":"https:\/\/lavras.tv\/site\/wp-content\/uploads\/2016\/07\/urna-150x102.jpg"},"medium":{"file":"urna-300x203.jpg","width":300,"height":203,"mime-type":"image\/jpeg","source_url":"https:\/\/lavras.tv\/site\/wp-content\/uploads\/2016\/07\/urna-300x203.jpg"},"large":{"file":"urna-1024x695.jpg","width":1024,"height":695,"mime-type":"image\/jpeg","source_url":"https:\/\/lavras.tv\/site\/wp-content\/uploads\/2016\/07\/urna-1024x695.jpg"},"featured-slider-img":{"file":"urna-640x480.jpg","width":640,"height":480,"mime-type":"image\/jpeg","source_url":"https:\/\/lavras.tv\/site\/wp-content\/uploads\/2016\/07\/urna-640x480.jpg"},"featured-post-img":{"file":"urna-480x320.jpg","width":480,"height":320,"mime-type":"image\/jpeg","source_url":"https:\/\/lavras.tv\/site\/wp-content\/uploads\/2016\/07\/urna-480x320.jpg"},"sow-carousel-default":{"file":"urna-272x182.jpg","width":272,"height":182,"mime-type":"image\/jpeg","source_url":"https:\/\/lavras.tv\/site\/wp-content\/uploads\/2016\/07\/urna-272x182.jpg"}},"image_meta":{"aperture":"0","credit":"","camera":"","caption":"","created_timestamp":"0","copyright":"","focal_length":"0","iso":"0","shutter_speed":"0","title":"","orientation":"0","keywords":[]}},"post":950,"source_url":"https:\/\/lavras.tv\/site\/wp-content\/uploads\/2016\/07\/urna.jpg"},"author_meta":{"display_name":"Lavras TV","author_link":"https:\/\/lavras.tv\/site\/author\/lavrastv\/"},"featured_img":"https:\/\/lavras.tv\/site\/wp-content\/uploads\/2016\/07\/urna-300x203.jpg","coauthors":[],"tax_additional":{"categories":{"linked":["<a href=\"https:\/\/lavras.tv\/site\/category\/politica\/\" class=\"advgb-post-tax-term\">Pol\u00edtica<\/a>"],"unlinked":["<span class=\"advgb-post-tax-term\">Pol\u00edtica<\/span>"]}},"comment_count":"0","relative_dates":{"created":"Publicado 10 anos atr\u00e1s","modified":"Atualizado 10 anos atr\u00e1s"},"absolute_dates":{"created":"Publicado em 3 de agosto de 2016","modified":"Atualizado em 3 de agosto de 2016"},"absolute_dates_time":{"created":"Publicado em 3 de agosto de 2016 19:09","modified":"Atualizado em 3 de agosto de 2016 19:09"},"featured_img_caption":"","series_order":"","_links":{"self":[{"href":"https:\/\/lavras.tv\/site\/wp-json\/wp\/v2\/posts\/1325","targetHints":{"allow":["GET"]}}],"collection":[{"href":"https:\/\/lavras.tv\/site\/wp-json\/wp\/v2\/posts"}],"about":[{"href":"https:\/\/lavras.tv\/site\/wp-json\/wp\/v2\/types\/post"}],"author":[{"embeddable":true,"href":"https:\/\/lavras.tv\/site\/wp-json\/wp\/v2\/users\/2"}],"replies":[{"embeddable":true,"href":"https:\/\/lavras.tv\/site\/wp-json\/wp\/v2\/comments?post=1325"}],"version-history":[{"count":1,"href":"https:\/\/lavras.tv\/site\/wp-json\/wp\/v2\/posts\/1325\/revisions"}],"predecessor-version":[{"id":1326,"href":"https:\/\/lavras.tv\/site\/wp-json\/wp\/v2\/posts\/1325\/revisions\/1326"}],"wp:featuredmedia":[{"embeddable":true,"href":"https:\/\/lavras.tv\/site\/wp-json\/wp\/v2\/media\/951"}],"wp:attachment":[{"href":"https:\/\/lavras.tv\/site\/wp-json\/wp\/v2\/media?parent=1325"}],"wp:term":[{"taxonomy":"category","embeddable":true,"href":"https:\/\/lavras.tv\/site\/wp-json\/wp\/v2\/categories?post=1325"},{"taxonomy":"post_tag","embeddable":true,"href":"https:\/\/lavras.tv\/site\/wp-json\/wp\/v2\/tags?post=1325"}],"curies":[{"name":"wp","href":"https:\/\/api.w.org\/{rel}","templated":true}]}}