{"id":13258,"date":"2017-11-22T08:42:57","date_gmt":"2017-11-22T10:42:57","guid":{"rendered":"http:\/\/lavras.tv\/site\/?p=13258"},"modified":"2017-11-22T08:42:57","modified_gmt":"2017-11-22T10:42:57","slug":"tribunal-de-justica-mantem-condenacao-do-ex-governador-mineiro-eduardo-azeredo","status":"publish","type":"post","link":"https:\/\/lavras.tv\/site\/2017\/11\/22\/tribunal-de-justica-mantem-condenacao-do-ex-governador-mineiro-eduardo-azeredo\/","title":{"rendered":"Tribunal de Justi\u00e7a mant\u00e9m condena\u00e7\u00e3o do ex-governador mineiro Eduardo Azeredo"},"content":{"rendered":"<div class=\"lavra-antes-do-conteudo_2\" id=\"lavra-1919136249\"><div id=\"lavra-slider-27\" class=\"custom-slider lavra-slider-1523743409 lavra-slider\"><ul><li><div style=\"margin-left: auto;margin-right: auto;text-align: center;\" id=\"lavra-1854392860\"><a href=\"https:\/\/sistemas.lavras.mg.gov.br\/portalcidadao\/#df1b1a7c7b2a290bcb31e32771e610784662739a88807c0dacac58ede5f391a7530e299dc302d611ee73cb143fc22eaf93592e53e7b5bdb01b00a0b8d28dae460c141dd2ff83412e4dc1c31b16b25f33144a9e5620ea73b13f5bc1c59411d98439ad226e8af03840603796067d87afe130812cf3de24982d0e306f9e61e764e5\" aria-label=\"Lavras-TV&#8211;720x104px (1) (1)\"><img src=\"https:\/\/lavras.tv\/site\/wp-content\/uploads\/2025\/01\/Lavras-TV-720x104px-1-1.png\" alt=\"\"  srcset=\"https:\/\/lavras.tv\/site\/wp-content\/uploads\/2025\/01\/Lavras-TV-720x104px-1-1.png 720w, https:\/\/lavras.tv\/site\/wp-content\/uploads\/2025\/01\/Lavras-TV-720x104px-1-1-470x68.png 470w, https:\/\/lavras.tv\/site\/wp-content\/uploads\/2025\/01\/Lavras-TV-720x104px-1-1-170x25.png 170w, https:\/\/lavras.tv\/site\/wp-content\/uploads\/2025\/01\/Lavras-TV-720x104px-1-1-200x29.png 200w\" sizes=\"(max-width: 720px) 100vw, 720px\" width=\"720\" height=\"104\"  style=\"display: inline-block;\" \/><\/a><\/div><\/li><li><a href=\"https:\/\/sistemas.lavras.mg.gov.br\/portalcidadao\/#df1b1a7c7b2a290bcb31e32771e610784662739a88807c0dacac58ede5f391a7530e299dc302d611ee73cb143fc22eaf93592e53e7b5bdb01b00a0b8d28dae460c141dd2ff83412e4dc1c31b16b25f33144a9e5620ea73b13f5bc1c59411d98439ad226e8af03840603796067d87afe130812cf3de24982d0e306f9e61e764e5\" aria-label=\"Banner_Emprego_PortallavrasTV\"><img src=\"https:\/\/lavras.tv\/site\/wp-content\/uploads\/2025\/03\/Banner_Emprego_PortallavrasTV.png\" alt=\"\"  srcset=\"https:\/\/lavras.tv\/site\/wp-content\/uploads\/2025\/03\/Banner_Emprego_PortallavrasTV.png 720w, https:\/\/lavras.tv\/site\/wp-content\/uploads\/2025\/03\/Banner_Emprego_PortallavrasTV-470x68.png 470w, https:\/\/lavras.tv\/site\/wp-content\/uploads\/2025\/03\/Banner_Emprego_PortallavrasTV-170x25.png 170w, https:\/\/lavras.tv\/site\/wp-content\/uploads\/2025\/03\/Banner_Emprego_PortallavrasTV-200x29.png 200w\" sizes=\"(max-width: 720px) 100vw, 720px\" width=\"720\" height=\"104\"   \/><\/a><\/li><li><a href=\"https:\/\/sistemas.lavras.mg.gov.br\/portalcidadao\/#df1b1a7c7b2a290bcb31e32771e610784662739a88807c0dacac58ede5f391a7530e299dc302d611ee73cb143fc22eaf93592e53e7b5bdb01b00a0b8d28dae460c141dd2ff83412e4dc1c31b16b25f33144a9e5620ea73b13f5bc1c59411d98439ad226e8af03840603796067d87afe130812cf3de24982d0e306f9e61e764e5\" aria-label=\"Banner_Obras_PortallavrasTV\"><img src=\"https:\/\/lavras.tv\/site\/wp-content\/uploads\/2025\/03\/Banner_Obras_PortallavrasTV.png\" alt=\"\"  srcset=\"https:\/\/lavras.tv\/site\/wp-content\/uploads\/2025\/03\/Banner_Obras_PortallavrasTV.png 720w, https:\/\/lavras.tv\/site\/wp-content\/uploads\/2025\/03\/Banner_Obras_PortallavrasTV-470x68.png 470w, https:\/\/lavras.tv\/site\/wp-content\/uploads\/2025\/03\/Banner_Obras_PortallavrasTV-170x25.png 170w, https:\/\/lavras.tv\/site\/wp-content\/uploads\/2025\/03\/Banner_Obras_PortallavrasTV-200x29.png 200w\" sizes=\"(max-width: 720px) 100vw, 720px\" width=\"720\" height=\"104\"   \/><\/a><\/li><li><div style=\"margin-left: auto;margin-right: auto;text-align: center;\" id=\"lavra-2497456091\"><a href=\"https:\/\/sistemas.lavras.mg.gov.br\/portalcidadao\/#df1b1a7c7b2a290bcb31e32771e610784662739a88807c0dacac58ede5f391a7530e299dc302d611ee73cb143fc22eaf93592e53e7b5bdb01b00a0b8d28dae460c141dd2ff83412e4dc1c31b16b25f33144a9e5620ea73b13f5bc1c59411d98439ad226e8af03840603796067d87afe130812cf3de24982d0e306f9e61e764e5\" aria-label=\"Banner_Educa\u00e7\u00e3o_PortallavrasTV\"><img src=\"https:\/\/lavras.tv\/site\/wp-content\/uploads\/2025\/01\/Banner_Educacao_PortallavrasTV.png\" alt=\"\"  srcset=\"https:\/\/lavras.tv\/site\/wp-content\/uploads\/2025\/01\/Banner_Educacao_PortallavrasTV.png 720w, https:\/\/lavras.tv\/site\/wp-content\/uploads\/2025\/01\/Banner_Educacao_PortallavrasTV-470x68.png 470w, https:\/\/lavras.tv\/site\/wp-content\/uploads\/2025\/01\/Banner_Educacao_PortallavrasTV-170x25.png 170w, https:\/\/lavras.tv\/site\/wp-content\/uploads\/2025\/01\/Banner_Educacao_PortallavrasTV-200x29.png 200w\" sizes=\"(max-width: 720px) 100vw, 720px\" width=\"720\" height=\"104\"  style=\"display: inline-block;\" \/><\/a><\/div><\/li><li><a href=\"https:\/\/sistemas.lavras.mg.gov.br\/portalcidadao\/#df1b1a7c7b2a290bcb31e32771e610784662739a88807c0dacac58ede5f391a7530e299dc302d611ee73cb143fc22eaf93592e53e7b5bdb01b00a0b8d28dae460c141dd2ff83412e4dc1c31b16b25f33144a9e5620ea73b13f5bc1c59411d98439ad226e8af03840603796067d87afe130812cf3de24982d0e306f9e61e764e5\" aria-label=\"Banner_Sa\u00fade_PortallavrasTV\"><img src=\"https:\/\/lavras.tv\/site\/wp-content\/uploads\/2025\/03\/Banner_Saude_PortallavrasTV.png\" alt=\"\"  srcset=\"https:\/\/lavras.tv\/site\/wp-content\/uploads\/2025\/03\/Banner_Saude_PortallavrasTV.png 720w, https:\/\/lavras.tv\/site\/wp-content\/uploads\/2025\/03\/Banner_Saude_PortallavrasTV-470x68.png 470w, https:\/\/lavras.tv\/site\/wp-content\/uploads\/2025\/03\/Banner_Saude_PortallavrasTV-170x25.png 170w, https:\/\/lavras.tv\/site\/wp-content\/uploads\/2025\/03\/Banner_Saude_PortallavrasTV-200x29.png 200w\" sizes=\"(max-width: 720px) 100vw, 720px\" width=\"720\" height=\"104\"   \/><\/a><\/li><li><div id=\"lavra-230835733\" style=\"width:720px;height:104px;background-color:#ddd;overflow:scroll;\">\n\t<strong>Sa\u00edda da depura\u00e7\u00e3o de an\u00fancios<\/strong>\n\t<br><br>\n\tO an\u00fancio n\u00e3o \u00e9 exibido na p\u00e1gina<br><br>post atual: Tribunal de Justi\u00e7a mant\u00e9m condena\u00e7\u00e3o do ex-governador mineiro Eduardo Azeredo, ID: 13258<br><br><span style=\"color: red;\">O post atual n\u00e3o \u00e9 id\u00eantico ao post principal.<\/span><br><br>An\u00fancios: ROXO - TOPO INTERNA - ROTATIVO 2 (197)<br \/>Grupo de an\u00fancios: Princ_Meio01_720x104 (27)<br><br>Condi\u00e7\u00f5es de exibi\u00e7\u00e3o<div style=\"margin-bottom: 20px; white-space: pre-wrap; font-family: monospace; width: 100%; background: #ffe9e9;\"><strong>condi\u00e7\u00f5es gerais<\/strong><table border=\"1\"><thead><tr><th><\/th><th>An\u00fancios<\/th><th>wp_the_query<\/th><\/tr><\/thead><tr><td>is_main_query<\/td><td>1<\/td><td>1<\/td><\/tr><tr><td>is_rest_api<\/td><td>0<\/td><td>1<\/td><\/tr><tr><td>page<\/td><td>0<\/td><td>1<\/td><\/tr><tr><td>numpages<\/td><td>0<\/td><td>1<\/td><\/tr><tr><td>is_archive<\/td><td>1<\/td><td><\/td><\/tr><tr><td>is_search<\/td><td>1<\/td><td><\/td><\/tr><tr><td>is_home<\/td><td>1<\/td><td><\/td><\/tr><tr><td>is_404<\/td><td>1<\/td><td><\/td><\/tr><tr><td>is_attachment<\/td><td>1<\/td><td><\/td><\/tr><tr><td>is_singular<\/td><td>1<\/td><td><\/td><\/tr><tr><td>is_front_page<\/td><td>1<\/td><td><\/td><\/tr><tr><td>is_feed<\/td><td>1<\/td><td><\/td><\/tr><\/table><\/div><br><br><span style=\"color: red;\">Seu site usa HTTPS, mas o c\u00f3digo do an\u00fancio cont\u00e9m HTTP e pode n\u00e3o funcionar.<\/span>\t<br><br>\n\t<a style=\"color: green;\" href=\"https:\/\/wpadvancedads.com\/manual\/ad-debug-mode\/?utm_source=advanced-ads&utm_medium=link&utm_campaign=ad-debug-mode\" target=\"_blank\" rel=\"nofollow\">Encontre solu\u00e7\u00f5es no manual<\/a>\n<\/div>\n<\/li><\/ul><\/div><script>( window.advanced_ads_ready || jQuery( document ).ready ).call( null, function() {var $lavraslider1523743409 = jQuery( \".lavra-slider-1523743409\" );$lavraslider1523743409.on( \"unslider.ready\", function() { jQuery( \"div.custom-slider ul li\" ).css( \"display\", \"block\" ); });$lavraslider1523743409.unslider({ delay:4000, autoplay:true, nav:false, arrows:false, infinite:true });$lavraslider1523743409.on(\"mouseover\", function() {$lavraslider1523743409.unslider(\"stop\");}).on(\"mouseout\", function() {$lavraslider1523743409.unslider(\"start\");});});<\/script><\/div><p>O Tribunal de Justi\u00e7a de Minas Gerais (TJMG) negou nesta ter\u00e7a-feira, por unanimidade, recurso (embargos declarat\u00f3rios) impetrado pela defesa do ex-governador de Minas Eduardo Azeredo (PSDB), condenado em segunda inst\u00e2ncia por participa\u00e7\u00e3o no mensal\u00e3o tucano. <!--more-->A decis\u00e3o foi tomada pela 5\u00aa C\u00e2mara Criminal, com participa\u00e7\u00e3o de tr\u00eas desembargadores.<\/p>\n<p><img fetchpriority=\"high\" decoding=\"async\" class=\"alignnone size-full wp-image-5587 aligncenter\" src=\"http:\/\/lavras.tv\/site\/wp-content\/uploads\/2017\/01\/azeredo.jpg\" alt=\"azeredo\" width=\"600\" height=\"400\" srcset=\"https:\/\/lavras.tv\/site\/wp-content\/uploads\/2017\/01\/azeredo.jpg 600w, https:\/\/lavras.tv\/site\/wp-content\/uploads\/2017\/01\/azeredo-150x100.jpg 150w, https:\/\/lavras.tv\/site\/wp-content\/uploads\/2017\/01\/azeredo-300x200.jpg 300w, https:\/\/lavras.tv\/site\/wp-content\/uploads\/2017\/01\/azeredo-480x320.jpg 480w, https:\/\/lavras.tv\/site\/wp-content\/uploads\/2017\/01\/azeredo-272x182.jpg 272w\" sizes=\"(max-width: 600px) 100vw, 600px\" \/><\/p>\n<p>Em 23 de agosto passado, o TJMG confirmou, depois de mais de dez horas de julgamento, a condena\u00e7\u00e3o em primeira inst\u00e2ncia do ex-governador, acusado dos crimes de lavagem de dinheiro e peculato, no esquema conhecido como mensal\u00e3o tucano. Houve, no entanto, pequena redu\u00e7\u00e3o na pena de pris\u00e3o dada na decis\u00e3o anterior, de 20 anos e 10 meses para 20 anos e 1 m\u00eas. Azeredo recorre em liberdade.<\/p>\n<p>Com os embargos declarat\u00f3rios, a defesa do ex-governador buscava o reconhecimento de nulidade do processo. &#8220;J\u00e1 que houve condena\u00e7\u00e3o em montante maior ao pleiteado pela acusa\u00e7\u00e3o em suas alega\u00e7\u00f5es finais, o que n\u00e3o se admite. Al\u00e9m disso, h\u00e1 in\u00fameras omiss\u00f5es destacadas, em depoimentos e documentos, que, se enfrentadas, certamente mudar\u00e3o o entendimento do tribunal&#8221;, afirmou, antes da sess\u00e3o, o advogado do tucano, Castellar Guimar\u00e3es Neto.<\/p>\n<p>O mensal\u00e3o tucano, conforme den\u00fancia do Minist\u00e9rio P\u00fablico em 2007, foi o desvio de recursos de estatais mineiras, como a Companhia de Saneamento de Minas Gerais (Copasa) e o, hoje extinto, Banco do Estado de Minas Gerais (Bemge), para a campanha de Azeredo pela reelei\u00e7\u00e3o em 1998, quando foi derrotado pelo ex-presidente da Rep\u00fablica, Itamar Franco, \u00e0 \u00e9poca no PMDB. O desvio teria ocorrido via empresas de publicidade de Marcos Val\u00e9rio Fernandes de Souza, j\u00e1 condenado a 37 anos de pris\u00e3o por participa\u00e7\u00e3o no mensal\u00e3o do PT.<\/p>\n<p>J\u00e1 r\u00e9u no mensal\u00e3o mineiro, Azeredo, em 19 de fevereiro de 2014, quando exercia mandato de deputado federal, renunciou ao cargo, o que fez com que o processo, ent\u00e3o no Supremo Tribunal Federal (STF), fosse enviado para a primeira inst\u00e2ncia da Justi\u00e7a, em Minas. A defesa do tucano ainda pode entrar com outro tipo de recurso, o \u00faltimo, os chamados embargos infringentes.<\/p>\n<p>O ex-governador de Minas completa 70 anos em 9 de setembro do ano que vem. Segundo o C\u00f3digo de Processo Penal (CPP), os prazos para prescri\u00e7\u00e3o da pena quando se atinge a idade caem pela metade. Conforme o advogado Castellar, assim que o ac\u00f3rd\u00e3o da decis\u00e3o de hoje for publicado, a defesa entrar\u00e1 com os embargos infringentes. Conforme a decis\u00e3o em segunda inst\u00e2ncia, tomada em agosto passado, a ordem de pris\u00e3o ser\u00e1 emitida ao t\u00e9rmino da possibilidade de recurso pela defesa.<\/p>\n<p>Fonte: Itatiaia<\/p>\n","protected":false},"excerpt":{"rendered":"<p>O Tribunal de Justi\u00e7a de Minas Gerais (TJMG) negou nesta ter\u00e7a-feira, por unanimidade, recurso (embargos declarat\u00f3rios) impetrado pela defesa do ex-governador de Minas Eduardo Azeredo (PSDB), condenado em segunda inst\u00e2ncia por participa\u00e7\u00e3o no mensal\u00e3o tucano.<\/p>\n","protected":false},"author":2,"featured_media":5587,"comment_status":"closed","ping_status":"open","sticky":false,"template":"","format":"standard","meta":{"advgb_blocks_editor_width":"","advgb_blocks_columns_visual_guide":"","_exactmetrics_skip_tracking":false,"_exactmetrics_sitenote_active":false,"_exactmetrics_sitenote_note":"","_exactmetrics_sitenote_category":0,"footnotes":""},"categories":[12],"tags":[2241,2243],"class_list":["post-13258","post","type-post","status-publish","format-standard","has-post-thumbnail","hentry","category-politica","tag-eduardo-azeredo","tag-mensalao-tucano"],"better_featured_image":{"id":5587,"alt_text":"","caption":"","description":"","media_type":"image","media_details":{"width":600,"height":400,"file":"2017\/01\/azeredo.jpg","sizes":{"thumbnail":{"file":"azeredo-150x100.jpg","width":150,"height":100,"mime-type":"image\/jpeg","source_url":"https:\/\/lavras.tv\/site\/wp-content\/uploads\/2017\/01\/azeredo-150x100.jpg"},"medium":{"file":"azeredo-300x200.jpg","width":300,"height":200,"mime-type":"image\/jpeg","source_url":"https:\/\/lavras.tv\/site\/wp-content\/uploads\/2017\/01\/azeredo-300x200.jpg"},"featured-post-img":{"file":"azeredo-480x320.jpg","width":480,"height":320,"mime-type":"image\/jpeg","source_url":"https:\/\/lavras.tv\/site\/wp-content\/uploads\/2017\/01\/azeredo-480x320.jpg"},"sow-carousel-default":{"file":"azeredo-272x182.jpg","width":272,"height":182,"mime-type":"image\/jpeg","source_url":"https:\/\/lavras.tv\/site\/wp-content\/uploads\/2017\/01\/azeredo-272x182.jpg"}},"image_meta":{"aperture":"0","credit":"","camera":"","caption":"","created_timestamp":"0","copyright":"","focal_length":"0","iso":"0","shutter_speed":"0","title":"","orientation":"0","keywords":[]}},"post":5586,"source_url":"https:\/\/lavras.tv\/site\/wp-content\/uploads\/2017\/01\/azeredo.jpg"},"author_meta":{"display_name":"Lavras TV","author_link":"https:\/\/lavras.tv\/site\/author\/lavrastv\/"},"featured_img":"https:\/\/lavras.tv\/site\/wp-content\/uploads\/2017\/01\/azeredo-300x200.jpg","coauthors":[],"tax_additional":{"categories":{"linked":["<a href=\"https:\/\/lavras.tv\/site\/category\/politica\/\" class=\"advgb-post-tax-term\">Pol\u00edtica<\/a>"],"unlinked":["<span class=\"advgb-post-tax-term\">Pol\u00edtica<\/span>"]},"tags":{"linked":["<a href=\"https:\/\/lavras.tv\/site\/category\/politica\/\" class=\"advgb-post-tax-term\">eduardo azeredo<\/a>","<a href=\"https:\/\/lavras.tv\/site\/category\/politica\/\" class=\"advgb-post-tax-term\">mensal\u00e3o tucano<\/a>"],"unlinked":["<span class=\"advgb-post-tax-term\">eduardo azeredo<\/span>","<span class=\"advgb-post-tax-term\">mensal\u00e3o tucano<\/span>"]}},"comment_count":"0","relative_dates":{"created":"Publicado 8 anos atr\u00e1s","modified":"Atualizado 8 anos atr\u00e1s"},"absolute_dates":{"created":"Publicado em 22 de novembro de 2017","modified":"Atualizado em 22 de novembro de 2017"},"absolute_dates_time":{"created":"Publicado em 22 de novembro de 2017 08:42","modified":"Atualizado em 22 de novembro de 2017 08:42"},"featured_img_caption":"","series_order":"","_links":{"self":[{"href":"https:\/\/lavras.tv\/site\/wp-json\/wp\/v2\/posts\/13258","targetHints":{"allow":["GET"]}}],"collection":[{"href":"https:\/\/lavras.tv\/site\/wp-json\/wp\/v2\/posts"}],"about":[{"href":"https:\/\/lavras.tv\/site\/wp-json\/wp\/v2\/types\/post"}],"author":[{"embeddable":true,"href":"https:\/\/lavras.tv\/site\/wp-json\/wp\/v2\/users\/2"}],"replies":[{"embeddable":true,"href":"https:\/\/lavras.tv\/site\/wp-json\/wp\/v2\/comments?post=13258"}],"version-history":[{"count":1,"href":"https:\/\/lavras.tv\/site\/wp-json\/wp\/v2\/posts\/13258\/revisions"}],"predecessor-version":[{"id":13259,"href":"https:\/\/lavras.tv\/site\/wp-json\/wp\/v2\/posts\/13258\/revisions\/13259"}],"wp:featuredmedia":[{"embeddable":true,"href":"https:\/\/lavras.tv\/site\/wp-json\/wp\/v2\/media\/5587"}],"wp:attachment":[{"href":"https:\/\/lavras.tv\/site\/wp-json\/wp\/v2\/media?parent=13258"}],"wp:term":[{"taxonomy":"category","embeddable":true,"href":"https:\/\/lavras.tv\/site\/wp-json\/wp\/v2\/categories?post=13258"},{"taxonomy":"post_tag","embeddable":true,"href":"https:\/\/lavras.tv\/site\/wp-json\/wp\/v2\/tags?post=13258"}],"curies":[{"name":"wp","href":"https:\/\/api.w.org\/{rel}","templated":true}]}}