{"id":132664,"date":"2024-10-25T18:16:59","date_gmt":"2024-10-25T21:16:59","guid":{"rendered":"https:\/\/lavras.tv\/site\/?p=132664"},"modified":"2024-10-25T18:17:00","modified_gmt":"2024-10-25T21:17:00","slug":"mineirao-realiza-testes-para-implementacao-de-biometria-facial","status":"publish","type":"post","link":"https:\/\/lavras.tv\/site\/2024\/10\/25\/mineirao-realiza-testes-para-implementacao-de-biometria-facial\/","title":{"rendered":"Mineir\u00e3o realiza testes para implementa\u00e7\u00e3o de biometria facial"},"content":{"rendered":"<div class=\"lavra-antes-do-conteudo_2\" id=\"lavra-2433761714\"><div id=\"lavra-slider-27\" class=\"custom-slider lavra-slider-1795838523 lavra-slider\"><ul><li><div style=\"margin-left: auto;margin-right: auto;text-align: center;\" id=\"lavra-4289406071\"><a href=\"https:\/\/sistemas.lavras.mg.gov.br\/portalcidadao\/#df1b1a7c7b2a290bcb31e32771e610784662739a88807c0dacac58ede5f391a7530e299dc302d611ee73cb143fc22eaf93592e53e7b5bdb01b00a0b8d28dae460c141dd2ff83412e4dc1c31b16b25f33144a9e5620ea73b13f5bc1c59411d98439ad226e8af03840603796067d87afe130812cf3de24982d0e306f9e61e764e5\" aria-label=\"Lavras-TV&#8211;720x104px (1) (1)\"><img src=\"https:\/\/lavras.tv\/site\/wp-content\/uploads\/2025\/01\/Lavras-TV-720x104px-1-1.png\" alt=\"\"  srcset=\"https:\/\/lavras.tv\/site\/wp-content\/uploads\/2025\/01\/Lavras-TV-720x104px-1-1.png 720w, https:\/\/lavras.tv\/site\/wp-content\/uploads\/2025\/01\/Lavras-TV-720x104px-1-1-470x68.png 470w, https:\/\/lavras.tv\/site\/wp-content\/uploads\/2025\/01\/Lavras-TV-720x104px-1-1-170x25.png 170w, https:\/\/lavras.tv\/site\/wp-content\/uploads\/2025\/01\/Lavras-TV-720x104px-1-1-200x29.png 200w\" sizes=\"(max-width: 720px) 100vw, 720px\" width=\"720\" height=\"104\"  style=\"display: inline-block;\" \/><\/a><\/div><\/li><li><a href=\"https:\/\/sistemas.lavras.mg.gov.br\/portalcidadao\/#df1b1a7c7b2a290bcb31e32771e610784662739a88807c0dacac58ede5f391a7530e299dc302d611ee73cb143fc22eaf93592e53e7b5bdb01b00a0b8d28dae460c141dd2ff83412e4dc1c31b16b25f33144a9e5620ea73b13f5bc1c59411d98439ad226e8af03840603796067d87afe130812cf3de24982d0e306f9e61e764e5\" aria-label=\"Banner_Emprego_PortallavrasTV\"><img src=\"https:\/\/lavras.tv\/site\/wp-content\/uploads\/2025\/03\/Banner_Emprego_PortallavrasTV.png\" alt=\"\"  srcset=\"https:\/\/lavras.tv\/site\/wp-content\/uploads\/2025\/03\/Banner_Emprego_PortallavrasTV.png 720w, https:\/\/lavras.tv\/site\/wp-content\/uploads\/2025\/03\/Banner_Emprego_PortallavrasTV-470x68.png 470w, https:\/\/lavras.tv\/site\/wp-content\/uploads\/2025\/03\/Banner_Emprego_PortallavrasTV-170x25.png 170w, https:\/\/lavras.tv\/site\/wp-content\/uploads\/2025\/03\/Banner_Emprego_PortallavrasTV-200x29.png 200w\" sizes=\"(max-width: 720px) 100vw, 720px\" width=\"720\" height=\"104\"   \/><\/a><\/li><li><a href=\"https:\/\/sistemas.lavras.mg.gov.br\/portalcidadao\/#df1b1a7c7b2a290bcb31e32771e610784662739a88807c0dacac58ede5f391a7530e299dc302d611ee73cb143fc22eaf93592e53e7b5bdb01b00a0b8d28dae460c141dd2ff83412e4dc1c31b16b25f33144a9e5620ea73b13f5bc1c59411d98439ad226e8af03840603796067d87afe130812cf3de24982d0e306f9e61e764e5\" aria-label=\"Banner_Obras_PortallavrasTV\"><img src=\"https:\/\/lavras.tv\/site\/wp-content\/uploads\/2025\/03\/Banner_Obras_PortallavrasTV.png\" alt=\"\"  srcset=\"https:\/\/lavras.tv\/site\/wp-content\/uploads\/2025\/03\/Banner_Obras_PortallavrasTV.png 720w, https:\/\/lavras.tv\/site\/wp-content\/uploads\/2025\/03\/Banner_Obras_PortallavrasTV-470x68.png 470w, https:\/\/lavras.tv\/site\/wp-content\/uploads\/2025\/03\/Banner_Obras_PortallavrasTV-170x25.png 170w, https:\/\/lavras.tv\/site\/wp-content\/uploads\/2025\/03\/Banner_Obras_PortallavrasTV-200x29.png 200w\" sizes=\"(max-width: 720px) 100vw, 720px\" width=\"720\" height=\"104\"   \/><\/a><\/li><li><div style=\"margin-left: auto;margin-right: auto;text-align: center;\" id=\"lavra-789999593\"><a href=\"https:\/\/sistemas.lavras.mg.gov.br\/portalcidadao\/#df1b1a7c7b2a290bcb31e32771e610784662739a88807c0dacac58ede5f391a7530e299dc302d611ee73cb143fc22eaf93592e53e7b5bdb01b00a0b8d28dae460c141dd2ff83412e4dc1c31b16b25f33144a9e5620ea73b13f5bc1c59411d98439ad226e8af03840603796067d87afe130812cf3de24982d0e306f9e61e764e5\" aria-label=\"Banner_Educa\u00e7\u00e3o_PortallavrasTV\"><img src=\"https:\/\/lavras.tv\/site\/wp-content\/uploads\/2025\/01\/Banner_Educacao_PortallavrasTV.png\" alt=\"\"  srcset=\"https:\/\/lavras.tv\/site\/wp-content\/uploads\/2025\/01\/Banner_Educacao_PortallavrasTV.png 720w, https:\/\/lavras.tv\/site\/wp-content\/uploads\/2025\/01\/Banner_Educacao_PortallavrasTV-470x68.png 470w, https:\/\/lavras.tv\/site\/wp-content\/uploads\/2025\/01\/Banner_Educacao_PortallavrasTV-170x25.png 170w, https:\/\/lavras.tv\/site\/wp-content\/uploads\/2025\/01\/Banner_Educacao_PortallavrasTV-200x29.png 200w\" sizes=\"(max-width: 720px) 100vw, 720px\" width=\"720\" height=\"104\"  style=\"display: inline-block;\" \/><\/a><\/div><\/li><li><a href=\"https:\/\/sistemas.lavras.mg.gov.br\/portalcidadao\/#df1b1a7c7b2a290bcb31e32771e610784662739a88807c0dacac58ede5f391a7530e299dc302d611ee73cb143fc22eaf93592e53e7b5bdb01b00a0b8d28dae460c141dd2ff83412e4dc1c31b16b25f33144a9e5620ea73b13f5bc1c59411d98439ad226e8af03840603796067d87afe130812cf3de24982d0e306f9e61e764e5\" aria-label=\"Banner_Sa\u00fade_PortallavrasTV\"><img src=\"https:\/\/lavras.tv\/site\/wp-content\/uploads\/2025\/03\/Banner_Saude_PortallavrasTV.png\" alt=\"\"  srcset=\"https:\/\/lavras.tv\/site\/wp-content\/uploads\/2025\/03\/Banner_Saude_PortallavrasTV.png 720w, https:\/\/lavras.tv\/site\/wp-content\/uploads\/2025\/03\/Banner_Saude_PortallavrasTV-470x68.png 470w, https:\/\/lavras.tv\/site\/wp-content\/uploads\/2025\/03\/Banner_Saude_PortallavrasTV-170x25.png 170w, https:\/\/lavras.tv\/site\/wp-content\/uploads\/2025\/03\/Banner_Saude_PortallavrasTV-200x29.png 200w\" sizes=\"(max-width: 720px) 100vw, 720px\" width=\"720\" height=\"104\"   \/><\/a><\/li><li><div id=\"lavra-1754385208\" style=\"width:720px;height:104px;background-color:#ddd;overflow:scroll;\">\n\t<strong>Sa\u00edda da depura\u00e7\u00e3o de an\u00fancios<\/strong>\n\t<br><br>\n\tO an\u00fancio n\u00e3o \u00e9 exibido na p\u00e1gina<br><br>post atual: Mineir\u00e3o realiza testes para implementa\u00e7\u00e3o de biometria facial, ID: 132664<br><br><span style=\"color: red;\">O post atual n\u00e3o \u00e9 id\u00eantico ao post principal.<\/span><br><br>An\u00fancios: ROXO - TOPO INTERNA - ROTATIVO 2 (197)<br \/>Grupo de an\u00fancios: Princ_Meio01_720x104 (27)<br><br>Condi\u00e7\u00f5es de exibi\u00e7\u00e3o<div style=\"margin-bottom: 20px; white-space: pre-wrap; font-family: monospace; width: 100%; background: #ffe9e9;\"><strong>condi\u00e7\u00f5es gerais<\/strong><table border=\"1\"><thead><tr><th><\/th><th>An\u00fancios<\/th><th>wp_the_query<\/th><\/tr><\/thead><tr><td>is_main_query<\/td><td>1<\/td><td>1<\/td><\/tr><tr><td>is_rest_api<\/td><td>0<\/td><td>1<\/td><\/tr><tr><td>page<\/td><td>0<\/td><td>1<\/td><\/tr><tr><td>numpages<\/td><td>0<\/td><td>1<\/td><\/tr><tr><td>is_archive<\/td><td>1<\/td><td><\/td><\/tr><tr><td>is_search<\/td><td>1<\/td><td><\/td><\/tr><tr><td>is_home<\/td><td>1<\/td><td><\/td><\/tr><tr><td>is_404<\/td><td>1<\/td><td><\/td><\/tr><tr><td>is_attachment<\/td><td>1<\/td><td><\/td><\/tr><tr><td>is_singular<\/td><td>1<\/td><td><\/td><\/tr><tr><td>is_front_page<\/td><td>1<\/td><td><\/td><\/tr><tr><td>is_feed<\/td><td>1<\/td><td><\/td><\/tr><\/table><\/div><br><br><span style=\"color: red;\">Seu site usa HTTPS, mas o c\u00f3digo do an\u00fancio cont\u00e9m HTTP e pode n\u00e3o funcionar.<\/span>\t<br><br>\n\t<a style=\"color: green;\" href=\"https:\/\/wpadvancedads.com\/manual\/ad-debug-mode\/?utm_source=advanced-ads&utm_medium=link&utm_campaign=ad-debug-mode\" target=\"_blank\" rel=\"nofollow\">Encontre solu\u00e7\u00f5es no manual<\/a>\n<\/div>\n<\/li><\/ul><\/div><script>( window.advanced_ads_ready || jQuery( document ).ready ).call( null, function() {var $lavraslider1795838523 = jQuery( \".lavra-slider-1795838523\" );$lavraslider1795838523.on( \"unslider.ready\", function() { jQuery( \"div.custom-slider ul li\" ).css( \"display\", \"block\" ); });$lavraslider1795838523.unslider({ delay:4000, autoplay:true, nav:false, arrows:false, infinite:true });$lavraslider1795838523.on(\"mouseover\", function() {$lavraslider1795838523.unslider(\"stop\");}).on(\"mouseout\", function() {$lavraslider1795838523.unslider(\"start\");});});<\/script><\/div>\n<p><em>Ado\u00e7\u00e3o da tecnologia vai refor\u00e7ar a seguran\u00e7a e combater venda ilegal de ingressos<\/em><\/p>\n\n\n\n<figure class=\"wp-block-image size-large\"><img fetchpriority=\"high\" decoding=\"async\" width=\"970\" height=\"646\" src=\"https:\/\/lavras.tv\/site\/wp-content\/uploads\/2024\/10\/Foto-Mineirao_Agencia-i7-970x646.jpeg\" alt=\"\" class=\"wp-image-132665\" srcset=\"https:\/\/lavras.tv\/site\/wp-content\/uploads\/2024\/10\/Foto-Mineirao_Agencia-i7-970x646.jpeg 970w, https:\/\/lavras.tv\/site\/wp-content\/uploads\/2024\/10\/Foto-Mineirao_Agencia-i7-450x300.jpeg 450w, https:\/\/lavras.tv\/site\/wp-content\/uploads\/2024\/10\/Foto-Mineirao_Agencia-i7-170x113.jpeg 170w, https:\/\/lavras.tv\/site\/wp-content\/uploads\/2024\/10\/Foto-Mineirao_Agencia-i7-200x133.jpeg 200w, https:\/\/lavras.tv\/site\/wp-content\/uploads\/2024\/10\/Foto-Mineirao_Agencia-i7-1536x1023.jpeg 1536w, https:\/\/lavras.tv\/site\/wp-content\/uploads\/2024\/10\/Foto-Mineirao_Agencia-i7.jpeg 1600w\" sizes=\"(max-width: 970px) 100vw, 970px\" \/><\/figure>\n\n\n\n<p>O Mineir\u00e3o iniciou, durante a partida entre Cruzeiro e Bahia pelo Campeonato Brasileiro, os primeiros testes de biometria facial para o acesso dos torcedores ao est\u00e1dio. Desde 2010, o local \u00e9 administrado por uma Parceria P\u00fablico-Privada (PPP) entre o&nbsp;<a href=\"https:\/\/www.mg.gov.br\/\" rel=\"noreferrer noopener\" target=\"_blank\">Governo de Minas<\/a>, por meio da&nbsp;<a href=\"http:\/\/www.infraestrutura.mg.gov.br\/\" rel=\"noreferrer noopener\" target=\"_blank\">Secretaria de Estado de Infraestrutura, Mobilidade e Parcerias (Seinfra)<\/a>, e a concession\u00e1ria Minas Arena.<\/p>\n\n\n\n<p>A ado\u00e7\u00e3o da tecnologia de reconhecimento facial \u00e9 uma medida importante para refor\u00e7ar a seguran\u00e7a e inibir a a\u00e7\u00e3o de cambistas. O sistema permite uma fiscaliza\u00e7\u00e3o mais eficiente, coibindo a revenda ilegal de ingressos e oferecendo mais tranquilidade aos torcedores, al\u00e9m de agilizar a entrada no est\u00e1dio.&nbsp;<\/p>\n\n\n\n<p>A iniciativa faz parte do planejamento para a ado\u00e7\u00e3o do sistema em arenas com capacidade acima de 20 mil pessoas, conforme previsto na nova Lei Geral do Esporte, sancionada em 2023.<\/p>\n\n\n\n<p>\u201cA concess\u00e3o \u00e9 fundamental para a moderniza\u00e7\u00e3o do est\u00e1dio, permitindo constantes investimentos em tecnologia e infraestrutura. Esse \u00e9 mais um resultado positivo dessa parceria, que, al\u00e9m de combater pr\u00e1ticas ilegais como o cambismo, oferece uma experi\u00eancia mais segura para o torcedor\u201d, destacou o secret\u00e1rio de Estado de Infraestrutura, Pedro Bruno.&nbsp;<\/p>\n\n\n\n<p><strong>Funcionamento&nbsp;<\/strong><\/p>\n\n\n\n<p>O primeiro teste de reconhecimento facial foi realizado no acesso ao Camarote Brahma, pelo hall principal, que comporta 200 torcedores, e seguir\u00e1 pelas pr\u00f3ximas partidas. Gradativamente, o sistema ser\u00e1 expandido para as demais catracas do est\u00e1dio.&nbsp;<\/p>\n\n\n\n<p>&#8220;Diferentemente de outros est\u00e1dios, no Mineir\u00e3o criamos uma solu\u00e7\u00e3o pr\u00f3pria, um software desenvolvido pela nossa equipe de inova\u00e7\u00e3o. O sistema verifica se \u00e9 realmente um rosto humano, se a face corresponde ao documento de identifica\u00e7\u00e3o e ao cadastro feito na compra do ingresso&#8221;, explica o coordenador de Inova\u00e7\u00e3o do Mineir\u00e3o, Bruno Antunes.<\/p>\n\n\n\n<p>O sistema de biometria facial poder\u00e1 ser integrado a qualquer sistema de venda de ingressos dos clubes, garantindo mais praticidade e seguran\u00e7a no acesso aos jogos.&nbsp;<\/p>\n\n\n\n<p><strong>Concess\u00e3o<\/strong><\/p>\n\n\n\n<p>Desde a assinatura do contrato de concess\u00e3o, em 2010, o Mineir\u00e3o passou por diversas melhorias que ampliaram e diversificaram suas \u00e1reas de uso, como a cria\u00e7\u00e3o da esplanada, novos estacionamentos, espa\u00e7os comerciais e uma nova cobertura. Al\u00e9m disso, o est\u00e1dio recebeu interven\u00e7\u00f5es para moderniza\u00e7\u00e3o da fachada e estrutura interna, instala\u00e7\u00e3o de pain\u00e9is solares, placares eletr\u00f4nicos, e reforma de arquibancadas e vesti\u00e1rios.<\/p>\n","protected":false},"excerpt":{"rendered":"<p>Ado\u00e7\u00e3o da tecnologia vai refor\u00e7ar a seguran\u00e7a e combater venda ilegal de ingressos O Mineir\u00e3o iniciou, durante a partida entre Cruzeiro e Bahia pelo Campeonato Brasileiro, os primeiros testes de biometria facial para o acesso dos torcedores ao est\u00e1dio. Desde 2010, o local \u00e9 administrado por uma Parceria P\u00fablico-Privada (PPP) entre o&nbsp;Governo de Minas, por [&hellip;]<\/p>\n","protected":false},"author":5,"featured_media":132665,"comment_status":"closed","ping_status":"open","sticky":false,"template":"","format":"standard","meta":{"advgb_blocks_editor_width":"","advgb_blocks_columns_visual_guide":"","_exactmetrics_skip_tracking":false,"_exactmetrics_sitenote_active":false,"_exactmetrics_sitenote_note":"","_exactmetrics_sitenote_category":0,"footnotes":""},"categories":[7,3,2],"tags":[],"class_list":["post-132664","post","type-post","status-publish","format-standard","has-post-thumbnail","hentry","category-destaques","category-esportes","category-noticias"],"better_featured_image":{"id":132665,"alt_text":"","caption":"","description":"","media_type":"image","media_details":{"width":1600,"height":1066,"file":"2024\/10\/Foto-Mineirao_Agencia-i7.jpeg","filesize":206369,"sizes":{"medium":{"file":"Foto-Mineirao_Agencia-i7-450x300.jpeg","width":450,"height":300,"mime-type":"image\/jpeg","filesize":22805,"source_url":"https:\/\/lavras.tv\/site\/wp-content\/uploads\/2024\/10\/Foto-Mineirao_Agencia-i7-450x300.jpeg"},"large":{"file":"Foto-Mineirao_Agencia-i7-970x646.jpeg","width":970,"height":646,"mime-type":"image\/jpeg","filesize":66550,"source_url":"https:\/\/lavras.tv\/site\/wp-content\/uploads\/2024\/10\/Foto-Mineirao_Agencia-i7-970x646.jpeg"},"thumbnail":{"file":"Foto-Mineirao_Agencia-i7-170x113.jpeg","width":170,"height":113,"mime-type":"image\/jpeg","filesize":5748,"source_url":"https:\/\/lavras.tv\/site\/wp-content\/uploads\/2024\/10\/Foto-Mineirao_Agencia-i7-170x113.jpeg"},"lshowcase-thumb":{"file":"Foto-Mineirao_Agencia-i7-200x133.jpeg","width":200,"height":133,"mime-type":"image\/jpeg","filesize":7137,"source_url":"https:\/\/lavras.tv\/site\/wp-content\/uploads\/2024\/10\/Foto-Mineirao_Agencia-i7-200x133.jpeg"},"1536x1536":{"file":"Foto-Mineirao_Agencia-i7-1536x1023.jpeg","width":1536,"height":1023,"mime-type":"image\/jpeg","filesize":126045,"source_url":"https:\/\/lavras.tv\/site\/wp-content\/uploads\/2024\/10\/Foto-Mineirao_Agencia-i7-1536x1023.jpeg"},"alm-thumbnail":{"file":"Foto-Mineirao_Agencia-i7-150x150.jpeg","width":150,"height":150,"mime-type":"image\/jpeg","filesize":6211,"source_url":"https:\/\/lavras.tv\/site\/wp-content\/uploads\/2024\/10\/Foto-Mineirao_Agencia-i7-150x150.jpeg"}},"image_meta":{"aperture":"0","credit":"","camera":"","caption":"","created_timestamp":"0","copyright":"","focal_length":"0","iso":"0","shutter_speed":"0","title":"","orientation":"0","keywords":[]}},"post":132664,"source_url":"https:\/\/lavras.tv\/site\/wp-content\/uploads\/2024\/10\/Foto-Mineirao_Agencia-i7.jpeg"},"author_meta":{"display_name":"Vinicius Bustamante","author_link":"https:\/\/lavras.tv\/site\/author\/vinicius-bustamante\/"},"featured_img":"https:\/\/lavras.tv\/site\/wp-content\/uploads\/2024\/10\/Foto-Mineirao_Agencia-i7-450x300.jpeg","coauthors":[],"tax_additional":{"categories":{"linked":["<a href=\"https:\/\/lavras.tv\/site\/category\/destaques\/\" class=\"advgb-post-tax-term\">Destaques<\/a>","<a href=\"https:\/\/lavras.tv\/site\/category\/esportes\/\" class=\"advgb-post-tax-term\">Esportes<\/a>","<a href=\"https:\/\/lavras.tv\/site\/category\/noticias\/\" class=\"advgb-post-tax-term\">Not\u00edcias<\/a>"],"unlinked":["<span class=\"advgb-post-tax-term\">Destaques<\/span>","<span class=\"advgb-post-tax-term\">Esportes<\/span>","<span class=\"advgb-post-tax-term\">Not\u00edcias<\/span>"]}},"comment_count":"0","relative_dates":{"created":"Publicado 2 anos atr\u00e1s","modified":"Atualizado 2 anos atr\u00e1s"},"absolute_dates":{"created":"Publicado em 25 de outubro de 2024","modified":"Atualizado em 25 de outubro de 2024"},"absolute_dates_time":{"created":"Publicado em 25 de outubro de 2024 18:16","modified":"Atualizado em 25 de outubro de 2024 18:17"},"featured_img_caption":"","series_order":"","_links":{"self":[{"href":"https:\/\/lavras.tv\/site\/wp-json\/wp\/v2\/posts\/132664","targetHints":{"allow":["GET"]}}],"collection":[{"href":"https:\/\/lavras.tv\/site\/wp-json\/wp\/v2\/posts"}],"about":[{"href":"https:\/\/lavras.tv\/site\/wp-json\/wp\/v2\/types\/post"}],"author":[{"embeddable":true,"href":"https:\/\/lavras.tv\/site\/wp-json\/wp\/v2\/users\/5"}],"replies":[{"embeddable":true,"href":"https:\/\/lavras.tv\/site\/wp-json\/wp\/v2\/comments?post=132664"}],"version-history":[{"count":1,"href":"https:\/\/lavras.tv\/site\/wp-json\/wp\/v2\/posts\/132664\/revisions"}],"predecessor-version":[{"id":132666,"href":"https:\/\/lavras.tv\/site\/wp-json\/wp\/v2\/posts\/132664\/revisions\/132666"}],"wp:featuredmedia":[{"embeddable":true,"href":"https:\/\/lavras.tv\/site\/wp-json\/wp\/v2\/media\/132665"}],"wp:attachment":[{"href":"https:\/\/lavras.tv\/site\/wp-json\/wp\/v2\/media?parent=132664"}],"wp:term":[{"taxonomy":"category","embeddable":true,"href":"https:\/\/lavras.tv\/site\/wp-json\/wp\/v2\/categories?post=132664"},{"taxonomy":"post_tag","embeddable":true,"href":"https:\/\/lavras.tv\/site\/wp-json\/wp\/v2\/tags?post=132664"}],"curies":[{"name":"wp","href":"https:\/\/api.w.org\/{rel}","templated":true}]}}