{"id":13279,"date":"2017-11-23T08:50:48","date_gmt":"2017-11-23T10:50:48","guid":{"rendered":"http:\/\/lavras.tv\/site\/?p=13279"},"modified":"2017-11-23T08:50:48","modified_gmt":"2017-11-23T10:50:48","slug":"aprovado-o-plano-integrado-de-recursos-hidricos-da-bacia-hidrografica-do-rio-grande","status":"publish","type":"post","link":"https:\/\/lavras.tv\/site\/2017\/11\/23\/aprovado-o-plano-integrado-de-recursos-hidricos-da-bacia-hidrografica-do-rio-grande\/","title":{"rendered":"Aprovado o Plano Integrado de Recursos H\u00eddricos da Bacia Hidrogr\u00e1fica do Rio Grande"},"content":{"rendered":"<div class=\"lavra-antes-do-conteudo_2\" id=\"lavra-493641778\"><div id=\"lavra-slider-27\" class=\"custom-slider lavra-slider-3472847262 lavra-slider\"><ul><li><div style=\"margin-left: auto;margin-right: auto;text-align: center;\" id=\"lavra-596204761\"><a href=\"https:\/\/sistemas.lavras.mg.gov.br\/portalcidadao\/#df1b1a7c7b2a290bcb31e32771e610784662739a88807c0dacac58ede5f391a7530e299dc302d611ee73cb143fc22eaf93592e53e7b5bdb01b00a0b8d28dae460c141dd2ff83412e4dc1c31b16b25f33144a9e5620ea73b13f5bc1c59411d98439ad226e8af03840603796067d87afe130812cf3de24982d0e306f9e61e764e5\" aria-label=\"Lavras-TV&#8211;720x104px (1) (1)\"><img src=\"https:\/\/lavras.tv\/site\/wp-content\/uploads\/2025\/01\/Lavras-TV-720x104px-1-1.png\" alt=\"\"  srcset=\"https:\/\/lavras.tv\/site\/wp-content\/uploads\/2025\/01\/Lavras-TV-720x104px-1-1.png 720w, https:\/\/lavras.tv\/site\/wp-content\/uploads\/2025\/01\/Lavras-TV-720x104px-1-1-470x68.png 470w, https:\/\/lavras.tv\/site\/wp-content\/uploads\/2025\/01\/Lavras-TV-720x104px-1-1-170x25.png 170w, https:\/\/lavras.tv\/site\/wp-content\/uploads\/2025\/01\/Lavras-TV-720x104px-1-1-200x29.png 200w\" sizes=\"(max-width: 720px) 100vw, 720px\" width=\"720\" height=\"104\"  style=\"display: inline-block;\" \/><\/a><\/div><\/li><li><a href=\"https:\/\/sistemas.lavras.mg.gov.br\/portalcidadao\/#df1b1a7c7b2a290bcb31e32771e610784662739a88807c0dacac58ede5f391a7530e299dc302d611ee73cb143fc22eaf93592e53e7b5bdb01b00a0b8d28dae460c141dd2ff83412e4dc1c31b16b25f33144a9e5620ea73b13f5bc1c59411d98439ad226e8af03840603796067d87afe130812cf3de24982d0e306f9e61e764e5\" aria-label=\"Banner_Emprego_PortallavrasTV\"><img src=\"https:\/\/lavras.tv\/site\/wp-content\/uploads\/2025\/03\/Banner_Emprego_PortallavrasTV.png\" alt=\"\"  srcset=\"https:\/\/lavras.tv\/site\/wp-content\/uploads\/2025\/03\/Banner_Emprego_PortallavrasTV.png 720w, https:\/\/lavras.tv\/site\/wp-content\/uploads\/2025\/03\/Banner_Emprego_PortallavrasTV-470x68.png 470w, https:\/\/lavras.tv\/site\/wp-content\/uploads\/2025\/03\/Banner_Emprego_PortallavrasTV-170x25.png 170w, https:\/\/lavras.tv\/site\/wp-content\/uploads\/2025\/03\/Banner_Emprego_PortallavrasTV-200x29.png 200w\" sizes=\"(max-width: 720px) 100vw, 720px\" width=\"720\" height=\"104\"   \/><\/a><\/li><li><a href=\"https:\/\/sistemas.lavras.mg.gov.br\/portalcidadao\/#df1b1a7c7b2a290bcb31e32771e610784662739a88807c0dacac58ede5f391a7530e299dc302d611ee73cb143fc22eaf93592e53e7b5bdb01b00a0b8d28dae460c141dd2ff83412e4dc1c31b16b25f33144a9e5620ea73b13f5bc1c59411d98439ad226e8af03840603796067d87afe130812cf3de24982d0e306f9e61e764e5\" aria-label=\"Banner_Obras_PortallavrasTV\"><img src=\"https:\/\/lavras.tv\/site\/wp-content\/uploads\/2025\/03\/Banner_Obras_PortallavrasTV.png\" alt=\"\"  srcset=\"https:\/\/lavras.tv\/site\/wp-content\/uploads\/2025\/03\/Banner_Obras_PortallavrasTV.png 720w, https:\/\/lavras.tv\/site\/wp-content\/uploads\/2025\/03\/Banner_Obras_PortallavrasTV-470x68.png 470w, https:\/\/lavras.tv\/site\/wp-content\/uploads\/2025\/03\/Banner_Obras_PortallavrasTV-170x25.png 170w, https:\/\/lavras.tv\/site\/wp-content\/uploads\/2025\/03\/Banner_Obras_PortallavrasTV-200x29.png 200w\" sizes=\"(max-width: 720px) 100vw, 720px\" width=\"720\" height=\"104\"   \/><\/a><\/li><li><div style=\"margin-left: auto;margin-right: auto;text-align: center;\" id=\"lavra-1793910112\"><a href=\"https:\/\/sistemas.lavras.mg.gov.br\/portalcidadao\/#df1b1a7c7b2a290bcb31e32771e610784662739a88807c0dacac58ede5f391a7530e299dc302d611ee73cb143fc22eaf93592e53e7b5bdb01b00a0b8d28dae460c141dd2ff83412e4dc1c31b16b25f33144a9e5620ea73b13f5bc1c59411d98439ad226e8af03840603796067d87afe130812cf3de24982d0e306f9e61e764e5\" aria-label=\"Banner_Educa\u00e7\u00e3o_PortallavrasTV\"><img src=\"https:\/\/lavras.tv\/site\/wp-content\/uploads\/2025\/01\/Banner_Educacao_PortallavrasTV.png\" alt=\"\"  srcset=\"https:\/\/lavras.tv\/site\/wp-content\/uploads\/2025\/01\/Banner_Educacao_PortallavrasTV.png 720w, https:\/\/lavras.tv\/site\/wp-content\/uploads\/2025\/01\/Banner_Educacao_PortallavrasTV-470x68.png 470w, https:\/\/lavras.tv\/site\/wp-content\/uploads\/2025\/01\/Banner_Educacao_PortallavrasTV-170x25.png 170w, https:\/\/lavras.tv\/site\/wp-content\/uploads\/2025\/01\/Banner_Educacao_PortallavrasTV-200x29.png 200w\" sizes=\"(max-width: 720px) 100vw, 720px\" width=\"720\" height=\"104\"  style=\"display: inline-block;\" \/><\/a><\/div><\/li><li><a href=\"https:\/\/sistemas.lavras.mg.gov.br\/portalcidadao\/#df1b1a7c7b2a290bcb31e32771e610784662739a88807c0dacac58ede5f391a7530e299dc302d611ee73cb143fc22eaf93592e53e7b5bdb01b00a0b8d28dae460c141dd2ff83412e4dc1c31b16b25f33144a9e5620ea73b13f5bc1c59411d98439ad226e8af03840603796067d87afe130812cf3de24982d0e306f9e61e764e5\" aria-label=\"Banner_Sa\u00fade_PortallavrasTV\"><img src=\"https:\/\/lavras.tv\/site\/wp-content\/uploads\/2025\/03\/Banner_Saude_PortallavrasTV.png\" alt=\"\"  srcset=\"https:\/\/lavras.tv\/site\/wp-content\/uploads\/2025\/03\/Banner_Saude_PortallavrasTV.png 720w, https:\/\/lavras.tv\/site\/wp-content\/uploads\/2025\/03\/Banner_Saude_PortallavrasTV-470x68.png 470w, https:\/\/lavras.tv\/site\/wp-content\/uploads\/2025\/03\/Banner_Saude_PortallavrasTV-170x25.png 170w, https:\/\/lavras.tv\/site\/wp-content\/uploads\/2025\/03\/Banner_Saude_PortallavrasTV-200x29.png 200w\" sizes=\"(max-width: 720px) 100vw, 720px\" width=\"720\" height=\"104\"   \/><\/a><\/li><li><div id=\"lavra-1524771577\" style=\"width:720px;height:104px;background-color:#ddd;overflow:scroll;\">\n\t<strong>Sa\u00edda da depura\u00e7\u00e3o de an\u00fancios<\/strong>\n\t<br><br>\n\tO an\u00fancio n\u00e3o \u00e9 exibido na p\u00e1gina<br><br>post atual: Aprovado o Plano Integrado de Recursos H\u00eddricos da Bacia Hidrogr\u00e1fica do Rio Grande, ID: 13279<br><br><span style=\"color: red;\">O post atual n\u00e3o \u00e9 id\u00eantico ao post principal.<\/span><br><br>An\u00fancios: ROXO - TOPO INTERNA - ROTATIVO 2 (197)<br \/>Grupo de an\u00fancios: Princ_Meio01_720x104 (27)<br><br>Condi\u00e7\u00f5es de exibi\u00e7\u00e3o<div style=\"margin-bottom: 20px; white-space: pre-wrap; font-family: monospace; width: 100%; background: #ffe9e9;\"><strong>condi\u00e7\u00f5es gerais<\/strong><table border=\"1\"><thead><tr><th><\/th><th>An\u00fancios<\/th><th>wp_the_query<\/th><\/tr><\/thead><tr><td>is_main_query<\/td><td>1<\/td><td>1<\/td><\/tr><tr><td>is_rest_api<\/td><td>0<\/td><td>1<\/td><\/tr><tr><td>page<\/td><td>0<\/td><td>1<\/td><\/tr><tr><td>numpages<\/td><td>0<\/td><td>1<\/td><\/tr><tr><td>is_archive<\/td><td>1<\/td><td><\/td><\/tr><tr><td>is_search<\/td><td>1<\/td><td><\/td><\/tr><tr><td>is_home<\/td><td>1<\/td><td><\/td><\/tr><tr><td>is_404<\/td><td>1<\/td><td><\/td><\/tr><tr><td>is_attachment<\/td><td>1<\/td><td><\/td><\/tr><tr><td>is_singular<\/td><td>1<\/td><td><\/td><\/tr><tr><td>is_front_page<\/td><td>1<\/td><td><\/td><\/tr><tr><td>is_feed<\/td><td>1<\/td><td><\/td><\/tr><\/table><\/div><br><br><span style=\"color: red;\">Seu site usa HTTPS, mas o c\u00f3digo do an\u00fancio cont\u00e9m HTTP e pode n\u00e3o funcionar.<\/span>\t<br><br>\n\t<a style=\"color: green;\" href=\"https:\/\/wpadvancedads.com\/manual\/ad-debug-mode\/?utm_source=advanced-ads&utm_medium=link&utm_campaign=ad-debug-mode\" target=\"_blank\" rel=\"nofollow\">Encontre solu\u00e7\u00f5es no manual<\/a>\n<\/div>\n<\/li><\/ul><\/div><script>( window.advanced_ads_ready || jQuery( document ).ready ).call( null, function() {var $lavraslider3472847262 = jQuery( \".lavra-slider-3472847262\" );$lavraslider3472847262.on( \"unslider.ready\", function() { jQuery( \"div.custom-slider ul li\" ).css( \"display\", \"block\" ); });$lavraslider3472847262.unslider({ delay:4000, autoplay:true, nav:false, arrows:false, infinite:true });$lavraslider3472847262.on(\"mouseover\", function() {$lavraslider3472847262.unslider(\"stop\");}).on(\"mouseout\", function() {$lavraslider3472847262.unslider(\"start\");});});<\/script><\/div><p>O Comit\u00ea da Bacia Hidrogr\u00e1fica do Rio Grande aprovou por unanimidade o seu Plano Integrado de Recursos H\u00eddricos (PIRH Grande), na 9\u00aa Reuni\u00e3o Extraordin\u00e1ria realizada no dia 14 de novembro de 2017, em Jaboticabal\/SP.<!--more--> Os estudos tiveram in\u00edcio em 2016 e se desenvolveram por um per\u00edodo de 14 meses, contando com a participa\u00e7\u00e3o ativa do comit\u00ea interestadual e dos 14 comit\u00eas das bacias afluentes do rio Grande, seis delas situadas na vertente paulista da bacia e oito na vertente mineira.<\/p>\n<p>O Plano foi elaborado sob a supervis\u00e3o t\u00e9cnica da Ag\u00eancia Nacional de \u00c1guas (ANA) por se tratar de uma bacia de dom\u00ednio federal, ou seja, aquela em que o curso d\u2019\u00e1gua passa por mais de um estado ou que faz fronteira com outro pa\u00eds, e contou com a participa\u00e7\u00e3o ativa da sociedade civil, \u00f3rg\u00e3os p\u00fablicos e usu\u00e1rios das \u00e1guas.<\/p>\n<p><img fetchpriority=\"high\" decoding=\"async\" class=\"alignnone size-full wp-image-10893 aligncenter\" src=\"http:\/\/lavras.tv\/site\/wp-content\/uploads\/2017\/07\/rio-grande.jpg\" alt=\"rio grande\" width=\"620\" height=\"465\" srcset=\"https:\/\/lavras.tv\/site\/wp-content\/uploads\/2017\/07\/rio-grande.jpg 620w, https:\/\/lavras.tv\/site\/wp-content\/uploads\/2017\/07\/rio-grande-150x113.jpg 150w, https:\/\/lavras.tv\/site\/wp-content\/uploads\/2017\/07\/rio-grande-300x225.jpg 300w\" sizes=\"(max-width: 620px) 100vw, 620px\" \/><\/p>\n<p>O documento re\u00fane dados atualizados sobre a bacia, define cen\u00e1rios futuros e prop\u00f5e diretrizes para os instrumentos de gest\u00e3o, estabelecendo objetivos e metas a serem conquistados em a\u00e7\u00f5es de curto, m\u00e9dio e longo prazos, dentro de um horizonte de planejamento estimado at\u00e9 2030.<\/p>\n<p>O PIRH destina-se \u00e0 implementa\u00e7\u00e3o dos instrumentos de gest\u00e3o de recursos h\u00eddricos \u2013 outorga, cobran\u00e7a, enquadramento, sistema de informa\u00e7\u00f5es e planos de bacia. Ao apresentar o Plano Integrado de Recursos H\u00eddricos para os participantes da reuni\u00e3o extraordin\u00e1ria, antes da sua aprova\u00e7\u00e3o, o superintendente de Planejamento da ANA, S\u00e9rgio Ayrimoraes, destacou a import\u00e2ncia do documento, lembrando que ele \u201c\u00e9 o in\u00edcio de um caminho a ser trilhado, com a\u00e7\u00f5es detalhadas e que dever\u00e3o ser colocadas em pr\u00e1tica logo\u201d. Segundo Ayrimoraes, o CBH passa ater uma agenda materializada de trabalho rumo \u00e0 sustentabilidade h\u00eddrica da bacia do rio Grande, constru\u00edda com a atua\u00e7\u00e3o cont\u00ednua e articulada dos diversos atores sociais envolvidos.<\/p>\n<p>Por outro lado, o representante da ANA alertou para o que ele chama de \u2018v\u00e1cuo p\u00f3s-plano\u2019. Para ele, \u201cn\u00e3o basta definir o que ser\u00e1 feito, mas quem o far\u00e1, como, quando e onde as a\u00e7\u00f5es ser\u00e3o efetivadas\u201d. S\u00e9rgio Ayrimoraes refor\u00e7ou a necessidade de articula\u00e7\u00e3o entre o CBH e organismos governamentais e representantes da sociedade para a efetiva implementa\u00e7\u00e3o do PIRH Grande. O presidente do CBH Grande, Germano Hernandes Filho comentou sobre a aprova\u00e7\u00e3o do plano de recursos h\u00eddricos da bacia, que ele considerou tranquila e dentro do esperado. Germano Filho chamou a aten\u00e7\u00e3o para o trabalho conjunto e participativo de todos os envolvidos, a partir de agora, para que as a\u00e7\u00f5es e metas propostos possam ser efetivadas de forma equilibrada.<\/p>\n<p>Houve consenso entre os presentes e gestores de que as a\u00e7\u00f5es priorit\u00e1rias do PIRH Grande precisam ser executadas nas \u00e1reas identificadas como mais cr\u00edticas em termos de demanda h\u00eddrica e em projetos que garantam a qualidade ambiental da bacia hidrogr\u00e1fica, al\u00e9m do fortalecimento institucional do comit\u00ea e a consequente cria\u00e7\u00e3o da Ag\u00eancia de Bacia.<\/p>\n<p>Depois de aprovado, o PIRH Grande entra na fase de implementa\u00e7\u00e3o, a partir do detalhamento operacional que ser\u00e1 apresentado e definido conjuntamente com o CBH Grande e aos comit\u00eas afluentes. 2 O que \u00e9 um Plano de Recursos H\u00eddricos O Plano de Recursos H\u00eddricos \u00e9 um dos instrumentos de gest\u00e3o de uma bacia hidrogr\u00e1fica, previstos na Pol\u00edtica Nacional de Recursos H\u00eddricos (Lei n\u00ba 9.433\/1997).<\/p>\n<p>Trata-se de um documento que define a agenda dos recursos h\u00eddricos de uma regi\u00e3o, incluindo informa\u00e7\u00f5es sobre a\u00e7\u00f5es de gest\u00e3o, projetos, obras e investimentos priorit\u00e1rios. Ele tamb\u00e9m fornece dados atualizados que contribuem para o enriquecimento das bases de dados da Ag\u00eancia Nacional de \u00c1guas (ANA). Os planos s\u00e3o elaborados em tr\u00eas n\u00edveis: no \u00e2mbito de uma bacia hidrogr\u00e1fica ou em n\u00edvel nacional e estadual. O documento \u00e9 tido como inovador porque descentralizou a formula\u00e7\u00e3o das pol\u00edticas de gerenciamento dos recursos h\u00eddricos, j\u00e1 que envolve \u00f3rg\u00e3os governamentais, da sociedade civil, dos usu\u00e1rios e de institui\u00e7\u00f5es diversas atuantes na bacia.<\/p>\n<p>Fonte: Divulga\u00e7\u00e3o<\/p>\n","protected":false},"excerpt":{"rendered":"<p>O Comit\u00ea da Bacia Hidrogr\u00e1fica do Rio Grande aprovou por unanimidade o seu Plano Integrado de Recursos H\u00eddricos (PIRH Grande), na 9\u00aa Reuni\u00e3o Extraordin\u00e1ria realizada no dia 14 de novembro de 2017, em Jaboticabal\/SP.<\/p>\n","protected":false},"author":2,"featured_media":10893,"comment_status":"closed","ping_status":"open","sticky":false,"template":"","format":"standard","meta":{"advgb_blocks_editor_width":"","advgb_blocks_columns_visual_guide":"","_exactmetrics_skip_tracking":false,"_exactmetrics_sitenote_active":false,"_exactmetrics_sitenote_note":"","_exactmetrics_sitenote_category":0,"footnotes":""},"categories":[7,12],"tags":[553],"class_list":["post-13279","post","type-post","status-publish","format-standard","has-post-thumbnail","hentry","category-destaques","category-politica","tag-rio-grande"],"better_featured_image":{"id":10893,"alt_text":"","caption":"","description":"","media_type":"image","media_details":{"width":620,"height":465,"file":"2017\/07\/rio-grande.jpg","sizes":{"thumbnail":{"file":"rio-grande-150x113.jpg","width":150,"height":113,"mime-type":"image\/jpeg","source_url":"https:\/\/lavras.tv\/site\/wp-content\/uploads\/2017\/07\/rio-grande-150x113.jpg"},"medium":{"file":"rio-grande-300x225.jpg","width":300,"height":225,"mime-type":"image\/jpeg","source_url":"https:\/\/lavras.tv\/site\/wp-content\/uploads\/2017\/07\/rio-grande-300x225.jpg"},"featured-post-img":{"file":"rio-grande-480x320.jpg","width":480,"height":320,"mime-type":"image\/jpeg","source_url":"https:\/\/lavras.tv\/site\/wp-content\/uploads\/2017\/07\/rio-grande-480x320.jpg"},"sow-carousel-default":{"file":"rio-grande-272x182.jpg","width":272,"height":182,"mime-type":"image\/jpeg","source_url":"https:\/\/lavras.tv\/site\/wp-content\/uploads\/2017\/07\/rio-grande-272x182.jpg"}},"image_meta":{"aperture":"0","credit":"","camera":"","caption":"","created_timestamp":"0","copyright":"","focal_length":"0","iso":"0","shutter_speed":"0","title":"","orientation":"0","keywords":[]}},"post":10891,"source_url":"https:\/\/lavras.tv\/site\/wp-content\/uploads\/2017\/07\/rio-grande.jpg"},"author_meta":{"display_name":"Lavras TV","author_link":"https:\/\/lavras.tv\/site\/author\/lavrastv\/"},"featured_img":"https:\/\/lavras.tv\/site\/wp-content\/uploads\/2017\/07\/rio-grande-300x225.jpg","coauthors":[],"tax_additional":{"categories":{"linked":["<a href=\"https:\/\/lavras.tv\/site\/category\/destaques\/\" class=\"advgb-post-tax-term\">Destaques<\/a>","<a href=\"https:\/\/lavras.tv\/site\/category\/politica\/\" class=\"advgb-post-tax-term\">Pol\u00edtica<\/a>"],"unlinked":["<span class=\"advgb-post-tax-term\">Destaques<\/span>","<span class=\"advgb-post-tax-term\">Pol\u00edtica<\/span>"]},"tags":{"linked":["<a href=\"https:\/\/lavras.tv\/site\/category\/politica\/\" class=\"advgb-post-tax-term\">rio grande<\/a>"],"unlinked":["<span class=\"advgb-post-tax-term\">rio grande<\/span>"]}},"comment_count":"0","relative_dates":{"created":"Publicado 8 anos atr\u00e1s","modified":"Atualizado 8 anos atr\u00e1s"},"absolute_dates":{"created":"Publicado em 23 de novembro de 2017","modified":"Atualizado em 23 de novembro de 2017"},"absolute_dates_time":{"created":"Publicado em 23 de novembro de 2017 08:50","modified":"Atualizado em 23 de novembro de 2017 08:50"},"featured_img_caption":"","series_order":"","_links":{"self":[{"href":"https:\/\/lavras.tv\/site\/wp-json\/wp\/v2\/posts\/13279","targetHints":{"allow":["GET"]}}],"collection":[{"href":"https:\/\/lavras.tv\/site\/wp-json\/wp\/v2\/posts"}],"about":[{"href":"https:\/\/lavras.tv\/site\/wp-json\/wp\/v2\/types\/post"}],"author":[{"embeddable":true,"href":"https:\/\/lavras.tv\/site\/wp-json\/wp\/v2\/users\/2"}],"replies":[{"embeddable":true,"href":"https:\/\/lavras.tv\/site\/wp-json\/wp\/v2\/comments?post=13279"}],"version-history":[{"count":1,"href":"https:\/\/lavras.tv\/site\/wp-json\/wp\/v2\/posts\/13279\/revisions"}],"predecessor-version":[{"id":13280,"href":"https:\/\/lavras.tv\/site\/wp-json\/wp\/v2\/posts\/13279\/revisions\/13280"}],"wp:featuredmedia":[{"embeddable":true,"href":"https:\/\/lavras.tv\/site\/wp-json\/wp\/v2\/media\/10893"}],"wp:attachment":[{"href":"https:\/\/lavras.tv\/site\/wp-json\/wp\/v2\/media?parent=13279"}],"wp:term":[{"taxonomy":"category","embeddable":true,"href":"https:\/\/lavras.tv\/site\/wp-json\/wp\/v2\/categories?post=13279"},{"taxonomy":"post_tag","embeddable":true,"href":"https:\/\/lavras.tv\/site\/wp-json\/wp\/v2\/tags?post=13279"}],"curies":[{"name":"wp","href":"https:\/\/api.w.org\/{rel}","templated":true}]}}