{"id":13323,"date":"2017-11-24T08:45:06","date_gmt":"2017-11-24T10:45:06","guid":{"rendered":"http:\/\/lavras.tv\/site\/?p=13323"},"modified":"2017-11-24T08:45:06","modified_gmt":"2017-11-24T10:45:06","slug":"informe-parlamentar-camara-aprova-projeto-da-deputada-damina-pereira-sobre-reducao-de-tributos-para-empresas-que-contratarem-beneficiarios-do-bolsa-familia","status":"publish","type":"post","link":"https:\/\/lavras.tv\/site\/2017\/11\/24\/informe-parlamentar-camara-aprova-projeto-da-deputada-damina-pereira-sobre-reducao-de-tributos-para-empresas-que-contratarem-beneficiarios-do-bolsa-familia\/","title":{"rendered":"[Informe Parlamentar] C\u00e2mara aprova projeto da deputada D\u00e2mina Pereira sobre redu\u00e7\u00e3o de tributos para empresas que contratarem benefici\u00e1rios do Bolsa Fam\u00edlia"},"content":{"rendered":"<div class=\"lavra-antes-do-conteudo_2\" id=\"lavra-4112917870\"><div id=\"lavra-slider-27\" class=\"custom-slider lavra-slider-3894842552 lavra-slider\"><ul><li><div style=\"margin-left: auto;margin-right: auto;text-align: center;\" id=\"lavra-2366387756\"><a href=\"https:\/\/sistemas.lavras.mg.gov.br\/portalcidadao\/#df1b1a7c7b2a290bcb31e32771e610784662739a88807c0dacac58ede5f391a7530e299dc302d611ee73cb143fc22eaf93592e53e7b5bdb01b00a0b8d28dae460c141dd2ff83412e4dc1c31b16b25f33144a9e5620ea73b13f5bc1c59411d98439ad226e8af03840603796067d87afe130812cf3de24982d0e306f9e61e764e5\" aria-label=\"Lavras-TV&#8211;720x104px (1) (1)\"><img src=\"https:\/\/lavras.tv\/site\/wp-content\/uploads\/2025\/01\/Lavras-TV-720x104px-1-1.png\" alt=\"\"  srcset=\"https:\/\/lavras.tv\/site\/wp-content\/uploads\/2025\/01\/Lavras-TV-720x104px-1-1.png 720w, https:\/\/lavras.tv\/site\/wp-content\/uploads\/2025\/01\/Lavras-TV-720x104px-1-1-470x68.png 470w, https:\/\/lavras.tv\/site\/wp-content\/uploads\/2025\/01\/Lavras-TV-720x104px-1-1-170x25.png 170w, https:\/\/lavras.tv\/site\/wp-content\/uploads\/2025\/01\/Lavras-TV-720x104px-1-1-200x29.png 200w\" sizes=\"(max-width: 720px) 100vw, 720px\" width=\"720\" height=\"104\"  style=\"display: inline-block;\" \/><\/a><\/div><\/li><li><a href=\"https:\/\/sistemas.lavras.mg.gov.br\/portalcidadao\/#df1b1a7c7b2a290bcb31e32771e610784662739a88807c0dacac58ede5f391a7530e299dc302d611ee73cb143fc22eaf93592e53e7b5bdb01b00a0b8d28dae460c141dd2ff83412e4dc1c31b16b25f33144a9e5620ea73b13f5bc1c59411d98439ad226e8af03840603796067d87afe130812cf3de24982d0e306f9e61e764e5\" aria-label=\"Banner_Emprego_PortallavrasTV\"><img src=\"https:\/\/lavras.tv\/site\/wp-content\/uploads\/2025\/03\/Banner_Emprego_PortallavrasTV.png\" alt=\"\"  srcset=\"https:\/\/lavras.tv\/site\/wp-content\/uploads\/2025\/03\/Banner_Emprego_PortallavrasTV.png 720w, https:\/\/lavras.tv\/site\/wp-content\/uploads\/2025\/03\/Banner_Emprego_PortallavrasTV-470x68.png 470w, https:\/\/lavras.tv\/site\/wp-content\/uploads\/2025\/03\/Banner_Emprego_PortallavrasTV-170x25.png 170w, https:\/\/lavras.tv\/site\/wp-content\/uploads\/2025\/03\/Banner_Emprego_PortallavrasTV-200x29.png 200w\" sizes=\"(max-width: 720px) 100vw, 720px\" width=\"720\" height=\"104\"   \/><\/a><\/li><li><a href=\"https:\/\/sistemas.lavras.mg.gov.br\/portalcidadao\/#df1b1a7c7b2a290bcb31e32771e610784662739a88807c0dacac58ede5f391a7530e299dc302d611ee73cb143fc22eaf93592e53e7b5bdb01b00a0b8d28dae460c141dd2ff83412e4dc1c31b16b25f33144a9e5620ea73b13f5bc1c59411d98439ad226e8af03840603796067d87afe130812cf3de24982d0e306f9e61e764e5\" aria-label=\"Banner_Obras_PortallavrasTV\"><img src=\"https:\/\/lavras.tv\/site\/wp-content\/uploads\/2025\/03\/Banner_Obras_PortallavrasTV.png\" alt=\"\"  srcset=\"https:\/\/lavras.tv\/site\/wp-content\/uploads\/2025\/03\/Banner_Obras_PortallavrasTV.png 720w, https:\/\/lavras.tv\/site\/wp-content\/uploads\/2025\/03\/Banner_Obras_PortallavrasTV-470x68.png 470w, https:\/\/lavras.tv\/site\/wp-content\/uploads\/2025\/03\/Banner_Obras_PortallavrasTV-170x25.png 170w, https:\/\/lavras.tv\/site\/wp-content\/uploads\/2025\/03\/Banner_Obras_PortallavrasTV-200x29.png 200w\" sizes=\"(max-width: 720px) 100vw, 720px\" width=\"720\" height=\"104\"   \/><\/a><\/li><li><div style=\"margin-left: auto;margin-right: auto;text-align: center;\" id=\"lavra-2488121524\"><a href=\"https:\/\/sistemas.lavras.mg.gov.br\/portalcidadao\/#df1b1a7c7b2a290bcb31e32771e610784662739a88807c0dacac58ede5f391a7530e299dc302d611ee73cb143fc22eaf93592e53e7b5bdb01b00a0b8d28dae460c141dd2ff83412e4dc1c31b16b25f33144a9e5620ea73b13f5bc1c59411d98439ad226e8af03840603796067d87afe130812cf3de24982d0e306f9e61e764e5\" aria-label=\"Banner_Educa\u00e7\u00e3o_PortallavrasTV\"><img src=\"https:\/\/lavras.tv\/site\/wp-content\/uploads\/2025\/01\/Banner_Educacao_PortallavrasTV.png\" alt=\"\"  srcset=\"https:\/\/lavras.tv\/site\/wp-content\/uploads\/2025\/01\/Banner_Educacao_PortallavrasTV.png 720w, https:\/\/lavras.tv\/site\/wp-content\/uploads\/2025\/01\/Banner_Educacao_PortallavrasTV-470x68.png 470w, https:\/\/lavras.tv\/site\/wp-content\/uploads\/2025\/01\/Banner_Educacao_PortallavrasTV-170x25.png 170w, https:\/\/lavras.tv\/site\/wp-content\/uploads\/2025\/01\/Banner_Educacao_PortallavrasTV-200x29.png 200w\" sizes=\"(max-width: 720px) 100vw, 720px\" width=\"720\" height=\"104\"  style=\"display: inline-block;\" \/><\/a><\/div><\/li><li><a href=\"https:\/\/sistemas.lavras.mg.gov.br\/portalcidadao\/#df1b1a7c7b2a290bcb31e32771e610784662739a88807c0dacac58ede5f391a7530e299dc302d611ee73cb143fc22eaf93592e53e7b5bdb01b00a0b8d28dae460c141dd2ff83412e4dc1c31b16b25f33144a9e5620ea73b13f5bc1c59411d98439ad226e8af03840603796067d87afe130812cf3de24982d0e306f9e61e764e5\" aria-label=\"Banner_Sa\u00fade_PortallavrasTV\"><img src=\"https:\/\/lavras.tv\/site\/wp-content\/uploads\/2025\/03\/Banner_Saude_PortallavrasTV.png\" alt=\"\"  srcset=\"https:\/\/lavras.tv\/site\/wp-content\/uploads\/2025\/03\/Banner_Saude_PortallavrasTV.png 720w, https:\/\/lavras.tv\/site\/wp-content\/uploads\/2025\/03\/Banner_Saude_PortallavrasTV-470x68.png 470w, https:\/\/lavras.tv\/site\/wp-content\/uploads\/2025\/03\/Banner_Saude_PortallavrasTV-170x25.png 170w, https:\/\/lavras.tv\/site\/wp-content\/uploads\/2025\/03\/Banner_Saude_PortallavrasTV-200x29.png 200w\" sizes=\"(max-width: 720px) 100vw, 720px\" width=\"720\" height=\"104\"   \/><\/a><\/li><li><div id=\"lavra-3946820543\" style=\"width:720px;height:104px;background-color:#ddd;overflow:scroll;\">\n\t<strong>Sa\u00edda da depura\u00e7\u00e3o de an\u00fancios<\/strong>\n\t<br><br>\n\tO an\u00fancio n\u00e3o \u00e9 exibido na p\u00e1gina<br><br>post atual: [Informe Parlamentar] C\u00e2mara aprova projeto da deputada D\u00e2mina Pereira sobre redu\u00e7\u00e3o de tributos para empresas que contratarem benefici\u00e1rios do Bolsa Fam\u00edlia, ID: 13323<br><br><span style=\"color: red;\">O post atual n\u00e3o \u00e9 id\u00eantico ao post principal.<\/span><br><br>An\u00fancios: ROXO - TOPO INTERNA - ROTATIVO 2 (197)<br \/>Grupo de an\u00fancios: Princ_Meio01_720x104 (27)<br><br>Condi\u00e7\u00f5es de exibi\u00e7\u00e3o<div style=\"margin-bottom: 20px; white-space: pre-wrap; font-family: monospace; width: 100%; background: #ffe9e9;\"><strong>condi\u00e7\u00f5es gerais<\/strong><table border=\"1\"><thead><tr><th><\/th><th>An\u00fancios<\/th><th>wp_the_query<\/th><\/tr><\/thead><tr><td>is_main_query<\/td><td>1<\/td><td>1<\/td><\/tr><tr><td>is_rest_api<\/td><td>0<\/td><td>1<\/td><\/tr><tr><td>page<\/td><td>0<\/td><td>1<\/td><\/tr><tr><td>numpages<\/td><td>0<\/td><td>1<\/td><\/tr><tr><td>is_archive<\/td><td>1<\/td><td><\/td><\/tr><tr><td>is_search<\/td><td>1<\/td><td><\/td><\/tr><tr><td>is_home<\/td><td>1<\/td><td><\/td><\/tr><tr><td>is_404<\/td><td>1<\/td><td><\/td><\/tr><tr><td>is_attachment<\/td><td>1<\/td><td><\/td><\/tr><tr><td>is_singular<\/td><td>1<\/td><td><\/td><\/tr><tr><td>is_front_page<\/td><td>1<\/td><td><\/td><\/tr><tr><td>is_feed<\/td><td>1<\/td><td><\/td><\/tr><\/table><\/div><br><br><span style=\"color: red;\">Seu site usa HTTPS, mas o c\u00f3digo do an\u00fancio cont\u00e9m HTTP e pode n\u00e3o funcionar.<\/span>\t<br><br>\n\t<a style=\"color: green;\" href=\"https:\/\/wpadvancedads.com\/manual\/ad-debug-mode\/?utm_source=advanced-ads&utm_medium=link&utm_campaign=ad-debug-mode\" target=\"_blank\" rel=\"nofollow\">Encontre solu\u00e7\u00f5es no manual<\/a>\n<\/div>\n<\/li><\/ul><\/div><script>( window.advanced_ads_ready || jQuery( document ).ready ).call( null, function() {var $lavraslider3894842552 = jQuery( \".lavra-slider-3894842552\" );$lavraslider3894842552.on( \"unslider.ready\", function() { jQuery( \"div.custom-slider ul li\" ).css( \"display\", \"block\" ); });$lavraslider3894842552.unslider({ delay:4000, autoplay:true, nav:false, arrows:false, infinite:true });$lavraslider3894842552.on(\"mouseover\", function() {$lavraslider3894842552.unslider(\"stop\");}).on(\"mouseout\", function() {$lavraslider3894842552.unslider(\"start\");});});<\/script><\/div><p class=\"m_-2744293028417016356gmail-MsoNoSpacing\">O Projeto de Lei (PL 7563\/2017), de autoria da deputada federal D\u00e2mina Pereira (PSL\/MG), foi aprovado com unanimidade na Comiss\u00e3o de Seguridade Social e Fam\u00edlia (CSSF), na C\u00e2mara Federal. <!--more-->O PL institui regime especial de tributa\u00e7\u00e3o aplic\u00e1vel a pessoa jur\u00eddica que contrate empregado pertencente a pessoas benefici\u00e1ria do Programa Bolsa Fam\u00edlia. O texto prev\u00ea que as fam\u00edlias brasileiras mais carentes tenham melhores condi\u00e7\u00f5es de conseguir um trabalho.<\/p>\n<p class=\"m_-2744293028417016356gmail-MsoNoSpacing\">Nos \u00faltimos anos a economia brasileira vem passando por uma grave crise. Um dos efeitos mais danosos \u00e9 o alto n\u00edvel de desemprego. Em mar\u00e7o de 2017, segundo dados do Instituto Brasileiro de Geografia e Estat\u00edstica (IBGE), cerca de 13,5 milh\u00f5es de pessoas est\u00e3o desempregadas no Pa\u00eds.<\/p>\n<p class=\"m_-2744293028417016356gmail-MsoNoSpacing\"><img fetchpriority=\"high\" decoding=\"async\" class=\"alignnone size-full wp-image-13324 aligncenter\" src=\"http:\/\/lavras.tv\/site\/wp-content\/uploads\/2017\/11\/38551737762_5458188a2a_o.jpg\" alt=\"38551737762_5458188a2a_o\" width=\"4000\" height=\"2670\" srcset=\"https:\/\/lavras.tv\/site\/wp-content\/uploads\/2017\/11\/38551737762_5458188a2a_o.jpg 4000w, https:\/\/lavras.tv\/site\/wp-content\/uploads\/2017\/11\/38551737762_5458188a2a_o-150x100.jpg 150w, https:\/\/lavras.tv\/site\/wp-content\/uploads\/2017\/11\/38551737762_5458188a2a_o-300x200.jpg 300w, https:\/\/lavras.tv\/site\/wp-content\/uploads\/2017\/11\/38551737762_5458188a2a_o-1024x684.jpg 1024w, https:\/\/lavras.tv\/site\/wp-content\/uploads\/2017\/11\/38551737762_5458188a2a_o-480x320.jpg 480w, https:\/\/lavras.tv\/site\/wp-content\/uploads\/2017\/11\/38551737762_5458188a2a_o-272x182.jpg 272w\" sizes=\"(max-width: 4000px) 100vw, 4000px\" \/><\/p>\n<p class=\"m_-2744293028417016356gmail-MsoNoSpacing\">De acordo com a parlamentar, dentro desse contexto \u00e9 necess\u00e1rio criar incentivos para que as empresas contratem mais trabalhadores. \u201cEsse projeto visa reduzir os custos tribut\u00e1rios das pessoas jur\u00eddicas, criando condi\u00e7\u00f5es mais favor\u00e1veis para que elas possam recompor os n\u00edveis de m\u00e3o de obra anteriores \u00e0 crise atual\u201d, explicou D\u00e2mina.<\/p>\n<p class=\"m_-2744293028417016356gmail-MsoNoSpacing\">\u00a0\u201cO Bolsa Fam\u00edlia chega quando as fam\u00edlias mais precisam, contudo, esses cidad\u00e3os necessitam de algo que lhes d\u00ea condi\u00e7\u00f5es para criarem independ\u00eancia financeira. Essa \u00e9 a ideia principal desse projeto. E n\u00e3o falo apenas de gera\u00e7\u00e3o de emprego, me refiro tamb\u00e9m a capacita\u00e7\u00e3o para esses benefici\u00e1rios\u201d, completou a deputada.<\/p>\n<p class=\"m_-2744293028417016356gmail-MsoNoSpacing\"><b>Proposta<\/b><\/p>\n<p class=\"m_-2744293028417016356gmail-MsoNoSpacing\">A proposta consiste em instituir um regime especial de tributa\u00e7\u00e3o em que as empresas benefici\u00e1rias recolheriam quatro tributos com redu\u00e7\u00e3o. Os tributos reduzidos seriam; Imposto sobre a Renda da Pessoa Jur\u00eddica (IRPJ); Contribui\u00e7\u00e3o Social sobre o Lucro L\u00edquido (CSLL); Contribui\u00e7\u00e3o para os Programas de Integra\u00e7\u00e3o Social e para Forma\u00e7\u00e3o do Patrim\u00f4nio do Servidor P\u00fablico (PIS\/Pasep); e Contribui\u00e7\u00e3o para o Financiamento da Seguridade Social (Cofins). As redu\u00e7\u00f5es variariam de 40% a 100% desses tributos.<\/p>\n<p class=\"m_-2744293028417016356gmail-MsoNoSpacing\">\u00a0<b>Tramita\u00e7\u00e3o<\/b><\/p>\n<p class=\"m_-2744293028417016356gmail-MsoNoSpacing\">O projeto ainda precisa de aprova\u00e7\u00e3o em tr\u00eas comiss\u00f5es da C\u00e2mara Federal, Comiss\u00e3o de Desenvolvimento Econ\u00f4mico, Ind\u00fastria, Com\u00e9rcio e Servi\u00e7os (CDEICS), Comiss\u00e3o de Finan\u00e7as e Tributa\u00e7\u00e3o (CFT) e na Comiss\u00e3o de Constitui\u00e7\u00e3o e Justi\u00e7a e de Cidadania (CCJC). Depois dessa tramita\u00e7\u00e3o, segue para delibera\u00e7\u00e3o no plen\u00e1rio da Casa.<\/p>\n<p class=\"m_-2744293028417016356gmail-MsoNoSpacing\">Fonte: gabinete da deputada federal D\u00e2mina Pereira<\/p>\n","protected":false},"excerpt":{"rendered":"<p>O Projeto de Lei (PL 7563\/2017), de autoria da deputada federal D\u00e2mina Pereira (PSL\/MG), foi aprovado com unanimidade na Comiss\u00e3o de Seguridade Social e Fam\u00edlia (CSSF), na C\u00e2mara Federal.<\/p>\n","protected":false},"author":2,"featured_media":13324,"comment_status":"closed","ping_status":"open","sticky":false,"template":"","format":"standard","meta":{"advgb_blocks_editor_width":"","advgb_blocks_columns_visual_guide":"","_exactmetrics_skip_tracking":false,"_exactmetrics_sitenote_active":false,"_exactmetrics_sitenote_note":"","_exactmetrics_sitenote_category":0,"footnotes":""},"categories":[7,12],"tags":[671],"class_list":["post-13323","post","type-post","status-publish","format-standard","has-post-thumbnail","hentry","category-destaques","category-politica","tag-damina-pereira"],"better_featured_image":{"id":13324,"alt_text":"","caption":"","description":"","media_type":"image","media_details":{"width":4000,"height":2670,"file":"2017\/11\/38551737762_5458188a2a_o.jpg","sizes":{"thumbnail":{"file":"38551737762_5458188a2a_o-150x100.jpg","width":150,"height":100,"mime-type":"image\/jpeg","source_url":"https:\/\/lavras.tv\/site\/wp-content\/uploads\/2017\/11\/38551737762_5458188a2a_o-150x100.jpg"},"medium":{"file":"38551737762_5458188a2a_o-300x200.jpg","width":300,"height":200,"mime-type":"image\/jpeg","source_url":"https:\/\/lavras.tv\/site\/wp-content\/uploads\/2017\/11\/38551737762_5458188a2a_o-300x200.jpg"},"large":{"file":"38551737762_5458188a2a_o-1024x684.jpg","width":1024,"height":684,"mime-type":"image\/jpeg","source_url":"https:\/\/lavras.tv\/site\/wp-content\/uploads\/2017\/11\/38551737762_5458188a2a_o-1024x684.jpg"},"featured-slider-img":{"file":"38551737762_5458188a2a_o-640x480.jpg","width":640,"height":480,"mime-type":"image\/jpeg","source_url":"https:\/\/lavras.tv\/site\/wp-content\/uploads\/2017\/11\/38551737762_5458188a2a_o-640x480.jpg"},"featured-post-img":{"file":"38551737762_5458188a2a_o-480x320.jpg","width":480,"height":320,"mime-type":"image\/jpeg","source_url":"https:\/\/lavras.tv\/site\/wp-content\/uploads\/2017\/11\/38551737762_5458188a2a_o-480x320.jpg"},"sow-carousel-default":{"file":"38551737762_5458188a2a_o-272x182.jpg","width":272,"height":182,"mime-type":"image\/jpeg","source_url":"https:\/\/lavras.tv\/site\/wp-content\/uploads\/2017\/11\/38551737762_5458188a2a_o-272x182.jpg"}},"image_meta":{"aperture":"3.5","credit":"Zeca Ribeiro","camera":"NIKON D810","caption":"","created_timestamp":"1511357097","copyright":"@zecaribeiro","focal_length":"150","iso":"1600","shutter_speed":"0.005","title":"","orientation":"0","keywords":["16\/08\/2017","31\/10\/2017 e 08\/11\/2017.\r\r\rTRAMITA\u00c7\u00c3O ORDIN\u00c1RIA\r\r3 -\rPROJETO ","COMISS\u00c3O DE DEFESA DOS DIREITOS DA MULHER \r55\u00aa Legislatura - 3","Plen\u00e1rio 15 \rHOR\u00c1RIO: 11h\r\rA -\rRequerimentos:\r\r\r1 -\rREQUERIMEN","Viol\u00eancias e M\u00eddias Sociais\"\".\r\r\rB -\rProposi\u00e7\u00f5es Sujeitas \u00e0","a pedido da Relatora","apensado","aprovada pelo Decreto-lei n\u00ba 5.452","com Substitutivo.","com emenda.\r\r\r5 -\rPROJETO DE LEI N\u00ba 7.287\/17 - do Sr. R\u00f4mulo G","com o apoio da Secretaria da Mulher para debater \"Mulheres","de 1943. \rRELATORA: Deputada ANA PERUGINI. \rPARECER: pela aprova","de 1\u00ba de maio de 1943","de 24 de julho de 1991","de navega\u00e7\u00e3o fluvial e lacustre","de of\u00edcio","de tr\u00e1fego nos portos e de pesca\". \rEXPLICA\u00c7\u00c3O DA EMENTA: Alt","e a Lei n\u00ba 8.213","e do PL n\u00ba 8431\/2017","em 04\/10\/2017.\rRetirado de pauta em virtude da aus\u00eancia da Rela","em 09\/08\/2017","em 27\/09\/2017. \rRetirado de pauta","para dispor sobre a licen\u00e7a maternidade das mulheres que trabal","para dispor sobre licen\u00e7a especial \u00e0 gestante em situa\u00e7\u00e3o de","para instituir a reserva de vagas para pessoas do sexo feminino ","que disp\u00f5e sobre os Planos de Benef\u00edcios da Previd\u00eancia Socia"]}},"post":13323,"source_url":"https:\/\/lavras.tv\/site\/wp-content\/uploads\/2017\/11\/38551737762_5458188a2a_o.jpg"},"author_meta":{"display_name":"Lavras TV","author_link":"https:\/\/lavras.tv\/site\/author\/lavrastv\/"},"featured_img":"https:\/\/lavras.tv\/site\/wp-content\/uploads\/2017\/11\/38551737762_5458188a2a_o-300x200.jpg","coauthors":[],"tax_additional":{"categories":{"linked":["<a href=\"https:\/\/lavras.tv\/site\/category\/destaques\/\" class=\"advgb-post-tax-term\">Destaques<\/a>","<a href=\"https:\/\/lavras.tv\/site\/category\/politica\/\" class=\"advgb-post-tax-term\">Pol\u00edtica<\/a>"],"unlinked":["<span class=\"advgb-post-tax-term\">Destaques<\/span>","<span class=\"advgb-post-tax-term\">Pol\u00edtica<\/span>"]},"tags":{"linked":["<a href=\"https:\/\/lavras.tv\/site\/category\/politica\/\" class=\"advgb-post-tax-term\">D\u00e2mina Pereira<\/a>"],"unlinked":["<span class=\"advgb-post-tax-term\">D\u00e2mina Pereira<\/span>"]}},"comment_count":"0","relative_dates":{"created":"Publicado 8 anos atr\u00e1s","modified":"Atualizado 8 anos atr\u00e1s"},"absolute_dates":{"created":"Publicado em 24 de novembro de 2017","modified":"Atualizado em 24 de novembro de 2017"},"absolute_dates_time":{"created":"Publicado em 24 de novembro de 2017 08:45","modified":"Atualizado em 24 de novembro de 2017 08:45"},"featured_img_caption":"","series_order":"","_links":{"self":[{"href":"https:\/\/lavras.tv\/site\/wp-json\/wp\/v2\/posts\/13323","targetHints":{"allow":["GET"]}}],"collection":[{"href":"https:\/\/lavras.tv\/site\/wp-json\/wp\/v2\/posts"}],"about":[{"href":"https:\/\/lavras.tv\/site\/wp-json\/wp\/v2\/types\/post"}],"author":[{"embeddable":true,"href":"https:\/\/lavras.tv\/site\/wp-json\/wp\/v2\/users\/2"}],"replies":[{"embeddable":true,"href":"https:\/\/lavras.tv\/site\/wp-json\/wp\/v2\/comments?post=13323"}],"version-history":[{"count":1,"href":"https:\/\/lavras.tv\/site\/wp-json\/wp\/v2\/posts\/13323\/revisions"}],"predecessor-version":[{"id":13325,"href":"https:\/\/lavras.tv\/site\/wp-json\/wp\/v2\/posts\/13323\/revisions\/13325"}],"wp:featuredmedia":[{"embeddable":true,"href":"https:\/\/lavras.tv\/site\/wp-json\/wp\/v2\/media\/13324"}],"wp:attachment":[{"href":"https:\/\/lavras.tv\/site\/wp-json\/wp\/v2\/media?parent=13323"}],"wp:term":[{"taxonomy":"category","embeddable":true,"href":"https:\/\/lavras.tv\/site\/wp-json\/wp\/v2\/categories?post=13323"},{"taxonomy":"post_tag","embeddable":true,"href":"https:\/\/lavras.tv\/site\/wp-json\/wp\/v2\/tags?post=13323"}],"curies":[{"name":"wp","href":"https:\/\/api.w.org\/{rel}","templated":true}]}}