{"id":13444,"date":"2017-11-30T09:29:28","date_gmt":"2017-11-30T11:29:28","guid":{"rendered":"http:\/\/lavras.tv\/site\/?p=13444"},"modified":"2017-11-30T09:29:28","modified_gmt":"2017-11-30T11:29:28","slug":"informe-parlamentar-fabio-cherem-participa-de-audiencia-na-setop-para-debater-o-programa-de-apoio-aos-municipios-e-o-desenvolvimento-regional","status":"publish","type":"post","link":"https:\/\/lavras.tv\/site\/2017\/11\/30\/informe-parlamentar-fabio-cherem-participa-de-audiencia-na-setop-para-debater-o-programa-de-apoio-aos-municipios-e-o-desenvolvimento-regional\/","title":{"rendered":"[Informe Parlamentar] F\u00e1bio Cherem participa de audi\u00eancia na SETOP para debater o programa de apoio aos munic\u00edpios e o desenvolvimento regional"},"content":{"rendered":"<div class=\"lavra-antes-do-conteudo_2\" id=\"lavra-1801764720\"><div id=\"lavra-slider-27\" class=\"custom-slider lavra-slider-3934320213 lavra-slider\"><ul><li><div style=\"margin-left: auto;margin-right: auto;text-align: center;\" id=\"lavra-810322298\"><a href=\"https:\/\/sistemas.lavras.mg.gov.br\/portalcidadao\/#df1b1a7c7b2a290bcb31e32771e610784662739a88807c0dacac58ede5f391a7530e299dc302d611ee73cb143fc22eaf93592e53e7b5bdb01b00a0b8d28dae460c141dd2ff83412e4dc1c31b16b25f33144a9e5620ea73b13f5bc1c59411d98439ad226e8af03840603796067d87afe130812cf3de24982d0e306f9e61e764e5\" aria-label=\"Lavras-TV&#8211;720x104px (1) (1)\"><img src=\"https:\/\/lavras.tv\/site\/wp-content\/uploads\/2025\/01\/Lavras-TV-720x104px-1-1.png\" alt=\"\"  srcset=\"https:\/\/lavras.tv\/site\/wp-content\/uploads\/2025\/01\/Lavras-TV-720x104px-1-1.png 720w, https:\/\/lavras.tv\/site\/wp-content\/uploads\/2025\/01\/Lavras-TV-720x104px-1-1-470x68.png 470w, https:\/\/lavras.tv\/site\/wp-content\/uploads\/2025\/01\/Lavras-TV-720x104px-1-1-170x25.png 170w, https:\/\/lavras.tv\/site\/wp-content\/uploads\/2025\/01\/Lavras-TV-720x104px-1-1-200x29.png 200w\" sizes=\"(max-width: 720px) 100vw, 720px\" width=\"720\" height=\"104\"  style=\"display: inline-block;\" \/><\/a><\/div><\/li><li><a href=\"https:\/\/sistemas.lavras.mg.gov.br\/portalcidadao\/#df1b1a7c7b2a290bcb31e32771e610784662739a88807c0dacac58ede5f391a7530e299dc302d611ee73cb143fc22eaf93592e53e7b5bdb01b00a0b8d28dae460c141dd2ff83412e4dc1c31b16b25f33144a9e5620ea73b13f5bc1c59411d98439ad226e8af03840603796067d87afe130812cf3de24982d0e306f9e61e764e5\" aria-label=\"Banner_Emprego_PortallavrasTV\"><img src=\"https:\/\/lavras.tv\/site\/wp-content\/uploads\/2025\/03\/Banner_Emprego_PortallavrasTV.png\" alt=\"\"  srcset=\"https:\/\/lavras.tv\/site\/wp-content\/uploads\/2025\/03\/Banner_Emprego_PortallavrasTV.png 720w, https:\/\/lavras.tv\/site\/wp-content\/uploads\/2025\/03\/Banner_Emprego_PortallavrasTV-470x68.png 470w, https:\/\/lavras.tv\/site\/wp-content\/uploads\/2025\/03\/Banner_Emprego_PortallavrasTV-170x25.png 170w, https:\/\/lavras.tv\/site\/wp-content\/uploads\/2025\/03\/Banner_Emprego_PortallavrasTV-200x29.png 200w\" sizes=\"(max-width: 720px) 100vw, 720px\" width=\"720\" height=\"104\"   \/><\/a><\/li><li><a href=\"https:\/\/sistemas.lavras.mg.gov.br\/portalcidadao\/#df1b1a7c7b2a290bcb31e32771e610784662739a88807c0dacac58ede5f391a7530e299dc302d611ee73cb143fc22eaf93592e53e7b5bdb01b00a0b8d28dae460c141dd2ff83412e4dc1c31b16b25f33144a9e5620ea73b13f5bc1c59411d98439ad226e8af03840603796067d87afe130812cf3de24982d0e306f9e61e764e5\" aria-label=\"Banner_Obras_PortallavrasTV\"><img src=\"https:\/\/lavras.tv\/site\/wp-content\/uploads\/2025\/03\/Banner_Obras_PortallavrasTV.png\" alt=\"\"  srcset=\"https:\/\/lavras.tv\/site\/wp-content\/uploads\/2025\/03\/Banner_Obras_PortallavrasTV.png 720w, https:\/\/lavras.tv\/site\/wp-content\/uploads\/2025\/03\/Banner_Obras_PortallavrasTV-470x68.png 470w, https:\/\/lavras.tv\/site\/wp-content\/uploads\/2025\/03\/Banner_Obras_PortallavrasTV-170x25.png 170w, https:\/\/lavras.tv\/site\/wp-content\/uploads\/2025\/03\/Banner_Obras_PortallavrasTV-200x29.png 200w\" sizes=\"(max-width: 720px) 100vw, 720px\" width=\"720\" height=\"104\"   \/><\/a><\/li><li><div style=\"margin-left: auto;margin-right: auto;text-align: center;\" id=\"lavra-234596709\"><a href=\"https:\/\/sistemas.lavras.mg.gov.br\/portalcidadao\/#df1b1a7c7b2a290bcb31e32771e610784662739a88807c0dacac58ede5f391a7530e299dc302d611ee73cb143fc22eaf93592e53e7b5bdb01b00a0b8d28dae460c141dd2ff83412e4dc1c31b16b25f33144a9e5620ea73b13f5bc1c59411d98439ad226e8af03840603796067d87afe130812cf3de24982d0e306f9e61e764e5\" aria-label=\"Banner_Educa\u00e7\u00e3o_PortallavrasTV\"><img src=\"https:\/\/lavras.tv\/site\/wp-content\/uploads\/2025\/01\/Banner_Educacao_PortallavrasTV.png\" alt=\"\"  srcset=\"https:\/\/lavras.tv\/site\/wp-content\/uploads\/2025\/01\/Banner_Educacao_PortallavrasTV.png 720w, https:\/\/lavras.tv\/site\/wp-content\/uploads\/2025\/01\/Banner_Educacao_PortallavrasTV-470x68.png 470w, https:\/\/lavras.tv\/site\/wp-content\/uploads\/2025\/01\/Banner_Educacao_PortallavrasTV-170x25.png 170w, https:\/\/lavras.tv\/site\/wp-content\/uploads\/2025\/01\/Banner_Educacao_PortallavrasTV-200x29.png 200w\" sizes=\"(max-width: 720px) 100vw, 720px\" width=\"720\" height=\"104\"  style=\"display: inline-block;\" \/><\/a><\/div><\/li><li><a href=\"https:\/\/sistemas.lavras.mg.gov.br\/portalcidadao\/#df1b1a7c7b2a290bcb31e32771e610784662739a88807c0dacac58ede5f391a7530e299dc302d611ee73cb143fc22eaf93592e53e7b5bdb01b00a0b8d28dae460c141dd2ff83412e4dc1c31b16b25f33144a9e5620ea73b13f5bc1c59411d98439ad226e8af03840603796067d87afe130812cf3de24982d0e306f9e61e764e5\" aria-label=\"Banner_Sa\u00fade_PortallavrasTV\"><img src=\"https:\/\/lavras.tv\/site\/wp-content\/uploads\/2025\/03\/Banner_Saude_PortallavrasTV.png\" alt=\"\"  srcset=\"https:\/\/lavras.tv\/site\/wp-content\/uploads\/2025\/03\/Banner_Saude_PortallavrasTV.png 720w, https:\/\/lavras.tv\/site\/wp-content\/uploads\/2025\/03\/Banner_Saude_PortallavrasTV-470x68.png 470w, https:\/\/lavras.tv\/site\/wp-content\/uploads\/2025\/03\/Banner_Saude_PortallavrasTV-170x25.png 170w, https:\/\/lavras.tv\/site\/wp-content\/uploads\/2025\/03\/Banner_Saude_PortallavrasTV-200x29.png 200w\" sizes=\"(max-width: 720px) 100vw, 720px\" width=\"720\" height=\"104\"   \/><\/a><\/li><li><div id=\"lavra-3990637879\" style=\"width:720px;height:104px;background-color:#ddd;overflow:scroll;\">\n\t<strong>Sa\u00edda da depura\u00e7\u00e3o de an\u00fancios<\/strong>\n\t<br><br>\n\tO an\u00fancio n\u00e3o \u00e9 exibido na p\u00e1gina<br><br>post atual: [Informe Parlamentar] F\u00e1bio Cherem participa de audi\u00eancia na SETOP para debater o programa de apoio aos munic\u00edpios e o desenvolvimento regional, ID: 13444<br><br><span style=\"color: red;\">O post atual n\u00e3o \u00e9 id\u00eantico ao post principal.<\/span><br><br>An\u00fancios: ROXO - TOPO INTERNA - ROTATIVO 2 (197)<br \/>Grupo de an\u00fancios: Princ_Meio01_720x104 (27)<br><br>Condi\u00e7\u00f5es de exibi\u00e7\u00e3o<div style=\"margin-bottom: 20px; white-space: pre-wrap; font-family: monospace; width: 100%; background: #ffe9e9;\"><strong>condi\u00e7\u00f5es gerais<\/strong><table border=\"1\"><thead><tr><th><\/th><th>An\u00fancios<\/th><th>wp_the_query<\/th><\/tr><\/thead><tr><td>is_main_query<\/td><td>1<\/td><td>1<\/td><\/tr><tr><td>is_rest_api<\/td><td>0<\/td><td>1<\/td><\/tr><tr><td>page<\/td><td>0<\/td><td>1<\/td><\/tr><tr><td>numpages<\/td><td>0<\/td><td>1<\/td><\/tr><tr><td>is_archive<\/td><td>1<\/td><td><\/td><\/tr><tr><td>is_search<\/td><td>1<\/td><td><\/td><\/tr><tr><td>is_home<\/td><td>1<\/td><td><\/td><\/tr><tr><td>is_404<\/td><td>1<\/td><td><\/td><\/tr><tr><td>is_attachment<\/td><td>1<\/td><td><\/td><\/tr><tr><td>is_singular<\/td><td>1<\/td><td><\/td><\/tr><tr><td>is_front_page<\/td><td>1<\/td><td><\/td><\/tr><tr><td>is_feed<\/td><td>1<\/td><td><\/td><\/tr><\/table><\/div><br><br><span style=\"color: red;\">Seu site usa HTTPS, mas o c\u00f3digo do an\u00fancio cont\u00e9m HTTP e pode n\u00e3o funcionar.<\/span>\t<br><br>\n\t<a style=\"color: green;\" href=\"https:\/\/wpadvancedads.com\/manual\/ad-debug-mode\/?utm_source=advanced-ads&utm_medium=link&utm_campaign=ad-debug-mode\" target=\"_blank\" rel=\"nofollow\">Encontre solu\u00e7\u00f5es no manual<\/a>\n<\/div>\n<\/li><\/ul><\/div><script>( window.advanced_ads_ready || jQuery( document ).ready ).call( null, function() {var $lavraslider3934320213 = jQuery( \".lavra-slider-3934320213\" );$lavraslider3934320213.on( \"unslider.ready\", function() { jQuery( \"div.custom-slider ul li\" ).css( \"display\", \"block\" ); });$lavraslider3934320213.unslider({ delay:4000, autoplay:true, nav:false, arrows:false, infinite:true });$lavraslider3934320213.on(\"mouseover\", function() {$lavraslider3934320213.unslider(\"stop\");}).on(\"mouseout\", function() {$lavraslider3934320213.unslider(\"start\");});});<\/script><\/div><p>O deputado F\u00e1bio Cherem participou na sexta-feira, dia 24, de Audi\u00eancia P\u00fablica realizada pela Secretaria de Estado de Transportes e Obras P\u00fablicas (SETOP) sobre licita\u00e7\u00e3o do Programa de Apoio aos munic\u00edpios e ao Desenvolvimento Regional de Minas Gerais.<!--more--> O deputado lavrense esteve representando a Assembleia Legislativa de Minas Gerais (ALMG) como presidente da Comiss\u00e3o de Transportes, Comunica\u00e7\u00e3o e Obras P\u00fablicas do Legislativo Mineiro.<\/p>\n<p><img fetchpriority=\"high\" decoding=\"async\" class=\"alignnone size-full wp-image-13445 aligncenter\" src=\"http:\/\/lavras.tv\/site\/wp-content\/uploads\/2017\/11\/23916475_1210744619025677_7399166069155285013_o.jpg\" alt=\"23916475_1210744619025677_7399166069155285013_o\" width=\"1206\" height=\"761\" srcset=\"https:\/\/lavras.tv\/site\/wp-content\/uploads\/2017\/11\/23916475_1210744619025677_7399166069155285013_o.jpg 1206w, https:\/\/lavras.tv\/site\/wp-content\/uploads\/2017\/11\/23916475_1210744619025677_7399166069155285013_o-150x95.jpg 150w, https:\/\/lavras.tv\/site\/wp-content\/uploads\/2017\/11\/23916475_1210744619025677_7399166069155285013_o-300x189.jpg 300w, https:\/\/lavras.tv\/site\/wp-content\/uploads\/2017\/11\/23916475_1210744619025677_7399166069155285013_o-1024x646.jpg 1024w\" sizes=\"(max-width: 1206px) 100vw, 1206px\" \/><\/p>\n<p>Ao lado do Secret\u00e1rio da SETOP, deputado Murilo Valadares, do Subsecret\u00e1rio Marco T\u00falio, do Secret\u00e1rio Adjunto C\u00e9lio e do Assessor Jur\u00eddico Dr. Sebasti\u00e3o, o deputado discutiu a contrata\u00e7\u00e3o de empresas ou cons\u00f3rcios de empresas destinados \u00e0 presta\u00e7\u00e3o de servi\u00e7os de levantamentos, diagn\u00f3sticos, estudos de concep\u00e7\u00e3o, viabilidade ambientais, elabora\u00e7\u00e3o de projetos e or\u00e7amentos de obras de edifica\u00e7\u00f5es, infraestrutura e assessoria t\u00e9cnica para munic\u00edpios com popula\u00e7\u00e3o abaixo de 100.000 habitantes.<\/p>\n<p>O objetivo da Audi\u00eancia P\u00fablica foi contribuir com os munic\u00edpios, principalmente os menores, que n\u00e3o t\u00eam estrutura t\u00e9cnica suficiente para elabora\u00e7\u00e3o dos seus projetos de infraestrutura e edifica\u00e7\u00f5es, tais como os de obras rodovi\u00e1rias, pavimenta\u00e7\u00e3o, edifica\u00e7\u00f5es e urbanismos e de saneamento.<\/p>\n<p>F\u00e1bio Cherem lembrou que este \u00e9 o papel do deputado ao assumir uma cadeira na Casa Legislativa por aclama\u00e7\u00e3o popular atrav\u00e9s do voto. \u201cTemos um compromisso com aqueles que nos confiaram a miss\u00e3o de trabalhar para o bem comum de toda Minas Gerais, de todos os munic\u00edpios de uma forma igualit\u00e1ria, democr\u00e1tica. Como presidente da Comiss\u00e3o de Transportes, Comunica\u00e7\u00e3o e Obras P\u00fablicas estive hoje representando a ALMG na discuss\u00e3o dessa proposta que ir\u00e1 impactar diretamente e positivamente todas aquelas cidades que t\u00eam maiores dificuldades na execu\u00e7\u00e3o de obras de infraestrutura, saneamento, meio ambiente, entre outras a\u00e7\u00f5es, dando o suporte necess\u00e1rio \u00e0s administra\u00e7\u00f5es municipais. Por isso a import\u00e2ncia de estamos participando ativamente deste debate junto aos representantes da Secretaria Estadual de Obras\u201d, frisou o deputado.<\/p>\n<p>Fonte: assessoria do deputado F\u00e1bio Cherem<\/p>\n","protected":false},"excerpt":{"rendered":"<p>O deputado F\u00e1bio Cherem participou na sexta-feira, dia 24, de Audi\u00eancia P\u00fablica realizada pela Secretaria de Estado de Transportes e Obras P\u00fablicas (SETOP) sobre licita\u00e7\u00e3o do Programa de Apoio aos munic\u00edpios e ao Desenvolvimento Regional de Minas Gerais.<\/p>\n","protected":false},"author":2,"featured_media":13445,"comment_status":"closed","ping_status":"open","sticky":false,"template":"","format":"standard","meta":{"advgb_blocks_editor_width":"","advgb_blocks_columns_visual_guide":"","_exactmetrics_skip_tracking":false,"_exactmetrics_sitenote_active":false,"_exactmetrics_sitenote_note":"","_exactmetrics_sitenote_category":0,"footnotes":""},"categories":[7,12],"tags":[2341,672,4274],"class_list":["post-13444","post","type-post","status-publish","format-standard","has-post-thumbnail","hentry","category-destaques","category-politica","tag-deputado","tag-fabio-cherem","tag-programa-de-apoio-aos-municipios-e-ao-desenvolvimento-regional-de-minas-gerais"],"better_featured_image":{"id":13445,"alt_text":"","caption":"","description":"","media_type":"image","media_details":{"width":1206,"height":761,"file":"2017\/11\/23916475_1210744619025677_7399166069155285013_o.jpg","sizes":{"thumbnail":{"file":"23916475_1210744619025677_7399166069155285013_o-150x95.jpg","width":150,"height":95,"mime-type":"image\/jpeg","source_url":"https:\/\/lavras.tv\/site\/wp-content\/uploads\/2017\/11\/23916475_1210744619025677_7399166069155285013_o-150x95.jpg"},"medium":{"file":"23916475_1210744619025677_7399166069155285013_o-300x189.jpg","width":300,"height":189,"mime-type":"image\/jpeg","source_url":"https:\/\/lavras.tv\/site\/wp-content\/uploads\/2017\/11\/23916475_1210744619025677_7399166069155285013_o-300x189.jpg"},"large":{"file":"23916475_1210744619025677_7399166069155285013_o-1024x646.jpg","width":1024,"height":646,"mime-type":"image\/jpeg","source_url":"https:\/\/lavras.tv\/site\/wp-content\/uploads\/2017\/11\/23916475_1210744619025677_7399166069155285013_o-1024x646.jpg"},"featured-slider-img":{"file":"23916475_1210744619025677_7399166069155285013_o-640x480.jpg","width":640,"height":480,"mime-type":"image\/jpeg","source_url":"https:\/\/lavras.tv\/site\/wp-content\/uploads\/2017\/11\/23916475_1210744619025677_7399166069155285013_o-640x480.jpg"},"featured-post-img":{"file":"23916475_1210744619025677_7399166069155285013_o-480x320.jpg","width":480,"height":320,"mime-type":"image\/jpeg","source_url":"https:\/\/lavras.tv\/site\/wp-content\/uploads\/2017\/11\/23916475_1210744619025677_7399166069155285013_o-480x320.jpg"},"sow-carousel-default":{"file":"23916475_1210744619025677_7399166069155285013_o-272x182.jpg","width":272,"height":182,"mime-type":"image\/jpeg","source_url":"https:\/\/lavras.tv\/site\/wp-content\/uploads\/2017\/11\/23916475_1210744619025677_7399166069155285013_o-272x182.jpg"}},"image_meta":{"aperture":"0","credit":"","camera":"","caption":"","created_timestamp":"0","copyright":"","focal_length":"0","iso":"0","shutter_speed":"0","title":"","orientation":"0","keywords":[]}},"post":13444,"source_url":"https:\/\/lavras.tv\/site\/wp-content\/uploads\/2017\/11\/23916475_1210744619025677_7399166069155285013_o.jpg"},"author_meta":{"display_name":"Lavras TV","author_link":"https:\/\/lavras.tv\/site\/author\/lavrastv\/"},"featured_img":"https:\/\/lavras.tv\/site\/wp-content\/uploads\/2017\/11\/23916475_1210744619025677_7399166069155285013_o-300x189.jpg","coauthors":[],"tax_additional":{"categories":{"linked":["<a href=\"https:\/\/lavras.tv\/site\/category\/destaques\/\" class=\"advgb-post-tax-term\">Destaques<\/a>","<a href=\"https:\/\/lavras.tv\/site\/category\/politica\/\" class=\"advgb-post-tax-term\">Pol\u00edtica<\/a>"],"unlinked":["<span class=\"advgb-post-tax-term\">Destaques<\/span>","<span class=\"advgb-post-tax-term\">Pol\u00edtica<\/span>"]},"tags":{"linked":["<a href=\"https:\/\/lavras.tv\/site\/category\/politica\/\" class=\"advgb-post-tax-term\">deputado<\/a>","<a href=\"https:\/\/lavras.tv\/site\/category\/politica\/\" class=\"advgb-post-tax-term\">fabio cherem<\/a>","<a href=\"https:\/\/lavras.tv\/site\/category\/politica\/\" class=\"advgb-post-tax-term\">Programa de Apoio aos munic\u00edpios e ao Desenvolvimento Regional de Minas Gerais<\/a>"],"unlinked":["<span class=\"advgb-post-tax-term\">deputado<\/span>","<span class=\"advgb-post-tax-term\">fabio cherem<\/span>","<span class=\"advgb-post-tax-term\">Programa de Apoio aos munic\u00edpios e ao Desenvolvimento Regional de Minas Gerais<\/span>"]}},"comment_count":"0","relative_dates":{"created":"Publicado 8 anos atr\u00e1s","modified":"Atualizado 8 anos atr\u00e1s"},"absolute_dates":{"created":"Publicado em 30 de novembro de 2017","modified":"Atualizado em 30 de novembro de 2017"},"absolute_dates_time":{"created":"Publicado em 30 de novembro de 2017 09:29","modified":"Atualizado em 30 de novembro de 2017 09:29"},"featured_img_caption":"","series_order":"","_links":{"self":[{"href":"https:\/\/lavras.tv\/site\/wp-json\/wp\/v2\/posts\/13444","targetHints":{"allow":["GET"]}}],"collection":[{"href":"https:\/\/lavras.tv\/site\/wp-json\/wp\/v2\/posts"}],"about":[{"href":"https:\/\/lavras.tv\/site\/wp-json\/wp\/v2\/types\/post"}],"author":[{"embeddable":true,"href":"https:\/\/lavras.tv\/site\/wp-json\/wp\/v2\/users\/2"}],"replies":[{"embeddable":true,"href":"https:\/\/lavras.tv\/site\/wp-json\/wp\/v2\/comments?post=13444"}],"version-history":[{"count":1,"href":"https:\/\/lavras.tv\/site\/wp-json\/wp\/v2\/posts\/13444\/revisions"}],"predecessor-version":[{"id":13446,"href":"https:\/\/lavras.tv\/site\/wp-json\/wp\/v2\/posts\/13444\/revisions\/13446"}],"wp:featuredmedia":[{"embeddable":true,"href":"https:\/\/lavras.tv\/site\/wp-json\/wp\/v2\/media\/13445"}],"wp:attachment":[{"href":"https:\/\/lavras.tv\/site\/wp-json\/wp\/v2\/media?parent=13444"}],"wp:term":[{"taxonomy":"category","embeddable":true,"href":"https:\/\/lavras.tv\/site\/wp-json\/wp\/v2\/categories?post=13444"},{"taxonomy":"post_tag","embeddable":true,"href":"https:\/\/lavras.tv\/site\/wp-json\/wp\/v2\/tags?post=13444"}],"curies":[{"name":"wp","href":"https:\/\/api.w.org\/{rel}","templated":true}]}}