{"id":13501,"date":"2017-12-02T10:29:41","date_gmt":"2017-12-02T12:29:41","guid":{"rendered":"http:\/\/lavras.tv\/site\/?p=13501"},"modified":"2017-12-02T10:29:41","modified_gmt":"2017-12-02T12:29:41","slug":"informe-parlamentar-deputada-damina-pereira-recebe-titulo-de-cidada-honoraria-em-tres-pontas","status":"publish","type":"post","link":"https:\/\/lavras.tv\/site\/2017\/12\/02\/informe-parlamentar-deputada-damina-pereira-recebe-titulo-de-cidada-honoraria-em-tres-pontas\/","title":{"rendered":"[Informe Parlamentar] Deputada D\u00e2mina Pereira recebe t\u00edtulo de cidad\u00e3 honor\u00e1ria em Tr\u00eas Pontas"},"content":{"rendered":"<div class=\"lavra-antes-do-conteudo_2\" id=\"lavra-721719546\"><div id=\"lavra-slider-27\" class=\"custom-slider lavra-slider-2873993258 lavra-slider\"><ul><li><div style=\"margin-left: auto;margin-right: auto;text-align: center;\" id=\"lavra-2140271315\"><a href=\"https:\/\/sistemas.lavras.mg.gov.br\/portalcidadao\/#df1b1a7c7b2a290bcb31e32771e610784662739a88807c0dacac58ede5f391a7530e299dc302d611ee73cb143fc22eaf93592e53e7b5bdb01b00a0b8d28dae460c141dd2ff83412e4dc1c31b16b25f33144a9e5620ea73b13f5bc1c59411d98439ad226e8af03840603796067d87afe130812cf3de24982d0e306f9e61e764e5\" aria-label=\"Lavras-TV&#8211;720x104px (1) (1)\"><img src=\"https:\/\/lavras.tv\/site\/wp-content\/uploads\/2025\/01\/Lavras-TV-720x104px-1-1.png\" alt=\"\"  srcset=\"https:\/\/lavras.tv\/site\/wp-content\/uploads\/2025\/01\/Lavras-TV-720x104px-1-1.png 720w, https:\/\/lavras.tv\/site\/wp-content\/uploads\/2025\/01\/Lavras-TV-720x104px-1-1-470x68.png 470w, https:\/\/lavras.tv\/site\/wp-content\/uploads\/2025\/01\/Lavras-TV-720x104px-1-1-170x25.png 170w, https:\/\/lavras.tv\/site\/wp-content\/uploads\/2025\/01\/Lavras-TV-720x104px-1-1-200x29.png 200w\" sizes=\"(max-width: 720px) 100vw, 720px\" width=\"720\" height=\"104\"  style=\"display: inline-block;\" \/><\/a><\/div><\/li><li><a href=\"https:\/\/sistemas.lavras.mg.gov.br\/portalcidadao\/#df1b1a7c7b2a290bcb31e32771e610784662739a88807c0dacac58ede5f391a7530e299dc302d611ee73cb143fc22eaf93592e53e7b5bdb01b00a0b8d28dae460c141dd2ff83412e4dc1c31b16b25f33144a9e5620ea73b13f5bc1c59411d98439ad226e8af03840603796067d87afe130812cf3de24982d0e306f9e61e764e5\" aria-label=\"Banner_Emprego_PortallavrasTV\"><img src=\"https:\/\/lavras.tv\/site\/wp-content\/uploads\/2025\/03\/Banner_Emprego_PortallavrasTV.png\" alt=\"\"  srcset=\"https:\/\/lavras.tv\/site\/wp-content\/uploads\/2025\/03\/Banner_Emprego_PortallavrasTV.png 720w, https:\/\/lavras.tv\/site\/wp-content\/uploads\/2025\/03\/Banner_Emprego_PortallavrasTV-470x68.png 470w, https:\/\/lavras.tv\/site\/wp-content\/uploads\/2025\/03\/Banner_Emprego_PortallavrasTV-170x25.png 170w, https:\/\/lavras.tv\/site\/wp-content\/uploads\/2025\/03\/Banner_Emprego_PortallavrasTV-200x29.png 200w\" sizes=\"(max-width: 720px) 100vw, 720px\" width=\"720\" height=\"104\"   \/><\/a><\/li><li><a href=\"https:\/\/sistemas.lavras.mg.gov.br\/portalcidadao\/#df1b1a7c7b2a290bcb31e32771e610784662739a88807c0dacac58ede5f391a7530e299dc302d611ee73cb143fc22eaf93592e53e7b5bdb01b00a0b8d28dae460c141dd2ff83412e4dc1c31b16b25f33144a9e5620ea73b13f5bc1c59411d98439ad226e8af03840603796067d87afe130812cf3de24982d0e306f9e61e764e5\" aria-label=\"Banner_Obras_PortallavrasTV\"><img src=\"https:\/\/lavras.tv\/site\/wp-content\/uploads\/2025\/03\/Banner_Obras_PortallavrasTV.png\" alt=\"\"  srcset=\"https:\/\/lavras.tv\/site\/wp-content\/uploads\/2025\/03\/Banner_Obras_PortallavrasTV.png 720w, https:\/\/lavras.tv\/site\/wp-content\/uploads\/2025\/03\/Banner_Obras_PortallavrasTV-470x68.png 470w, https:\/\/lavras.tv\/site\/wp-content\/uploads\/2025\/03\/Banner_Obras_PortallavrasTV-170x25.png 170w, https:\/\/lavras.tv\/site\/wp-content\/uploads\/2025\/03\/Banner_Obras_PortallavrasTV-200x29.png 200w\" sizes=\"(max-width: 720px) 100vw, 720px\" width=\"720\" height=\"104\"   \/><\/a><\/li><li><div style=\"margin-left: auto;margin-right: auto;text-align: center;\" id=\"lavra-4150983015\"><a href=\"https:\/\/sistemas.lavras.mg.gov.br\/portalcidadao\/#df1b1a7c7b2a290bcb31e32771e610784662739a88807c0dacac58ede5f391a7530e299dc302d611ee73cb143fc22eaf93592e53e7b5bdb01b00a0b8d28dae460c141dd2ff83412e4dc1c31b16b25f33144a9e5620ea73b13f5bc1c59411d98439ad226e8af03840603796067d87afe130812cf3de24982d0e306f9e61e764e5\" aria-label=\"Banner_Educa\u00e7\u00e3o_PortallavrasTV\"><img src=\"https:\/\/lavras.tv\/site\/wp-content\/uploads\/2025\/01\/Banner_Educacao_PortallavrasTV.png\" alt=\"\"  srcset=\"https:\/\/lavras.tv\/site\/wp-content\/uploads\/2025\/01\/Banner_Educacao_PortallavrasTV.png 720w, https:\/\/lavras.tv\/site\/wp-content\/uploads\/2025\/01\/Banner_Educacao_PortallavrasTV-470x68.png 470w, https:\/\/lavras.tv\/site\/wp-content\/uploads\/2025\/01\/Banner_Educacao_PortallavrasTV-170x25.png 170w, https:\/\/lavras.tv\/site\/wp-content\/uploads\/2025\/01\/Banner_Educacao_PortallavrasTV-200x29.png 200w\" sizes=\"(max-width: 720px) 100vw, 720px\" width=\"720\" height=\"104\"  style=\"display: inline-block;\" \/><\/a><\/div><\/li><li><a href=\"https:\/\/sistemas.lavras.mg.gov.br\/portalcidadao\/#df1b1a7c7b2a290bcb31e32771e610784662739a88807c0dacac58ede5f391a7530e299dc302d611ee73cb143fc22eaf93592e53e7b5bdb01b00a0b8d28dae460c141dd2ff83412e4dc1c31b16b25f33144a9e5620ea73b13f5bc1c59411d98439ad226e8af03840603796067d87afe130812cf3de24982d0e306f9e61e764e5\" aria-label=\"Banner_Sa\u00fade_PortallavrasTV\"><img src=\"https:\/\/lavras.tv\/site\/wp-content\/uploads\/2025\/03\/Banner_Saude_PortallavrasTV.png\" alt=\"\"  srcset=\"https:\/\/lavras.tv\/site\/wp-content\/uploads\/2025\/03\/Banner_Saude_PortallavrasTV.png 720w, https:\/\/lavras.tv\/site\/wp-content\/uploads\/2025\/03\/Banner_Saude_PortallavrasTV-470x68.png 470w, https:\/\/lavras.tv\/site\/wp-content\/uploads\/2025\/03\/Banner_Saude_PortallavrasTV-170x25.png 170w, https:\/\/lavras.tv\/site\/wp-content\/uploads\/2025\/03\/Banner_Saude_PortallavrasTV-200x29.png 200w\" sizes=\"(max-width: 720px) 100vw, 720px\" width=\"720\" height=\"104\"   \/><\/a><\/li><li><div id=\"lavra-1155050388\" style=\"width:720px;height:104px;background-color:#ddd;overflow:scroll;\">\n\t<strong>Sa\u00edda da depura\u00e7\u00e3o de an\u00fancios<\/strong>\n\t<br><br>\n\tO an\u00fancio n\u00e3o \u00e9 exibido na p\u00e1gina<br><br>post atual: [Informe Parlamentar] Deputada D\u00e2mina Pereira recebe t\u00edtulo de cidad\u00e3 honor\u00e1ria em Tr\u00eas Pontas, ID: 13501<br><br><span style=\"color: red;\">O post atual n\u00e3o \u00e9 id\u00eantico ao post principal.<\/span><br><br>An\u00fancios: ROXO - TOPO INTERNA - ROTATIVO 2 (197)<br \/>Grupo de an\u00fancios: Princ_Meio01_720x104 (27)<br><br>Condi\u00e7\u00f5es de exibi\u00e7\u00e3o<div style=\"margin-bottom: 20px; white-space: pre-wrap; font-family: monospace; width: 100%; background: #ffe9e9;\"><strong>condi\u00e7\u00f5es gerais<\/strong><table border=\"1\"><thead><tr><th><\/th><th>An\u00fancios<\/th><th>wp_the_query<\/th><\/tr><\/thead><tr><td>is_main_query<\/td><td>1<\/td><td>1<\/td><\/tr><tr><td>is_rest_api<\/td><td>0<\/td><td>1<\/td><\/tr><tr><td>page<\/td><td>0<\/td><td>1<\/td><\/tr><tr><td>numpages<\/td><td>0<\/td><td>1<\/td><\/tr><tr><td>is_archive<\/td><td>1<\/td><td><\/td><\/tr><tr><td>is_search<\/td><td>1<\/td><td><\/td><\/tr><tr><td>is_home<\/td><td>1<\/td><td><\/td><\/tr><tr><td>is_404<\/td><td>1<\/td><td><\/td><\/tr><tr><td>is_attachment<\/td><td>1<\/td><td><\/td><\/tr><tr><td>is_singular<\/td><td>1<\/td><td><\/td><\/tr><tr><td>is_front_page<\/td><td>1<\/td><td><\/td><\/tr><tr><td>is_feed<\/td><td>1<\/td><td><\/td><\/tr><\/table><\/div><br><br><span style=\"color: red;\">Seu site usa HTTPS, mas o c\u00f3digo do an\u00fancio cont\u00e9m HTTP e pode n\u00e3o funcionar.<\/span>\t<br><br>\n\t<a style=\"color: green;\" href=\"https:\/\/wpadvancedads.com\/manual\/ad-debug-mode\/?utm_source=advanced-ads&utm_medium=link&utm_campaign=ad-debug-mode\" target=\"_blank\" rel=\"nofollow\">Encontre solu\u00e7\u00f5es no manual<\/a>\n<\/div>\n<\/li><\/ul><\/div><script>( window.advanced_ads_ready || jQuery( document ).ready ).call( null, function() {var $lavraslider2873993258 = jQuery( \".lavra-slider-2873993258\" );$lavraslider2873993258.on( \"unslider.ready\", function() { jQuery( \"div.custom-slider ul li\" ).css( \"display\", \"block\" ); });$lavraslider2873993258.unslider({ delay:4000, autoplay:true, nav:false, arrows:false, infinite:true });$lavraslider2873993258.on(\"mouseover\", function() {$lavraslider2873993258.unslider(\"stop\");}).on(\"mouseout\", function() {$lavraslider2873993258.unslider(\"start\");});});<\/script><\/div><p><span style=\"font-weight: 400;\">Uma solenidade realizada na noite desta quinta-feira (30) marcou a entrega de outorga do t\u00edtulo de cidad\u00e3 honor\u00e1ria de Tr\u00eas Pontas \u00e0 deputada federal lavrense D\u00e2mina Pereira (PSL\/MG). A condecora\u00e7\u00e3o foi uma indica\u00e7\u00e3o feita pelo vereador Francisco Diniz (Pop\u00f3). <\/span><!--more--><\/p>\n<p><img fetchpriority=\"high\" decoding=\"async\" class=\"alignnone size-full wp-image-13502\" src=\"http:\/\/lavras.tv\/site\/wp-content\/uploads\/2017\/12\/DSC_0819.jpg\" alt=\"DSC_0819\" width=\"6000\" height=\"4000\" srcset=\"https:\/\/lavras.tv\/site\/wp-content\/uploads\/2017\/12\/DSC_0819.jpg 6000w, https:\/\/lavras.tv\/site\/wp-content\/uploads\/2017\/12\/DSC_0819-150x100.jpg 150w, https:\/\/lavras.tv\/site\/wp-content\/uploads\/2017\/12\/DSC_0819-300x200.jpg 300w, https:\/\/lavras.tv\/site\/wp-content\/uploads\/2017\/12\/DSC_0819-1024x683.jpg 1024w, https:\/\/lavras.tv\/site\/wp-content\/uploads\/2017\/12\/DSC_0819-480x320.jpg 480w, https:\/\/lavras.tv\/site\/wp-content\/uploads\/2017\/12\/DSC_0819-272x182.jpg 272w\" sizes=\"(max-width: 6000px) 100vw, 6000px\" \/><\/p>\n<p><span style=\"font-weight: 400;\">Nos tr\u00eas primeiros anos de mandato, a parlamentar j\u00e1 indicou mais de R$800 mil referente \u00e0s suas emendas para Tr\u00eas Pontas, dinheiro que ser\u00e1 investido em obras de infraestrutura local e nas \u00e1reas de sa\u00fade e seguran\u00e7a p\u00fablica. <\/span><\/p>\n<p><span style=\"font-weight: 400;\">Para o vereador Francisco, o apoio da deputada \u00e9 imprescind\u00edvel \u201cn\u00e3o h\u00e1 palavras para agradecer tudo o que ela tem feito por n\u00f3s, este t\u00edtulo \u00e9 apenas uma retribui\u00e7\u00e3o e reconhecimento pelos servi\u00e7os prestados a nossa cidade\u201d, explicou.<\/span><\/p>\n<p><img decoding=\"async\" class=\"alignnone size-full wp-image-13503 aligncenter\" src=\"http:\/\/lavras.tv\/site\/wp-content\/uploads\/2017\/12\/DSC_0861.jpg\" alt=\"DSC_0861\" width=\"6000\" height=\"4000\" srcset=\"https:\/\/lavras.tv\/site\/wp-content\/uploads\/2017\/12\/DSC_0861.jpg 6000w, https:\/\/lavras.tv\/site\/wp-content\/uploads\/2017\/12\/DSC_0861-150x100.jpg 150w, https:\/\/lavras.tv\/site\/wp-content\/uploads\/2017\/12\/DSC_0861-300x200.jpg 300w, https:\/\/lavras.tv\/site\/wp-content\/uploads\/2017\/12\/DSC_0861-1024x683.jpg 1024w, https:\/\/lavras.tv\/site\/wp-content\/uploads\/2017\/12\/DSC_0861-480x320.jpg 480w, https:\/\/lavras.tv\/site\/wp-content\/uploads\/2017\/12\/DSC_0861-272x182.jpg 272w\" sizes=\"(max-width: 6000px) 100vw, 6000px\" \/><\/p>\n<p><span style=\"font-weight: 400;\">D\u00e2mina agradeceu a honraria concedida pela C\u00e2mara \u201ctenho um grande carinho pela popula\u00e7\u00e3o de Tr\u00eas Pontas e fico muito grata pelo t\u00edtulo que recebi. Quero seguir em frente, continuar trabalhando pelos <\/span><span style=\"font-weight: 400;\">trespontanos. E<\/span><span style=\"font-weight: 400;\">sse foi um dos meus compromissos de campanha, trabalhar em prol dos munic\u00edpios mineiros\u201d, disse. <\/span><\/p>\n<p><span style=\"font-weight: 400;\">A solenidade contou com a presen\u00e7a dos vereadores Luiz Carlos da Silva, Ben\u00edcio Baldansi, Flav\u00e3o, Maycon Douglas Machado, Ant\u00f4nio Carlos de Lima, Roberto Donizete, Erick dos Reis Roberto e Marlene Rosa Oliveira. A popula\u00e7\u00e3o <\/span><span style=\"font-weight: 400;\">trespontana<\/span><span style=\"font-weight: 400;\"> tamb\u00e9m marcou presen\u00e7a no plen\u00e1rio para prestigiar a homenagem \u00e0 deputada.<\/span><\/p>\n<p><img decoding=\"async\" class=\"alignnone size-full wp-image-13504 aligncenter\" src=\"http:\/\/lavras.tv\/site\/wp-content\/uploads\/2017\/12\/DSC_0876.jpg\" alt=\"DSC_0876\" width=\"6000\" height=\"4000\" srcset=\"https:\/\/lavras.tv\/site\/wp-content\/uploads\/2017\/12\/DSC_0876.jpg 6000w, https:\/\/lavras.tv\/site\/wp-content\/uploads\/2017\/12\/DSC_0876-150x100.jpg 150w, https:\/\/lavras.tv\/site\/wp-content\/uploads\/2017\/12\/DSC_0876-300x200.jpg 300w, https:\/\/lavras.tv\/site\/wp-content\/uploads\/2017\/12\/DSC_0876-1024x683.jpg 1024w, https:\/\/lavras.tv\/site\/wp-content\/uploads\/2017\/12\/DSC_0876-480x320.jpg 480w, https:\/\/lavras.tv\/site\/wp-content\/uploads\/2017\/12\/DSC_0876-272x182.jpg 272w\" sizes=\"(max-width: 6000px) 100vw, 6000px\" \/><\/p>\n<p>Fonte: gabinete da deputada D\u00e2mina Pereira<\/p>\n","protected":false},"excerpt":{"rendered":"<p>Uma solenidade realizada na noite desta quinta-feira (30) marcou a entrega de outorga do t\u00edtulo de cidad\u00e3 honor\u00e1ria de Tr\u00eas Pontas \u00e0 deputada federal lavrense D\u00e2mina Pereira (PSL\/MG). A condecora\u00e7\u00e3o foi uma indica\u00e7\u00e3o feita pelo vereador Francisco Diniz (Pop\u00f3).<\/p>\n","protected":false},"author":2,"featured_media":13502,"comment_status":"closed","ping_status":"open","sticky":false,"template":"","format":"standard","meta":{"advgb_blocks_editor_width":"","advgb_blocks_columns_visual_guide":"","_exactmetrics_skip_tracking":false,"_exactmetrics_sitenote_active":false,"_exactmetrics_sitenote_note":"","_exactmetrics_sitenote_category":0,"footnotes":""},"categories":[7,12],"tags":[671,1169],"class_list":["post-13501","post","type-post","status-publish","format-standard","has-post-thumbnail","hentry","category-destaques","category-politica","tag-damina-pereira","tag-tres-pontas"],"better_featured_image":{"id":13502,"alt_text":"","caption":"","description":"","media_type":"image","media_details":{"width":6000,"height":4000,"file":"2017\/12\/DSC_0819.jpg","sizes":{"thumbnail":{"file":"DSC_0819-150x100.jpg","width":150,"height":100,"mime-type":"image\/jpeg","source_url":"https:\/\/lavras.tv\/site\/wp-content\/uploads\/2017\/12\/DSC_0819-150x100.jpg"},"medium":{"file":"DSC_0819-300x200.jpg","width":300,"height":200,"mime-type":"image\/jpeg","source_url":"https:\/\/lavras.tv\/site\/wp-content\/uploads\/2017\/12\/DSC_0819-300x200.jpg"},"large":{"file":"DSC_0819-1024x683.jpg","width":1024,"height":683,"mime-type":"image\/jpeg","source_url":"https:\/\/lavras.tv\/site\/wp-content\/uploads\/2017\/12\/DSC_0819-1024x683.jpg"},"featured-slider-img":{"file":"DSC_0819-640x480.jpg","width":640,"height":480,"mime-type":"image\/jpeg","source_url":"https:\/\/lavras.tv\/site\/wp-content\/uploads\/2017\/12\/DSC_0819-640x480.jpg"},"featured-post-img":{"file":"DSC_0819-480x320.jpg","width":480,"height":320,"mime-type":"image\/jpeg","source_url":"https:\/\/lavras.tv\/site\/wp-content\/uploads\/2017\/12\/DSC_0819-480x320.jpg"},"sow-carousel-default":{"file":"DSC_0819-272x182.jpg","width":272,"height":182,"mime-type":"image\/jpeg","source_url":"https:\/\/lavras.tv\/site\/wp-content\/uploads\/2017\/12\/DSC_0819-272x182.jpg"}},"image_meta":{"aperture":"5.3","credit":"","camera":"NIKON D5200","caption":"","created_timestamp":"1512066856","copyright":"","focal_length":"44","iso":"1400","shutter_speed":"0.0166666666667","title":"","orientation":"1","keywords":[]}},"post":13501,"source_url":"https:\/\/lavras.tv\/site\/wp-content\/uploads\/2017\/12\/DSC_0819.jpg"},"author_meta":{"display_name":"Lavras TV","author_link":"https:\/\/lavras.tv\/site\/author\/lavrastv\/"},"featured_img":"https:\/\/lavras.tv\/site\/wp-content\/uploads\/2017\/12\/DSC_0819-300x200.jpg","coauthors":[],"tax_additional":{"categories":{"linked":["<a href=\"https:\/\/lavras.tv\/site\/category\/destaques\/\" class=\"advgb-post-tax-term\">Destaques<\/a>","<a href=\"https:\/\/lavras.tv\/site\/category\/politica\/\" class=\"advgb-post-tax-term\">Pol\u00edtica<\/a>"],"unlinked":["<span class=\"advgb-post-tax-term\">Destaques<\/span>","<span class=\"advgb-post-tax-term\">Pol\u00edtica<\/span>"]},"tags":{"linked":["<a href=\"https:\/\/lavras.tv\/site\/category\/politica\/\" class=\"advgb-post-tax-term\">D\u00e2mina Pereira<\/a>","<a href=\"https:\/\/lavras.tv\/site\/category\/politica\/\" class=\"advgb-post-tax-term\">tr\u00eas pontas<\/a>"],"unlinked":["<span class=\"advgb-post-tax-term\">D\u00e2mina Pereira<\/span>","<span class=\"advgb-post-tax-term\">tr\u00eas pontas<\/span>"]}},"comment_count":"0","relative_dates":{"created":"Publicado 8 anos atr\u00e1s","modified":"Atualizado 8 anos atr\u00e1s"},"absolute_dates":{"created":"Publicado em 2 de dezembro de 2017","modified":"Atualizado em 2 de dezembro de 2017"},"absolute_dates_time":{"created":"Publicado em 2 de dezembro de 2017 10:29","modified":"Atualizado em 2 de dezembro de 2017 10:29"},"featured_img_caption":"","series_order":"","_links":{"self":[{"href":"https:\/\/lavras.tv\/site\/wp-json\/wp\/v2\/posts\/13501","targetHints":{"allow":["GET"]}}],"collection":[{"href":"https:\/\/lavras.tv\/site\/wp-json\/wp\/v2\/posts"}],"about":[{"href":"https:\/\/lavras.tv\/site\/wp-json\/wp\/v2\/types\/post"}],"author":[{"embeddable":true,"href":"https:\/\/lavras.tv\/site\/wp-json\/wp\/v2\/users\/2"}],"replies":[{"embeddable":true,"href":"https:\/\/lavras.tv\/site\/wp-json\/wp\/v2\/comments?post=13501"}],"version-history":[{"count":1,"href":"https:\/\/lavras.tv\/site\/wp-json\/wp\/v2\/posts\/13501\/revisions"}],"predecessor-version":[{"id":13505,"href":"https:\/\/lavras.tv\/site\/wp-json\/wp\/v2\/posts\/13501\/revisions\/13505"}],"wp:featuredmedia":[{"embeddable":true,"href":"https:\/\/lavras.tv\/site\/wp-json\/wp\/v2\/media\/13502"}],"wp:attachment":[{"href":"https:\/\/lavras.tv\/site\/wp-json\/wp\/v2\/media?parent=13501"}],"wp:term":[{"taxonomy":"category","embeddable":true,"href":"https:\/\/lavras.tv\/site\/wp-json\/wp\/v2\/categories?post=13501"},{"taxonomy":"post_tag","embeddable":true,"href":"https:\/\/lavras.tv\/site\/wp-json\/wp\/v2\/tags?post=13501"}],"curies":[{"name":"wp","href":"https:\/\/api.w.org\/{rel}","templated":true}]}}