{"id":135048,"date":"2024-11-05T10:38:34","date_gmt":"2024-11-05T13:38:34","guid":{"rendered":"https:\/\/lavras.tv\/site\/?p=135048"},"modified":"2024-11-05T10:38:35","modified_gmt":"2024-11-05T13:38:35","slug":"com-inicio-do-periodo-chuvoso-cemig-alerta-populacao-sobre-cuidados-e-seguranca-durante-tempestades","status":"publish","type":"post","link":"https:\/\/lavras.tv\/site\/2024\/11\/05\/com-inicio-do-periodo-chuvoso-cemig-alerta-populacao-sobre-cuidados-e-seguranca-durante-tempestades\/","title":{"rendered":"Com in\u00edcio do per\u00edodo chuvoso, Cemig alerta popula\u00e7\u00e3o sobre cuidados e seguran\u00e7a durante\u00a0tempestades"},"content":{"rendered":"<div class=\"lavra-antes-do-conteudo_2\" id=\"lavra-1902810304\"><div id=\"lavra-slider-27\" class=\"custom-slider lavra-slider-3075991827 lavra-slider\"><ul><li><div style=\"margin-left: auto;margin-right: auto;text-align: center;\" id=\"lavra-249365360\"><a href=\"https:\/\/sistemas.lavras.mg.gov.br\/portalcidadao\/#df1b1a7c7b2a290bcb31e32771e610784662739a88807c0dacac58ede5f391a7530e299dc302d611ee73cb143fc22eaf93592e53e7b5bdb01b00a0b8d28dae460c141dd2ff83412e4dc1c31b16b25f33144a9e5620ea73b13f5bc1c59411d98439ad226e8af03840603796067d87afe130812cf3de24982d0e306f9e61e764e5\" aria-label=\"Lavras-TV&#8211;720x104px (1) (1)\"><img src=\"https:\/\/lavras.tv\/site\/wp-content\/uploads\/2025\/01\/Lavras-TV-720x104px-1-1.png\" alt=\"\"  srcset=\"https:\/\/lavras.tv\/site\/wp-content\/uploads\/2025\/01\/Lavras-TV-720x104px-1-1.png 720w, https:\/\/lavras.tv\/site\/wp-content\/uploads\/2025\/01\/Lavras-TV-720x104px-1-1-470x68.png 470w, https:\/\/lavras.tv\/site\/wp-content\/uploads\/2025\/01\/Lavras-TV-720x104px-1-1-170x25.png 170w, https:\/\/lavras.tv\/site\/wp-content\/uploads\/2025\/01\/Lavras-TV-720x104px-1-1-200x29.png 200w\" sizes=\"(max-width: 720px) 100vw, 720px\" width=\"720\" height=\"104\"  style=\"display: inline-block;\" \/><\/a><\/div><\/li><li><a href=\"https:\/\/sistemas.lavras.mg.gov.br\/portalcidadao\/#df1b1a7c7b2a290bcb31e32771e610784662739a88807c0dacac58ede5f391a7530e299dc302d611ee73cb143fc22eaf93592e53e7b5bdb01b00a0b8d28dae460c141dd2ff83412e4dc1c31b16b25f33144a9e5620ea73b13f5bc1c59411d98439ad226e8af03840603796067d87afe130812cf3de24982d0e306f9e61e764e5\" aria-label=\"Banner_Emprego_PortallavrasTV\"><img src=\"https:\/\/lavras.tv\/site\/wp-content\/uploads\/2025\/03\/Banner_Emprego_PortallavrasTV.png\" alt=\"\"  srcset=\"https:\/\/lavras.tv\/site\/wp-content\/uploads\/2025\/03\/Banner_Emprego_PortallavrasTV.png 720w, https:\/\/lavras.tv\/site\/wp-content\/uploads\/2025\/03\/Banner_Emprego_PortallavrasTV-470x68.png 470w, https:\/\/lavras.tv\/site\/wp-content\/uploads\/2025\/03\/Banner_Emprego_PortallavrasTV-170x25.png 170w, https:\/\/lavras.tv\/site\/wp-content\/uploads\/2025\/03\/Banner_Emprego_PortallavrasTV-200x29.png 200w\" sizes=\"(max-width: 720px) 100vw, 720px\" width=\"720\" height=\"104\"   \/><\/a><\/li><li><a href=\"https:\/\/sistemas.lavras.mg.gov.br\/portalcidadao\/#df1b1a7c7b2a290bcb31e32771e610784662739a88807c0dacac58ede5f391a7530e299dc302d611ee73cb143fc22eaf93592e53e7b5bdb01b00a0b8d28dae460c141dd2ff83412e4dc1c31b16b25f33144a9e5620ea73b13f5bc1c59411d98439ad226e8af03840603796067d87afe130812cf3de24982d0e306f9e61e764e5\" aria-label=\"Banner_Obras_PortallavrasTV\"><img src=\"https:\/\/lavras.tv\/site\/wp-content\/uploads\/2025\/03\/Banner_Obras_PortallavrasTV.png\" alt=\"\"  srcset=\"https:\/\/lavras.tv\/site\/wp-content\/uploads\/2025\/03\/Banner_Obras_PortallavrasTV.png 720w, https:\/\/lavras.tv\/site\/wp-content\/uploads\/2025\/03\/Banner_Obras_PortallavrasTV-470x68.png 470w, https:\/\/lavras.tv\/site\/wp-content\/uploads\/2025\/03\/Banner_Obras_PortallavrasTV-170x25.png 170w, https:\/\/lavras.tv\/site\/wp-content\/uploads\/2025\/03\/Banner_Obras_PortallavrasTV-200x29.png 200w\" sizes=\"(max-width: 720px) 100vw, 720px\" width=\"720\" height=\"104\"   \/><\/a><\/li><li><div style=\"margin-left: auto;margin-right: auto;text-align: center;\" id=\"lavra-104755345\"><a href=\"https:\/\/sistemas.lavras.mg.gov.br\/portalcidadao\/#df1b1a7c7b2a290bcb31e32771e610784662739a88807c0dacac58ede5f391a7530e299dc302d611ee73cb143fc22eaf93592e53e7b5bdb01b00a0b8d28dae460c141dd2ff83412e4dc1c31b16b25f33144a9e5620ea73b13f5bc1c59411d98439ad226e8af03840603796067d87afe130812cf3de24982d0e306f9e61e764e5\" aria-label=\"Banner_Educa\u00e7\u00e3o_PortallavrasTV\"><img src=\"https:\/\/lavras.tv\/site\/wp-content\/uploads\/2025\/01\/Banner_Educacao_PortallavrasTV.png\" alt=\"\"  srcset=\"https:\/\/lavras.tv\/site\/wp-content\/uploads\/2025\/01\/Banner_Educacao_PortallavrasTV.png 720w, https:\/\/lavras.tv\/site\/wp-content\/uploads\/2025\/01\/Banner_Educacao_PortallavrasTV-470x68.png 470w, https:\/\/lavras.tv\/site\/wp-content\/uploads\/2025\/01\/Banner_Educacao_PortallavrasTV-170x25.png 170w, https:\/\/lavras.tv\/site\/wp-content\/uploads\/2025\/01\/Banner_Educacao_PortallavrasTV-200x29.png 200w\" sizes=\"(max-width: 720px) 100vw, 720px\" width=\"720\" height=\"104\"  style=\"display: inline-block;\" \/><\/a><\/div><\/li><li><a href=\"https:\/\/sistemas.lavras.mg.gov.br\/portalcidadao\/#df1b1a7c7b2a290bcb31e32771e610784662739a88807c0dacac58ede5f391a7530e299dc302d611ee73cb143fc22eaf93592e53e7b5bdb01b00a0b8d28dae460c141dd2ff83412e4dc1c31b16b25f33144a9e5620ea73b13f5bc1c59411d98439ad226e8af03840603796067d87afe130812cf3de24982d0e306f9e61e764e5\" aria-label=\"Banner_Sa\u00fade_PortallavrasTV\"><img src=\"https:\/\/lavras.tv\/site\/wp-content\/uploads\/2025\/03\/Banner_Saude_PortallavrasTV.png\" alt=\"\"  srcset=\"https:\/\/lavras.tv\/site\/wp-content\/uploads\/2025\/03\/Banner_Saude_PortallavrasTV.png 720w, https:\/\/lavras.tv\/site\/wp-content\/uploads\/2025\/03\/Banner_Saude_PortallavrasTV-470x68.png 470w, https:\/\/lavras.tv\/site\/wp-content\/uploads\/2025\/03\/Banner_Saude_PortallavrasTV-170x25.png 170w, https:\/\/lavras.tv\/site\/wp-content\/uploads\/2025\/03\/Banner_Saude_PortallavrasTV-200x29.png 200w\" sizes=\"(max-width: 720px) 100vw, 720px\" width=\"720\" height=\"104\"   \/><\/a><\/li><li><div id=\"lavra-1201665022\" style=\"width:720px;height:104px;background-color:#ddd;overflow:scroll;\">\n\t<strong>Sa\u00edda da depura\u00e7\u00e3o de an\u00fancios<\/strong>\n\t<br><br>\n\tO an\u00fancio n\u00e3o \u00e9 exibido na p\u00e1gina<br><br>post atual: Com in\u00edcio do per\u00edodo chuvoso, Cemig alerta popula\u00e7\u00e3o sobre cuidados e seguran\u00e7a durante\u00a0tempestades, ID: 135048<br><br><span style=\"color: red;\">O post atual n\u00e3o \u00e9 id\u00eantico ao post principal.<\/span><br><br>An\u00fancios: ROXO - TOPO INTERNA - ROTATIVO 2 (197)<br \/>Grupo de an\u00fancios: Princ_Meio01_720x104 (27)<br><br>Condi\u00e7\u00f5es de exibi\u00e7\u00e3o<div style=\"margin-bottom: 20px; white-space: pre-wrap; font-family: monospace; width: 100%; background: #ffe9e9;\"><strong>condi\u00e7\u00f5es gerais<\/strong><table border=\"1\"><thead><tr><th><\/th><th>An\u00fancios<\/th><th>wp_the_query<\/th><\/tr><\/thead><tr><td>is_main_query<\/td><td>1<\/td><td>1<\/td><\/tr><tr><td>is_rest_api<\/td><td>0<\/td><td>1<\/td><\/tr><tr><td>page<\/td><td>0<\/td><td>1<\/td><\/tr><tr><td>numpages<\/td><td>0<\/td><td>1<\/td><\/tr><tr><td>is_archive<\/td><td>1<\/td><td><\/td><\/tr><tr><td>is_search<\/td><td>1<\/td><td><\/td><\/tr><tr><td>is_home<\/td><td>1<\/td><td><\/td><\/tr><tr><td>is_404<\/td><td>1<\/td><td><\/td><\/tr><tr><td>is_attachment<\/td><td>1<\/td><td><\/td><\/tr><tr><td>is_singular<\/td><td>1<\/td><td><\/td><\/tr><tr><td>is_front_page<\/td><td>1<\/td><td><\/td><\/tr><tr><td>is_feed<\/td><td>1<\/td><td><\/td><\/tr><\/table><\/div><br><br><span style=\"color: red;\">Seu site usa HTTPS, mas o c\u00f3digo do an\u00fancio cont\u00e9m HTTP e pode n\u00e3o funcionar.<\/span>\t<br><br>\n\t<a style=\"color: green;\" href=\"https:\/\/wpadvancedads.com\/manual\/ad-debug-mode\/?utm_source=advanced-ads&utm_medium=link&utm_campaign=ad-debug-mode\" target=\"_blank\" rel=\"nofollow\">Encontre solu\u00e7\u00f5es no manual<\/a>\n<\/div>\n<\/li><\/ul><\/div><script>( window.advanced_ads_ready || jQuery( document ).ready ).call( null, function() {var $lavraslider3075991827 = jQuery( \".lavra-slider-3075991827\" );$lavraslider3075991827.on( \"unslider.ready\", function() { jQuery( \"div.custom-slider ul li\" ).css( \"display\", \"block\" ); });$lavraslider3075991827.unslider({ delay:4000, autoplay:true, nav:false, arrows:false, infinite:true });$lavraslider3075991827.on(\"mouseover\", function() {$lavraslider3075991827.unslider(\"stop\");}).on(\"mouseout\", function() {$lavraslider3075991827.unslider(\"start\");});});<\/script><\/div>\n<p><em>As caracter\u00edsticas geogr\u00e1ficas e meteorol\u00f3gicas de Minas Gerais s\u00e3o os motivos para a grande incid\u00eancia de descargas atmosf\u00e9ricas e ventanias<\/em><\/p>\n\n\n\n<figure class=\"wp-block-video\"><video height=\"720\" style=\"aspect-ratio: 1280 \/ 720;\" width=\"1280\" controls src=\"https:\/\/lavras.tv\/site\/wp-content\/uploads\/2024\/11\/Seguranca-Tempestades.mp4\"><\/video><\/figure>\n\n\n\n<p>Minas Gerais \u00e9 um dos estados com a maior incid\u00eancia de raios do Brasil. E com o in\u00edcio do per\u00edodo chuvoso, as ocorr\u00eancias de chuvas fortes, que geralmente vem acompanhadas de ventos intensos e raios, j\u00e1 sendo registradas em todo estado. Por isso a Cemig alerta para os cuidados que todos devem ter em rela\u00e7\u00e3o ao tema. Desta forma, \u00e9 muito importante que a&nbsp;popula\u00e7\u00e3o esteja atenta para evitar acidentes \u2013 que podem ser fatais \u2013 e tamb\u00e9m proteja equipamentos eletr\u00f4nicos, que podem ser danificados durantes as&nbsp;tempestades.<\/p>\n\n\n\n<p>De acordo com a \u00e1rea especializada de meteorologia da Cemig, apenas em 2023 foram contabilizados mais de dois milh\u00f5es de descargas atmosf\u00e9ricas em Minas Gerais, n\u00famero que \u00e9 150% maior do que o registrado no ano anterior. Isso porque as caracter\u00edsticas geogr\u00e1ficas e meteorol\u00f3gicas do estado s\u00e3o os motivos para a grande incid\u00eancia de descargas atmosf\u00e9ricas registradas por aqui. De acordo com o Centro de Meteorologia da Cemig, as regi\u00f5es mais atingidas \u2013 como Sul de Minas, Zona da Mata e Regi\u00e3o Metropolitana de Belo Horizonte \u2013 est\u00e3o sob o efeito de fen\u00f4menos meteorol\u00f3gicos como frentes frias e linhas de instabilidades.<\/p>\n\n\n\n<p>Esses fen\u00f4menos provocam chuvas fortes de curta dura\u00e7\u00e3o e que podem causar alagamentos \u2013 que se agravam dependendo do relevo e da posi\u00e7\u00e3o geogr\u00e1fica. \u00c9 importante ressaltar ainda o Oceano Atl\u00e2ntico como fornecedor de umidade para o Sul de Minas e Zona da Mata, proporcionando a forma\u00e7\u00e3o mais frequente de nuvens de chuva.<\/p>\n\n\n\n<p><strong>Risco de morte<\/strong><\/p>\n\n\n\n<p>O engenheiro eletricista da Cemig, Demetrio Aguiar, destaca que durante as&nbsp;tempestades&nbsp;com raios as pessoas&nbsp;devem procurar abrigo imediatamente. \u201cCaso a pessoa esteja na rua, ela deve procurar um local seguro, como um estabelecimento&nbsp;residencial ou&nbsp;comercial. O mesmo vale para regi\u00f5es rurais. Al\u00e9m disso, \u00e9 importante n\u00e3o ficar debaixo de \u00e1rvores ou de postes, que podem atrair a descarga atmosf\u00e9rica e, consequentemente, eletrocutar quem esteja pr\u00f3ximo. O raio pode provocar&nbsp;queimaduras grav\u00edssimas e pode provocar parada cardiorrespirat\u00f3ria, que pode levar a pessoa \u00e0 morte\u201d, explica.<\/p>\n\n\n\n<p>Demetrio Aguiar ressalta que todos os equipamentos el\u00e9tricos devem ser retirados das tomadas para evitar risco de queima. Essa&nbsp;atitude preventiva tamb\u00e9m contribui para a seguran\u00e7a das pessoas. \u201cA rede el\u00e9trica da Cemig possui&nbsp;para-raios ao longo de sua extens\u00e3o,&nbsp; que s\u00e3o dispositivos de prote\u00e7\u00e3o contra eleva\u00e7\u00f5es bruscas das tens\u00f5es. Por\u00e9m, durante as chuvas, o raio, ao cair pr\u00f3ximo \u00e0s resid\u00eancias, pode causar grandes sobretens\u00f5es nas redes el\u00e9tricas internas das resid\u00eancias, com\u00e9rcios ou ind\u00fastrias, que tamb\u00e9m precisam possuir seus pr\u00f3prios dispositivos de prote\u00e7\u00e3o contra essas varia\u00e7\u00f5es elevadas provocadas pelas descargas atmosf\u00e9ricas&#8221;, alerta o engenheiro da Cemig.<\/p>\n\n\n\n<p>Desta forma, continua Aguiar, &#8220;as sobretens\u00f5es podem atingir os aparelhos el\u00e9tricos destas instala\u00e7\u00f5es ou os moradores que estiverem em contato com estas unidades, provocando o defeito no equipamento e o choque ou queimadura na pessoa. Por este motivo, sempre que poss\u00edvel, a recomenda\u00e7\u00e3o \u00e9 retirar os equipamentos eletro eletr\u00f4nicos das tomadas em caso de chuvas com descargas atmosf\u00e9ricas, para evitar acidentes&#8221;, completa.<\/p>\n\n\n\n<p>De acordo com o especialista da companhia, o telefone celular s\u00f3 deve ser utilizado caso o carregador de bateria do aparelho n\u00e3o esteja plugado na tomada. Essa recomenda\u00e7\u00e3o vale para qualquer situa\u00e7\u00e3o, independentemente se forem dias de chuva ou de sol.<\/p>\n\n\n\n<p><strong>Fio Partido<\/strong><\/p>\n\n\n\n<p>Uma das principais ocorr\u00eancias durante&nbsp;tempestades&nbsp;intensas \u00e9 o fio partido, principalmente quando h\u00e1 quedas de \u00e1rvores sobre a rede el\u00e9trica, ou quando objetos s\u00e3o lan\u00e7ados em dire\u00e7\u00e3o aos cabos,&nbsp;&nbsp;em fun\u00e7\u00e3o da for\u00e7a dos ventos,&nbsp;provocando o seu rompimento. Caso as pessoas se deparem com um fio partido, elas n\u00e3o podem se aproximar ou tocar no cabeamento e, se poss\u00edvel, n\u00e3o devem permitir que outras pessoas se aproximem tamb\u00e9m.<br><br>A recomenda\u00e7\u00e3o \u00e9 telefonar imediatamente para o Fale com a Cemig, no telefone 116, que funciona 24 horas por dia. Se uma \u00e1rvore cair na frente de sua resid\u00eancia, nunca tente retir\u00e1-la ou cort\u00e1-la e chame o corpo de bombeiros para retirar esta \u00e1rvore. Em muitos casos, no meio da \u00e1rvore ca\u00edda, pode existir&nbsp;um cabo partido da rede el\u00e9trica que pode estar energizado e escondido no meio dos galhos e, ao tentar retirar a \u00e1rvore, a pessoa pode sofrer um choque el\u00e9trico de at\u00e9 13.800 volts, com risco de morte ou graves queimaduras.<\/p>\n\n\n\n<p><strong>Aten\u00e7\u00e3o na Zona Rural<\/strong><\/p>\n\n\n\n<p>Outro ponto de aten\u00e7\u00e3o muito importante \u00e9 que durante&nbsp;tempestades&nbsp;com raios em \u00e1reas rurais, \u00e9 ideal que as pessoas busquem um abrigo que n\u00e3o seja embaixo de \u00e1rvores ou postes, que podem atrair as&nbsp;descargas atmosf\u00e9ricas devido \u00e0 sua altura, e como consequ\u00eancia eletrocutar as pessoas que estejam pr\u00f3ximas.<\/p>\n\n\n\n<p>\u201cDurante as chuvas, os raios podem cair nas proximidades das cercas ou atingir diretamente uma pessoa. Por isso, \u00e9 fundamental que se busque um abrigo seguro na incid\u00eancia do fen\u00f4meno. Caso n\u00e3o seja poss\u00edvel conseguir um abrigo, \u00e9 importante ficar longe de pontos altos, que podem atrair os raios. O mais importante \u00e9 n\u00e3o sermos um dos pontos mais altos em locais descampados. Se uma pessoa estiver no alto de uma montanha desprotegido, por exemplo,&nbsp; a orienta\u00e7\u00e3o \u00e9 ficar deitado&nbsp;para n\u00e3o correr o risco de sofrer uma descarga atmosf\u00e9rica\u201d, alerta Demetrio Aguiar.<\/p>\n\n\n\n<p>Em casos de locais que possuem cria\u00e7\u00e3o de animais, como gado e cavalo, o propriet\u00e1rio deve avaliar a instala\u00e7\u00e3o de aterramentos nas cercas, para facilitar o escoamento da corrente el\u00e9trica para o solo. Al\u00e9m disso, explica o engenheiro, \u201c\u00e9 importante interromper a cerca de alguns em alguns metros, a depender da sua extens\u00e3o, para diminuir a possibilidade da descarga \u2018caminhar\u2019 por grandes dist\u00e2ncias por meio dos componentes met\u00e1licos, como arames e sempre conectar essa cerca a uma haste fincada no solo\u201d, detalha.&nbsp;&nbsp;<\/p>\n","protected":false},"excerpt":{"rendered":"<p>As caracter\u00edsticas geogr\u00e1ficas e meteorol\u00f3gicas de Minas Gerais s\u00e3o os motivos para a grande incid\u00eancia de descargas atmosf\u00e9ricas e ventanias Minas Gerais \u00e9 um dos estados com a maior incid\u00eancia de raios do Brasil. E com o in\u00edcio do per\u00edodo chuvoso, as ocorr\u00eancias de chuvas fortes, que geralmente vem acompanhadas de ventos intensos e raios, [&hellip;]<\/p>\n","protected":false},"author":5,"featured_media":135049,"comment_status":"closed","ping_status":"open","sticky":false,"template":"","format":"standard","meta":{"advgb_blocks_editor_width":"","advgb_blocks_columns_visual_guide":"","_exactmetrics_skip_tracking":false,"_exactmetrics_sitenote_active":false,"_exactmetrics_sitenote_note":"","_exactmetrics_sitenote_category":0,"footnotes":""},"categories":[7,2],"tags":[],"class_list":["post-135048","post","type-post","status-publish","format-standard","has-post-thumbnail","hentry","category-destaques","category-noticias"],"better_featured_image":{"id":135049,"alt_text":"","caption":"","description":"","media_type":"image","media_details":{"width":940,"height":350,"file":"2024\/11\/Raios_em_BH_-_Demetrio_Aguiar-Cemig_1.jpg","filesize":316716,"sizes":{"medium":{"file":"Raios_em_BH_-_Demetrio_Aguiar-Cemig_1-470x175.jpg","width":470,"height":175,"mime-type":"image\/jpeg","filesize":17904,"source_url":"https:\/\/lavras.tv\/site\/wp-content\/uploads\/2024\/11\/Raios_em_BH_-_Demetrio_Aguiar-Cemig_1-470x175.jpg"},"thumbnail":{"file":"Raios_em_BH_-_Demetrio_Aguiar-Cemig_1-170x63.jpg","width":170,"height":63,"mime-type":"image\/jpeg","filesize":3697,"source_url":"https:\/\/lavras.tv\/site\/wp-content\/uploads\/2024\/11\/Raios_em_BH_-_Demetrio_Aguiar-Cemig_1-170x63.jpg"},"lshowcase-thumb":{"file":"Raios_em_BH_-_Demetrio_Aguiar-Cemig_1-200x74.jpg","width":200,"height":74,"mime-type":"image\/jpeg","filesize":4899,"source_url":"https:\/\/lavras.tv\/site\/wp-content\/uploads\/2024\/11\/Raios_em_BH_-_Demetrio_Aguiar-Cemig_1-200x74.jpg"},"alm-thumbnail":{"file":"Raios_em_BH_-_Demetrio_Aguiar-Cemig_1-150x150.jpg","width":150,"height":150,"mime-type":"image\/jpeg","filesize":6651,"source_url":"https:\/\/lavras.tv\/site\/wp-content\/uploads\/2024\/11\/Raios_em_BH_-_Demetrio_Aguiar-Cemig_1-150x150.jpg"}},"image_meta":{"aperture":"0","credit":"","camera":"","caption":"","created_timestamp":"0","copyright":"","focal_length":"0","iso":"0","shutter_speed":"0","title":"","orientation":"0","keywords":[]}},"post":135048,"source_url":"https:\/\/lavras.tv\/site\/wp-content\/uploads\/2024\/11\/Raios_em_BH_-_Demetrio_Aguiar-Cemig_1.jpg"},"author_meta":{"display_name":"Vinicius Bustamante","author_link":"https:\/\/lavras.tv\/site\/author\/vinicius-bustamante\/"},"featured_img":"https:\/\/lavras.tv\/site\/wp-content\/uploads\/2024\/11\/Raios_em_BH_-_Demetrio_Aguiar-Cemig_1-470x175.jpg","coauthors":[],"tax_additional":{"categories":{"linked":["<a href=\"https:\/\/lavras.tv\/site\/category\/destaques\/\" class=\"advgb-post-tax-term\">Destaques<\/a>","<a href=\"https:\/\/lavras.tv\/site\/category\/noticias\/\" class=\"advgb-post-tax-term\">Not\u00edcias<\/a>"],"unlinked":["<span class=\"advgb-post-tax-term\">Destaques<\/span>","<span class=\"advgb-post-tax-term\">Not\u00edcias<\/span>"]}},"comment_count":"0","relative_dates":{"created":"Publicado 1 ano atr\u00e1s","modified":"Atualizado 1 ano atr\u00e1s"},"absolute_dates":{"created":"Publicado em 5 de novembro de 2024","modified":"Atualizado em 5 de novembro de 2024"},"absolute_dates_time":{"created":"Publicado em 5 de novembro de 2024 10:38","modified":"Atualizado em 5 de novembro de 2024 10:38"},"featured_img_caption":"","series_order":"","_links":{"self":[{"href":"https:\/\/lavras.tv\/site\/wp-json\/wp\/v2\/posts\/135048","targetHints":{"allow":["GET"]}}],"collection":[{"href":"https:\/\/lavras.tv\/site\/wp-json\/wp\/v2\/posts"}],"about":[{"href":"https:\/\/lavras.tv\/site\/wp-json\/wp\/v2\/types\/post"}],"author":[{"embeddable":true,"href":"https:\/\/lavras.tv\/site\/wp-json\/wp\/v2\/users\/5"}],"replies":[{"embeddable":true,"href":"https:\/\/lavras.tv\/site\/wp-json\/wp\/v2\/comments?post=135048"}],"version-history":[{"count":1,"href":"https:\/\/lavras.tv\/site\/wp-json\/wp\/v2\/posts\/135048\/revisions"}],"predecessor-version":[{"id":135051,"href":"https:\/\/lavras.tv\/site\/wp-json\/wp\/v2\/posts\/135048\/revisions\/135051"}],"wp:featuredmedia":[{"embeddable":true,"href":"https:\/\/lavras.tv\/site\/wp-json\/wp\/v2\/media\/135049"}],"wp:attachment":[{"href":"https:\/\/lavras.tv\/site\/wp-json\/wp\/v2\/media?parent=135048"}],"wp:term":[{"taxonomy":"category","embeddable":true,"href":"https:\/\/lavras.tv\/site\/wp-json\/wp\/v2\/categories?post=135048"},{"taxonomy":"post_tag","embeddable":true,"href":"https:\/\/lavras.tv\/site\/wp-json\/wp\/v2\/tags?post=135048"}],"curies":[{"name":"wp","href":"https:\/\/api.w.org\/{rel}","templated":true}]}}