{"id":135068,"date":"2024-11-05T10:54:26","date_gmt":"2024-11-05T13:54:26","guid":{"rendered":"https:\/\/lavras.tv\/site\/?p=135068"},"modified":"2024-11-05T10:54:27","modified_gmt":"2024-11-05T13:54:27","slug":"em-acao-especial-correios-e-serasa-se-unem-para-possibilitar-negociacao-de-dividas-em-todo-o-brasil","status":"publish","type":"post","link":"https:\/\/lavras.tv\/site\/2024\/11\/05\/em-acao-especial-correios-e-serasa-se-unem-para-possibilitar-negociacao-de-dividas-em-todo-o-brasil\/","title":{"rendered":"Em a\u00e7\u00e3o especial, Correios e Serasa se unem para possibilitar negocia\u00e7\u00e3o de d\u00edvidas em todo o Brasil"},"content":{"rendered":"<div class=\"lavra-antes-do-conteudo_2\" id=\"lavra-1430570578\"><div id=\"lavra-slider-27\" class=\"custom-slider lavra-slider-1695978344 lavra-slider\"><ul><li><div style=\"margin-left: auto;margin-right: auto;text-align: center;\" id=\"lavra-4075264268\"><a href=\"https:\/\/sistemas.lavras.mg.gov.br\/portalcidadao\/#df1b1a7c7b2a290bcb31e32771e610784662739a88807c0dacac58ede5f391a7530e299dc302d611ee73cb143fc22eaf93592e53e7b5bdb01b00a0b8d28dae460c141dd2ff83412e4dc1c31b16b25f33144a9e5620ea73b13f5bc1c59411d98439ad226e8af03840603796067d87afe130812cf3de24982d0e306f9e61e764e5\" aria-label=\"Lavras-TV&#8211;720x104px (1) (1)\"><img src=\"https:\/\/lavras.tv\/site\/wp-content\/uploads\/2025\/01\/Lavras-TV-720x104px-1-1.png\" alt=\"\"  srcset=\"https:\/\/lavras.tv\/site\/wp-content\/uploads\/2025\/01\/Lavras-TV-720x104px-1-1.png 720w, https:\/\/lavras.tv\/site\/wp-content\/uploads\/2025\/01\/Lavras-TV-720x104px-1-1-470x68.png 470w, https:\/\/lavras.tv\/site\/wp-content\/uploads\/2025\/01\/Lavras-TV-720x104px-1-1-170x25.png 170w, https:\/\/lavras.tv\/site\/wp-content\/uploads\/2025\/01\/Lavras-TV-720x104px-1-1-200x29.png 200w\" sizes=\"(max-width: 720px) 100vw, 720px\" width=\"720\" height=\"104\"  style=\"display: inline-block;\" \/><\/a><\/div><\/li><li><a href=\"https:\/\/sistemas.lavras.mg.gov.br\/portalcidadao\/#df1b1a7c7b2a290bcb31e32771e610784662739a88807c0dacac58ede5f391a7530e299dc302d611ee73cb143fc22eaf93592e53e7b5bdb01b00a0b8d28dae460c141dd2ff83412e4dc1c31b16b25f33144a9e5620ea73b13f5bc1c59411d98439ad226e8af03840603796067d87afe130812cf3de24982d0e306f9e61e764e5\" aria-label=\"Banner_Emprego_PortallavrasTV\"><img src=\"https:\/\/lavras.tv\/site\/wp-content\/uploads\/2025\/03\/Banner_Emprego_PortallavrasTV.png\" alt=\"\"  srcset=\"https:\/\/lavras.tv\/site\/wp-content\/uploads\/2025\/03\/Banner_Emprego_PortallavrasTV.png 720w, https:\/\/lavras.tv\/site\/wp-content\/uploads\/2025\/03\/Banner_Emprego_PortallavrasTV-470x68.png 470w, https:\/\/lavras.tv\/site\/wp-content\/uploads\/2025\/03\/Banner_Emprego_PortallavrasTV-170x25.png 170w, https:\/\/lavras.tv\/site\/wp-content\/uploads\/2025\/03\/Banner_Emprego_PortallavrasTV-200x29.png 200w\" sizes=\"(max-width: 720px) 100vw, 720px\" width=\"720\" height=\"104\"   \/><\/a><\/li><li><a href=\"https:\/\/sistemas.lavras.mg.gov.br\/portalcidadao\/#df1b1a7c7b2a290bcb31e32771e610784662739a88807c0dacac58ede5f391a7530e299dc302d611ee73cb143fc22eaf93592e53e7b5bdb01b00a0b8d28dae460c141dd2ff83412e4dc1c31b16b25f33144a9e5620ea73b13f5bc1c59411d98439ad226e8af03840603796067d87afe130812cf3de24982d0e306f9e61e764e5\" aria-label=\"Banner_Obras_PortallavrasTV\"><img src=\"https:\/\/lavras.tv\/site\/wp-content\/uploads\/2025\/03\/Banner_Obras_PortallavrasTV.png\" alt=\"\"  srcset=\"https:\/\/lavras.tv\/site\/wp-content\/uploads\/2025\/03\/Banner_Obras_PortallavrasTV.png 720w, https:\/\/lavras.tv\/site\/wp-content\/uploads\/2025\/03\/Banner_Obras_PortallavrasTV-470x68.png 470w, https:\/\/lavras.tv\/site\/wp-content\/uploads\/2025\/03\/Banner_Obras_PortallavrasTV-170x25.png 170w, https:\/\/lavras.tv\/site\/wp-content\/uploads\/2025\/03\/Banner_Obras_PortallavrasTV-200x29.png 200w\" sizes=\"(max-width: 720px) 100vw, 720px\" width=\"720\" height=\"104\"   \/><\/a><\/li><li><div style=\"margin-left: auto;margin-right: auto;text-align: center;\" id=\"lavra-3155549253\"><a href=\"https:\/\/sistemas.lavras.mg.gov.br\/portalcidadao\/#df1b1a7c7b2a290bcb31e32771e610784662739a88807c0dacac58ede5f391a7530e299dc302d611ee73cb143fc22eaf93592e53e7b5bdb01b00a0b8d28dae460c141dd2ff83412e4dc1c31b16b25f33144a9e5620ea73b13f5bc1c59411d98439ad226e8af03840603796067d87afe130812cf3de24982d0e306f9e61e764e5\" aria-label=\"Banner_Educa\u00e7\u00e3o_PortallavrasTV\"><img src=\"https:\/\/lavras.tv\/site\/wp-content\/uploads\/2025\/01\/Banner_Educacao_PortallavrasTV.png\" alt=\"\"  srcset=\"https:\/\/lavras.tv\/site\/wp-content\/uploads\/2025\/01\/Banner_Educacao_PortallavrasTV.png 720w, https:\/\/lavras.tv\/site\/wp-content\/uploads\/2025\/01\/Banner_Educacao_PortallavrasTV-470x68.png 470w, https:\/\/lavras.tv\/site\/wp-content\/uploads\/2025\/01\/Banner_Educacao_PortallavrasTV-170x25.png 170w, https:\/\/lavras.tv\/site\/wp-content\/uploads\/2025\/01\/Banner_Educacao_PortallavrasTV-200x29.png 200w\" sizes=\"(max-width: 720px) 100vw, 720px\" width=\"720\" height=\"104\"  style=\"display: inline-block;\" \/><\/a><\/div><\/li><li><a href=\"https:\/\/sistemas.lavras.mg.gov.br\/portalcidadao\/#df1b1a7c7b2a290bcb31e32771e610784662739a88807c0dacac58ede5f391a7530e299dc302d611ee73cb143fc22eaf93592e53e7b5bdb01b00a0b8d28dae460c141dd2ff83412e4dc1c31b16b25f33144a9e5620ea73b13f5bc1c59411d98439ad226e8af03840603796067d87afe130812cf3de24982d0e306f9e61e764e5\" aria-label=\"Banner_Sa\u00fade_PortallavrasTV\"><img src=\"https:\/\/lavras.tv\/site\/wp-content\/uploads\/2025\/03\/Banner_Saude_PortallavrasTV.png\" alt=\"\"  srcset=\"https:\/\/lavras.tv\/site\/wp-content\/uploads\/2025\/03\/Banner_Saude_PortallavrasTV.png 720w, https:\/\/lavras.tv\/site\/wp-content\/uploads\/2025\/03\/Banner_Saude_PortallavrasTV-470x68.png 470w, https:\/\/lavras.tv\/site\/wp-content\/uploads\/2025\/03\/Banner_Saude_PortallavrasTV-170x25.png 170w, https:\/\/lavras.tv\/site\/wp-content\/uploads\/2025\/03\/Banner_Saude_PortallavrasTV-200x29.png 200w\" sizes=\"(max-width: 720px) 100vw, 720px\" width=\"720\" height=\"104\"   \/><\/a><\/li><li><div id=\"lavra-4280954601\" style=\"width:720px;height:104px;background-color:#ddd;overflow:scroll;\">\n\t<strong>Sa\u00edda da depura\u00e7\u00e3o de an\u00fancios<\/strong>\n\t<br><br>\n\tO an\u00fancio n\u00e3o \u00e9 exibido na p\u00e1gina<br><br>post atual: Em a\u00e7\u00e3o especial, Correios e Serasa se unem para possibilitar negocia\u00e7\u00e3o de d\u00edvidas em todo o Brasil, ID: 135068<br><br><span style=\"color: red;\">O post atual n\u00e3o \u00e9 id\u00eantico ao post principal.<\/span><br><br>An\u00fancios: ROXO - TOPO INTERNA - ROTATIVO 2 (197)<br \/>Grupo de an\u00fancios: Princ_Meio01_720x104 (27)<br><br>Condi\u00e7\u00f5es de exibi\u00e7\u00e3o<div style=\"margin-bottom: 20px; white-space: pre-wrap; font-family: monospace; width: 100%; background: #ffe9e9;\"><strong>condi\u00e7\u00f5es gerais<\/strong><table border=\"1\"><thead><tr><th><\/th><th>An\u00fancios<\/th><th>wp_the_query<\/th><\/tr><\/thead><tr><td>is_main_query<\/td><td>1<\/td><td>1<\/td><\/tr><tr><td>is_rest_api<\/td><td>0<\/td><td>1<\/td><\/tr><tr><td>page<\/td><td>0<\/td><td>1<\/td><\/tr><tr><td>numpages<\/td><td>0<\/td><td>1<\/td><\/tr><tr><td>is_archive<\/td><td>1<\/td><td><\/td><\/tr><tr><td>is_search<\/td><td>1<\/td><td><\/td><\/tr><tr><td>is_home<\/td><td>1<\/td><td><\/td><\/tr><tr><td>is_404<\/td><td>1<\/td><td><\/td><\/tr><tr><td>is_attachment<\/td><td>1<\/td><td><\/td><\/tr><tr><td>is_singular<\/td><td>1<\/td><td><\/td><\/tr><tr><td>is_front_page<\/td><td>1<\/td><td><\/td><\/tr><tr><td>is_feed<\/td><td>1<\/td><td><\/td><\/tr><\/table><\/div><br><br><span style=\"color: red;\">Seu site usa HTTPS, mas o c\u00f3digo do an\u00fancio cont\u00e9m HTTP e pode n\u00e3o funcionar.<\/span>\t<br><br>\n\t<a style=\"color: green;\" href=\"https:\/\/wpadvancedads.com\/manual\/ad-debug-mode\/?utm_source=advanced-ads&utm_medium=link&utm_campaign=ad-debug-mode\" target=\"_blank\" rel=\"nofollow\">Encontre solu\u00e7\u00f5es no manual<\/a>\n<\/div>\n<\/li><\/ul><\/div><script>( window.advanced_ads_ready || jQuery( document ).ready ).call( null, function() {var $lavraslider1695978344 = jQuery( \".lavra-slider-1695978344\" );$lavraslider1695978344.on( \"unslider.ready\", function() { jQuery( \"div.custom-slider ul li\" ).css( \"display\", \"block\" ); });$lavraslider1695978344.unslider({ delay:4000, autoplay:true, nav:false, arrows:false, infinite:true });$lavraslider1695978344.on(\"mouseover\", function() {$lavraslider1695978344.unslider(\"stop\");}).on(\"mouseout\", function() {$lavraslider1695978344.unslider(\"start\");});});<\/script><\/div>\n<figure class=\"wp-block-image size-full\"><img fetchpriority=\"high\" decoding=\"async\" width=\"768\" height=\"512\" src=\"https:\/\/lavras.tv\/site\/wp-content\/uploads\/2024\/11\/dc398b0c-0234-43fa-b00d-8d1fca62203b.jpeg\" alt=\"\" class=\"wp-image-135069\" srcset=\"https:\/\/lavras.tv\/site\/wp-content\/uploads\/2024\/11\/dc398b0c-0234-43fa-b00d-8d1fca62203b.jpeg 768w, https:\/\/lavras.tv\/site\/wp-content\/uploads\/2024\/11\/dc398b0c-0234-43fa-b00d-8d1fca62203b-450x300.jpeg 450w, https:\/\/lavras.tv\/site\/wp-content\/uploads\/2024\/11\/dc398b0c-0234-43fa-b00d-8d1fca62203b-170x113.jpeg 170w, https:\/\/lavras.tv\/site\/wp-content\/uploads\/2024\/11\/dc398b0c-0234-43fa-b00d-8d1fca62203b-200x133.jpeg 200w\" sizes=\"(max-width: 768px) 100vw, 768px\" \/><\/figure>\n\n\n\n<ul class=\"wp-block-list\">\n<li><em>Consumidores podem negociar d\u00edvidas em qualquer ag\u00eancia dos Correios at\u00e9 29\/11<\/em><\/li>\n\n\n\n<li><em>Atendimento presencial ser\u00e1 realizado sem cobran\u00e7a de taxa nas mais de 10 mil ag\u00eancias dos Correios espalhadas pelos munic\u00edpios brasileiros<\/em><\/li>\n\n\n\n<li><em>Especialistas em finan\u00e7as pessoais estar\u00e3o de 4 a 6 de novembro presentes em todas as 27 capitais do pa\u00eds para incentivar o combate \u00e0s d\u00edvidas<\/em><\/li>\n\n\n\n<li><em>Ag\u00eancias de todas as capitais ter\u00e3o identifica\u00e7\u00e3o visual para orientar os consumidores na negocia\u00e7\u00e3o de d\u00edvidas<\/em><\/li>\n\n\n\n<li><em>Consumidores podem negociar d\u00edvidas de diversos segmentos com at\u00e9 99% de desconto<\/em><\/li>\n\n\n\n<li><em>Nos\u00a0Correios, \u00e9 poss\u00edvel negociar v\u00e1rias d\u00edvidas no mesmo atendimento<\/em><\/li>\n<\/ul>\n\n\n\n<p>A partir desta segunda-feira (4), consumidores de todo o pa\u00eds podem negociar d\u00edvidas com descontos do Feir\u00e3o Serasa Limpa Nome em mais de 10 mil ag\u00eancias&nbsp;dos Correios sem qualquer tipo de taxa ou custo adicional. O atendimento presencial ser\u00e1 realizado at\u00e9 29 de novembro e contar\u00e1 com as ofertas de mais de 1.000 empresas de varejo, bancos, telecomunica\u00e7\u00f5es, \u00e1gua, energia e demais segmentos.<\/p>\n\n\n\n<p>\u201cNunca fizemos uma opera\u00e7\u00e3o desse tamanho em parceria com os Correios. S\u00e3o especialistas da Serasa espalhados por todo o Brasil contando com a capilaridade das ag\u00eancias dos Correios\u201d afirma Aline Maciel, gerente da Serasa. \u201cQueremos possibilitar que muitos brasileiros possam negociar as suas d\u00edvidas e combater a inadimpl\u00eancia no pa\u00eds, que atinge mais de 72,6 milh\u00f5es de brasileiros\u201d finaliza Aline.<\/p>\n\n\n\n<p>&#8220;Nossas ag\u00eancias est\u00e3o de portas abertas para ajudar brasileiras e brasileiros a retomarem seu poder de compra. Milhares de pessoas podem resolver suas pend\u00eancias de forma acess\u00edvel e simples em uma ag\u00eancia perto de casa ou do trabalho. A parceria com a Serasa trar\u00e1 al\u00edvio financeiro a milhares de cidad\u00e3s e cidad\u00e3os e impulsionar\u00e1 a economia brasileira\u201d, disse o presidente dos Correios, Fabiano Silva dos Santos.<\/p>\n\n\n\n<p>Os endere\u00e7os e hor\u00e1rios de funcionamento das ag\u00eancias podem ser consultados no app e site dos Correios:&nbsp;<a href=\"https:\/\/c.correios.com.br\/agencias\" target=\"_blank\" rel=\"noreferrer noopener\">clique aqui.<\/a><\/p>\n\n\n\n<p><strong>Opera\u00e7\u00e3o de educa\u00e7\u00e3o financeira nas capitais<\/strong><\/p>\n\n\n\n<p>Para amplificar as conversas sobre educa\u00e7\u00e3o financeira,&nbsp;t\u00e9cnicos e especialistas em finan\u00e7as da Serasa e dos Correios estar\u00e3o dispon\u00edveis em ag\u00eancias selecionadas de cada uma das capitais entre os dias 4 e 6 de novembro. Os profissionais estar\u00e3o \u00e0 disposi\u00e7\u00e3o para atender a popula\u00e7\u00e3o interessada em negociar suas d\u00edvidas e dialogar com a imprensa local.<\/p>\n\n\n\n<p>\u201cSabemos que muitos brasileiros ainda t\u00eam dificuldades com os meios digitais e, por isso, estamos enviando 27 especialistas para 27 todas as&nbsp;capitais de forma presencial para atend\u00ea-los. O objetivo dessa movimenta\u00e7\u00e3o \u00e9 levar orienta\u00e7\u00f5es sobre as melhores formas de lidar com o dinheiro e dicas para uma vida financeira mais saud\u00e1vel, a quem pretende quitar os d\u00e9bitos ainda neste final de ano\u201d, explica Aline Maciel.<\/p>\n\n\n\n<p><strong>Feir\u00e3o Serasa Limpa Nome<\/strong><\/p>\n\n\n\n<p><strong>Atendimento ao consumidor nos Correios<\/strong><\/p>\n\n\n\n<p>De 4 a 29\/11\/2024, em todas as ag\u00eancias dos Correios do pa\u00eds<\/p>\n\n\n\n<p>Dias 4, 5 e 6\/11, com presen\u00e7a de especialistas e porta-vozes nas ag\u00eancias abaixo:<\/p>\n\n\n\n<p><strong>SP<\/strong><\/p>\n\n\n\n<p><strong>AC CENTRAL DE SAO PAULO<\/strong><\/p>\n\n\n\n<p>Endere\u00e7o: Pra\u00e7a do Correio, s\/n. Centro \u2013 S\u00e3o Paulo\/SP&nbsp;<\/p>\n\n\n\n<p>Funcionamento: segunda a sexta-feira, das 10h \u00e0s 18h<\/p>\n\n\n\n<p><strong>PR<\/strong><\/p>\n\n\n\n<p><strong>AGF VISCONDE DE GUARAPUA<\/strong><\/p>\n\n\n\n<p>Endere\u00e7o: Av. Visconde de Guarapuava, 1895 &#8211; Curitiba\/PR<\/p>\n\n\n\n<p>Funcionamento: segunda a sexta-feira, das 9h \u00e0s 18h; aos s\u00e1bados, das 8h \u00e0s 12h<\/p>\n\n\n\n<p><strong>PE<\/strong><\/p>\n\n\n\n<p><strong>AC CENTRAL DE RECIFE<\/strong><\/p>\n\n\n\n<p>Endere\u00e7o: Av. Guararapes, 250 &#8211; Recife\/PE<\/p>\n\n\n\n<p>Funcionamento: segunda a sexta-feira, das 8h \u00e0s 17h; aos s\u00e1bados, das 8h \u00e0s 12h<\/p>\n\n\n\n<p><strong>RS<\/strong><\/p>\n\n\n\n<p><strong>AC AZENHA<\/strong><\/p>\n\n\n\n<p>Endere\u00e7o: Av. professor Oscar Pereira, 44 &#8211; Porto Alegre\/RS<\/p>\n\n\n\n<p>Funcionamento: segunda a sexta-feira, das 9h \u00e0s 17h<\/p>\n\n\n\n<p><strong>PI<\/strong><\/p>\n\n\n\n<p><strong>AC CENTRAL DE TERESINA<\/strong><\/p>\n\n\n\n<p>Endere\u00e7o: Av. Antonino Freire, 1407 &#8211; Teresina\/PI<\/p>\n\n\n\n<p>Funcionamento: segunda a sexta-feira, das 8h30h \u00e0s 17h<\/p>\n\n\n\n<p><strong>PA<\/strong><\/p>\n\n\n\n<p><strong>AC CENTRAL DE BELEM<\/strong><\/p>\n\n\n\n<p>Endere\u00e7o: Av. Presidente Vargas, 498 &#8211; Bel\u00e9m\/PA<\/p>\n\n\n\n<p>Funcionamento: segunda a sexta-feira, das 9h \u00e0s 17h<\/p>\n\n\n\n<p><strong>CE<\/strong><\/p>\n\n\n\n<p><strong>AC CENTRAL DE FORTALEZA<\/strong><\/p>\n\n\n\n<p>Endere\u00e7o: Rua Senador Alencar, 38 &#8211; Fortaleza\/CE<\/p>\n\n\n\n<p>Funcionamento: segunda a sexta-feira, das 8h \u00e0s 16h<\/p>\n\n\n\n<p><strong>BA<\/strong><\/p>\n\n\n\n<p><strong>AC CAL\u00c7ADA<\/strong><\/p>\n\n\n\n<p>Endere\u00e7o: Av. Jequitaia, 298 &#8211; Salvador\/BA<\/p>\n\n\n\n<p>Funcionamento: segunda a sexta-feira, das 8h \u00e0s 17h<\/p>\n\n\n\n<p><strong>RJ<\/strong><\/p>\n\n\n\n<p><strong>AC CENTRAL DO RIO DE JANEIRO<\/strong><\/p>\n\n\n\n<p>Endere\u00e7o: Rua da Alf\u00e2ndega, 91 &#8211; Rio de Janeiro\/RJ<\/p>\n\n\n\n<p>Funcionamento: segunda a sexta-feira, das 9h \u00e0s 17h<\/p>\n\n\n\n<p><strong>SE<\/strong><\/p>\n\n\n\n<p><strong>AC CENTRAL DE SERGIPE<\/strong><\/p>\n\n\n\n<p>Endere\u00e7o: Rua Laranjeiras, 229 &#8211; Aracaju\/SE<\/p>\n\n\n\n<p>Funcionamento: segunda a sexta-feira, das 9h \u00e0s 17h<\/p>\n\n\n\n<p><strong>AL<\/strong><\/p>\n\n\n\n<p><strong>AC CENTRAL MACEIO<\/strong><\/p>\n\n\n\n<p>Endere\u00e7o: Rua do Sol, 57 &#8211; Macei\u00f3\/AL<\/p>\n\n\n\n<p>Funcionamento: segunda a sexta-feira, das 8h \u00e0s 16h<\/p>\n\n\n\n<p><strong>MG<\/strong><\/p>\n\n\n\n<p><strong>AC PRESID JUSCELINO KUBITSCHEK<\/strong><\/p>\n\n\n\n<p>Endere\u00e7o: Av. Afonso Pena, 1270 &#8211; Belo Horizonte\/MG<\/p>\n\n\n\n<p>Funcionamento: segunda a sexta-feira, das 9h \u00e0s 18h<\/p>\n\n\n\n<p><strong>ES<\/strong><\/p>\n\n\n\n<p><strong>AC CENTRAL DE VITORIA<\/strong><\/p>\n\n\n\n<p>Endere\u00e7o: Av. Jer\u00f4nimo Monteiro, 310 &#8211; Vitoria\/ES<\/p>\n\n\n\n<p>Funcionamento: segunda a sexta-feira, das 9h \u00e0s 17h<\/p>\n\n\n\n<p><strong>AM<\/strong><\/p>\n\n\n\n<p><strong>AC SALDANHA MARINHO<\/strong><\/p>\n\n\n\n<p>Endere\u00e7o: Rua Barroso, 226 &#8211; Manaus\/AM<\/p>\n\n\n\n<p>Funcionamento: segunda a sexta-feira, das 8h \u00e0s 17h<\/p>\n\n\n\n<p><strong>DF<\/strong><\/p>\n\n\n\n<p><strong>AC CENTRAL DE BRAS\u00cdLIA<\/strong><\/p>\n\n\n\n<p>Endere\u00e7o: SBN, Quadra 1, Bloco A &#8211; Bras\u00edlia\/DF<\/p>\n\n\n\n<p>Funcionamento: segunda a sexta-feira, das 9h \u00e0s 17h<\/p>\n\n\n\n<p><strong>MA<\/strong><\/p>\n\n\n\n<p><strong>AC CENTRAL DE SAO LUIS<\/strong><\/p>\n\n\n\n<p>Endere\u00e7o: Av. Senador Vitorino Freire, 01 &#8211; S\u00e3o Lu\u00eds\/MA<\/p>\n\n\n\n<p>Funcionamento: segunda a sexta-feira, das 8h \u00e0s 17h<\/p>\n\n\n\n<p><strong>MS<\/strong><\/p>\n\n\n\n<p><strong>AC CENTRAL DE CAMPO GRANDE<\/strong><\/p>\n\n\n\n<p>Endere\u00e7o: Av. Calogeras, 2309 &#8211; Campo Grande\/MS<\/p>\n\n\n\n<p>Funcionamento: segunda a sexta-feira, das 9h \u00e0s 17h<\/p>\n\n\n\n<p><strong>RO<\/strong><\/p>\n\n\n\n<p><strong>AC CENTRAL DE PORTO VELHO<\/strong><\/p>\n\n\n\n<p>Endere\u00e7o: Av. Presidente Dutra, 2701 &#8211; Porto Velho\/RO<\/p>\n\n\n\n<p>Funcionamento: segunda a sexta-feira, das 8h \u00e0s 17h<\/p>\n\n\n\n<p><strong>GO<\/strong><\/p>\n\n\n\n<p><strong>AC CENTRAL DE GOIANIA<\/strong><\/p>\n\n\n\n<p>Endere\u00e7o: Pra\u00e7a Pedro Ludovico Teixeira, 11 &#8211; Goi\u00e2nia\/GO<\/p>\n\n\n\n<p>Funcionamento: segunda a sexta-feira, das 9h \u00e0s 17h<\/p>\n\n\n\n<p><strong>PB<\/strong><\/p>\n\n\n\n<p><strong>AC CENTRAL DE JOAO PESSOA<\/strong><\/p>\n\n\n\n<p>Endere\u00e7o: Pra\u00e7a Pedro Am\u00e9rico, 70 &#8211; Jo\u00e3o Pessoa\/PB<\/p>\n\n\n\n<p>Funcionamento: segunda a sexta-feira, das 8h \u00e0s 17h<\/p>\n\n\n\n<p><strong>RN<\/strong><\/p>\n\n\n\n<p><strong>AC CIDADE ALTA<\/strong><\/p>\n\n\n\n<p>Endere\u00e7o: Av. Rio Branco, 538 &#8211; Natal\/RN<\/p>\n\n\n\n<p>Funcionamento: segunda a sexta-feira, das 8h \u00e0s 17h; aos s\u00e1bados, das 8h30 \u00e0s 12h<\/p>\n\n\n\n<p><strong>MT<\/strong><\/p>\n\n\n\n<p><strong>AC CENTRAL DE CUIABA<\/strong><\/p>\n\n\n\n<p>Endere\u00e7o: Pra\u00e7a da Rep\u00fablica, 101 &#8211; Cuiab\u00e1\/MT<\/p>\n\n\n\n<p>Funcionamento: segunda a sexta-feira, das 9h \u00e0s 17h<\/p>\n\n\n\n<p><strong>RR<\/strong><\/p>\n\n\n\n<p><strong>AC BOA VISTA<\/strong><\/p>\n\n\n\n<p>Endere\u00e7o: Pra\u00e7a Centro C\u00edvico, 1128 &#8211; Boa Vista\/RR<\/p>\n\n\n\n<p>Funcionamento: segunda a sexta-feira, das 9h \u00e0s 17h<\/p>\n\n\n\n<p><strong>AC<\/strong><\/p>\n\n\n\n<p><strong>AC RIO BRANCO<\/strong><\/p>\n\n\n\n<p>Endere\u00e7o: Av. Epaminondas Jacome, 2858 &#8211; Rio Branco\/AC<\/p>\n\n\n\n<p>Funcionamento: segunda a sexta-feira, das 8h \u00e0s 16h<\/p>\n\n\n\n<p><strong>AP<\/strong><\/p>\n\n\n\n<p><strong>AC MACAPA<\/strong><\/p>\n\n\n\n<p>Endere\u00e7o: Av. Coriolano Juca, 125 &#8211; Macap\u00e1\/AP<\/p>\n\n\n\n<p>Funcionamento: segunda a sexta-feira, das 8h30 \u00e0s 16h30<\/p>\n\n\n\n<p><strong>TO<\/strong><\/p>\n\n\n\n<p><strong>AC PALMAS<\/strong><\/p>\n\n\n\n<p>Endere\u00e7o: QR AANO 20 AV Joaquim Teot\u00f4nio Segurado, conjunto 1, 5-A &#8211; Palmas\/TO<\/p>\n\n\n\n<p>Funcionamento: segunda a sexta-feira, das 9h \u00e0s 17h<\/p>\n\n\n\n<p><strong>SC<\/strong><\/p>\n\n\n\n<p><strong>AC BLUMENAU<\/strong><\/p>\n\n\n\n<p>Endere\u00e7o: Rua Curt Hering, 315 &#8211; Blumenau\/ SC<\/p>\n\n\n\n<p>Funcionamento: segunda a sexta-feira, das 9h \u00e0s 17h<\/p>\n\n\n\n<p><strong>SC<\/strong><\/p>\n\n\n\n<p><strong>AC INGLESES<\/strong><\/p>\n\n\n\n<p>Endere\u00e7o: Rod. Armando Calil Bulos, loja 102 &#8211; Florian\u00f3polis\/ SC<\/p>\n\n\n\n<p>Funcionamento: segunda a sexta-feira, das 9h \u00e0s 17h<\/p>\n\n\n\n<p><strong>Assessoria de Imprensa Correios<\/strong><\/p>\n\n\n\n<p>(61) 2141-6866 \/ 7008 \/ (11) 99018-9999<\/p>\n\n\n\n<p><a href=\"mailto:imprensa@correios.com.br\" target=\"_blank\" rel=\"noreferrer noopener\">imprensa@correios.com.br<\/a><\/p>\n\n\n\n<p><strong>Sobre os Correios<\/strong><\/p>\n\n\n\n<p>Os Correios, l\u00edderes no segmento log\u00edstico e de entrega de encomendas no Brasil e respons\u00e1veis pela atividade postal nacional, s\u00e3o uma empresa p\u00fablica moderna, com a miss\u00e3o de promover a integra\u00e7\u00e3o nacional, contribuindo com o governo no desenvolvimento socioecon\u00f4mico, conectando pessoas, institui\u00e7\u00f5es e neg\u00f3cios. Com mais de 360 anos de hist\u00f3ria e presente em 100% dos munic\u00edpios do Pa\u00eds, a estatal possui a maior infraestrutura log\u00edstica da Am\u00e9rica Latina: uma rede com mais de 10 mil pontos de atendimento, mais de 8 mil unidades operacionais, 23 mil ve\u00edculos e 85 mil empregadas e empregados diretos. Para mais informa\u00e7\u00f5es, acesse:&nbsp;<a href=\"http:\/\/www.correios.com.br\/\" target=\"_blank\" rel=\"noreferrer noopener\">www.correios.com.br<\/a>.<\/p>\n\n\n\n<p><\/p>\n","protected":false},"excerpt":{"rendered":"<p>A partir desta segunda-feira (4), consumidores de todo o pa\u00eds podem negociar d\u00edvidas com descontos do Feir\u00e3o Serasa Limpa Nome em mais de 10 mil ag\u00eancias&nbsp;dos Correios sem qualquer tipo de taxa ou custo adicional. O atendimento presencial ser\u00e1 realizado at\u00e9 29 de novembro e contar\u00e1 com as ofertas de mais de 1.000 empresas de [&hellip;]<\/p>\n","protected":false},"author":5,"featured_media":135069,"comment_status":"closed","ping_status":"open","sticky":false,"template":"","format":"standard","meta":{"advgb_blocks_editor_width":"","advgb_blocks_columns_visual_guide":"","_exactmetrics_skip_tracking":false,"_exactmetrics_sitenote_active":false,"_exactmetrics_sitenote_note":"","_exactmetrics_sitenote_category":0,"footnotes":""},"categories":[7,2],"tags":[],"class_list":["post-135068","post","type-post","status-publish","format-standard","has-post-thumbnail","hentry","category-destaques","category-noticias"],"better_featured_image":{"id":135069,"alt_text":"","caption":"","description":"","media_type":"image","media_details":{"width":768,"height":512,"file":"2024\/11\/dc398b0c-0234-43fa-b00d-8d1fca62203b.jpeg","filesize":39867,"sizes":{"medium":{"file":"dc398b0c-0234-43fa-b00d-8d1fca62203b-450x300.jpeg","width":450,"height":300,"mime-type":"image\/jpeg","filesize":13719,"source_url":"https:\/\/lavras.tv\/site\/wp-content\/uploads\/2024\/11\/dc398b0c-0234-43fa-b00d-8d1fca62203b-450x300.jpeg"},"thumbnail":{"file":"dc398b0c-0234-43fa-b00d-8d1fca62203b-170x113.jpeg","width":170,"height":113,"mime-type":"image\/jpeg","filesize":3663,"source_url":"https:\/\/lavras.tv\/site\/wp-content\/uploads\/2024\/11\/dc398b0c-0234-43fa-b00d-8d1fca62203b-170x113.jpeg"},"lshowcase-thumb":{"file":"dc398b0c-0234-43fa-b00d-8d1fca62203b-200x133.jpeg","width":200,"height":133,"mime-type":"image\/jpeg","filesize":4382,"source_url":"https:\/\/lavras.tv\/site\/wp-content\/uploads\/2024\/11\/dc398b0c-0234-43fa-b00d-8d1fca62203b-200x133.jpeg"},"alm-thumbnail":{"file":"dc398b0c-0234-43fa-b00d-8d1fca62203b-150x150.jpeg","width":150,"height":150,"mime-type":"image\/jpeg","filesize":3638,"source_url":"https:\/\/lavras.tv\/site\/wp-content\/uploads\/2024\/11\/dc398b0c-0234-43fa-b00d-8d1fca62203b-150x150.jpeg"}},"image_meta":{"aperture":"0","credit":"","camera":"","caption":"","created_timestamp":"0","copyright":"","focal_length":"0","iso":"0","shutter_speed":"0","title":"","orientation":"0","keywords":[]}},"post":135068,"source_url":"https:\/\/lavras.tv\/site\/wp-content\/uploads\/2024\/11\/dc398b0c-0234-43fa-b00d-8d1fca62203b.jpeg"},"author_meta":{"display_name":"Vinicius Bustamante","author_link":"https:\/\/lavras.tv\/site\/author\/vinicius-bustamante\/"},"featured_img":"https:\/\/lavras.tv\/site\/wp-content\/uploads\/2024\/11\/dc398b0c-0234-43fa-b00d-8d1fca62203b-450x300.jpeg","coauthors":[],"tax_additional":{"categories":{"linked":["<a href=\"https:\/\/lavras.tv\/site\/category\/destaques\/\" class=\"advgb-post-tax-term\">Destaques<\/a>","<a href=\"https:\/\/lavras.tv\/site\/category\/noticias\/\" class=\"advgb-post-tax-term\">Not\u00edcias<\/a>"],"unlinked":["<span class=\"advgb-post-tax-term\">Destaques<\/span>","<span class=\"advgb-post-tax-term\">Not\u00edcias<\/span>"]}},"comment_count":"0","relative_dates":{"created":"Publicado 1 ano atr\u00e1s","modified":"Atualizado 1 ano atr\u00e1s"},"absolute_dates":{"created":"Publicado em 5 de novembro de 2024","modified":"Atualizado em 5 de novembro de 2024"},"absolute_dates_time":{"created":"Publicado em 5 de novembro de 2024 10:54","modified":"Atualizado em 5 de novembro de 2024 10:54"},"featured_img_caption":"","series_order":"","_links":{"self":[{"href":"https:\/\/lavras.tv\/site\/wp-json\/wp\/v2\/posts\/135068","targetHints":{"allow":["GET"]}}],"collection":[{"href":"https:\/\/lavras.tv\/site\/wp-json\/wp\/v2\/posts"}],"about":[{"href":"https:\/\/lavras.tv\/site\/wp-json\/wp\/v2\/types\/post"}],"author":[{"embeddable":true,"href":"https:\/\/lavras.tv\/site\/wp-json\/wp\/v2\/users\/5"}],"replies":[{"embeddable":true,"href":"https:\/\/lavras.tv\/site\/wp-json\/wp\/v2\/comments?post=135068"}],"version-history":[{"count":1,"href":"https:\/\/lavras.tv\/site\/wp-json\/wp\/v2\/posts\/135068\/revisions"}],"predecessor-version":[{"id":135070,"href":"https:\/\/lavras.tv\/site\/wp-json\/wp\/v2\/posts\/135068\/revisions\/135070"}],"wp:featuredmedia":[{"embeddable":true,"href":"https:\/\/lavras.tv\/site\/wp-json\/wp\/v2\/media\/135069"}],"wp:attachment":[{"href":"https:\/\/lavras.tv\/site\/wp-json\/wp\/v2\/media?parent=135068"}],"wp:term":[{"taxonomy":"category","embeddable":true,"href":"https:\/\/lavras.tv\/site\/wp-json\/wp\/v2\/categories?post=135068"},{"taxonomy":"post_tag","embeddable":true,"href":"https:\/\/lavras.tv\/site\/wp-json\/wp\/v2\/tags?post=135068"}],"curies":[{"name":"wp","href":"https:\/\/api.w.org\/{rel}","templated":true}]}}