{"id":13520,"date":"2017-12-04T09:17:37","date_gmt":"2017-12-04T11:17:37","guid":{"rendered":"http:\/\/lavras.tv\/site\/?p=13520"},"modified":"2017-12-04T09:17:37","modified_gmt":"2017-12-04T11:17:37","slug":"informe-parlamentar-deputado-fabio-cherem-leva-a-arte-lavrense-para-a-feira-nacional-de-artesanato-em-belo-horizonte","status":"publish","type":"post","link":"https:\/\/lavras.tv\/site\/2017\/12\/04\/informe-parlamentar-deputado-fabio-cherem-leva-a-arte-lavrense-para-a-feira-nacional-de-artesanato-em-belo-horizonte\/","title":{"rendered":"[Informe Parlamentar] Deputado F\u00e1bio Cherem leva a arte lavrense para a Feira Nacional de Artesanato em Belo Horizonte"},"content":{"rendered":"<div class=\"lavra-antes-do-conteudo_2\" id=\"lavra-849781689\"><div id=\"lavra-slider-27\" class=\"custom-slider lavra-slider-2946259736 lavra-slider\"><ul><li><div style=\"margin-left: auto;margin-right: auto;text-align: center;\" id=\"lavra-1914832868\"><a href=\"https:\/\/sistemas.lavras.mg.gov.br\/portalcidadao\/#df1b1a7c7b2a290bcb31e32771e610784662739a88807c0dacac58ede5f391a7530e299dc302d611ee73cb143fc22eaf93592e53e7b5bdb01b00a0b8d28dae460c141dd2ff83412e4dc1c31b16b25f33144a9e5620ea73b13f5bc1c59411d98439ad226e8af03840603796067d87afe130812cf3de24982d0e306f9e61e764e5\" aria-label=\"Lavras-TV&#8211;720x104px (1) (1)\"><img src=\"https:\/\/lavras.tv\/site\/wp-content\/uploads\/2025\/01\/Lavras-TV-720x104px-1-1.png\" alt=\"\"  srcset=\"https:\/\/lavras.tv\/site\/wp-content\/uploads\/2025\/01\/Lavras-TV-720x104px-1-1.png 720w, https:\/\/lavras.tv\/site\/wp-content\/uploads\/2025\/01\/Lavras-TV-720x104px-1-1-470x68.png 470w, https:\/\/lavras.tv\/site\/wp-content\/uploads\/2025\/01\/Lavras-TV-720x104px-1-1-170x25.png 170w, https:\/\/lavras.tv\/site\/wp-content\/uploads\/2025\/01\/Lavras-TV-720x104px-1-1-200x29.png 200w\" sizes=\"(max-width: 720px) 100vw, 720px\" width=\"720\" height=\"104\"  style=\"display: inline-block;\" \/><\/a><\/div><\/li><li><a href=\"https:\/\/sistemas.lavras.mg.gov.br\/portalcidadao\/#df1b1a7c7b2a290bcb31e32771e610784662739a88807c0dacac58ede5f391a7530e299dc302d611ee73cb143fc22eaf93592e53e7b5bdb01b00a0b8d28dae460c141dd2ff83412e4dc1c31b16b25f33144a9e5620ea73b13f5bc1c59411d98439ad226e8af03840603796067d87afe130812cf3de24982d0e306f9e61e764e5\" aria-label=\"Banner_Emprego_PortallavrasTV\"><img src=\"https:\/\/lavras.tv\/site\/wp-content\/uploads\/2025\/03\/Banner_Emprego_PortallavrasTV.png\" alt=\"\"  srcset=\"https:\/\/lavras.tv\/site\/wp-content\/uploads\/2025\/03\/Banner_Emprego_PortallavrasTV.png 720w, https:\/\/lavras.tv\/site\/wp-content\/uploads\/2025\/03\/Banner_Emprego_PortallavrasTV-470x68.png 470w, https:\/\/lavras.tv\/site\/wp-content\/uploads\/2025\/03\/Banner_Emprego_PortallavrasTV-170x25.png 170w, https:\/\/lavras.tv\/site\/wp-content\/uploads\/2025\/03\/Banner_Emprego_PortallavrasTV-200x29.png 200w\" sizes=\"(max-width: 720px) 100vw, 720px\" width=\"720\" height=\"104\"   \/><\/a><\/li><li><a href=\"https:\/\/sistemas.lavras.mg.gov.br\/portalcidadao\/#df1b1a7c7b2a290bcb31e32771e610784662739a88807c0dacac58ede5f391a7530e299dc302d611ee73cb143fc22eaf93592e53e7b5bdb01b00a0b8d28dae460c141dd2ff83412e4dc1c31b16b25f33144a9e5620ea73b13f5bc1c59411d98439ad226e8af03840603796067d87afe130812cf3de24982d0e306f9e61e764e5\" aria-label=\"Banner_Obras_PortallavrasTV\"><img src=\"https:\/\/lavras.tv\/site\/wp-content\/uploads\/2025\/03\/Banner_Obras_PortallavrasTV.png\" alt=\"\"  srcset=\"https:\/\/lavras.tv\/site\/wp-content\/uploads\/2025\/03\/Banner_Obras_PortallavrasTV.png 720w, https:\/\/lavras.tv\/site\/wp-content\/uploads\/2025\/03\/Banner_Obras_PortallavrasTV-470x68.png 470w, https:\/\/lavras.tv\/site\/wp-content\/uploads\/2025\/03\/Banner_Obras_PortallavrasTV-170x25.png 170w, https:\/\/lavras.tv\/site\/wp-content\/uploads\/2025\/03\/Banner_Obras_PortallavrasTV-200x29.png 200w\" sizes=\"(max-width: 720px) 100vw, 720px\" width=\"720\" height=\"104\"   \/><\/a><\/li><li><div style=\"margin-left: auto;margin-right: auto;text-align: center;\" id=\"lavra-2273490157\"><a href=\"https:\/\/sistemas.lavras.mg.gov.br\/portalcidadao\/#df1b1a7c7b2a290bcb31e32771e610784662739a88807c0dacac58ede5f391a7530e299dc302d611ee73cb143fc22eaf93592e53e7b5bdb01b00a0b8d28dae460c141dd2ff83412e4dc1c31b16b25f33144a9e5620ea73b13f5bc1c59411d98439ad226e8af03840603796067d87afe130812cf3de24982d0e306f9e61e764e5\" aria-label=\"Banner_Educa\u00e7\u00e3o_PortallavrasTV\"><img src=\"https:\/\/lavras.tv\/site\/wp-content\/uploads\/2025\/01\/Banner_Educacao_PortallavrasTV.png\" alt=\"\"  srcset=\"https:\/\/lavras.tv\/site\/wp-content\/uploads\/2025\/01\/Banner_Educacao_PortallavrasTV.png 720w, https:\/\/lavras.tv\/site\/wp-content\/uploads\/2025\/01\/Banner_Educacao_PortallavrasTV-470x68.png 470w, https:\/\/lavras.tv\/site\/wp-content\/uploads\/2025\/01\/Banner_Educacao_PortallavrasTV-170x25.png 170w, https:\/\/lavras.tv\/site\/wp-content\/uploads\/2025\/01\/Banner_Educacao_PortallavrasTV-200x29.png 200w\" sizes=\"(max-width: 720px) 100vw, 720px\" width=\"720\" height=\"104\"  style=\"display: inline-block;\" \/><\/a><\/div><\/li><li><a href=\"https:\/\/sistemas.lavras.mg.gov.br\/portalcidadao\/#df1b1a7c7b2a290bcb31e32771e610784662739a88807c0dacac58ede5f391a7530e299dc302d611ee73cb143fc22eaf93592e53e7b5bdb01b00a0b8d28dae460c141dd2ff83412e4dc1c31b16b25f33144a9e5620ea73b13f5bc1c59411d98439ad226e8af03840603796067d87afe130812cf3de24982d0e306f9e61e764e5\" aria-label=\"Banner_Sa\u00fade_PortallavrasTV\"><img src=\"https:\/\/lavras.tv\/site\/wp-content\/uploads\/2025\/03\/Banner_Saude_PortallavrasTV.png\" alt=\"\"  srcset=\"https:\/\/lavras.tv\/site\/wp-content\/uploads\/2025\/03\/Banner_Saude_PortallavrasTV.png 720w, https:\/\/lavras.tv\/site\/wp-content\/uploads\/2025\/03\/Banner_Saude_PortallavrasTV-470x68.png 470w, https:\/\/lavras.tv\/site\/wp-content\/uploads\/2025\/03\/Banner_Saude_PortallavrasTV-170x25.png 170w, https:\/\/lavras.tv\/site\/wp-content\/uploads\/2025\/03\/Banner_Saude_PortallavrasTV-200x29.png 200w\" sizes=\"(max-width: 720px) 100vw, 720px\" width=\"720\" height=\"104\"   \/><\/a><\/li><li><div id=\"lavra-788433880\" style=\"width:720px;height:104px;background-color:#ddd;overflow:scroll;\">\n\t<strong>Sa\u00edda da depura\u00e7\u00e3o de an\u00fancios<\/strong>\n\t<br><br>\n\tO an\u00fancio n\u00e3o \u00e9 exibido na p\u00e1gina<br><br>post atual: [Informe Parlamentar] Deputado F\u00e1bio Cherem leva a arte lavrense para a Feira Nacional de Artesanato em Belo Horizonte, ID: 13520<br><br><span style=\"color: red;\">O post atual n\u00e3o \u00e9 id\u00eantico ao post principal.<\/span><br><br>An\u00fancios: ROXO - TOPO INTERNA - ROTATIVO 2 (197)<br \/>Grupo de an\u00fancios: Princ_Meio01_720x104 (27)<br><br>Condi\u00e7\u00f5es de exibi\u00e7\u00e3o<div style=\"margin-bottom: 20px; white-space: pre-wrap; font-family: monospace; width: 100%; background: #ffe9e9;\"><strong>condi\u00e7\u00f5es gerais<\/strong><table border=\"1\"><thead><tr><th><\/th><th>An\u00fancios<\/th><th>wp_the_query<\/th><\/tr><\/thead><tr><td>is_main_query<\/td><td>1<\/td><td>1<\/td><\/tr><tr><td>is_rest_api<\/td><td>0<\/td><td>1<\/td><\/tr><tr><td>page<\/td><td>0<\/td><td>1<\/td><\/tr><tr><td>numpages<\/td><td>0<\/td><td>1<\/td><\/tr><tr><td>is_archive<\/td><td>1<\/td><td><\/td><\/tr><tr><td>is_search<\/td><td>1<\/td><td><\/td><\/tr><tr><td>is_home<\/td><td>1<\/td><td><\/td><\/tr><tr><td>is_404<\/td><td>1<\/td><td><\/td><\/tr><tr><td>is_attachment<\/td><td>1<\/td><td><\/td><\/tr><tr><td>is_singular<\/td><td>1<\/td><td><\/td><\/tr><tr><td>is_front_page<\/td><td>1<\/td><td><\/td><\/tr><tr><td>is_feed<\/td><td>1<\/td><td><\/td><\/tr><\/table><\/div><br><br><span style=\"color: red;\">Seu site usa HTTPS, mas o c\u00f3digo do an\u00fancio cont\u00e9m HTTP e pode n\u00e3o funcionar.<\/span>\t<br><br>\n\t<a style=\"color: green;\" href=\"https:\/\/wpadvancedads.com\/manual\/ad-debug-mode\/?utm_source=advanced-ads&utm_medium=link&utm_campaign=ad-debug-mode\" target=\"_blank\" rel=\"nofollow\">Encontre solu\u00e7\u00f5es no manual<\/a>\n<\/div>\n<\/li><\/ul><\/div><script>( window.advanced_ads_ready || jQuery( document ).ready ).call( null, function() {var $lavraslider2946259736 = jQuery( \".lavra-slider-2946259736\" );$lavraslider2946259736.on( \"unslider.ready\", function() { jQuery( \"div.custom-slider ul li\" ).css( \"display\", \"block\" ); });$lavraslider2946259736.unslider({ delay:4000, autoplay:true, nav:false, arrows:false, infinite:true });$lavraslider2946259736.on(\"mouseover\", function() {$lavraslider2946259736.unslider(\"stop\");}).on(\"mouseout\", function() {$lavraslider2946259736.unslider(\"start\");});});<\/script><\/div><p>Com o apoio decisivo do deputado F\u00e1bio Cherem, a Associa\u00e7\u00e3o dos Artes\u00e3os de Lavras (ALAC) volta a participar da Feira Nacional e Artesanato (FNA), que ser\u00e1 realizada no Expominas, em Belo Horizonte, entre 5 e 10 dezembro.<!--more--> Trata-se do maior evento do g\u00eanero do Am\u00e9rica Latina e que re\u00fane em torno de sete mil expositores em mais de 1.200 estandes. Uma oportunidade \u00fanica para que o artes\u00e3o lavrense possa divulgar o seu produto para um p\u00fablico superior a 150 mil pessoas e que somente em 2016 gerou R$ 23 milh\u00f5es em neg\u00f3cios.<\/p>\n<p><img fetchpriority=\"high\" decoding=\"async\" class=\"alignnone size-full wp-image-13521 aligncenter\" src=\"http:\/\/lavras.tv\/site\/wp-content\/uploads\/2017\/12\/DSC_1165.jpg\" alt=\"DSC_1165\" width=\"4288\" height=\"2848\" srcset=\"https:\/\/lavras.tv\/site\/wp-content\/uploads\/2017\/12\/DSC_1165.jpg 4288w, https:\/\/lavras.tv\/site\/wp-content\/uploads\/2017\/12\/DSC_1165-150x100.jpg 150w, https:\/\/lavras.tv\/site\/wp-content\/uploads\/2017\/12\/DSC_1165-300x199.jpg 300w, https:\/\/lavras.tv\/site\/wp-content\/uploads\/2017\/12\/DSC_1165-1024x680.jpg 1024w, https:\/\/lavras.tv\/site\/wp-content\/uploads\/2017\/12\/DSC_1165-480x320.jpg 480w, https:\/\/lavras.tv\/site\/wp-content\/uploads\/2017\/12\/DSC_1165-272x182.jpg 272w\" sizes=\"(max-width: 4288px) 100vw, 4288px\" \/><\/p>\n<p>Para viabilizar a participa\u00e7\u00e3o da ALAC no evento, F\u00e1bio Cherem destinou R$ 30 mil para a organiza\u00e7\u00e3o da FNA atrav\u00e9s de emenda parlamentar e viabilizou o estande para que o artesanato de Lavras pudesse estar presente nesta grande feira de oportunidades e neg\u00f3cios. \u201cValorizar o artesanato da nossa cidade \u00e9 uma forma de fomentar um segmento de neg\u00f3cio que h\u00e1 18 anos conquistou o seu espa\u00e7o com a cria\u00e7\u00e3o da feira de artesanato e da pr\u00f3pria associa\u00e7\u00e3o de artes\u00e3os. O setor movimenta a economia, fortalece o turismo, valoriza a cultura local e atualmente \u00e9 uma grande vitrine para quem visita a cidade. Ent\u00e3o, nada mais leg\u00edtimo e gratificante do que poder dar o nosso apoio para que o artesanato lavrense conquiste cada vez mais um lugar de destaque em Minas e no Brasil\u201d, afirmou o deputado.<\/p>\n<p>De acordo com o presidente da ALAC, Agnaldo Jos\u00e9 Souza, a ALAC estar\u00e1 presente com uma sele\u00e7\u00e3o de produtos de todos os 75 associados, ocupando um estande de 12m\u00b2, com quatro representantes da associa\u00e7\u00e3o presentes em todos os dias da feira. \u201c\u00c9 muito importante a participa\u00e7\u00e3o nesta feira nacional, de estar divulgando artesanato de Lavras, da ALAC, mostrando o que a cidade tem de artesanato, o que os artes\u00f5es daqui t\u00eam capacidade de fazer, e tamb\u00e9m pela troca de experi\u00eancias com os outros artes\u00e3os que tamb\u00e9m v\u00e3o estar em Belo Horizonte. E n\u00e3o fosse o apoio do deputado, e da pr\u00f3pria Secretaria Municipal de Cultura, a ALAC n\u00e3o teria condi\u00e7\u00f5es de estar participando da Feira Nacional este ano. Agente tem que agradecer ao deputado por esse apoio que \u00e9 de suma import\u00e2ncia para que a gente pudesse estar presente\u201d, destacou Agnaldo Jos\u00e9.<\/p>\n<p>Al\u00e9m da participa\u00e7\u00e3o de seus representantes ao logo dos seis dias da FNA, na sexta-feira, dia 8, uma comitiva da ALAC seguir\u00e1 para Belo Horizonte com 35 integrantes para participar do evento, quando ser\u00e3o recebidos pelo deputado F\u00e1bio Cherem, que fez quest\u00e3o de estar presente para dar as boas vindas aos visitantes. A viagem serve tamb\u00e9m para que os artes\u00e3os lavrenses possam trocar experi\u00eancias, se inteirar das novas tend\u00eancias do mercado de artesanato e de modelos de neg\u00f3cios.<\/p>\n<p>Fonte: assessoria do deputado F\u00e1bio Cherem<\/p>\n","protected":false},"excerpt":{"rendered":"<p>Com o apoio decisivo do deputado F\u00e1bio Cherem, a Associa\u00e7\u00e3o dos Artes\u00e3os de Lavras (ALAC) volta a participar da Feira Nacional e Artesanato (FNA), que ser\u00e1 realizada no Expominas, em Belo Horizonte, entre 5 e 10 dezembro.<\/p>\n","protected":false},"author":2,"featured_media":13521,"comment_status":"closed","ping_status":"open","sticky":false,"template":"","format":"standard","meta":{"advgb_blocks_editor_width":"","advgb_blocks_columns_visual_guide":"","_exactmetrics_skip_tracking":false,"_exactmetrics_sitenote_active":false,"_exactmetrics_sitenote_note":"","_exactmetrics_sitenote_category":0,"footnotes":""},"categories":[7,12],"tags":[1937,1450,672,1938,4293],"class_list":["post-13520","post","type-post","status-publish","format-standard","has-post-thumbnail","hentry","category-destaques","category-politica","tag-alac","tag-belo-horizonte","tag-fabio-cherem","tag-feira-de-artesanato","tag-feira-nacional-de-artesanato"],"better_featured_image":{"id":13521,"alt_text":"","caption":"","description":"","media_type":"image","media_details":{"width":4288,"height":2848,"file":"2017\/12\/DSC_1165.jpg","sizes":{"thumbnail":{"file":"DSC_1165-150x100.jpg","width":150,"height":100,"mime-type":"image\/jpeg","source_url":"https:\/\/lavras.tv\/site\/wp-content\/uploads\/2017\/12\/DSC_1165-150x100.jpg"},"medium":{"file":"DSC_1165-300x199.jpg","width":300,"height":199,"mime-type":"image\/jpeg","source_url":"https:\/\/lavras.tv\/site\/wp-content\/uploads\/2017\/12\/DSC_1165-300x199.jpg"},"large":{"file":"DSC_1165-1024x680.jpg","width":1024,"height":680,"mime-type":"image\/jpeg","source_url":"https:\/\/lavras.tv\/site\/wp-content\/uploads\/2017\/12\/DSC_1165-1024x680.jpg"},"featured-slider-img":{"file":"DSC_1165-640x480.jpg","width":640,"height":480,"mime-type":"image\/jpeg","source_url":"https:\/\/lavras.tv\/site\/wp-content\/uploads\/2017\/12\/DSC_1165-640x480.jpg"},"featured-post-img":{"file":"DSC_1165-480x320.jpg","width":480,"height":320,"mime-type":"image\/jpeg","source_url":"https:\/\/lavras.tv\/site\/wp-content\/uploads\/2017\/12\/DSC_1165-480x320.jpg"},"sow-carousel-default":{"file":"DSC_1165-272x182.jpg","width":272,"height":182,"mime-type":"image\/jpeg","source_url":"https:\/\/lavras.tv\/site\/wp-content\/uploads\/2017\/12\/DSC_1165-272x182.jpg"}},"image_meta":{"aperture":"6.3","credit":"","camera":"NIKON D90","caption":"","created_timestamp":"1512295392","copyright":"","focal_length":"18","iso":"1000","shutter_speed":"0.0166666666667","title":"","orientation":"1","keywords":[]}},"post":13520,"source_url":"https:\/\/lavras.tv\/site\/wp-content\/uploads\/2017\/12\/DSC_1165.jpg"},"author_meta":{"display_name":"Lavras TV","author_link":"https:\/\/lavras.tv\/site\/author\/lavrastv\/"},"featured_img":"https:\/\/lavras.tv\/site\/wp-content\/uploads\/2017\/12\/DSC_1165-300x199.jpg","coauthors":[],"tax_additional":{"categories":{"linked":["<a href=\"https:\/\/lavras.tv\/site\/category\/destaques\/\" class=\"advgb-post-tax-term\">Destaques<\/a>","<a href=\"https:\/\/lavras.tv\/site\/category\/politica\/\" class=\"advgb-post-tax-term\">Pol\u00edtica<\/a>"],"unlinked":["<span class=\"advgb-post-tax-term\">Destaques<\/span>","<span class=\"advgb-post-tax-term\">Pol\u00edtica<\/span>"]},"tags":{"linked":["<a href=\"https:\/\/lavras.tv\/site\/category\/politica\/\" class=\"advgb-post-tax-term\">alac<\/a>","<a href=\"https:\/\/lavras.tv\/site\/category\/politica\/\" class=\"advgb-post-tax-term\">belo horizonte<\/a>","<a href=\"https:\/\/lavras.tv\/site\/category\/politica\/\" class=\"advgb-post-tax-term\">fabio cherem<\/a>","<a href=\"https:\/\/lavras.tv\/site\/category\/politica\/\" class=\"advgb-post-tax-term\">feira de artesanato<\/a>","<a href=\"https:\/\/lavras.tv\/site\/category\/politica\/\" class=\"advgb-post-tax-term\">Feira Nacional de Artesanato<\/a>"],"unlinked":["<span class=\"advgb-post-tax-term\">alac<\/span>","<span class=\"advgb-post-tax-term\">belo horizonte<\/span>","<span class=\"advgb-post-tax-term\">fabio cherem<\/span>","<span class=\"advgb-post-tax-term\">feira de artesanato<\/span>","<span class=\"advgb-post-tax-term\">Feira Nacional de Artesanato<\/span>"]}},"comment_count":"0","relative_dates":{"created":"Publicado 8 anos atr\u00e1s","modified":"Atualizado 8 anos atr\u00e1s"},"absolute_dates":{"created":"Publicado em 4 de dezembro de 2017","modified":"Atualizado em 4 de dezembro de 2017"},"absolute_dates_time":{"created":"Publicado em 4 de dezembro de 2017 09:17","modified":"Atualizado em 4 de dezembro de 2017 09:17"},"featured_img_caption":"","series_order":"","_links":{"self":[{"href":"https:\/\/lavras.tv\/site\/wp-json\/wp\/v2\/posts\/13520","targetHints":{"allow":["GET"]}}],"collection":[{"href":"https:\/\/lavras.tv\/site\/wp-json\/wp\/v2\/posts"}],"about":[{"href":"https:\/\/lavras.tv\/site\/wp-json\/wp\/v2\/types\/post"}],"author":[{"embeddable":true,"href":"https:\/\/lavras.tv\/site\/wp-json\/wp\/v2\/users\/2"}],"replies":[{"embeddable":true,"href":"https:\/\/lavras.tv\/site\/wp-json\/wp\/v2\/comments?post=13520"}],"version-history":[{"count":1,"href":"https:\/\/lavras.tv\/site\/wp-json\/wp\/v2\/posts\/13520\/revisions"}],"predecessor-version":[{"id":13522,"href":"https:\/\/lavras.tv\/site\/wp-json\/wp\/v2\/posts\/13520\/revisions\/13522"}],"wp:featuredmedia":[{"embeddable":true,"href":"https:\/\/lavras.tv\/site\/wp-json\/wp\/v2\/media\/13521"}],"wp:attachment":[{"href":"https:\/\/lavras.tv\/site\/wp-json\/wp\/v2\/media?parent=13520"}],"wp:term":[{"taxonomy":"category","embeddable":true,"href":"https:\/\/lavras.tv\/site\/wp-json\/wp\/v2\/categories?post=13520"},{"taxonomy":"post_tag","embeddable":true,"href":"https:\/\/lavras.tv\/site\/wp-json\/wp\/v2\/tags?post=13520"}],"curies":[{"name":"wp","href":"https:\/\/api.w.org\/{rel}","templated":true}]}}