{"id":135277,"date":"2024-11-06T09:41:00","date_gmt":"2024-11-06T12:41:00","guid":{"rendered":"https:\/\/lavras.tv\/site\/?p=135277"},"modified":"2024-11-06T09:41:01","modified_gmt":"2024-11-06T12:41:01","slug":"tragedia-de-mariana-completa-nove-anos-com-perspectiva-de-reparacao-apos-repactuacao-do-acordo","status":"publish","type":"post","link":"https:\/\/lavras.tv\/site\/2024\/11\/06\/tragedia-de-mariana-completa-nove-anos-com-perspectiva-de-reparacao-apos-repactuacao-do-acordo\/","title":{"rendered":"Trag\u00e9dia de Mariana completa nove anos com perspectiva de repara\u00e7\u00e3o ap\u00f3s repactua\u00e7\u00e3o do acordo"},"content":{"rendered":"<div class=\"lavra-antes-do-conteudo_2\" id=\"lavra-2438877903\"><div id=\"lavra-slider-27\" class=\"custom-slider lavra-slider-1784986355 lavra-slider\"><ul><li><div style=\"margin-left: auto;margin-right: auto;text-align: center;\" id=\"lavra-3917667216\"><a href=\"https:\/\/sistemas.lavras.mg.gov.br\/portalcidadao\/#df1b1a7c7b2a290bcb31e32771e610784662739a88807c0dacac58ede5f391a7530e299dc302d611ee73cb143fc22eaf93592e53e7b5bdb01b00a0b8d28dae460c141dd2ff83412e4dc1c31b16b25f33144a9e5620ea73b13f5bc1c59411d98439ad226e8af03840603796067d87afe130812cf3de24982d0e306f9e61e764e5\" aria-label=\"Lavras-TV&#8211;720x104px (1) (1)\"><img src=\"https:\/\/lavras.tv\/site\/wp-content\/uploads\/2025\/01\/Lavras-TV-720x104px-1-1.png\" alt=\"\"  srcset=\"https:\/\/lavras.tv\/site\/wp-content\/uploads\/2025\/01\/Lavras-TV-720x104px-1-1.png 720w, https:\/\/lavras.tv\/site\/wp-content\/uploads\/2025\/01\/Lavras-TV-720x104px-1-1-470x68.png 470w, https:\/\/lavras.tv\/site\/wp-content\/uploads\/2025\/01\/Lavras-TV-720x104px-1-1-170x25.png 170w, https:\/\/lavras.tv\/site\/wp-content\/uploads\/2025\/01\/Lavras-TV-720x104px-1-1-200x29.png 200w\" sizes=\"(max-width: 720px) 100vw, 720px\" width=\"720\" height=\"104\"  style=\"display: inline-block;\" \/><\/a><\/div><\/li><li><a href=\"https:\/\/sistemas.lavras.mg.gov.br\/portalcidadao\/#df1b1a7c7b2a290bcb31e32771e610784662739a88807c0dacac58ede5f391a7530e299dc302d611ee73cb143fc22eaf93592e53e7b5bdb01b00a0b8d28dae460c141dd2ff83412e4dc1c31b16b25f33144a9e5620ea73b13f5bc1c59411d98439ad226e8af03840603796067d87afe130812cf3de24982d0e306f9e61e764e5\" aria-label=\"Banner_Emprego_PortallavrasTV\"><img src=\"https:\/\/lavras.tv\/site\/wp-content\/uploads\/2025\/03\/Banner_Emprego_PortallavrasTV.png\" alt=\"\"  srcset=\"https:\/\/lavras.tv\/site\/wp-content\/uploads\/2025\/03\/Banner_Emprego_PortallavrasTV.png 720w, https:\/\/lavras.tv\/site\/wp-content\/uploads\/2025\/03\/Banner_Emprego_PortallavrasTV-470x68.png 470w, https:\/\/lavras.tv\/site\/wp-content\/uploads\/2025\/03\/Banner_Emprego_PortallavrasTV-170x25.png 170w, https:\/\/lavras.tv\/site\/wp-content\/uploads\/2025\/03\/Banner_Emprego_PortallavrasTV-200x29.png 200w\" sizes=\"(max-width: 720px) 100vw, 720px\" width=\"720\" height=\"104\"   \/><\/a><\/li><li><a href=\"https:\/\/sistemas.lavras.mg.gov.br\/portalcidadao\/#df1b1a7c7b2a290bcb31e32771e610784662739a88807c0dacac58ede5f391a7530e299dc302d611ee73cb143fc22eaf93592e53e7b5bdb01b00a0b8d28dae460c141dd2ff83412e4dc1c31b16b25f33144a9e5620ea73b13f5bc1c59411d98439ad226e8af03840603796067d87afe130812cf3de24982d0e306f9e61e764e5\" aria-label=\"Banner_Obras_PortallavrasTV\"><img src=\"https:\/\/lavras.tv\/site\/wp-content\/uploads\/2025\/03\/Banner_Obras_PortallavrasTV.png\" alt=\"\"  srcset=\"https:\/\/lavras.tv\/site\/wp-content\/uploads\/2025\/03\/Banner_Obras_PortallavrasTV.png 720w, https:\/\/lavras.tv\/site\/wp-content\/uploads\/2025\/03\/Banner_Obras_PortallavrasTV-470x68.png 470w, https:\/\/lavras.tv\/site\/wp-content\/uploads\/2025\/03\/Banner_Obras_PortallavrasTV-170x25.png 170w, https:\/\/lavras.tv\/site\/wp-content\/uploads\/2025\/03\/Banner_Obras_PortallavrasTV-200x29.png 200w\" sizes=\"(max-width: 720px) 100vw, 720px\" width=\"720\" height=\"104\"   \/><\/a><\/li><li><div style=\"margin-left: auto;margin-right: auto;text-align: center;\" id=\"lavra-2198262136\"><a href=\"https:\/\/sistemas.lavras.mg.gov.br\/portalcidadao\/#df1b1a7c7b2a290bcb31e32771e610784662739a88807c0dacac58ede5f391a7530e299dc302d611ee73cb143fc22eaf93592e53e7b5bdb01b00a0b8d28dae460c141dd2ff83412e4dc1c31b16b25f33144a9e5620ea73b13f5bc1c59411d98439ad226e8af03840603796067d87afe130812cf3de24982d0e306f9e61e764e5\" aria-label=\"Banner_Educa\u00e7\u00e3o_PortallavrasTV\"><img src=\"https:\/\/lavras.tv\/site\/wp-content\/uploads\/2025\/01\/Banner_Educacao_PortallavrasTV.png\" alt=\"\"  srcset=\"https:\/\/lavras.tv\/site\/wp-content\/uploads\/2025\/01\/Banner_Educacao_PortallavrasTV.png 720w, https:\/\/lavras.tv\/site\/wp-content\/uploads\/2025\/01\/Banner_Educacao_PortallavrasTV-470x68.png 470w, https:\/\/lavras.tv\/site\/wp-content\/uploads\/2025\/01\/Banner_Educacao_PortallavrasTV-170x25.png 170w, https:\/\/lavras.tv\/site\/wp-content\/uploads\/2025\/01\/Banner_Educacao_PortallavrasTV-200x29.png 200w\" sizes=\"(max-width: 720px) 100vw, 720px\" width=\"720\" height=\"104\"  style=\"display: inline-block;\" \/><\/a><\/div><\/li><li><a href=\"https:\/\/sistemas.lavras.mg.gov.br\/portalcidadao\/#df1b1a7c7b2a290bcb31e32771e610784662739a88807c0dacac58ede5f391a7530e299dc302d611ee73cb143fc22eaf93592e53e7b5bdb01b00a0b8d28dae460c141dd2ff83412e4dc1c31b16b25f33144a9e5620ea73b13f5bc1c59411d98439ad226e8af03840603796067d87afe130812cf3de24982d0e306f9e61e764e5\" aria-label=\"Banner_Sa\u00fade_PortallavrasTV\"><img src=\"https:\/\/lavras.tv\/site\/wp-content\/uploads\/2025\/03\/Banner_Saude_PortallavrasTV.png\" alt=\"\"  srcset=\"https:\/\/lavras.tv\/site\/wp-content\/uploads\/2025\/03\/Banner_Saude_PortallavrasTV.png 720w, https:\/\/lavras.tv\/site\/wp-content\/uploads\/2025\/03\/Banner_Saude_PortallavrasTV-470x68.png 470w, https:\/\/lavras.tv\/site\/wp-content\/uploads\/2025\/03\/Banner_Saude_PortallavrasTV-170x25.png 170w, https:\/\/lavras.tv\/site\/wp-content\/uploads\/2025\/03\/Banner_Saude_PortallavrasTV-200x29.png 200w\" sizes=\"(max-width: 720px) 100vw, 720px\" width=\"720\" height=\"104\"   \/><\/a><\/li><li><div id=\"lavra-2913794936\" style=\"width:720px;height:104px;background-color:#ddd;overflow:scroll;\">\n\t<strong>Sa\u00edda da depura\u00e7\u00e3o de an\u00fancios<\/strong>\n\t<br><br>\n\tO an\u00fancio n\u00e3o \u00e9 exibido na p\u00e1gina<br><br>post atual: Trag\u00e9dia de Mariana completa nove anos com perspectiva de repara\u00e7\u00e3o ap\u00f3s repactua\u00e7\u00e3o do acordo, ID: 135277<br><br><span style=\"color: red;\">O post atual n\u00e3o \u00e9 id\u00eantico ao post principal.<\/span><br><br>An\u00fancios: ROXO - TOPO INTERNA - ROTATIVO 2 (197)<br \/>Grupo de an\u00fancios: Princ_Meio01_720x104 (27)<br><br>Condi\u00e7\u00f5es de exibi\u00e7\u00e3o<div style=\"margin-bottom: 20px; white-space: pre-wrap; font-family: monospace; width: 100%; background: #ffe9e9;\"><strong>condi\u00e7\u00f5es gerais<\/strong><table border=\"1\"><thead><tr><th><\/th><th>An\u00fancios<\/th><th>wp_the_query<\/th><\/tr><\/thead><tr><td>is_main_query<\/td><td>1<\/td><td>1<\/td><\/tr><tr><td>is_rest_api<\/td><td>0<\/td><td>1<\/td><\/tr><tr><td>page<\/td><td>0<\/td><td>1<\/td><\/tr><tr><td>numpages<\/td><td>0<\/td><td>1<\/td><\/tr><tr><td>is_archive<\/td><td>1<\/td><td><\/td><\/tr><tr><td>is_search<\/td><td>1<\/td><td><\/td><\/tr><tr><td>is_home<\/td><td>1<\/td><td><\/td><\/tr><tr><td>is_404<\/td><td>1<\/td><td><\/td><\/tr><tr><td>is_attachment<\/td><td>1<\/td><td><\/td><\/tr><tr><td>is_singular<\/td><td>1<\/td><td><\/td><\/tr><tr><td>is_front_page<\/td><td>1<\/td><td><\/td><\/tr><tr><td>is_feed<\/td><td>1<\/td><td><\/td><\/tr><\/table><\/div><br><br><span style=\"color: red;\">Seu site usa HTTPS, mas o c\u00f3digo do an\u00fancio cont\u00e9m HTTP e pode n\u00e3o funcionar.<\/span>\t<br><br>\n\t<a style=\"color: green;\" href=\"https:\/\/wpadvancedads.com\/manual\/ad-debug-mode\/?utm_source=advanced-ads&utm_medium=link&utm_campaign=ad-debug-mode\" target=\"_blank\" rel=\"nofollow\">Encontre solu\u00e7\u00f5es no manual<\/a>\n<\/div>\n<\/li><\/ul><\/div><script>( window.advanced_ads_ready || jQuery( document ).ready ).call( null, function() {var $lavraslider1784986355 = jQuery( \".lavra-slider-1784986355\" );$lavraslider1784986355.on( \"unslider.ready\", function() { jQuery( \"div.custom-slider ul li\" ).css( \"display\", \"block\" ); });$lavraslider1784986355.unslider({ delay:4000, autoplay:true, nav:false, arrows:false, infinite:true });$lavraslider1784986355.on(\"mouseover\", function() {$lavraslider1784986355.unslider(\"stop\");}).on(\"mouseout\", function() {$lavraslider1784986355.unslider(\"start\");});});<\/script><\/div>\n<p><em>Governo de Minas apresentou desenho t\u00e9cnico do novo acordo a prefeitos dos munic\u00edpios atingidos na \u00faltima quinta-feira (31\/10)<\/em><\/p>\n\n\n\n<figure class=\"wp-block-image size-large\"><img fetchpriority=\"high\" decoding=\"async\" width=\"970\" height=\"546\" src=\"https:\/\/lavras.tv\/site\/wp-content\/uploads\/2024\/11\/image-970x546.webp\" alt=\"\" class=\"wp-image-135278\" srcset=\"https:\/\/lavras.tv\/site\/wp-content\/uploads\/2024\/11\/image-970x546.webp 970w, https:\/\/lavras.tv\/site\/wp-content\/uploads\/2024\/11\/image-470x265.webp 470w, https:\/\/lavras.tv\/site\/wp-content\/uploads\/2024\/11\/image-170x96.webp 170w, https:\/\/lavras.tv\/site\/wp-content\/uploads\/2024\/11\/image-200x113.webp 200w, https:\/\/lavras.tv\/site\/wp-content\/uploads\/2024\/11\/image.webp 1140w\" sizes=\"(max-width: 970px) 100vw, 970px\" \/><\/figure>\n\n\n\n<p>Nove anos ap\u00f3s o rompimento da barragem de Fund\u00e3o, em Mariana, que tirou a vida de 19 pessoas e deixou diversos danos socioambientais e econ\u00f4micos, a regi\u00e3o atingida enfim tem perspectivas de uma repara\u00e7\u00e3o justa, com a assinatura do novo acordo entre o Poder P\u00fablico e as mineradoras respons\u00e1veis. A repactua\u00e7\u00e3o foi firmada em 25\/10, configurando o maior acordo socioambiental do mundo, no valor de R$ 170 bilh\u00f5es.<br><br>A trag\u00e9dia ocorrida em 5\/11\/2015 n\u00e3o apenas vitimou a popula\u00e7\u00e3o local, como tamb\u00e9m impactou a vida de pessoas dos 37 munic\u00edpios mineiros e 11 munic\u00edpios capixabas atingidos.<br><br>A repactua\u00e7\u00e3o do acordo era uma prioridade da atual gest\u00e3o do&nbsp;<a href=\"https:\/\/www.mg.gov.br\/\" target=\"_blank\" rel=\"noreferrer noopener\">Governo de Minas<\/a>, que lutou muito em defesa de um termo que garantisse, efetivamente, justi\u00e7a e celeridade nas medidas de repara\u00e7\u00e3o, a partir do entendimento de que a repara\u00e7\u00e3o que estava em curso n\u00e3o fazia jus aos preju\u00edzos causados \u00e0s pessoas, munic\u00edpios e regi\u00f5es atingidas.<br><br>Dos R$ 132 bilh\u00f5es em novos recursos previstos no novo acordo, a maior parte (cerca de R$ 127 bilh\u00f5es) ser\u00e1 investida diretamente na regi\u00e3o da bacia do Rio Doce, afetada pelo carreamento dos rejeitos da barragem do Fund\u00e3o. Mais de R$ 81 bilh\u00f5es ser\u00e3o utilizados em Minas Gerais. H\u00e1 ainda uma parcela de R$ 5 bilh\u00f5es que ser\u00e1 destinada a a\u00e7\u00f5es compensat\u00f3rias em outras \u00e1reas.<br><br>As mineradoras dever\u00e3o cumprir obriga\u00e7\u00f5es de fazer no valor de R$ 32 bilh\u00f5es, investidos em a\u00e7\u00f5es de repara\u00e7\u00e3o a serem executadas pelas pr\u00f3prias empresas, como recupera\u00e7\u00e3o ambiental, novo programa indenizat\u00f3rio e a finaliza\u00e7\u00e3o dos reassentamentos de Bento Rodrigues e Paracatu de Baixo.<br><br><strong>Reuni\u00e3o com prefeitos<\/strong><br><br>O Governo de Minas, por meio da&nbsp;<a href=\"https:\/\/www.mg.gov.br\/planejamento\" target=\"_blank\" rel=\"noreferrer noopener\">Secretaria de Estado de Planejamento e Gest\u00e3o (Seplag-MG)<\/a>, detalhou o desenho t\u00e9cnico do novo acordo para os prefeitos dos munic\u00edpios de Minas Gerais e do Esp\u00edrito Santo atingidos.<br><br>A apresenta\u00e7\u00e3o foi feita em S\u00e3o Jos\u00e9 do Goiabal na \u00faltima quinta-feira (31\/10), em reuni\u00e3o promovida pelo F\u00f3rum Permanente de Prefeitos da Bacia do Rio Doce (Coridoce).<br><br>O secret\u00e1rio-adjunto da Seplag-MG, Lu\u00eds Ot\u00e1vio Milagres de Assis, refor\u00e7ou que a ades\u00e3o ou n\u00e3o dos munic\u00edpios ao acordo \u00e9 uma decis\u00e3o de cada prefeito.<br><br>Assim, a reuni\u00e3o buscou apresentar o acordo tecnicamente e de forma transparente, proporcionando uma compreens\u00e3o mais aprofundada aos prefeitos.<br><br>\u201cAcreditamos que essa assinatura do acordo \u00e9 um grande avan\u00e7o, que traz uma nova esperan\u00e7a para a regi\u00e3o atingida. Agora cabe aos governos federal, estaduais e municipais tirarem do papel as novas a\u00e7\u00f5es. A extin\u00e7\u00e3o da Funda\u00e7\u00e3o Renova \u00e9 um passo importante e esses novos investimentos representam uma nova perspectiva\u201d, disse o secret\u00e1rio-adjunto.<br><br>A apresenta\u00e7\u00e3o mostrou o que o novo acordo prev\u00ea para os munic\u00edpios e para os atingidos, os principais investimentos do Estado de Minas Gerais na regi\u00e3o atingida, os demais investimentos que ser\u00e3o feitos no territ\u00f3rio atingido e as obriga\u00e7\u00f5es de fazer das empresas.<br><br><strong>Destaques do novo acordo<\/strong><br><br>R$ 12 bilh\u00f5es para investimentos em sa\u00fade coletiva na Bacia do Rio Doce;<\/p>\n\n\n\n<p>R$ 8 bilh\u00f5es para um fundo perp\u00e9tuo de investimento permanente na \u00e1rea da Sa\u00fade;<\/p>\n\n\n\n<p>R$ 11 bilh\u00f5es para saneamento b\u00e1sico nos munic\u00edpios da Bacia;<\/p>\n\n\n\n<p>R$ 7 bilh\u00f5es para programas de retomada econ\u00f4mica;<\/p>\n\n\n\n<p>R$ 5 bilh\u00f5es para o Fundo Popular da Bacia do Rio Doce para investimentos decididos diretamente pelas comunidades atingidas;<\/p>\n\n\n\n<p>R$ 8 bilh\u00f5es para um Fundo Ambiental da Uni\u00e3o e R$ 6 bilh\u00f5es para um Fundo Ambiental dos Estados;<\/p>\n\n\n\n<p>R$ 2,5 bilh\u00f5es para reestrutura\u00e7\u00e3o do setor de pesca, com previs\u00e3o de libera\u00e7\u00e3o gradual da atividade;<\/p>\n\n\n\n<p>R$ 4,3 bilh\u00f5es para melhorias em rodovias federais na bacia (<a href=\"https:\/\/www.google.com\/maps\/search\/BR-262?entry=gmail&amp;source=g\">BR-262<\/a>&nbsp;e BR-356);<\/p>\n\n\n\n<p>R$ 8 bilh\u00f5es para Povos e Comunidades Tradicionais (PCTs);<\/p>\n\n\n\n<p>R$ 4 bilh\u00f5es para o Programa de Transfer\u00eancia de Renda (PTR) para pescadores e agricultores atingidos;<br><br><strong>Obriga\u00e7\u00f5es de fazer das empresas<\/strong><br><br>Finaliza\u00e7\u00e3o do reassentamento de Bento Rodrigues e Paracatu de Baixo;<\/p>\n\n\n\n<p>Retirada de at\u00e9 9 milh\u00f5es de metros c\u00fabicos de rejeitos do reservat\u00f3rio da UHE Risoleta Neves;<\/p>\n\n\n\n<p>Recupera\u00e7\u00e3o de 54 mil hectares de floresta nativa na Bacia do Rio Doce;<\/p>\n\n\n\n<p>Recupera\u00e7\u00e3o de 5 mil nascentes na Bacia do Rio Doce;<\/p>\n\n\n\n<p>Realiza\u00e7\u00e3o do Gerenciamento de \u00c1reas Contaminadas (GAC);<\/p>\n\n\n\n<p>Destina\u00e7\u00e3o de R$ 15 bilh\u00f5es a um novo sistema indenizat\u00f3rio, que dever\u00e1 atingir mais de 300 mil pessoas.<\/p>\n","protected":false},"excerpt":{"rendered":"<p>Governo de Minas apresentou desenho t\u00e9cnico do novo acordo a prefeitos dos munic\u00edpios atingidos na \u00faltima quinta-feira (31\/10) Nove anos ap\u00f3s o rompimento da barragem de Fund\u00e3o, em Mariana, que tirou a vida de 19 pessoas e deixou diversos danos socioambientais e econ\u00f4micos, a regi\u00e3o atingida enfim tem perspectivas de uma repara\u00e7\u00e3o justa, com a [&hellip;]<\/p>\n","protected":false},"author":5,"featured_media":135278,"comment_status":"closed","ping_status":"open","sticky":false,"template":"","format":"standard","meta":{"advgb_blocks_editor_width":"","advgb_blocks_columns_visual_guide":"","_exactmetrics_skip_tracking":false,"_exactmetrics_sitenote_active":false,"_exactmetrics_sitenote_note":"","_exactmetrics_sitenote_category":0,"footnotes":""},"categories":[7,2],"tags":[],"class_list":["post-135277","post","type-post","status-publish","format-standard","has-post-thumbnail","hentry","category-destaques","category-noticias"],"better_featured_image":{"id":135278,"alt_text":"","caption":"","description":"","media_type":"image","media_details":{"width":1140,"height":642,"file":"2024\/11\/image.webp","filesize":238562,"sizes":{"medium":{"file":"image-470x265.webp","width":470,"height":265,"mime-type":"image\/webp","filesize":54272,"source_url":"https:\/\/lavras.tv\/site\/wp-content\/uploads\/2024\/11\/image-470x265.webp"},"large":{"file":"image-970x546.webp","width":970,"height":546,"mime-type":"image\/webp","filesize":202872,"source_url":"https:\/\/lavras.tv\/site\/wp-content\/uploads\/2024\/11\/image-970x546.webp"},"thumbnail":{"file":"image-170x96.webp","width":170,"height":96,"mime-type":"image\/webp","filesize":7648,"source_url":"https:\/\/lavras.tv\/site\/wp-content\/uploads\/2024\/11\/image-170x96.webp"},"lshowcase-thumb":{"file":"image-200x113.webp","width":200,"height":113,"mime-type":"image\/webp","filesize":10452,"source_url":"https:\/\/lavras.tv\/site\/wp-content\/uploads\/2024\/11\/image-200x113.webp"},"alm-thumbnail":{"file":"image-150x150.webp","width":150,"height":150,"mime-type":"image\/webp","filesize":10798,"source_url":"https:\/\/lavras.tv\/site\/wp-content\/uploads\/2024\/11\/image-150x150.webp"}},"image_meta":{"aperture":"0","credit":"","camera":"","caption":"","created_timestamp":"0","copyright":"","focal_length":"0","iso":"0","shutter_speed":"0","title":"","orientation":"0","keywords":[]}},"post":135277,"source_url":"https:\/\/lavras.tv\/site\/wp-content\/uploads\/2024\/11\/image.webp"},"author_meta":{"display_name":"Vinicius Bustamante","author_link":"https:\/\/lavras.tv\/site\/author\/vinicius-bustamante\/"},"featured_img":"https:\/\/lavras.tv\/site\/wp-content\/uploads\/2024\/11\/image-470x265.webp","coauthors":[],"tax_additional":{"categories":{"linked":["<a href=\"https:\/\/lavras.tv\/site\/category\/destaques\/\" class=\"advgb-post-tax-term\">Destaques<\/a>","<a href=\"https:\/\/lavras.tv\/site\/category\/noticias\/\" class=\"advgb-post-tax-term\">Not\u00edcias<\/a>"],"unlinked":["<span class=\"advgb-post-tax-term\">Destaques<\/span>","<span class=\"advgb-post-tax-term\">Not\u00edcias<\/span>"]}},"comment_count":"0","relative_dates":{"created":"Publicado 1 ano atr\u00e1s","modified":"Atualizado 1 ano atr\u00e1s"},"absolute_dates":{"created":"Publicado em 6 de novembro de 2024","modified":"Atualizado em 6 de novembro de 2024"},"absolute_dates_time":{"created":"Publicado em 6 de novembro de 2024 09:41","modified":"Atualizado em 6 de novembro de 2024 09:41"},"featured_img_caption":"","series_order":"","_links":{"self":[{"href":"https:\/\/lavras.tv\/site\/wp-json\/wp\/v2\/posts\/135277","targetHints":{"allow":["GET"]}}],"collection":[{"href":"https:\/\/lavras.tv\/site\/wp-json\/wp\/v2\/posts"}],"about":[{"href":"https:\/\/lavras.tv\/site\/wp-json\/wp\/v2\/types\/post"}],"author":[{"embeddable":true,"href":"https:\/\/lavras.tv\/site\/wp-json\/wp\/v2\/users\/5"}],"replies":[{"embeddable":true,"href":"https:\/\/lavras.tv\/site\/wp-json\/wp\/v2\/comments?post=135277"}],"version-history":[{"count":1,"href":"https:\/\/lavras.tv\/site\/wp-json\/wp\/v2\/posts\/135277\/revisions"}],"predecessor-version":[{"id":135279,"href":"https:\/\/lavras.tv\/site\/wp-json\/wp\/v2\/posts\/135277\/revisions\/135279"}],"wp:featuredmedia":[{"embeddable":true,"href":"https:\/\/lavras.tv\/site\/wp-json\/wp\/v2\/media\/135278"}],"wp:attachment":[{"href":"https:\/\/lavras.tv\/site\/wp-json\/wp\/v2\/media?parent=135277"}],"wp:term":[{"taxonomy":"category","embeddable":true,"href":"https:\/\/lavras.tv\/site\/wp-json\/wp\/v2\/categories?post=135277"},{"taxonomy":"post_tag","embeddable":true,"href":"https:\/\/lavras.tv\/site\/wp-json\/wp\/v2\/tags?post=135277"}],"curies":[{"name":"wp","href":"https:\/\/api.w.org\/{rel}","templated":true}]}}