{"id":135751,"date":"2024-11-08T10:31:27","date_gmt":"2024-11-08T13:31:27","guid":{"rendered":"https:\/\/lavras.tv\/site\/?p=135751"},"modified":"2024-11-08T10:31:28","modified_gmt":"2024-11-08T13:31:28","slug":"governo-de-minas-forma-126-estudantes-de-curso-tecnico-em-podologia-do-trilhas-de-futuro","status":"publish","type":"post","link":"https:\/\/lavras.tv\/site\/2024\/11\/08\/governo-de-minas-forma-126-estudantes-de-curso-tecnico-em-podologia-do-trilhas-de-futuro\/","title":{"rendered":"Governo de Minas forma 126 estudantes de curso T\u00e9cnico em Podologia do Trilhas de Futuro"},"content":{"rendered":"<div class=\"lavra-antes-do-conteudo_2\" id=\"lavra-3575525348\"><div id=\"lavra-slider-27\" class=\"custom-slider lavra-slider-3465792835 lavra-slider\"><ul><li><div style=\"margin-left: auto;margin-right: auto;text-align: center;\" id=\"lavra-3461769744\"><a href=\"https:\/\/sistemas.lavras.mg.gov.br\/portalcidadao\/#df1b1a7c7b2a290bcb31e32771e610784662739a88807c0dacac58ede5f391a7530e299dc302d611ee73cb143fc22eaf93592e53e7b5bdb01b00a0b8d28dae460c141dd2ff83412e4dc1c31b16b25f33144a9e5620ea73b13f5bc1c59411d98439ad226e8af03840603796067d87afe130812cf3de24982d0e306f9e61e764e5\" aria-label=\"Lavras-TV&#8211;720x104px (1) (1)\"><img src=\"https:\/\/lavras.tv\/site\/wp-content\/uploads\/2025\/01\/Lavras-TV-720x104px-1-1.png\" alt=\"\"  srcset=\"https:\/\/lavras.tv\/site\/wp-content\/uploads\/2025\/01\/Lavras-TV-720x104px-1-1.png 720w, https:\/\/lavras.tv\/site\/wp-content\/uploads\/2025\/01\/Lavras-TV-720x104px-1-1-470x68.png 470w, https:\/\/lavras.tv\/site\/wp-content\/uploads\/2025\/01\/Lavras-TV-720x104px-1-1-170x25.png 170w, https:\/\/lavras.tv\/site\/wp-content\/uploads\/2025\/01\/Lavras-TV-720x104px-1-1-200x29.png 200w\" sizes=\"(max-width: 720px) 100vw, 720px\" width=\"720\" height=\"104\"  style=\"display: inline-block;\" \/><\/a><\/div><\/li><li><a href=\"https:\/\/sistemas.lavras.mg.gov.br\/portalcidadao\/#df1b1a7c7b2a290bcb31e32771e610784662739a88807c0dacac58ede5f391a7530e299dc302d611ee73cb143fc22eaf93592e53e7b5bdb01b00a0b8d28dae460c141dd2ff83412e4dc1c31b16b25f33144a9e5620ea73b13f5bc1c59411d98439ad226e8af03840603796067d87afe130812cf3de24982d0e306f9e61e764e5\" aria-label=\"Banner_Emprego_PortallavrasTV\"><img src=\"https:\/\/lavras.tv\/site\/wp-content\/uploads\/2025\/03\/Banner_Emprego_PortallavrasTV.png\" alt=\"\"  srcset=\"https:\/\/lavras.tv\/site\/wp-content\/uploads\/2025\/03\/Banner_Emprego_PortallavrasTV.png 720w, https:\/\/lavras.tv\/site\/wp-content\/uploads\/2025\/03\/Banner_Emprego_PortallavrasTV-470x68.png 470w, https:\/\/lavras.tv\/site\/wp-content\/uploads\/2025\/03\/Banner_Emprego_PortallavrasTV-170x25.png 170w, https:\/\/lavras.tv\/site\/wp-content\/uploads\/2025\/03\/Banner_Emprego_PortallavrasTV-200x29.png 200w\" sizes=\"(max-width: 720px) 100vw, 720px\" width=\"720\" height=\"104\"   \/><\/a><\/li><li><a href=\"https:\/\/sistemas.lavras.mg.gov.br\/portalcidadao\/#df1b1a7c7b2a290bcb31e32771e610784662739a88807c0dacac58ede5f391a7530e299dc302d611ee73cb143fc22eaf93592e53e7b5bdb01b00a0b8d28dae460c141dd2ff83412e4dc1c31b16b25f33144a9e5620ea73b13f5bc1c59411d98439ad226e8af03840603796067d87afe130812cf3de24982d0e306f9e61e764e5\" aria-label=\"Banner_Obras_PortallavrasTV\"><img src=\"https:\/\/lavras.tv\/site\/wp-content\/uploads\/2025\/03\/Banner_Obras_PortallavrasTV.png\" alt=\"\"  srcset=\"https:\/\/lavras.tv\/site\/wp-content\/uploads\/2025\/03\/Banner_Obras_PortallavrasTV.png 720w, https:\/\/lavras.tv\/site\/wp-content\/uploads\/2025\/03\/Banner_Obras_PortallavrasTV-470x68.png 470w, https:\/\/lavras.tv\/site\/wp-content\/uploads\/2025\/03\/Banner_Obras_PortallavrasTV-170x25.png 170w, https:\/\/lavras.tv\/site\/wp-content\/uploads\/2025\/03\/Banner_Obras_PortallavrasTV-200x29.png 200w\" sizes=\"(max-width: 720px) 100vw, 720px\" width=\"720\" height=\"104\"   \/><\/a><\/li><li><div style=\"margin-left: auto;margin-right: auto;text-align: center;\" id=\"lavra-1436225342\"><a href=\"https:\/\/sistemas.lavras.mg.gov.br\/portalcidadao\/#df1b1a7c7b2a290bcb31e32771e610784662739a88807c0dacac58ede5f391a7530e299dc302d611ee73cb143fc22eaf93592e53e7b5bdb01b00a0b8d28dae460c141dd2ff83412e4dc1c31b16b25f33144a9e5620ea73b13f5bc1c59411d98439ad226e8af03840603796067d87afe130812cf3de24982d0e306f9e61e764e5\" aria-label=\"Banner_Educa\u00e7\u00e3o_PortallavrasTV\"><img src=\"https:\/\/lavras.tv\/site\/wp-content\/uploads\/2025\/01\/Banner_Educacao_PortallavrasTV.png\" alt=\"\"  srcset=\"https:\/\/lavras.tv\/site\/wp-content\/uploads\/2025\/01\/Banner_Educacao_PortallavrasTV.png 720w, https:\/\/lavras.tv\/site\/wp-content\/uploads\/2025\/01\/Banner_Educacao_PortallavrasTV-470x68.png 470w, https:\/\/lavras.tv\/site\/wp-content\/uploads\/2025\/01\/Banner_Educacao_PortallavrasTV-170x25.png 170w, https:\/\/lavras.tv\/site\/wp-content\/uploads\/2025\/01\/Banner_Educacao_PortallavrasTV-200x29.png 200w\" sizes=\"(max-width: 720px) 100vw, 720px\" width=\"720\" height=\"104\"  style=\"display: inline-block;\" \/><\/a><\/div><\/li><li><a href=\"https:\/\/sistemas.lavras.mg.gov.br\/portalcidadao\/#df1b1a7c7b2a290bcb31e32771e610784662739a88807c0dacac58ede5f391a7530e299dc302d611ee73cb143fc22eaf93592e53e7b5bdb01b00a0b8d28dae460c141dd2ff83412e4dc1c31b16b25f33144a9e5620ea73b13f5bc1c59411d98439ad226e8af03840603796067d87afe130812cf3de24982d0e306f9e61e764e5\" aria-label=\"Banner_Sa\u00fade_PortallavrasTV\"><img src=\"https:\/\/lavras.tv\/site\/wp-content\/uploads\/2025\/03\/Banner_Saude_PortallavrasTV.png\" alt=\"\"  srcset=\"https:\/\/lavras.tv\/site\/wp-content\/uploads\/2025\/03\/Banner_Saude_PortallavrasTV.png 720w, https:\/\/lavras.tv\/site\/wp-content\/uploads\/2025\/03\/Banner_Saude_PortallavrasTV-470x68.png 470w, https:\/\/lavras.tv\/site\/wp-content\/uploads\/2025\/03\/Banner_Saude_PortallavrasTV-170x25.png 170w, https:\/\/lavras.tv\/site\/wp-content\/uploads\/2025\/03\/Banner_Saude_PortallavrasTV-200x29.png 200w\" sizes=\"(max-width: 720px) 100vw, 720px\" width=\"720\" height=\"104\"   \/><\/a><\/li><li><div id=\"lavra-2673398091\" style=\"width:720px;height:104px;background-color:#ddd;overflow:scroll;\">\n\t<strong>Sa\u00edda da depura\u00e7\u00e3o de an\u00fancios<\/strong>\n\t<br><br>\n\tO an\u00fancio n\u00e3o \u00e9 exibido na p\u00e1gina<br><br>post atual: Governo de Minas forma 126 estudantes de curso T\u00e9cnico em Podologia do Trilhas de Futuro, ID: 135751<br><br><span style=\"color: red;\">O post atual n\u00e3o \u00e9 id\u00eantico ao post principal.<\/span><br><br>An\u00fancios: ROXO - TOPO INTERNA - ROTATIVO 2 (197)<br \/>Grupo de an\u00fancios: Princ_Meio01_720x104 (27)<br><br>Condi\u00e7\u00f5es de exibi\u00e7\u00e3o<div style=\"margin-bottom: 20px; white-space: pre-wrap; font-family: monospace; width: 100%; background: #ffe9e9;\"><strong>condi\u00e7\u00f5es gerais<\/strong><table border=\"1\"><thead><tr><th><\/th><th>An\u00fancios<\/th><th>wp_the_query<\/th><\/tr><\/thead><tr><td>is_main_query<\/td><td>1<\/td><td>1<\/td><\/tr><tr><td>is_rest_api<\/td><td>0<\/td><td>1<\/td><\/tr><tr><td>page<\/td><td>0<\/td><td>1<\/td><\/tr><tr><td>numpages<\/td><td>0<\/td><td>1<\/td><\/tr><tr><td>is_archive<\/td><td>1<\/td><td><\/td><\/tr><tr><td>is_search<\/td><td>1<\/td><td><\/td><\/tr><tr><td>is_home<\/td><td>1<\/td><td><\/td><\/tr><tr><td>is_404<\/td><td>1<\/td><td><\/td><\/tr><tr><td>is_attachment<\/td><td>1<\/td><td><\/td><\/tr><tr><td>is_singular<\/td><td>1<\/td><td><\/td><\/tr><tr><td>is_front_page<\/td><td>1<\/td><td><\/td><\/tr><tr><td>is_feed<\/td><td>1<\/td><td><\/td><\/tr><\/table><\/div><br><br><span style=\"color: red;\">Seu site usa HTTPS, mas o c\u00f3digo do an\u00fancio cont\u00e9m HTTP e pode n\u00e3o funcionar.<\/span>\t<br><br>\n\t<a style=\"color: green;\" href=\"https:\/\/wpadvancedads.com\/manual\/ad-debug-mode\/?utm_source=advanced-ads&utm_medium=link&utm_campaign=ad-debug-mode\" target=\"_blank\" rel=\"nofollow\">Encontre solu\u00e7\u00f5es no manual<\/a>\n<\/div>\n<\/li><\/ul><\/div><script>( window.advanced_ads_ready || jQuery( document ).ready ).call( null, function() {var $lavraslider3465792835 = jQuery( \".lavra-slider-3465792835\" );$lavraslider3465792835.on( \"unslider.ready\", function() { jQuery( \"div.custom-slider ul li\" ).css( \"display\", \"block\" ); });$lavraslider3465792835.unslider({ delay:4000, autoplay:true, nav:false, arrows:false, infinite:true });$lavraslider3465792835.on(\"mouseover\", function() {$lavraslider3465792835.unslider(\"stop\");}).on(\"mouseout\", function() {$lavraslider3465792835.unslider(\"start\");});});<\/script><\/div>\n<p><em>Programa do Estado \u00e9 iniciativa pioneira no Brasil para atender \u00e0 demanda de capacita\u00e7\u00e3o t\u00e9cnica profissional<\/em><\/p>\n\n\n\n<figure class=\"wp-block-image size-full\"><img fetchpriority=\"high\" decoding=\"async\" width=\"700\" height=\"350\" src=\"https:\/\/lavras.tv\/site\/wp-content\/uploads\/2024\/11\/image.jpg\" alt=\"\" class=\"wp-image-135752\" srcset=\"https:\/\/lavras.tv\/site\/wp-content\/uploads\/2024\/11\/image.jpg 700w, https:\/\/lavras.tv\/site\/wp-content\/uploads\/2024\/11\/image-470x235.jpg 470w, https:\/\/lavras.tv\/site\/wp-content\/uploads\/2024\/11\/image-170x85.jpg 170w, https:\/\/lavras.tv\/site\/wp-content\/uploads\/2024\/11\/image-200x100.jpg 200w\" sizes=\"(max-width: 700px) 100vw, 700px\" \/><\/figure>\n\n\n\n<p>O governador em exerc\u00edcio Professor Mateus e o secret\u00e1rio de Estado de Educa\u00e7\u00e3o, Igor de Alvarenga, participaram, nessa quarta-feira (6\/11), da formatura dos estudantes do Curso T\u00e9cnico em Podologia do Instituto Educacional S\u00e3o Camilo, em Belo Horizonte.<br><br>A cerim\u00f4nia reuniu 126 profissionais, todas mulheres, no Centro da&nbsp;capital mineira, marcando mais uma conquista significativa dentro do&nbsp;<a href=\"https:\/\/www.trilhasdefuturo.mg.gov.br\/\" target=\"_blank\" rel=\"noreferrer noopener\">Trilhas de Futuro<\/a>, programa do&nbsp;<a href=\"https:\/\/www.mg.gov.br\/\" target=\"_blank\" rel=\"noreferrer noopener\">Governo de Minas<\/a>, executado por meio da&nbsp;<a href=\"https:\/\/www.educacao.mg.gov.br\/\" target=\"_blank\" rel=\"noreferrer noopener\">Secretaria de Estado de Educa\u00e7\u00e3o de Minas Gerais (SEE\/MG)<\/a>, que se destaca como um dos maiores programas de capacita\u00e7\u00e3o profissional do estado.<br><br>\u201c\u00c9 um prazer estar, mais uma vez, em uma formatura do Trilhas de Futuro. Este programa come\u00e7ou comigo e com o governador Romeu Zema, que pediu mais qualifica\u00e7\u00e3o de m\u00e3o de obra para as pessoas que queriam trabalhar, sendo elas jovens ou idosas\u201d, destacou o governador em exerc\u00edcio.&nbsp;<br>&nbsp;<\/p>\n\n\n\n<p><strong>&#8220;Esse \u00e9 o objetivo do programa, formar e qualificar todos aqueles que queiram trabalhar e gerar renda. Para todos as formandas, eu digo: voc\u00eas s\u00e3o a nossa realiza\u00e7\u00e3o. Estou muito orgulhoso com a formatura de voc\u00eas&#8221;, disse Professor Mateus.<\/strong><strong><\/strong><\/p>\n\n\n\n<p><br>Atualmente, Belo Horizonte conta com cerca de 12 mil estudantes em cursos t\u00e9cnicos, dos quais cerca de 5 mil j\u00e1 se formaram e est\u00e3o prontos para ingressar no mercado de trabalho. Ao todo, o munic\u00edpio ofereceu 52 op\u00e7\u00f5es de cursos em 35 institui\u00e7\u00f5es de ensino.<br><br>\u201cO Trilhas de Futuro \u00e9 refer\u00eancia em todo Brasil e contribui para a educa\u00e7\u00e3o, al\u00e9m da gera\u00e7\u00e3o de emprego e renda para a popula\u00e7\u00e3o e a cidade que necessita de m\u00e3o de obra. Estou muito feliz de estar aqui vendo essas mulheres orgulhosas e esperan\u00e7osas pelo futuro que que lhes aguarda\u201d, ressaltou o secret\u00e1rio de Estado de Educa\u00e7\u00e3o, Igor de Alvarenga.<br><br><strong>Trilhas de Futuro<\/strong><br><br>Desde o lan\u00e7amento da iniciativa, em 2021, o Trilhas de Futuro formou mais de 57 mil profissionais e atualmente possui mais de 79 mil estudantes em forma\u00e7\u00e3o.<br><br>O programa atraiu mais de 1,2 milh\u00e3o de inscritos, oferecendo cursos t\u00e9cnicos gratuitos a estudantes do ensino m\u00e9dio e egressos de institui\u00e7\u00f5es p\u00fablicas e privadas.<br><br>Nesta quinta edi\u00e7\u00e3o em andamento, foram disponibilizadas mais de 50 mil vagas em 158 munic\u00edpios, com a participa\u00e7\u00e3o de 253 institui\u00e7\u00f5es de ensino t\u00e9cnico. Os candidatos podem optar entre 99 cursos, incluindo novidades como t\u00e9cnico em brinquedoteca, cervejaria e defesa civil.<br><br>As inscri\u00e7\u00f5es ocorreram em setembro e os estudantes selecionados puderam realizar as matr\u00edculas, presencialmente nas institui\u00e7\u00f5es credenciadas, nos meses de outubro e novembro.<br><br>Aqueles que n\u00e3o foram contemplados na chamada regular ter\u00e3o uma nova oportunidade, de 12 a 22\/11, quando ser\u00e3o abertas as vagas remanescentes.<br><br>Qualquer candidato poder\u00e1 se inscrever, respeitando os crit\u00e9rios de participa\u00e7\u00e3o estabelecidos na Resolu\u00e7\u00e3o SEE n\u00ba 5047\/2024.<br><br><strong>Instituto Educacional S\u00e3o Camilo<\/strong><br><br>O Instituto Educacional S\u00e3o Camilo tem se consolidado como um importante parceiro do Trilhas de Futuro, contribuindo significativamente para a forma\u00e7\u00e3o profissional de jovens em Minas Gerais.<br><br>Desde a segunda edi\u00e7\u00e3o do programa, a institui\u00e7\u00e3o oferece cursos t\u00e9cnicos em Podologia, que atualmente tem 380 estudantes matriculados. Os 126 profissionais que est\u00e3o concluindo o curso est\u00e3o prontos para atuar no mercado de trabalho.<\/p>\n","protected":false},"excerpt":{"rendered":"<p>Programa do Estado \u00e9 iniciativa pioneira no Brasil para atender \u00e0 demanda de capacita\u00e7\u00e3o t\u00e9cnica profissional O governador em exerc\u00edcio Professor Mateus e o secret\u00e1rio de Estado de Educa\u00e7\u00e3o, Igor de Alvarenga, participaram, nessa quarta-feira (6\/11), da formatura dos estudantes do Curso T\u00e9cnico em Podologia do Instituto Educacional S\u00e3o Camilo, em Belo Horizonte. A cerim\u00f4nia [&hellip;]<\/p>\n","protected":false},"author":5,"featured_media":135752,"comment_status":"closed","ping_status":"open","sticky":false,"template":"","format":"standard","meta":{"advgb_blocks_editor_width":"","advgb_blocks_columns_visual_guide":"","_exactmetrics_skip_tracking":false,"_exactmetrics_sitenote_active":false,"_exactmetrics_sitenote_note":"","_exactmetrics_sitenote_category":0,"footnotes":""},"categories":[7,2],"tags":[],"class_list":["post-135751","post","type-post","status-publish","format-standard","has-post-thumbnail","hentry","category-destaques","category-noticias"],"better_featured_image":{"id":135752,"alt_text":"","caption":"","description":"","media_type":"image","media_details":{"width":700,"height":350,"file":"2024\/11\/image.jpg","filesize":57054,"sizes":{"medium":{"file":"image-470x235.jpg","width":470,"height":235,"mime-type":"image\/jpeg","filesize":32300,"source_url":"https:\/\/lavras.tv\/site\/wp-content\/uploads\/2024\/11\/image-470x235.jpg"},"thumbnail":{"file":"image-170x85.jpg","width":170,"height":85,"mime-type":"image\/jpeg","filesize":6277,"source_url":"https:\/\/lavras.tv\/site\/wp-content\/uploads\/2024\/11\/image-170x85.jpg"},"lshowcase-thumb":{"file":"image-200x100.jpg","width":200,"height":100,"mime-type":"image\/jpeg","filesize":8133,"source_url":"https:\/\/lavras.tv\/site\/wp-content\/uploads\/2024\/11\/image-200x100.jpg"},"alm-thumbnail":{"file":"image-150x150.jpg","width":150,"height":150,"mime-type":"image\/jpeg","filesize":8501,"source_url":"https:\/\/lavras.tv\/site\/wp-content\/uploads\/2024\/11\/image-150x150.jpg"}},"image_meta":{"aperture":"0","credit":"","camera":"","caption":"","created_timestamp":"0","copyright":"","focal_length":"0","iso":"0","shutter_speed":"0","title":"","orientation":"0","keywords":[]}},"post":135751,"source_url":"https:\/\/lavras.tv\/site\/wp-content\/uploads\/2024\/11\/image.jpg"},"author_meta":{"display_name":"Vinicius Bustamante","author_link":"https:\/\/lavras.tv\/site\/author\/vinicius-bustamante\/"},"featured_img":"https:\/\/lavras.tv\/site\/wp-content\/uploads\/2024\/11\/image-470x235.jpg","coauthors":[],"tax_additional":{"categories":{"linked":["<a href=\"https:\/\/lavras.tv\/site\/category\/destaques\/\" class=\"advgb-post-tax-term\">Destaques<\/a>","<a href=\"https:\/\/lavras.tv\/site\/category\/noticias\/\" class=\"advgb-post-tax-term\">Not\u00edcias<\/a>"],"unlinked":["<span class=\"advgb-post-tax-term\">Destaques<\/span>","<span class=\"advgb-post-tax-term\">Not\u00edcias<\/span>"]}},"comment_count":"0","relative_dates":{"created":"Publicado 1 ano atr\u00e1s","modified":"Atualizado 1 ano atr\u00e1s"},"absolute_dates":{"created":"Publicado em 8 de novembro de 2024","modified":"Atualizado em 8 de novembro de 2024"},"absolute_dates_time":{"created":"Publicado em 8 de novembro de 2024 10:31","modified":"Atualizado em 8 de novembro de 2024 10:31"},"featured_img_caption":"","series_order":"","_links":{"self":[{"href":"https:\/\/lavras.tv\/site\/wp-json\/wp\/v2\/posts\/135751","targetHints":{"allow":["GET"]}}],"collection":[{"href":"https:\/\/lavras.tv\/site\/wp-json\/wp\/v2\/posts"}],"about":[{"href":"https:\/\/lavras.tv\/site\/wp-json\/wp\/v2\/types\/post"}],"author":[{"embeddable":true,"href":"https:\/\/lavras.tv\/site\/wp-json\/wp\/v2\/users\/5"}],"replies":[{"embeddable":true,"href":"https:\/\/lavras.tv\/site\/wp-json\/wp\/v2\/comments?post=135751"}],"version-history":[{"count":1,"href":"https:\/\/lavras.tv\/site\/wp-json\/wp\/v2\/posts\/135751\/revisions"}],"predecessor-version":[{"id":135753,"href":"https:\/\/lavras.tv\/site\/wp-json\/wp\/v2\/posts\/135751\/revisions\/135753"}],"wp:featuredmedia":[{"embeddable":true,"href":"https:\/\/lavras.tv\/site\/wp-json\/wp\/v2\/media\/135752"}],"wp:attachment":[{"href":"https:\/\/lavras.tv\/site\/wp-json\/wp\/v2\/media?parent=135751"}],"wp:term":[{"taxonomy":"category","embeddable":true,"href":"https:\/\/lavras.tv\/site\/wp-json\/wp\/v2\/categories?post=135751"},{"taxonomy":"post_tag","embeddable":true,"href":"https:\/\/lavras.tv\/site\/wp-json\/wp\/v2\/tags?post=135751"}],"curies":[{"name":"wp","href":"https:\/\/api.w.org\/{rel}","templated":true}]}}