{"id":13635,"date":"2017-12-08T08:01:12","date_gmt":"2017-12-08T10:01:12","guid":{"rendered":"http:\/\/lavras.tv\/site\/?p=13635"},"modified":"2017-12-08T08:01:12","modified_gmt":"2017-12-08T10:01:12","slug":"informe-parlamentar-deputada-damina-confirma-mais-recursos-para-municipios-mineiros","status":"publish","type":"post","link":"https:\/\/lavras.tv\/site\/2017\/12\/08\/informe-parlamentar-deputada-damina-confirma-mais-recursos-para-municipios-mineiros\/","title":{"rendered":"[Informe Parlamentar] Deputada D\u00e2mina confirma mais recursos para munic\u00edpios mineiros"},"content":{"rendered":"<div class=\"lavra-antes-do-conteudo_2\" id=\"lavra-831834542\"><div id=\"lavra-slider-27\" class=\"custom-slider lavra-slider-1136571127 lavra-slider\"><ul><li><div style=\"margin-left: auto;margin-right: auto;text-align: center;\" id=\"lavra-1747593577\"><a href=\"https:\/\/sistemas.lavras.mg.gov.br\/portalcidadao\/#df1b1a7c7b2a290bcb31e32771e610784662739a88807c0dacac58ede5f391a7530e299dc302d611ee73cb143fc22eaf93592e53e7b5bdb01b00a0b8d28dae460c141dd2ff83412e4dc1c31b16b25f33144a9e5620ea73b13f5bc1c59411d98439ad226e8af03840603796067d87afe130812cf3de24982d0e306f9e61e764e5\" aria-label=\"Lavras-TV&#8211;720x104px (1) (1)\"><img src=\"https:\/\/lavras.tv\/site\/wp-content\/uploads\/2025\/01\/Lavras-TV-720x104px-1-1.png\" alt=\"\"  srcset=\"https:\/\/lavras.tv\/site\/wp-content\/uploads\/2025\/01\/Lavras-TV-720x104px-1-1.png 720w, https:\/\/lavras.tv\/site\/wp-content\/uploads\/2025\/01\/Lavras-TV-720x104px-1-1-470x68.png 470w, https:\/\/lavras.tv\/site\/wp-content\/uploads\/2025\/01\/Lavras-TV-720x104px-1-1-170x25.png 170w, https:\/\/lavras.tv\/site\/wp-content\/uploads\/2025\/01\/Lavras-TV-720x104px-1-1-200x29.png 200w\" sizes=\"(max-width: 720px) 100vw, 720px\" width=\"720\" height=\"104\"  style=\"display: inline-block;\" \/><\/a><\/div><\/li><li><a href=\"https:\/\/sistemas.lavras.mg.gov.br\/portalcidadao\/#df1b1a7c7b2a290bcb31e32771e610784662739a88807c0dacac58ede5f391a7530e299dc302d611ee73cb143fc22eaf93592e53e7b5bdb01b00a0b8d28dae460c141dd2ff83412e4dc1c31b16b25f33144a9e5620ea73b13f5bc1c59411d98439ad226e8af03840603796067d87afe130812cf3de24982d0e306f9e61e764e5\" aria-label=\"Banner_Emprego_PortallavrasTV\"><img src=\"https:\/\/lavras.tv\/site\/wp-content\/uploads\/2025\/03\/Banner_Emprego_PortallavrasTV.png\" alt=\"\"  srcset=\"https:\/\/lavras.tv\/site\/wp-content\/uploads\/2025\/03\/Banner_Emprego_PortallavrasTV.png 720w, https:\/\/lavras.tv\/site\/wp-content\/uploads\/2025\/03\/Banner_Emprego_PortallavrasTV-470x68.png 470w, https:\/\/lavras.tv\/site\/wp-content\/uploads\/2025\/03\/Banner_Emprego_PortallavrasTV-170x25.png 170w, https:\/\/lavras.tv\/site\/wp-content\/uploads\/2025\/03\/Banner_Emprego_PortallavrasTV-200x29.png 200w\" sizes=\"(max-width: 720px) 100vw, 720px\" width=\"720\" height=\"104\"   \/><\/a><\/li><li><a href=\"https:\/\/sistemas.lavras.mg.gov.br\/portalcidadao\/#df1b1a7c7b2a290bcb31e32771e610784662739a88807c0dacac58ede5f391a7530e299dc302d611ee73cb143fc22eaf93592e53e7b5bdb01b00a0b8d28dae460c141dd2ff83412e4dc1c31b16b25f33144a9e5620ea73b13f5bc1c59411d98439ad226e8af03840603796067d87afe130812cf3de24982d0e306f9e61e764e5\" aria-label=\"Banner_Obras_PortallavrasTV\"><img src=\"https:\/\/lavras.tv\/site\/wp-content\/uploads\/2025\/03\/Banner_Obras_PortallavrasTV.png\" alt=\"\"  srcset=\"https:\/\/lavras.tv\/site\/wp-content\/uploads\/2025\/03\/Banner_Obras_PortallavrasTV.png 720w, https:\/\/lavras.tv\/site\/wp-content\/uploads\/2025\/03\/Banner_Obras_PortallavrasTV-470x68.png 470w, https:\/\/lavras.tv\/site\/wp-content\/uploads\/2025\/03\/Banner_Obras_PortallavrasTV-170x25.png 170w, https:\/\/lavras.tv\/site\/wp-content\/uploads\/2025\/03\/Banner_Obras_PortallavrasTV-200x29.png 200w\" sizes=\"(max-width: 720px) 100vw, 720px\" width=\"720\" height=\"104\"   \/><\/a><\/li><li><div style=\"margin-left: auto;margin-right: auto;text-align: center;\" id=\"lavra-1825066850\"><a href=\"https:\/\/sistemas.lavras.mg.gov.br\/portalcidadao\/#df1b1a7c7b2a290bcb31e32771e610784662739a88807c0dacac58ede5f391a7530e299dc302d611ee73cb143fc22eaf93592e53e7b5bdb01b00a0b8d28dae460c141dd2ff83412e4dc1c31b16b25f33144a9e5620ea73b13f5bc1c59411d98439ad226e8af03840603796067d87afe130812cf3de24982d0e306f9e61e764e5\" aria-label=\"Banner_Educa\u00e7\u00e3o_PortallavrasTV\"><img src=\"https:\/\/lavras.tv\/site\/wp-content\/uploads\/2025\/01\/Banner_Educacao_PortallavrasTV.png\" alt=\"\"  srcset=\"https:\/\/lavras.tv\/site\/wp-content\/uploads\/2025\/01\/Banner_Educacao_PortallavrasTV.png 720w, https:\/\/lavras.tv\/site\/wp-content\/uploads\/2025\/01\/Banner_Educacao_PortallavrasTV-470x68.png 470w, https:\/\/lavras.tv\/site\/wp-content\/uploads\/2025\/01\/Banner_Educacao_PortallavrasTV-170x25.png 170w, https:\/\/lavras.tv\/site\/wp-content\/uploads\/2025\/01\/Banner_Educacao_PortallavrasTV-200x29.png 200w\" sizes=\"(max-width: 720px) 100vw, 720px\" width=\"720\" height=\"104\"  style=\"display: inline-block;\" \/><\/a><\/div><\/li><li><a href=\"https:\/\/sistemas.lavras.mg.gov.br\/portalcidadao\/#df1b1a7c7b2a290bcb31e32771e610784662739a88807c0dacac58ede5f391a7530e299dc302d611ee73cb143fc22eaf93592e53e7b5bdb01b00a0b8d28dae460c141dd2ff83412e4dc1c31b16b25f33144a9e5620ea73b13f5bc1c59411d98439ad226e8af03840603796067d87afe130812cf3de24982d0e306f9e61e764e5\" aria-label=\"Banner_Sa\u00fade_PortallavrasTV\"><img src=\"https:\/\/lavras.tv\/site\/wp-content\/uploads\/2025\/03\/Banner_Saude_PortallavrasTV.png\" alt=\"\"  srcset=\"https:\/\/lavras.tv\/site\/wp-content\/uploads\/2025\/03\/Banner_Saude_PortallavrasTV.png 720w, https:\/\/lavras.tv\/site\/wp-content\/uploads\/2025\/03\/Banner_Saude_PortallavrasTV-470x68.png 470w, https:\/\/lavras.tv\/site\/wp-content\/uploads\/2025\/03\/Banner_Saude_PortallavrasTV-170x25.png 170w, https:\/\/lavras.tv\/site\/wp-content\/uploads\/2025\/03\/Banner_Saude_PortallavrasTV-200x29.png 200w\" sizes=\"(max-width: 720px) 100vw, 720px\" width=\"720\" height=\"104\"   \/><\/a><\/li><li><div id=\"lavra-2892119774\" style=\"width:720px;height:104px;background-color:#ddd;overflow:scroll;\">\n\t<strong>Sa\u00edda da depura\u00e7\u00e3o de an\u00fancios<\/strong>\n\t<br><br>\n\tO an\u00fancio n\u00e3o \u00e9 exibido na p\u00e1gina<br><br>post atual: [Informe Parlamentar] Deputada D\u00e2mina confirma mais recursos para munic\u00edpios mineiros, ID: 13635<br><br><span style=\"color: red;\">O post atual n\u00e3o \u00e9 id\u00eantico ao post principal.<\/span><br><br>An\u00fancios: ROXO - TOPO INTERNA - ROTATIVO 2 (197)<br \/>Grupo de an\u00fancios: Princ_Meio01_720x104 (27)<br><br>Condi\u00e7\u00f5es de exibi\u00e7\u00e3o<div style=\"margin-bottom: 20px; white-space: pre-wrap; font-family: monospace; width: 100%; background: #ffe9e9;\"><strong>condi\u00e7\u00f5es gerais<\/strong><table border=\"1\"><thead><tr><th><\/th><th>An\u00fancios<\/th><th>wp_the_query<\/th><\/tr><\/thead><tr><td>is_main_query<\/td><td>1<\/td><td>1<\/td><\/tr><tr><td>is_rest_api<\/td><td>0<\/td><td>1<\/td><\/tr><tr><td>page<\/td><td>0<\/td><td>1<\/td><\/tr><tr><td>numpages<\/td><td>0<\/td><td>1<\/td><\/tr><tr><td>is_archive<\/td><td>1<\/td><td><\/td><\/tr><tr><td>is_search<\/td><td>1<\/td><td><\/td><\/tr><tr><td>is_home<\/td><td>1<\/td><td><\/td><\/tr><tr><td>is_404<\/td><td>1<\/td><td><\/td><\/tr><tr><td>is_attachment<\/td><td>1<\/td><td><\/td><\/tr><tr><td>is_singular<\/td><td>1<\/td><td><\/td><\/tr><tr><td>is_front_page<\/td><td>1<\/td><td><\/td><\/tr><tr><td>is_feed<\/td><td>1<\/td><td><\/td><\/tr><\/table><\/div><br><br><span style=\"color: red;\">Seu site usa HTTPS, mas o c\u00f3digo do an\u00fancio cont\u00e9m HTTP e pode n\u00e3o funcionar.<\/span>\t<br><br>\n\t<a style=\"color: green;\" href=\"https:\/\/wpadvancedads.com\/manual\/ad-debug-mode\/?utm_source=advanced-ads&utm_medium=link&utm_campaign=ad-debug-mode\" target=\"_blank\" rel=\"nofollow\">Encontre solu\u00e7\u00f5es no manual<\/a>\n<\/div>\n<\/li><\/ul><\/div><script>( window.advanced_ads_ready || jQuery( document ).ready ).call( null, function() {var $lavraslider1136571127 = jQuery( \".lavra-slider-1136571127\" );$lavraslider1136571127.on( \"unslider.ready\", function() { jQuery( \"div.custom-slider ul li\" ).css( \"display\", \"block\" ); });$lavraslider1136571127.unslider({ delay:4000, autoplay:true, nav:false, arrows:false, infinite:true });$lavraslider1136571127.on(\"mouseover\", function() {$lavraslider1136571127.unslider(\"stop\");}).on(\"mouseout\", function() {$lavraslider1136571127.unslider(\"start\");});});<\/script><\/div><p class=\"m_4827534231227073572gmail-MsoNormal\">O Minist\u00e9rio das Cidades liberou R$122.925,00 referente \u00e0 emenda individual da deputada federal D\u00e2mina Pereira (PSL\/MG), para o munic\u00edpio de Par\u00e1 de Minas. <!--more-->O dinheiro j\u00e1 est\u00e1 dispon\u00edvel na conta da prefeitura municipal e vai ser investido na pavimenta\u00e7\u00e3o de ruas.<\/p>\n<p class=\"m_4827534231227073572gmail-MsoNormal\">Outras emendas da parlamentar tiveram avan\u00e7os essa semana. Foi empenhado (separado para pagamento) o valor de R$97.500,00 indicados pela deputada para Bom Jardim de Minas\/MG. O recurso \u00e9 do Minist\u00e9rio da Agricultura e ser\u00e1 usado para aquisi\u00e7\u00e3o de mecaniza\u00e7\u00e3o agr\u00edcola.<\/p>\n<p class=\"m_4827534231227073572gmail-MsoNormal\"><img fetchpriority=\"high\" decoding=\"async\" class=\"alignnone size-full wp-image-13636 aligncenter\" src=\"http:\/\/lavras.tv\/site\/wp-content\/uploads\/2017\/12\/34333219810_e79867719e_o.jpg\" alt=\"34333219810_e79867719e_o\" width=\"5520\" height=\"3680\" srcset=\"https:\/\/lavras.tv\/site\/wp-content\/uploads\/2017\/12\/34333219810_e79867719e_o.jpg 5520w, https:\/\/lavras.tv\/site\/wp-content\/uploads\/2017\/12\/34333219810_e79867719e_o-150x100.jpg 150w, https:\/\/lavras.tv\/site\/wp-content\/uploads\/2017\/12\/34333219810_e79867719e_o-300x200.jpg 300w, https:\/\/lavras.tv\/site\/wp-content\/uploads\/2017\/12\/34333219810_e79867719e_o-1024x683.jpg 1024w, https:\/\/lavras.tv\/site\/wp-content\/uploads\/2017\/12\/34333219810_e79867719e_o-480x320.jpg 480w, https:\/\/lavras.tv\/site\/wp-content\/uploads\/2017\/12\/34333219810_e79867719e_o-272x182.jpg 272w\" sizes=\"(max-width: 5520px) 100vw, 5520px\" \/><\/p>\n<p class=\"m_4827534231227073572gmail-MsoNoSpacing\">E o Minist\u00e9rio do Desenvolvimento Social confirmou o empenho para os munic\u00edpios de Boa Esperan\u00e7a, Cabo Verde, C\u00e1ssia e Ouro Branco. Cada cidade vai receber o valor de R$100 mil, que vai auxiliar a estrutura\u00e7\u00e3o da Rede de Servi\u00e7os de Prote\u00e7\u00e3o Social Especial.<\/p>\n<p class=\"m_4827534231227073572gmail-MsoNoSpacing\">Fonte: gabinete da deputada D\u00e2mina Pereira<\/p>\n","protected":false},"excerpt":{"rendered":"<p>O Minist\u00e9rio das Cidades liberou R$122.925,00 referente \u00e0 emenda individual da deputada federal D\u00e2mina Pereira (PSL\/MG), para o munic\u00edpio de Par\u00e1 de Minas.<\/p>\n","protected":false},"author":2,"featured_media":13636,"comment_status":"closed","ping_status":"open","sticky":false,"template":"","format":"standard","meta":{"advgb_blocks_editor_width":"","advgb_blocks_columns_visual_guide":"","_exactmetrics_skip_tracking":false,"_exactmetrics_sitenote_active":false,"_exactmetrics_sitenote_note":"","_exactmetrics_sitenote_category":0,"footnotes":""},"categories":[7,12],"tags":[671,530],"class_list":["post-13635","post","type-post","status-publish","format-standard","has-post-thumbnail","hentry","category-destaques","category-politica","tag-damina-pereira","tag-minas-gerais"],"better_featured_image":{"id":13636,"alt_text":"","caption":"","description":"","media_type":"image","media_details":{"width":5520,"height":3680,"file":"2017\/12\/34333219810_e79867719e_o.jpg","sizes":{"thumbnail":{"file":"34333219810_e79867719e_o-150x100.jpg","width":150,"height":100,"mime-type":"image\/jpeg","source_url":"https:\/\/lavras.tv\/site\/wp-content\/uploads\/2017\/12\/34333219810_e79867719e_o-150x100.jpg"},"medium":{"file":"34333219810_e79867719e_o-300x200.jpg","width":300,"height":200,"mime-type":"image\/jpeg","source_url":"https:\/\/lavras.tv\/site\/wp-content\/uploads\/2017\/12\/34333219810_e79867719e_o-300x200.jpg"},"large":{"file":"34333219810_e79867719e_o-1024x683.jpg","width":1024,"height":683,"mime-type":"image\/jpeg","source_url":"https:\/\/lavras.tv\/site\/wp-content\/uploads\/2017\/12\/34333219810_e79867719e_o-1024x683.jpg"},"featured-slider-img":{"file":"34333219810_e79867719e_o-640x480.jpg","width":640,"height":480,"mime-type":"image\/jpeg","source_url":"https:\/\/lavras.tv\/site\/wp-content\/uploads\/2017\/12\/34333219810_e79867719e_o-640x480.jpg"},"featured-post-img":{"file":"34333219810_e79867719e_o-480x320.jpg","width":480,"height":320,"mime-type":"image\/jpeg","source_url":"https:\/\/lavras.tv\/site\/wp-content\/uploads\/2017\/12\/34333219810_e79867719e_o-480x320.jpg"},"sow-carousel-default":{"file":"34333219810_e79867719e_o-272x182.jpg","width":272,"height":182,"mime-type":"image\/jpeg","source_url":"https:\/\/lavras.tv\/site\/wp-content\/uploads\/2017\/12\/34333219810_e79867719e_o-272x182.jpg"}},"image_meta":{"aperture":"3.2","credit":"Zeca Ribeiro","camera":"NIKON D810","caption":"","created_timestamp":"1495023090","copyright":"Photo by Zeca Ribeiro","focal_length":"145","iso":"1000","shutter_speed":"0.005","title":"","orientation":"0","keywords":["COMISS\u00c3O DE DEFESA DOS DIREITOS DA MULHER \r55\u00aa Legislatura - 3","Deputada Jozi Ara\u00fajo","Plen\u00e1rio 16 \rHOR\u00c1RIO: 11h\r\rA -\rRequerimentos:\r\r\r1 -\rREQUERIMEN","a pedido do Deputado Diego Garcia","autorizando o uso de recursos do Fundo Nacional de Seguran\u00e7a P","com o apoio da Secretaria da Mulher e a Frente Parlamentar em De","de 14 de fevereiro de 2001","de 30 de outubro de 1975","de 7 de agosto de 2006","e pela rejei\u00e7\u00e3o da emenda adotada pela Comiss\u00e3o de Seguridade","em 08\/11\/2016.\r\r\r5 -\rPROJETO DE LEI N\u00ba 6.129\/16 - do Sr. Flavin","em 10\/05\/2017.","em 10\/05\/2017.\r\r\r4 -\rPROJETO DE LEI N\u00ba 4.924\/16 - do Sr. Carlos","em 10\/05\/2017.\rRetirado de pauta pela Relatora","em 25\/10\/2016. \rRetirado de pauta em virtude da aus\u00eancia da Rel","na condi\u00e7\u00e3o de chefe de fam\u00edlia","no Sistema de Contas Nacionais\"\".\r\r\rB -\rProposi\u00e7\u00f5es Sujeitas ","o direito de aquisi\u00e7\u00e3o de terras p\u00fablicas\" \rRELATORA: Deputad","para incluir a vacina contra o v\u00edrus do Papiloma Humano - HPV n","para incluir os programas de combate e preven\u00e7\u00e3o de viol\u00eancia","por 1 (uma) sess\u00e3o","tendo como benefici\u00e1rios homens e mulheres na faixa et\u00e1ria dos"]}},"post":13635,"source_url":"https:\/\/lavras.tv\/site\/wp-content\/uploads\/2017\/12\/34333219810_e79867719e_o.jpg"},"author_meta":{"display_name":"Lavras TV","author_link":"https:\/\/lavras.tv\/site\/author\/lavrastv\/"},"featured_img":"https:\/\/lavras.tv\/site\/wp-content\/uploads\/2017\/12\/34333219810_e79867719e_o-300x200.jpg","coauthors":[],"tax_additional":{"categories":{"linked":["<a href=\"https:\/\/lavras.tv\/site\/category\/destaques\/\" class=\"advgb-post-tax-term\">Destaques<\/a>","<a href=\"https:\/\/lavras.tv\/site\/category\/politica\/\" class=\"advgb-post-tax-term\">Pol\u00edtica<\/a>"],"unlinked":["<span class=\"advgb-post-tax-term\">Destaques<\/span>","<span class=\"advgb-post-tax-term\">Pol\u00edtica<\/span>"]},"tags":{"linked":["<a href=\"https:\/\/lavras.tv\/site\/category\/politica\/\" class=\"advgb-post-tax-term\">D\u00e2mina Pereira<\/a>","<a href=\"https:\/\/lavras.tv\/site\/category\/politica\/\" class=\"advgb-post-tax-term\">minas gerais<\/a>"],"unlinked":["<span class=\"advgb-post-tax-term\">D\u00e2mina Pereira<\/span>","<span class=\"advgb-post-tax-term\">minas gerais<\/span>"]}},"comment_count":"0","relative_dates":{"created":"Publicado 8 anos atr\u00e1s","modified":"Atualizado 8 anos atr\u00e1s"},"absolute_dates":{"created":"Publicado em 8 de dezembro de 2017","modified":"Atualizado em 8 de dezembro de 2017"},"absolute_dates_time":{"created":"Publicado em 8 de dezembro de 2017 08:01","modified":"Atualizado em 8 de dezembro de 2017 08:01"},"featured_img_caption":"","series_order":"","_links":{"self":[{"href":"https:\/\/lavras.tv\/site\/wp-json\/wp\/v2\/posts\/13635","targetHints":{"allow":["GET"]}}],"collection":[{"href":"https:\/\/lavras.tv\/site\/wp-json\/wp\/v2\/posts"}],"about":[{"href":"https:\/\/lavras.tv\/site\/wp-json\/wp\/v2\/types\/post"}],"author":[{"embeddable":true,"href":"https:\/\/lavras.tv\/site\/wp-json\/wp\/v2\/users\/2"}],"replies":[{"embeddable":true,"href":"https:\/\/lavras.tv\/site\/wp-json\/wp\/v2\/comments?post=13635"}],"version-history":[{"count":1,"href":"https:\/\/lavras.tv\/site\/wp-json\/wp\/v2\/posts\/13635\/revisions"}],"predecessor-version":[{"id":13637,"href":"https:\/\/lavras.tv\/site\/wp-json\/wp\/v2\/posts\/13635\/revisions\/13637"}],"wp:featuredmedia":[{"embeddable":true,"href":"https:\/\/lavras.tv\/site\/wp-json\/wp\/v2\/media\/13636"}],"wp:attachment":[{"href":"https:\/\/lavras.tv\/site\/wp-json\/wp\/v2\/media?parent=13635"}],"wp:term":[{"taxonomy":"category","embeddable":true,"href":"https:\/\/lavras.tv\/site\/wp-json\/wp\/v2\/categories?post=13635"},{"taxonomy":"post_tag","embeddable":true,"href":"https:\/\/lavras.tv\/site\/wp-json\/wp\/v2\/tags?post=13635"}],"curies":[{"name":"wp","href":"https:\/\/api.w.org\/{rel}","templated":true}]}}