{"id":136671,"date":"2024-11-12T15:21:32","date_gmt":"2024-11-12T18:21:32","guid":{"rendered":"https:\/\/lavras.tv\/site\/?p=136671"},"modified":"2024-11-12T15:21:34","modified_gmt":"2024-11-12T18:21:34","slug":"projeto-futuro-no-campo-focado-em-jovens-rurais-tem-inscricoes-abertas","status":"publish","type":"post","link":"https:\/\/lavras.tv\/site\/2024\/11\/12\/projeto-futuro-no-campo-focado-em-jovens-rurais-tem-inscricoes-abertas\/","title":{"rendered":"Projeto Futuro no Campo, focado em jovens rurais, tem inscri\u00e7\u00f5es abertas"},"content":{"rendered":"<div class=\"lavra-antes-do-conteudo_2\" id=\"lavra-878921911\"><div id=\"lavra-slider-27\" class=\"custom-slider lavra-slider-2543380345 lavra-slider\"><ul><li><div style=\"margin-left: auto;margin-right: auto;text-align: center;\" id=\"lavra-3153510732\"><a href=\"https:\/\/sistemas.lavras.mg.gov.br\/portalcidadao\/#df1b1a7c7b2a290bcb31e32771e610784662739a88807c0dacac58ede5f391a7530e299dc302d611ee73cb143fc22eaf93592e53e7b5bdb01b00a0b8d28dae460c141dd2ff83412e4dc1c31b16b25f33144a9e5620ea73b13f5bc1c59411d98439ad226e8af03840603796067d87afe130812cf3de24982d0e306f9e61e764e5\" aria-label=\"Lavras-TV&#8211;720x104px (1) (1)\"><img src=\"https:\/\/lavras.tv\/site\/wp-content\/uploads\/2025\/01\/Lavras-TV-720x104px-1-1.png\" alt=\"\"  srcset=\"https:\/\/lavras.tv\/site\/wp-content\/uploads\/2025\/01\/Lavras-TV-720x104px-1-1.png 720w, https:\/\/lavras.tv\/site\/wp-content\/uploads\/2025\/01\/Lavras-TV-720x104px-1-1-470x68.png 470w, https:\/\/lavras.tv\/site\/wp-content\/uploads\/2025\/01\/Lavras-TV-720x104px-1-1-170x25.png 170w, https:\/\/lavras.tv\/site\/wp-content\/uploads\/2025\/01\/Lavras-TV-720x104px-1-1-200x29.png 200w\" sizes=\"(max-width: 720px) 100vw, 720px\" width=\"720\" height=\"104\"  style=\"display: inline-block;\" \/><\/a><\/div><\/li><li><a href=\"https:\/\/sistemas.lavras.mg.gov.br\/portalcidadao\/#df1b1a7c7b2a290bcb31e32771e610784662739a88807c0dacac58ede5f391a7530e299dc302d611ee73cb143fc22eaf93592e53e7b5bdb01b00a0b8d28dae460c141dd2ff83412e4dc1c31b16b25f33144a9e5620ea73b13f5bc1c59411d98439ad226e8af03840603796067d87afe130812cf3de24982d0e306f9e61e764e5\" aria-label=\"Banner_Emprego_PortallavrasTV\"><img src=\"https:\/\/lavras.tv\/site\/wp-content\/uploads\/2025\/03\/Banner_Emprego_PortallavrasTV.png\" alt=\"\"  srcset=\"https:\/\/lavras.tv\/site\/wp-content\/uploads\/2025\/03\/Banner_Emprego_PortallavrasTV.png 720w, https:\/\/lavras.tv\/site\/wp-content\/uploads\/2025\/03\/Banner_Emprego_PortallavrasTV-470x68.png 470w, https:\/\/lavras.tv\/site\/wp-content\/uploads\/2025\/03\/Banner_Emprego_PortallavrasTV-170x25.png 170w, https:\/\/lavras.tv\/site\/wp-content\/uploads\/2025\/03\/Banner_Emprego_PortallavrasTV-200x29.png 200w\" sizes=\"(max-width: 720px) 100vw, 720px\" width=\"720\" height=\"104\"   \/><\/a><\/li><li><a href=\"https:\/\/sistemas.lavras.mg.gov.br\/portalcidadao\/#df1b1a7c7b2a290bcb31e32771e610784662739a88807c0dacac58ede5f391a7530e299dc302d611ee73cb143fc22eaf93592e53e7b5bdb01b00a0b8d28dae460c141dd2ff83412e4dc1c31b16b25f33144a9e5620ea73b13f5bc1c59411d98439ad226e8af03840603796067d87afe130812cf3de24982d0e306f9e61e764e5\" aria-label=\"Banner_Obras_PortallavrasTV\"><img src=\"https:\/\/lavras.tv\/site\/wp-content\/uploads\/2025\/03\/Banner_Obras_PortallavrasTV.png\" alt=\"\"  srcset=\"https:\/\/lavras.tv\/site\/wp-content\/uploads\/2025\/03\/Banner_Obras_PortallavrasTV.png 720w, https:\/\/lavras.tv\/site\/wp-content\/uploads\/2025\/03\/Banner_Obras_PortallavrasTV-470x68.png 470w, https:\/\/lavras.tv\/site\/wp-content\/uploads\/2025\/03\/Banner_Obras_PortallavrasTV-170x25.png 170w, https:\/\/lavras.tv\/site\/wp-content\/uploads\/2025\/03\/Banner_Obras_PortallavrasTV-200x29.png 200w\" sizes=\"(max-width: 720px) 100vw, 720px\" width=\"720\" height=\"104\"   \/><\/a><\/li><li><div style=\"margin-left: auto;margin-right: auto;text-align: center;\" id=\"lavra-3710319555\"><a href=\"https:\/\/sistemas.lavras.mg.gov.br\/portalcidadao\/#df1b1a7c7b2a290bcb31e32771e610784662739a88807c0dacac58ede5f391a7530e299dc302d611ee73cb143fc22eaf93592e53e7b5bdb01b00a0b8d28dae460c141dd2ff83412e4dc1c31b16b25f33144a9e5620ea73b13f5bc1c59411d98439ad226e8af03840603796067d87afe130812cf3de24982d0e306f9e61e764e5\" aria-label=\"Banner_Educa\u00e7\u00e3o_PortallavrasTV\"><img src=\"https:\/\/lavras.tv\/site\/wp-content\/uploads\/2025\/01\/Banner_Educacao_PortallavrasTV.png\" alt=\"\"  srcset=\"https:\/\/lavras.tv\/site\/wp-content\/uploads\/2025\/01\/Banner_Educacao_PortallavrasTV.png 720w, https:\/\/lavras.tv\/site\/wp-content\/uploads\/2025\/01\/Banner_Educacao_PortallavrasTV-470x68.png 470w, https:\/\/lavras.tv\/site\/wp-content\/uploads\/2025\/01\/Banner_Educacao_PortallavrasTV-170x25.png 170w, https:\/\/lavras.tv\/site\/wp-content\/uploads\/2025\/01\/Banner_Educacao_PortallavrasTV-200x29.png 200w\" sizes=\"(max-width: 720px) 100vw, 720px\" width=\"720\" height=\"104\"  style=\"display: inline-block;\" \/><\/a><\/div><\/li><li><a href=\"https:\/\/sistemas.lavras.mg.gov.br\/portalcidadao\/#df1b1a7c7b2a290bcb31e32771e610784662739a88807c0dacac58ede5f391a7530e299dc302d611ee73cb143fc22eaf93592e53e7b5bdb01b00a0b8d28dae460c141dd2ff83412e4dc1c31b16b25f33144a9e5620ea73b13f5bc1c59411d98439ad226e8af03840603796067d87afe130812cf3de24982d0e306f9e61e764e5\" aria-label=\"Banner_Sa\u00fade_PortallavrasTV\"><img src=\"https:\/\/lavras.tv\/site\/wp-content\/uploads\/2025\/03\/Banner_Saude_PortallavrasTV.png\" alt=\"\"  srcset=\"https:\/\/lavras.tv\/site\/wp-content\/uploads\/2025\/03\/Banner_Saude_PortallavrasTV.png 720w, https:\/\/lavras.tv\/site\/wp-content\/uploads\/2025\/03\/Banner_Saude_PortallavrasTV-470x68.png 470w, https:\/\/lavras.tv\/site\/wp-content\/uploads\/2025\/03\/Banner_Saude_PortallavrasTV-170x25.png 170w, https:\/\/lavras.tv\/site\/wp-content\/uploads\/2025\/03\/Banner_Saude_PortallavrasTV-200x29.png 200w\" sizes=\"(max-width: 720px) 100vw, 720px\" width=\"720\" height=\"104\"   \/><\/a><\/li><li><div id=\"lavra-763613022\" style=\"width:720px;height:104px;background-color:#ddd;overflow:scroll;\">\n\t<strong>Sa\u00edda da depura\u00e7\u00e3o de an\u00fancios<\/strong>\n\t<br><br>\n\tO an\u00fancio n\u00e3o \u00e9 exibido na p\u00e1gina<br><br>post atual: Projeto Futuro no Campo, focado em jovens rurais, tem inscri\u00e7\u00f5es abertas, ID: 136671<br><br><span style=\"color: red;\">O post atual n\u00e3o \u00e9 id\u00eantico ao post principal.<\/span><br><br>An\u00fancios: ROXO - TOPO INTERNA - ROTATIVO 2 (197)<br \/>Grupo de an\u00fancios: Princ_Meio01_720x104 (27)<br><br>Condi\u00e7\u00f5es de exibi\u00e7\u00e3o<div style=\"margin-bottom: 20px; white-space: pre-wrap; font-family: monospace; width: 100%; background: #ffe9e9;\"><strong>condi\u00e7\u00f5es gerais<\/strong><table border=\"1\"><thead><tr><th><\/th><th>An\u00fancios<\/th><th>wp_the_query<\/th><\/tr><\/thead><tr><td>is_main_query<\/td><td>1<\/td><td>1<\/td><\/tr><tr><td>is_rest_api<\/td><td>0<\/td><td>1<\/td><\/tr><tr><td>page<\/td><td>0<\/td><td>1<\/td><\/tr><tr><td>numpages<\/td><td>0<\/td><td>1<\/td><\/tr><tr><td>is_archive<\/td><td>1<\/td><td><\/td><\/tr><tr><td>is_search<\/td><td>1<\/td><td><\/td><\/tr><tr><td>is_home<\/td><td>1<\/td><td><\/td><\/tr><tr><td>is_404<\/td><td>1<\/td><td><\/td><\/tr><tr><td>is_attachment<\/td><td>1<\/td><td><\/td><\/tr><tr><td>is_singular<\/td><td>1<\/td><td><\/td><\/tr><tr><td>is_front_page<\/td><td>1<\/td><td><\/td><\/tr><tr><td>is_feed<\/td><td>1<\/td><td><\/td><\/tr><\/table><\/div><br><br><span style=\"color: red;\">Seu site usa HTTPS, mas o c\u00f3digo do an\u00fancio cont\u00e9m HTTP e pode n\u00e3o funcionar.<\/span>\t<br><br>\n\t<a style=\"color: green;\" href=\"https:\/\/wpadvancedads.com\/manual\/ad-debug-mode\/?utm_source=advanced-ads&utm_medium=link&utm_campaign=ad-debug-mode\" target=\"_blank\" rel=\"nofollow\">Encontre solu\u00e7\u00f5es no manual<\/a>\n<\/div>\n<\/li><\/ul><\/div><script>( window.advanced_ads_ready || jQuery( document ).ready ).call( null, function() {var $lavraslider2543380345 = jQuery( \".lavra-slider-2543380345\" );$lavraslider2543380345.on( \"unslider.ready\", function() { jQuery( \"div.custom-slider ul li\" ).css( \"display\", \"block\" ); });$lavraslider2543380345.unslider({ delay:4000, autoplay:true, nav:false, arrows:false, infinite:true });$lavraslider2543380345.on(\"mouseover\", function() {$lavraslider2543380345.unslider(\"stop\");}).on(\"mouseout\", function() {$lavraslider2543380345.unslider(\"start\");});});<\/script><\/div>\n<p><em>Iniciativa do Governo de Minas oferece capacita\u00e7\u00f5es e a\u00e7\u00f5es de est\u00edmulo ao desenvolvimento profissional<\/em><\/p>\n\n\n\n<figure class=\"wp-block-image size-large\"><img fetchpriority=\"high\" decoding=\"async\" width=\"970\" height=\"728\" src=\"http:\/\/lavras.tv\/site\/wp-content\/uploads\/2024\/11\/Produtor-Jovens-rurais-Itaguara-8-1-970x728.jpg\" alt=\"\" class=\"wp-image-136672\" srcset=\"https:\/\/lavras.tv\/site\/wp-content\/uploads\/2024\/11\/Produtor-Jovens-rurais-Itaguara-8-1-970x728.jpg 970w, https:\/\/lavras.tv\/site\/wp-content\/uploads\/2024\/11\/Produtor-Jovens-rurais-Itaguara-8-1-400x300.jpg 400w, https:\/\/lavras.tv\/site\/wp-content\/uploads\/2024\/11\/Produtor-Jovens-rurais-Itaguara-8-1-170x128.jpg 170w, https:\/\/lavras.tv\/site\/wp-content\/uploads\/2024\/11\/Produtor-Jovens-rurais-Itaguara-8-1-200x150.jpg 200w, https:\/\/lavras.tv\/site\/wp-content\/uploads\/2024\/11\/Produtor-Jovens-rurais-Itaguara-8-1-1536x1152.jpg 1536w, https:\/\/lavras.tv\/site\/wp-content\/uploads\/2024\/11\/Produtor-Jovens-rurais-Itaguara-8-1-2048x1536.jpg 2048w\" sizes=\"(max-width: 970px) 100vw, 970px\" \/><\/figure>\n\n\n\n<p>Est\u00e3o abertas as inscri\u00e7\u00f5es para o programa Futuro no Campo, que visa estimular o protagonismo do jovem rural e apoiar os processos de sucess\u00e3o no meio rural.<br><br>A iniciativa do\u00a0<a href=\"https:\/\/www.mg.gov.br\/\" target=\"_blank\" rel=\"noreferrer noopener\">Governo de Minas<\/a>, por meio da\u00a0<a href=\"https:\/\/www.emater.mg.gov.br\/\" target=\"_blank\" rel=\"noreferrer noopener\">Empresa de Assist\u00eancia T\u00e9cnica e Extens\u00e3o Rural de Minas Gerais (Emater-MG)<\/a>, vai beneficiar, em 2025, 500 jovens com capacita\u00e7\u00f5es e a\u00e7\u00f5es de fomento de atividades do campo.<br><br>Podem participar agricultores ou filhos de agricultores familiares, entre 16 e 29 anos, residentes no meio rural. As inscri\u00e7\u00f5es no programa v\u00e3o at\u00e9 o dia 22\/11 e dever\u00e3o ser feitas atrav\u00e9s da equipe t\u00e9cnica local da Emater-MG, no munic\u00edpio de origem do jovem interessado.<br><br>O coordenador t\u00e9cnico estadual da Emater-MG, Jos\u00e9 Cust\u00f3dio do Nascimento J\u00fanior, explica que os participantes t\u00eam que se enquadrar nos crit\u00e9rios de sele\u00e7\u00e3o estabelecidos no edital do programa, dispon\u00edvel no\u00a0<a href=\"https:\/\/www.emater.mg.gov.br\/download.do?id=89197\" target=\"_blank\" rel=\"noreferrer noopener\">site da Emater-MG<\/a>.<br><br>\u201cPara participar, o jovem precisa que em seu munic\u00edpio a Emater-MG possua em seu quadro de servidores: Extensionista Agropecu\u00e1rio I e\/ou Extensionista Agropecu\u00e1rio II, que s\u00e3o profissionais capacitados para fazer o acompanhamento t\u00e9cnico dos inscritos no projeto escolhido. Os interessados t\u00eam de participar de alguma forma do empreendimento agr\u00edcola familiar e devem apresentar as documenta\u00e7\u00f5es e autoriza\u00e7\u00f5es pedidas\u201d, cita Cust\u00f3dio.<br><br><strong>Projetos em v\u00e1rias \u00e1reas<\/strong><br><br>Inicialmente, o programa Futuro no Campo ir\u00e1 abranger os projetos Jovens do Caf\u00e9, Jovens do Leite e Jovem Empreendedor Rural (Olericultura, Fruticultura, Apicultura e Avicultura de Postura) e ser\u00e1 voltado para a\u00e7\u00f5es de fomento.<br><br>\u201cO jovem inscrito em apicultura, por exemplo, vai receber um kit do projeto, capacita\u00e7\u00f5es em formato virtual e presencial e acompanhamento t\u00e9cnico por 12 meses. O extensionista da Emater-MG ir\u00e1 conduzir o jovem desde o in\u00edcio do trabalho at\u00e9 a parte de comercializa\u00e7\u00e3o da produ\u00e7\u00e3o. Al\u00e9m da capacita\u00e7\u00e3o na \u00e1rea espec\u00edfica, ficar\u00e3o dispon\u00edveis ainda para o estudante capacita\u00e7\u00f5es na \u00e1rea de gest\u00e3o do empreendimento\u201d, explica o coordenador.<br><br>Cada jovem poder\u00e1 se inscrever em um \u00fanico projeto. Mas Cust\u00f3dio alerta que a participa\u00e7\u00e3o no Futuro no Campo implica na aceita\u00e7\u00e3o integral de todas as condi\u00e7\u00f5es estabelecidas no programa.<br><br>\u201cS\u00e3o obriga\u00e7\u00f5es dos jovens cadastrados no programa: aten\u00e7\u00e3o aos estudos, melhora progressiva da rela\u00e7\u00e3o familiar, trabalho e estudo no projeto ao qual venha a ser selecionado, estar dispon\u00edvel nos hor\u00e1rios marcados para o recebimento da assist\u00eancia t\u00e9cnica, entre outras exig\u00eancias\u201d, diz o coordenador.<br><br><strong>Classifica\u00e7\u00e3o<\/strong><br><br>O processo de sele\u00e7\u00e3o ser\u00e1 feito a partir de alguns crit\u00e9rios descritos no edital e com pesos diferenciados. \u201cOs jovens que possu\u00edrem maior pontua\u00e7\u00e3o nesses crit\u00e9rios ser\u00e3o classificados, respeitando o n\u00famero de vagas dispon\u00edveis por projeto. Em caso de empate nas pontua\u00e7\u00f5es, ser\u00e1 declarado vencedor o candidato do sexo feminino\u201d, explica Cust\u00f3dio.<br><br>A comiss\u00e3o de sele\u00e7\u00e3o far\u00e1 an\u00e1lise das inscri\u00e7\u00f5es e emitir\u00e1 resultado de classifica\u00e7\u00e3o para posterior publica\u00e7\u00e3o. A rela\u00e7\u00e3o dos jovens selecionados a participar do programa Futuro no Campo ser\u00e1 divulgada no site da Emater-MG at\u00e9 o dia 2\/12\/2024.<\/p>\n","protected":false},"excerpt":{"rendered":"<p>Iniciativa do Governo de Minas oferece capacita\u00e7\u00f5es e a\u00e7\u00f5es de est\u00edmulo ao desenvolvimento profissional Est\u00e3o abertas as inscri\u00e7\u00f5es para o programa Futuro no Campo, que visa estimular o protagonismo do jovem rural e apoiar os processos de sucess\u00e3o no meio rural. A iniciativa do\u00a0Governo de Minas, por meio da\u00a0Empresa de Assist\u00eancia T\u00e9cnica e Extens\u00e3o Rural [&hellip;]<\/p>\n","protected":false},"author":5,"featured_media":136672,"comment_status":"closed","ping_status":"open","sticky":false,"template":"","format":"standard","meta":{"advgb_blocks_editor_width":"","advgb_blocks_columns_visual_guide":"","_exactmetrics_skip_tracking":false,"_exactmetrics_sitenote_active":false,"_exactmetrics_sitenote_note":"","_exactmetrics_sitenote_category":0,"footnotes":""},"categories":[7,2],"tags":[],"class_list":["post-136671","post","type-post","status-publish","format-standard","has-post-thumbnail","hentry","category-destaques","category-noticias"],"better_featured_image":{"id":136672,"alt_text":"","caption":"","description":"","media_type":"image","media_details":{"width":2560,"height":1920,"file":"2024\/11\/Produtor-Jovens-rurais-Itaguara-8-1-scaled.jpg","filesize":754112,"sizes":{"medium":{"file":"Produtor-Jovens-rurais-Itaguara-8-1-400x300.jpg","width":400,"height":300,"mime-type":"image\/jpeg","filesize":35236,"source_url":"https:\/\/lavras.tv\/site\/wp-content\/uploads\/2024\/11\/Produtor-Jovens-rurais-Itaguara-8-1-400x300.jpg"},"large":{"file":"Produtor-Jovens-rurais-Itaguara-8-1-970x728.jpg","width":970,"height":728,"mime-type":"image\/jpeg","filesize":154795,"source_url":"https:\/\/lavras.tv\/site\/wp-content\/uploads\/2024\/11\/Produtor-Jovens-rurais-Itaguara-8-1-970x728.jpg"},"thumbnail":{"file":"Produtor-Jovens-rurais-Itaguara-8-1-170x128.jpg","width":170,"height":128,"mime-type":"image\/jpeg","filesize":8578,"source_url":"https:\/\/lavras.tv\/site\/wp-content\/uploads\/2024\/11\/Produtor-Jovens-rurais-Itaguara-8-1-170x128.jpg"},"lshowcase-thumb":{"file":"Produtor-Jovens-rurais-Itaguara-8-1-200x150.jpg","width":200,"height":150,"mime-type":"image\/jpeg","filesize":11162,"source_url":"https:\/\/lavras.tv\/site\/wp-content\/uploads\/2024\/11\/Produtor-Jovens-rurais-Itaguara-8-1-200x150.jpg"},"1536x1536":{"file":"Produtor-Jovens-rurais-Itaguara-8-1-1536x1152.jpg","width":1536,"height":1152,"mime-type":"image\/jpeg","filesize":327304,"source_url":"https:\/\/lavras.tv\/site\/wp-content\/uploads\/2024\/11\/Produtor-Jovens-rurais-Itaguara-8-1-1536x1152.jpg"},"2048x2048":{"file":"Produtor-Jovens-rurais-Itaguara-8-1-2048x1536.jpg","width":2048,"height":1536,"mime-type":"image\/jpeg","filesize":524200,"source_url":"https:\/\/lavras.tv\/site\/wp-content\/uploads\/2024\/11\/Produtor-Jovens-rurais-Itaguara-8-1-2048x1536.jpg"},"alm-thumbnail":{"file":"Produtor-Jovens-rurais-Itaguara-8-1-150x150.jpg","width":150,"height":150,"mime-type":"image\/jpeg","filesize":8992,"source_url":"https:\/\/lavras.tv\/site\/wp-content\/uploads\/2024\/11\/Produtor-Jovens-rurais-Itaguara-8-1-150x150.jpg"}},"image_meta":{"aperture":"0","credit":"","camera":"","caption":"","created_timestamp":"1053054679","copyright":"","focal_length":"0","iso":"0","shutter_speed":"0","title":"","orientation":"1","keywords":[]},"original_image":"Produtor-Jovens-rurais-Itaguara-8-1.jpg"},"post":136671,"source_url":"https:\/\/lavras.tv\/site\/wp-content\/uploads\/2024\/11\/Produtor-Jovens-rurais-Itaguara-8-1-scaled.jpg"},"author_meta":{"display_name":"Vinicius Bustamante","author_link":"https:\/\/lavras.tv\/site\/author\/vinicius-bustamante\/"},"featured_img":"https:\/\/lavras.tv\/site\/wp-content\/uploads\/2024\/11\/Produtor-Jovens-rurais-Itaguara-8-1-400x300.jpg","coauthors":[],"tax_additional":{"categories":{"linked":["<a href=\"https:\/\/lavras.tv\/site\/category\/destaques\/\" class=\"advgb-post-tax-term\">Destaques<\/a>","<a href=\"https:\/\/lavras.tv\/site\/category\/noticias\/\" class=\"advgb-post-tax-term\">Not\u00edcias<\/a>"],"unlinked":["<span class=\"advgb-post-tax-term\">Destaques<\/span>","<span class=\"advgb-post-tax-term\">Not\u00edcias<\/span>"]}},"comment_count":"0","relative_dates":{"created":"Publicado 1 ano atr\u00e1s","modified":"Atualizado 1 ano atr\u00e1s"},"absolute_dates":{"created":"Publicado em 12 de novembro de 2024","modified":"Atualizado em 12 de novembro de 2024"},"absolute_dates_time":{"created":"Publicado em 12 de novembro de 2024 15:21","modified":"Atualizado em 12 de novembro de 2024 15:21"},"featured_img_caption":"","series_order":"","_links":{"self":[{"href":"https:\/\/lavras.tv\/site\/wp-json\/wp\/v2\/posts\/136671","targetHints":{"allow":["GET"]}}],"collection":[{"href":"https:\/\/lavras.tv\/site\/wp-json\/wp\/v2\/posts"}],"about":[{"href":"https:\/\/lavras.tv\/site\/wp-json\/wp\/v2\/types\/post"}],"author":[{"embeddable":true,"href":"https:\/\/lavras.tv\/site\/wp-json\/wp\/v2\/users\/5"}],"replies":[{"embeddable":true,"href":"https:\/\/lavras.tv\/site\/wp-json\/wp\/v2\/comments?post=136671"}],"version-history":[{"count":1,"href":"https:\/\/lavras.tv\/site\/wp-json\/wp\/v2\/posts\/136671\/revisions"}],"predecessor-version":[{"id":136673,"href":"https:\/\/lavras.tv\/site\/wp-json\/wp\/v2\/posts\/136671\/revisions\/136673"}],"wp:featuredmedia":[{"embeddable":true,"href":"https:\/\/lavras.tv\/site\/wp-json\/wp\/v2\/media\/136672"}],"wp:attachment":[{"href":"https:\/\/lavras.tv\/site\/wp-json\/wp\/v2\/media?parent=136671"}],"wp:term":[{"taxonomy":"category","embeddable":true,"href":"https:\/\/lavras.tv\/site\/wp-json\/wp\/v2\/categories?post=136671"},{"taxonomy":"post_tag","embeddable":true,"href":"https:\/\/lavras.tv\/site\/wp-json\/wp\/v2\/tags?post=136671"}],"curies":[{"name":"wp","href":"https:\/\/api.w.org\/{rel}","templated":true}]}}