{"id":136674,"date":"2024-11-12T15:25:16","date_gmt":"2024-11-12T18:25:16","guid":{"rendered":"https:\/\/lavras.tv\/site\/?p=136674"},"modified":"2024-11-12T15:25:17","modified_gmt":"2024-11-12T18:25:17","slug":"pesquisa-propoe-acoes-para-reduzir-conflito-entre-ursos-andinos-e-humanos-no-peru","status":"publish","type":"post","link":"https:\/\/lavras.tv\/site\/2024\/11\/12\/pesquisa-propoe-acoes-para-reduzir-conflito-entre-ursos-andinos-e-humanos-no-peru\/","title":{"rendered":"Pesquisa prop\u00f5e a\u00e7\u00f5es para reduzir conflito entre ursos-andinos e humanos no Peru"},"content":{"rendered":"<div class=\"lavra-antes-do-conteudo_2\" id=\"lavra-3514393355\"><div id=\"lavra-slider-27\" class=\"custom-slider lavra-slider-648664006 lavra-slider\"><ul><li><div style=\"margin-left: auto;margin-right: auto;text-align: center;\" id=\"lavra-2411793287\"><a href=\"https:\/\/sistemas.lavras.mg.gov.br\/portalcidadao\/#df1b1a7c7b2a290bcb31e32771e610784662739a88807c0dacac58ede5f391a7530e299dc302d611ee73cb143fc22eaf93592e53e7b5bdb01b00a0b8d28dae460c141dd2ff83412e4dc1c31b16b25f33144a9e5620ea73b13f5bc1c59411d98439ad226e8af03840603796067d87afe130812cf3de24982d0e306f9e61e764e5\" aria-label=\"Lavras-TV&#8211;720x104px (1) (1)\"><img src=\"https:\/\/lavras.tv\/site\/wp-content\/uploads\/2025\/01\/Lavras-TV-720x104px-1-1.png\" alt=\"\"  srcset=\"https:\/\/lavras.tv\/site\/wp-content\/uploads\/2025\/01\/Lavras-TV-720x104px-1-1.png 720w, https:\/\/lavras.tv\/site\/wp-content\/uploads\/2025\/01\/Lavras-TV-720x104px-1-1-470x68.png 470w, https:\/\/lavras.tv\/site\/wp-content\/uploads\/2025\/01\/Lavras-TV-720x104px-1-1-170x25.png 170w, https:\/\/lavras.tv\/site\/wp-content\/uploads\/2025\/01\/Lavras-TV-720x104px-1-1-200x29.png 200w\" sizes=\"(max-width: 720px) 100vw, 720px\" width=\"720\" height=\"104\"  style=\"display: inline-block;\" \/><\/a><\/div><\/li><li><a href=\"https:\/\/sistemas.lavras.mg.gov.br\/portalcidadao\/#df1b1a7c7b2a290bcb31e32771e610784662739a88807c0dacac58ede5f391a7530e299dc302d611ee73cb143fc22eaf93592e53e7b5bdb01b00a0b8d28dae460c141dd2ff83412e4dc1c31b16b25f33144a9e5620ea73b13f5bc1c59411d98439ad226e8af03840603796067d87afe130812cf3de24982d0e306f9e61e764e5\" aria-label=\"Banner_Emprego_PortallavrasTV\"><img src=\"https:\/\/lavras.tv\/site\/wp-content\/uploads\/2025\/03\/Banner_Emprego_PortallavrasTV.png\" alt=\"\"  srcset=\"https:\/\/lavras.tv\/site\/wp-content\/uploads\/2025\/03\/Banner_Emprego_PortallavrasTV.png 720w, https:\/\/lavras.tv\/site\/wp-content\/uploads\/2025\/03\/Banner_Emprego_PortallavrasTV-470x68.png 470w, https:\/\/lavras.tv\/site\/wp-content\/uploads\/2025\/03\/Banner_Emprego_PortallavrasTV-170x25.png 170w, https:\/\/lavras.tv\/site\/wp-content\/uploads\/2025\/03\/Banner_Emprego_PortallavrasTV-200x29.png 200w\" sizes=\"(max-width: 720px) 100vw, 720px\" width=\"720\" height=\"104\"   \/><\/a><\/li><li><a href=\"https:\/\/sistemas.lavras.mg.gov.br\/portalcidadao\/#df1b1a7c7b2a290bcb31e32771e610784662739a88807c0dacac58ede5f391a7530e299dc302d611ee73cb143fc22eaf93592e53e7b5bdb01b00a0b8d28dae460c141dd2ff83412e4dc1c31b16b25f33144a9e5620ea73b13f5bc1c59411d98439ad226e8af03840603796067d87afe130812cf3de24982d0e306f9e61e764e5\" aria-label=\"Banner_Obras_PortallavrasTV\"><img src=\"https:\/\/lavras.tv\/site\/wp-content\/uploads\/2025\/03\/Banner_Obras_PortallavrasTV.png\" alt=\"\"  srcset=\"https:\/\/lavras.tv\/site\/wp-content\/uploads\/2025\/03\/Banner_Obras_PortallavrasTV.png 720w, https:\/\/lavras.tv\/site\/wp-content\/uploads\/2025\/03\/Banner_Obras_PortallavrasTV-470x68.png 470w, https:\/\/lavras.tv\/site\/wp-content\/uploads\/2025\/03\/Banner_Obras_PortallavrasTV-170x25.png 170w, https:\/\/lavras.tv\/site\/wp-content\/uploads\/2025\/03\/Banner_Obras_PortallavrasTV-200x29.png 200w\" sizes=\"(max-width: 720px) 100vw, 720px\" width=\"720\" height=\"104\"   \/><\/a><\/li><li><div style=\"margin-left: auto;margin-right: auto;text-align: center;\" id=\"lavra-2306656678\"><a href=\"https:\/\/sistemas.lavras.mg.gov.br\/portalcidadao\/#df1b1a7c7b2a290bcb31e32771e610784662739a88807c0dacac58ede5f391a7530e299dc302d611ee73cb143fc22eaf93592e53e7b5bdb01b00a0b8d28dae460c141dd2ff83412e4dc1c31b16b25f33144a9e5620ea73b13f5bc1c59411d98439ad226e8af03840603796067d87afe130812cf3de24982d0e306f9e61e764e5\" aria-label=\"Banner_Educa\u00e7\u00e3o_PortallavrasTV\"><img src=\"https:\/\/lavras.tv\/site\/wp-content\/uploads\/2025\/01\/Banner_Educacao_PortallavrasTV.png\" alt=\"\"  srcset=\"https:\/\/lavras.tv\/site\/wp-content\/uploads\/2025\/01\/Banner_Educacao_PortallavrasTV.png 720w, https:\/\/lavras.tv\/site\/wp-content\/uploads\/2025\/01\/Banner_Educacao_PortallavrasTV-470x68.png 470w, https:\/\/lavras.tv\/site\/wp-content\/uploads\/2025\/01\/Banner_Educacao_PortallavrasTV-170x25.png 170w, https:\/\/lavras.tv\/site\/wp-content\/uploads\/2025\/01\/Banner_Educacao_PortallavrasTV-200x29.png 200w\" sizes=\"(max-width: 720px) 100vw, 720px\" width=\"720\" height=\"104\"  style=\"display: inline-block;\" \/><\/a><\/div><\/li><li><a href=\"https:\/\/sistemas.lavras.mg.gov.br\/portalcidadao\/#df1b1a7c7b2a290bcb31e32771e610784662739a88807c0dacac58ede5f391a7530e299dc302d611ee73cb143fc22eaf93592e53e7b5bdb01b00a0b8d28dae460c141dd2ff83412e4dc1c31b16b25f33144a9e5620ea73b13f5bc1c59411d98439ad226e8af03840603796067d87afe130812cf3de24982d0e306f9e61e764e5\" aria-label=\"Banner_Sa\u00fade_PortallavrasTV\"><img src=\"https:\/\/lavras.tv\/site\/wp-content\/uploads\/2025\/03\/Banner_Saude_PortallavrasTV.png\" alt=\"\"  srcset=\"https:\/\/lavras.tv\/site\/wp-content\/uploads\/2025\/03\/Banner_Saude_PortallavrasTV.png 720w, https:\/\/lavras.tv\/site\/wp-content\/uploads\/2025\/03\/Banner_Saude_PortallavrasTV-470x68.png 470w, https:\/\/lavras.tv\/site\/wp-content\/uploads\/2025\/03\/Banner_Saude_PortallavrasTV-170x25.png 170w, https:\/\/lavras.tv\/site\/wp-content\/uploads\/2025\/03\/Banner_Saude_PortallavrasTV-200x29.png 200w\" sizes=\"(max-width: 720px) 100vw, 720px\" width=\"720\" height=\"104\"   \/><\/a><\/li><li><div id=\"lavra-3477205135\" style=\"width:720px;height:104px;background-color:#ddd;overflow:scroll;\">\n\t<strong>Sa\u00edda da depura\u00e7\u00e3o de an\u00fancios<\/strong>\n\t<br><br>\n\tO an\u00fancio n\u00e3o \u00e9 exibido na p\u00e1gina<br><br>post atual: Pesquisa prop\u00f5e a\u00e7\u00f5es para reduzir conflito entre ursos-andinos e humanos no Peru, ID: 136674<br><br><span style=\"color: red;\">O post atual n\u00e3o \u00e9 id\u00eantico ao post principal.<\/span><br><br>An\u00fancios: ROXO - TOPO INTERNA - ROTATIVO 2 (197)<br \/>Grupo de an\u00fancios: Princ_Meio01_720x104 (27)<br><br>Condi\u00e7\u00f5es de exibi\u00e7\u00e3o<div style=\"margin-bottom: 20px; white-space: pre-wrap; font-family: monospace; width: 100%; background: #ffe9e9;\"><strong>condi\u00e7\u00f5es gerais<\/strong><table border=\"1\"><thead><tr><th><\/th><th>An\u00fancios<\/th><th>wp_the_query<\/th><\/tr><\/thead><tr><td>is_main_query<\/td><td>1<\/td><td>1<\/td><\/tr><tr><td>is_rest_api<\/td><td>0<\/td><td>1<\/td><\/tr><tr><td>page<\/td><td>0<\/td><td>1<\/td><\/tr><tr><td>numpages<\/td><td>0<\/td><td>1<\/td><\/tr><tr><td>is_archive<\/td><td>1<\/td><td><\/td><\/tr><tr><td>is_search<\/td><td>1<\/td><td><\/td><\/tr><tr><td>is_home<\/td><td>1<\/td><td><\/td><\/tr><tr><td>is_404<\/td><td>1<\/td><td><\/td><\/tr><tr><td>is_attachment<\/td><td>1<\/td><td><\/td><\/tr><tr><td>is_singular<\/td><td>1<\/td><td><\/td><\/tr><tr><td>is_front_page<\/td><td>1<\/td><td><\/td><\/tr><tr><td>is_feed<\/td><td>1<\/td><td><\/td><\/tr><\/table><\/div><br><br><span style=\"color: red;\">Seu site usa HTTPS, mas o c\u00f3digo do an\u00fancio cont\u00e9m HTTP e pode n\u00e3o funcionar.<\/span>\t<br><br>\n\t<a style=\"color: green;\" href=\"https:\/\/wpadvancedads.com\/manual\/ad-debug-mode\/?utm_source=advanced-ads&utm_medium=link&utm_campaign=ad-debug-mode\" target=\"_blank\" rel=\"nofollow\">Encontre solu\u00e7\u00f5es no manual<\/a>\n<\/div>\n<\/li><\/ul><\/div><script>( window.advanced_ads_ready || jQuery( document ).ready ).call( null, function() {var $lavraslider648664006 = jQuery( \".lavra-slider-648664006\" );$lavraslider648664006.on( \"unslider.ready\", function() { jQuery( \"div.custom-slider ul li\" ).css( \"display\", \"block\" ); });$lavraslider648664006.unslider({ delay:4000, autoplay:true, nav:false, arrows:false, infinite:true });$lavraslider648664006.on(\"mouseover\", function() {$lavraslider648664006.unslider(\"stop\");}).on(\"mouseout\", function() {$lavraslider648664006.unslider(\"start\");});});<\/script><\/div><div class=\"wp-block-image\">\n<figure class=\"aligncenter size-full\"><img fetchpriority=\"high\" decoding=\"async\" width=\"466\" height=\"700\" src=\"https:\/\/lavras.tv\/site\/wp-content\/uploads\/2024\/11\/Urso_2.jpg\" alt=\"\" class=\"wp-image-136675\" srcset=\"https:\/\/lavras.tv\/site\/wp-content\/uploads\/2024\/11\/Urso_2.jpg 466w, https:\/\/lavras.tv\/site\/wp-content\/uploads\/2024\/11\/Urso_2-200x300.jpg 200w, https:\/\/lavras.tv\/site\/wp-content\/uploads\/2024\/11\/Urso_2-100x150.jpg 100w, https:\/\/lavras.tv\/site\/wp-content\/uploads\/2024\/11\/Urso_2-133x200.jpg 133w\" sizes=\"(max-width: 466px) 100vw, 466px\" \/><\/figure>\n<\/div>\n\n\n<p>Nas regi\u00f5es tropicais dos Andes, a preda\u00e7\u00e3o de gado \u00e9 a principal causa de conflitos entre humanos e ursos-andinos (<em>Tremarctos ornatus<\/em>), animais tamb\u00e9m conhecidos como ursos-de-\u00f3culos, uma esp\u00e9cie amea\u00e7ada de extin\u00e7\u00e3o e que representa os \u00fanicos ursos da Am\u00e9rica do Sul. Nessas regi\u00f5es, mais especificamente no centro do Peru, a pequena vila de San Pedro de Churco vem, desde 2013, enfrentando esse conflito com os ursos-andinos devido \u00e0 preda\u00e7\u00e3o do gado da comunidade pelos ursos.<\/p>\n\n\n\n<p>Ap\u00f3s a cria\u00e7\u00e3o de um conv\u00eanio entre a Universidade Federal de Lavras (UFLA) e a&nbsp;<em>Universidad Nacional del Centro del Per\u00fa<\/em>&nbsp;(UNCP), pesquisadores das duas institui\u00e7\u00f5es foram at\u00e9 a vila, localizada no entorno do Santu\u00e1rio Nacional Pampa Hermosa, com o objetivo de diminuir o conflito. Por meio do estudo e de outras experi\u00eancias ao longo dos Andes, a equipe levantou, por fim, quatro principais medidas que poderiam ser adotadas pela popula\u00e7\u00e3o.<\/p>\n\n\n\n<p>Em uma primeira frente de interven\u00e7\u00e3o, os pesquisadores consideram que, na vila, os moradores n\u00e3o possuem energia el\u00e9trica, o que leva ao corte de \u00e1rvores para a obten\u00e7\u00e3o de lenha para cozinhar.&nbsp;<strong>Reduzir a perda e degrada\u00e7\u00e3o dos Bosques Alto-Montanos<\/strong>&nbsp;significa manter maior disponibilidade e quantidade de habitat, al\u00e9m de recursos vegetais e animais para a popula\u00e7\u00e3o local de ursos-andinos, diminuindo o risco de ataques ao gado. A&nbsp;<strong>implementa\u00e7\u00e3o de sistemas silvipastoris<\/strong>&nbsp;(gado, \u00e1rvores e pastagens s\u00e3o inseridos na mesma \u00e1rea para se obter madeira, carne ou leite simultaneamente) pode facilitar o acesso de recursos madeireiros regulamentados de forma mais sustent\u00e1vel, bem como&nbsp;<strong>planos de assist\u00eancia social que facilitem o acesso ao g\u00e1s de cozinha<\/strong>&nbsp;\u00e0 comunidade. Buscar reduzir a press\u00e3o sobre certas fam\u00edlias de esp\u00e9cies lenhosas nativas, principalmente de laur\u00e1ceas, pode ser tamb\u00e9m uma alternativa.<\/p>\n\n\n\n<p>Outro conjunto de medidas leva em conta o plantio de batatas, para o qual a popula\u00e7\u00e3o acabava queimando campos nativos alto-andinos. Por isso, h\u00e1 a necessidade de&nbsp;<strong>cessar essas queimas<\/strong>, principalmente a dos campos que possuem uma importante planta consumida pelos ursos: trata-se da&nbsp;<strong><em>Puya<\/em><\/strong>, uma esp\u00e9cie de brom\u00e9lia terrestre alto-andina cuja aus\u00eancia pode levar ao deslocamento dos ursos. A queima tamb\u00e9m pode causar o deslocamento de poss\u00edveis presas e a diminui\u00e7\u00e3o de habitats para o urso-andino.<\/p>\n\n\n\n<p>Em um terceiro eixo de a\u00e7\u00e3o h\u00e1 a necessidade de&nbsp;<strong>melhorar o manejo do gado na regi\u00e3o<\/strong>, com a ado\u00e7\u00e3o de medidas que diminuam a vulnerabilidade do rebanho por meio de assist\u00eancia t\u00e9cnica, como evitar que o gado pasteje em \u00e1reas pr\u00f3ximas aos bosques, trazer os rebanhos para \u00e1reas mais pr\u00f3ximas da comunidade, entre outras op\u00e7\u00f5es indicadas no estudo.<\/p>\n\n\n\n<p>Por fim, a indica\u00e7\u00e3o \u00e9&nbsp;<strong>priorizar todas essas medidas de controle e vigil\u00e2ncia do gado na esta\u00e7\u00e3o de estiagem<\/strong>, principalmente nos meses de julho e agosto, que \u00e9 quando h\u00e1 uma menor disponibilidade de recurso nos bosques e os ursos tendem a buscar outras fontes de alimento.<\/p>\n\n\n\n<p>De acordo com o professor do Departamento de Ecologia e Conserva\u00e7\u00e3o do Instituto de Ci\u00eancias Naturais (DEC\/ICN\/UFLA) e coordenador da pesquisa, Marcelo Passamani, o objetivo foi compreender o contexto ecol\u00f3gico para formular estrat\u00e9gias capazes de atenuar o conflito. \u201cPara isso, buscamos analisar quais caracter\u00edsticas melhor explicam o uso do habitat pelos ursos-andinos na regi\u00e3o de conflito. Utilizando estrat\u00e9gias como armadilhas fotogr\u00e1ficas espalhadas pela \u00e1rea, coletamos, entre maio de 2019 e novembro de 2020, sete vari\u00e1veis: inclina\u00e7\u00e3o do terreno, cobertura florestal, ocorr\u00eancia de brom\u00e9lias&nbsp;<em>Puya<\/em>, abund\u00e2ncia de gado, dist\u00e2ncia da vila, dist\u00e2ncia para trilhas e precipita\u00e7\u00e3o\u201d, explica.<\/p>\n\n\n\n<p>A pesquisa mapeou, dessa forma, as \u00e1reas focais com maior potencial para a preda\u00e7\u00e3o de gado por ursos-andinos e as implica\u00e7\u00f5es para o manejo e a coexist\u00eancia entre humanos e esses carn\u00edvoros. Com os resultados e as imagens coletadas, confirmou-se que, na verdade, era o gado que ia para as \u00e1reas mais utilizadas pelos ursos-andinos e n\u00e3o o contr\u00e1rio, causando impactos em \u00e1reas mais adequadas aos ursos e gerando o deslocamento da popula\u00e7\u00e3o desses animais.<\/p>\n\n\n\n<p>\u201cOs moradores necessitam de apoio t\u00e9cnico especializado para melhorar o manejo e a rentabilidade do gado, diminuindo os impactos sobre os ursos. Propomos para eles algumas a\u00e7\u00f5es. Medidas que conservem as florestas e bosques nativos com&nbsp;<em>Puya<\/em>&nbsp;para os ursos, bem como pr\u00e1ticas de manejo de gado mais sustent\u00e1veis e rent\u00e1veis, podem ser priorizadas para reduzir o conflito entre humanos e ursos na regi\u00e3o. Em outras palavras, propomos diminuir a press\u00e3o em cima da floresta e, especialmente, dos campos alto-andinos nativos\u201d, revela o professor Passamani.<\/p>\n\n\n\n<p>A iniciativa partiu dos moradores da vila, que, na tentativa de resolver o problema, buscaram o&nbsp;<em>Servicio Nacional Forestal y de Fauna Silvestre<\/em>&nbsp;(Serfor), que pode ser entendido, por exemplo, como uma vers\u00e3o do Instituto Brasileiro de Meio Ambiente e dos Recursos Naturais Renov\u00e1veis (Ibama). Dessa forma, em 2019, a demanda levou ao conv\u00eanio entre a UFLA e a UNCP, o que deu in\u00edcio \u00e0 pesquisa. Todas as sugest\u00f5es de solu\u00e7\u00e3o apontadas pelos pesquisadores foram encaminhadas para o Serfor, na expectativa de que sejam implementadas.<\/p>\n\n\n\n<p>Os pesquisadores ainda ressaltam que, ao longo dos Andes Tropicais, o conflito humano-urso \u00e9 uma realidade em diversas localidades. Cada situa\u00e7\u00e3o tem suas pr\u00f3prias caracter\u00edsticas socioambientais e culturais, mas h\u00e1 a necessidade de que as medidas de manejo do conflito busquem o princ\u00edpio da coexist\u00eancia entre ambos os lados para que possam conviver de uma forma mais sustent\u00e1vel a longo prazo, principalmente, quando o conflito envolve comunidades tradicionais com alta vulnerabilidade socioecon\u00f4mica, como a de S.P. de Churco, que est\u00e1 inserida no entorno de uma \u00e1rea protegida que imp\u00f5e certas limita\u00e7\u00f5es em suas atividades econ\u00f4micas.<\/p>\n\n\n\n<p><strong>Mais sobre o estudo e a equipe<\/strong><\/p>\n\n\n\n<p>A pesquisa foi o foco da disserta\u00e7\u00e3o de mestrado&nbsp;<a href=\"http:\/\/repositorio.ufla.br\/bitstream\/1\/48064\/2\/DISSERTA%c3%87%c3%83O_Intera%c3%a7%c3%a3o%20urso%20andino%20-%20ambiente%20em%20uma%20regi%c3%a3o%20de%20conflito%20nos%20Andes%20Centrais%20Peruanos%20implica%c3%a7%c3%b5es%20de%20manejo%20e%20conserva%c3%a7%c3%a3o%20da%20biodiversidade%20alto-andina.pdf\">\u201cIntera\u00e7\u00e3o urso andino &#8211; ambiente em uma regi\u00e3o de conflito nos Andes Centrais Peruanos: implica\u00e7\u00f5es de manejo e conserva\u00e7\u00e3o da biodiversidade alto-andina\u201d<\/a>, defendida em 2021 pelo egresso do Programa de P\u00f3s-Gradua\u00e7\u00e3o em Ecologia Aplicada da UFLA Mateus Melo-Dias, sob orienta\u00e7\u00e3o do professor Passamani.<\/p>\n\n\n\n<p>O estudo tamb\u00e9m resultou no artigo&nbsp;<a href=\"https:\/\/www.sciencedirect.com\/science\/article\/pii\/S1617138124001262\">\u201c<em>Lighting up mountain coexistence: Understanding the effects of environment and livestock on habitat use by Andean bear in a conflict zone in Peruvian Andes<\/em>\u201d (\u201cIluminando a coexist\u00eancia nas montanhas: Compreendendo os efeitos do ambiente e do gado no uso do habitat pelo urso-andino em uma zona de conflito nos Andes Peruanos\u201d)<\/a>, que foi publicado em setembro de 2024 pela&nbsp;<em>Journal for Nature Conservation<\/em>.<\/p>\n\n\n\n<p>Al\u00e9m de Mateus e Passamani, o artigo conta com a autoria de outros pesquisadores da UFLA, da UNCP, da&nbsp;<em>Universidad Nacional Aut\u00f3noma de Huanta<\/em>&nbsp;e da&nbsp;<em>Universidad C\u00e9sar Vallejo<\/em>: Jesenia F. A. Huatuco, Marco A. Arizapana-Almonacid, Marco I. Casta\u00f1eda-Tinco e Fern\u00e1n Chanam\u00e9.<\/p>\n\n\n\n<p><strong>Levantamento sobre mam\u00edferos andinos<\/strong><\/p>\n\n\n\n<p>Por meio da metodologia utilizada para o levantamento das informa\u00e7\u00f5es sobre os ursos-andinos, os pesquisadores estudaram tamb\u00e9m a biodiversidade do Santu\u00e1rio Nacional Pampa Hermosa (SNPH), que abriga uma das \u00e1reas priorit\u00e1rias para conserva\u00e7\u00e3o no Peru. Dessa forma, foi poss\u00edvel inventariar, pela primeira vez, os mam\u00edferos de m\u00e9dio e grande porte da regi\u00e3o alto-andina do SNPH e da zona ao seu entorno, registrando 11 esp\u00e9cies nativas e tr\u00eas esp\u00e9cies dom\u00e9sticas de mam\u00edferos.<\/p>\n\n\n\n<p>Dentre as esp\u00e9cies nativas, o veado-de-rabo-branco (<em>Odocoileus virginianus<\/em>) foi o que apresentou a maior frequ\u00eancia relativa. Ao todo, a riqueza da biodiversidade observada no local foi superior \u00e0 da maioria dos levantamentos de mam\u00edferos de m\u00e9dio e grande porte feitos na \u00e1rea de contato entre os ecossistemas de Puna (campos alto-andinos) e Selva no Peru. Os resultados demonstraram que mais de 90% das esp\u00e9cies registradas foram, de fato, encontradas no SNPH, confirmando que toda regi\u00e3o alto-andina do Santu\u00e1rio e seu entorno tem um importante valor para a fauna de mam\u00edferos local.<\/p>\n","protected":false},"excerpt":{"rendered":"<p>Nas regi\u00f5es tropicais dos Andes, a preda\u00e7\u00e3o de gado \u00e9 a principal causa de conflitos entre humanos e ursos-andinos (Tremarctos ornatus), animais tamb\u00e9m conhecidos como ursos-de-\u00f3culos, uma esp\u00e9cie amea\u00e7ada de extin\u00e7\u00e3o e que representa os \u00fanicos ursos da Am\u00e9rica do Sul. Nessas regi\u00f5es, mais especificamente no centro do Peru, a pequena vila de San Pedro [&hellip;]<\/p>\n","protected":false},"author":5,"featured_media":136675,"comment_status":"closed","ping_status":"open","sticky":false,"template":"","format":"standard","meta":{"advgb_blocks_editor_width":"","advgb_blocks_columns_visual_guide":"","_exactmetrics_skip_tracking":false,"_exactmetrics_sitenote_active":false,"_exactmetrics_sitenote_note":"","_exactmetrics_sitenote_category":0,"footnotes":""},"categories":[7,2],"tags":[],"class_list":["post-136674","post","type-post","status-publish","format-standard","has-post-thumbnail","hentry","category-destaques","category-noticias"],"better_featured_image":{"id":136675,"alt_text":"","caption":"","description":"","media_type":"image","media_details":{"width":466,"height":700,"file":"2024\/11\/Urso_2.jpg","filesize":65433,"sizes":{"medium":{"file":"Urso_2-200x300.jpg","width":200,"height":300,"mime-type":"image\/jpeg","filesize":13148,"source_url":"https:\/\/lavras.tv\/site\/wp-content\/uploads\/2024\/11\/Urso_2-200x300.jpg"},"thumbnail":{"file":"Urso_2-100x150.jpg","width":100,"height":150,"mime-type":"image\/jpeg","filesize":4209,"source_url":"https:\/\/lavras.tv\/site\/wp-content\/uploads\/2024\/11\/Urso_2-100x150.jpg"},"lshowcase-thumb":{"file":"Urso_2-133x200.jpg","width":133,"height":200,"mime-type":"image\/jpeg","filesize":6575,"source_url":"https:\/\/lavras.tv\/site\/wp-content\/uploads\/2024\/11\/Urso_2-133x200.jpg"},"alm-thumbnail":{"file":"Urso_2-150x150.jpg","width":150,"height":150,"mime-type":"image\/jpeg","filesize":5811,"source_url":"https:\/\/lavras.tv\/site\/wp-content\/uploads\/2024\/11\/Urso_2-150x150.jpg"}},"image_meta":{"aperture":"0","credit":"","camera":"","caption":"","created_timestamp":"0","copyright":"","focal_length":"0","iso":"0","shutter_speed":"0","title":"","orientation":"0","keywords":[]}},"post":136674,"source_url":"https:\/\/lavras.tv\/site\/wp-content\/uploads\/2024\/11\/Urso_2.jpg"},"author_meta":{"display_name":"Vinicius Bustamante","author_link":"https:\/\/lavras.tv\/site\/author\/vinicius-bustamante\/"},"featured_img":"https:\/\/lavras.tv\/site\/wp-content\/uploads\/2024\/11\/Urso_2-200x300.jpg","coauthors":[],"tax_additional":{"categories":{"linked":["<a href=\"https:\/\/lavras.tv\/site\/category\/destaques\/\" class=\"advgb-post-tax-term\">Destaques<\/a>","<a href=\"https:\/\/lavras.tv\/site\/category\/noticias\/\" class=\"advgb-post-tax-term\">Not\u00edcias<\/a>"],"unlinked":["<span class=\"advgb-post-tax-term\">Destaques<\/span>","<span class=\"advgb-post-tax-term\">Not\u00edcias<\/span>"]}},"comment_count":"0","relative_dates":{"created":"Publicado 1 ano atr\u00e1s","modified":"Atualizado 1 ano atr\u00e1s"},"absolute_dates":{"created":"Publicado em 12 de novembro de 2024","modified":"Atualizado em 12 de novembro de 2024"},"absolute_dates_time":{"created":"Publicado em 12 de novembro de 2024 15:25","modified":"Atualizado em 12 de novembro de 2024 15:25"},"featured_img_caption":"","series_order":"","_links":{"self":[{"href":"https:\/\/lavras.tv\/site\/wp-json\/wp\/v2\/posts\/136674","targetHints":{"allow":["GET"]}}],"collection":[{"href":"https:\/\/lavras.tv\/site\/wp-json\/wp\/v2\/posts"}],"about":[{"href":"https:\/\/lavras.tv\/site\/wp-json\/wp\/v2\/types\/post"}],"author":[{"embeddable":true,"href":"https:\/\/lavras.tv\/site\/wp-json\/wp\/v2\/users\/5"}],"replies":[{"embeddable":true,"href":"https:\/\/lavras.tv\/site\/wp-json\/wp\/v2\/comments?post=136674"}],"version-history":[{"count":1,"href":"https:\/\/lavras.tv\/site\/wp-json\/wp\/v2\/posts\/136674\/revisions"}],"predecessor-version":[{"id":136676,"href":"https:\/\/lavras.tv\/site\/wp-json\/wp\/v2\/posts\/136674\/revisions\/136676"}],"wp:featuredmedia":[{"embeddable":true,"href":"https:\/\/lavras.tv\/site\/wp-json\/wp\/v2\/media\/136675"}],"wp:attachment":[{"href":"https:\/\/lavras.tv\/site\/wp-json\/wp\/v2\/media?parent=136674"}],"wp:term":[{"taxonomy":"category","embeddable":true,"href":"https:\/\/lavras.tv\/site\/wp-json\/wp\/v2\/categories?post=136674"},{"taxonomy":"post_tag","embeddable":true,"href":"https:\/\/lavras.tv\/site\/wp-json\/wp\/v2\/tags?post=136674"}],"curies":[{"name":"wp","href":"https:\/\/api.w.org\/{rel}","templated":true}]}}