{"id":137142,"date":"2024-11-14T16:23:11","date_gmt":"2024-11-14T19:23:11","guid":{"rendered":"https:\/\/lavras.tv\/site\/?p=137142"},"modified":"2024-11-14T16:23:12","modified_gmt":"2024-11-14T19:23:12","slug":"sindicato-rural-de-varginha-renova-diretoria-e-reafirma-compromisso-com-o-agronegocio","status":"publish","type":"post","link":"https:\/\/lavras.tv\/site\/2024\/11\/14\/sindicato-rural-de-varginha-renova-diretoria-e-reafirma-compromisso-com-o-agronegocio\/","title":{"rendered":"Sindicato Rural de Varginha renova diretoria e reafirma compromisso com o agroneg\u00f3cio"},"content":{"rendered":"<div class=\"lavra-antes-do-conteudo_2\" id=\"lavra-2489101368\"><div id=\"lavra-slider-27\" class=\"custom-slider lavra-slider-375494537 lavra-slider\"><ul><li><div style=\"margin-left: auto;margin-right: auto;text-align: center;\" id=\"lavra-2814293726\"><a href=\"https:\/\/sistemas.lavras.mg.gov.br\/portalcidadao\/#df1b1a7c7b2a290bcb31e32771e610784662739a88807c0dacac58ede5f391a7530e299dc302d611ee73cb143fc22eaf93592e53e7b5bdb01b00a0b8d28dae460c141dd2ff83412e4dc1c31b16b25f33144a9e5620ea73b13f5bc1c59411d98439ad226e8af03840603796067d87afe130812cf3de24982d0e306f9e61e764e5\" aria-label=\"Lavras-TV&#8211;720x104px (1) (1)\"><img src=\"https:\/\/lavras.tv\/site\/wp-content\/uploads\/2025\/01\/Lavras-TV-720x104px-1-1.png\" alt=\"\"  srcset=\"https:\/\/lavras.tv\/site\/wp-content\/uploads\/2025\/01\/Lavras-TV-720x104px-1-1.png 720w, https:\/\/lavras.tv\/site\/wp-content\/uploads\/2025\/01\/Lavras-TV-720x104px-1-1-470x68.png 470w, https:\/\/lavras.tv\/site\/wp-content\/uploads\/2025\/01\/Lavras-TV-720x104px-1-1-170x25.png 170w, https:\/\/lavras.tv\/site\/wp-content\/uploads\/2025\/01\/Lavras-TV-720x104px-1-1-200x29.png 200w\" sizes=\"(max-width: 720px) 100vw, 720px\" width=\"720\" height=\"104\"  style=\"display: inline-block;\" \/><\/a><\/div><\/li><li><a href=\"https:\/\/sistemas.lavras.mg.gov.br\/portalcidadao\/#df1b1a7c7b2a290bcb31e32771e610784662739a88807c0dacac58ede5f391a7530e299dc302d611ee73cb143fc22eaf93592e53e7b5bdb01b00a0b8d28dae460c141dd2ff83412e4dc1c31b16b25f33144a9e5620ea73b13f5bc1c59411d98439ad226e8af03840603796067d87afe130812cf3de24982d0e306f9e61e764e5\" aria-label=\"Banner_Emprego_PortallavrasTV\"><img src=\"https:\/\/lavras.tv\/site\/wp-content\/uploads\/2025\/03\/Banner_Emprego_PortallavrasTV.png\" alt=\"\"  srcset=\"https:\/\/lavras.tv\/site\/wp-content\/uploads\/2025\/03\/Banner_Emprego_PortallavrasTV.png 720w, https:\/\/lavras.tv\/site\/wp-content\/uploads\/2025\/03\/Banner_Emprego_PortallavrasTV-470x68.png 470w, https:\/\/lavras.tv\/site\/wp-content\/uploads\/2025\/03\/Banner_Emprego_PortallavrasTV-170x25.png 170w, https:\/\/lavras.tv\/site\/wp-content\/uploads\/2025\/03\/Banner_Emprego_PortallavrasTV-200x29.png 200w\" sizes=\"(max-width: 720px) 100vw, 720px\" width=\"720\" height=\"104\"   \/><\/a><\/li><li><a href=\"https:\/\/sistemas.lavras.mg.gov.br\/portalcidadao\/#df1b1a7c7b2a290bcb31e32771e610784662739a88807c0dacac58ede5f391a7530e299dc302d611ee73cb143fc22eaf93592e53e7b5bdb01b00a0b8d28dae460c141dd2ff83412e4dc1c31b16b25f33144a9e5620ea73b13f5bc1c59411d98439ad226e8af03840603796067d87afe130812cf3de24982d0e306f9e61e764e5\" aria-label=\"Banner_Obras_PortallavrasTV\"><img src=\"https:\/\/lavras.tv\/site\/wp-content\/uploads\/2025\/03\/Banner_Obras_PortallavrasTV.png\" alt=\"\"  srcset=\"https:\/\/lavras.tv\/site\/wp-content\/uploads\/2025\/03\/Banner_Obras_PortallavrasTV.png 720w, https:\/\/lavras.tv\/site\/wp-content\/uploads\/2025\/03\/Banner_Obras_PortallavrasTV-470x68.png 470w, https:\/\/lavras.tv\/site\/wp-content\/uploads\/2025\/03\/Banner_Obras_PortallavrasTV-170x25.png 170w, https:\/\/lavras.tv\/site\/wp-content\/uploads\/2025\/03\/Banner_Obras_PortallavrasTV-200x29.png 200w\" sizes=\"(max-width: 720px) 100vw, 720px\" width=\"720\" height=\"104\"   \/><\/a><\/li><li><div style=\"margin-left: auto;margin-right: auto;text-align: center;\" id=\"lavra-529388283\"><a href=\"https:\/\/sistemas.lavras.mg.gov.br\/portalcidadao\/#df1b1a7c7b2a290bcb31e32771e610784662739a88807c0dacac58ede5f391a7530e299dc302d611ee73cb143fc22eaf93592e53e7b5bdb01b00a0b8d28dae460c141dd2ff83412e4dc1c31b16b25f33144a9e5620ea73b13f5bc1c59411d98439ad226e8af03840603796067d87afe130812cf3de24982d0e306f9e61e764e5\" aria-label=\"Banner_Educa\u00e7\u00e3o_PortallavrasTV\"><img src=\"https:\/\/lavras.tv\/site\/wp-content\/uploads\/2025\/01\/Banner_Educacao_PortallavrasTV.png\" alt=\"\"  srcset=\"https:\/\/lavras.tv\/site\/wp-content\/uploads\/2025\/01\/Banner_Educacao_PortallavrasTV.png 720w, https:\/\/lavras.tv\/site\/wp-content\/uploads\/2025\/01\/Banner_Educacao_PortallavrasTV-470x68.png 470w, https:\/\/lavras.tv\/site\/wp-content\/uploads\/2025\/01\/Banner_Educacao_PortallavrasTV-170x25.png 170w, https:\/\/lavras.tv\/site\/wp-content\/uploads\/2025\/01\/Banner_Educacao_PortallavrasTV-200x29.png 200w\" sizes=\"(max-width: 720px) 100vw, 720px\" width=\"720\" height=\"104\"  style=\"display: inline-block;\" \/><\/a><\/div><\/li><li><a href=\"https:\/\/sistemas.lavras.mg.gov.br\/portalcidadao\/#df1b1a7c7b2a290bcb31e32771e610784662739a88807c0dacac58ede5f391a7530e299dc302d611ee73cb143fc22eaf93592e53e7b5bdb01b00a0b8d28dae460c141dd2ff83412e4dc1c31b16b25f33144a9e5620ea73b13f5bc1c59411d98439ad226e8af03840603796067d87afe130812cf3de24982d0e306f9e61e764e5\" aria-label=\"Banner_Sa\u00fade_PortallavrasTV\"><img src=\"https:\/\/lavras.tv\/site\/wp-content\/uploads\/2025\/03\/Banner_Saude_PortallavrasTV.png\" alt=\"\"  srcset=\"https:\/\/lavras.tv\/site\/wp-content\/uploads\/2025\/03\/Banner_Saude_PortallavrasTV.png 720w, https:\/\/lavras.tv\/site\/wp-content\/uploads\/2025\/03\/Banner_Saude_PortallavrasTV-470x68.png 470w, https:\/\/lavras.tv\/site\/wp-content\/uploads\/2025\/03\/Banner_Saude_PortallavrasTV-170x25.png 170w, https:\/\/lavras.tv\/site\/wp-content\/uploads\/2025\/03\/Banner_Saude_PortallavrasTV-200x29.png 200w\" sizes=\"(max-width: 720px) 100vw, 720px\" width=\"720\" height=\"104\"   \/><\/a><\/li><li><div id=\"lavra-2169804726\" style=\"width:720px;height:104px;background-color:#ddd;overflow:scroll;\">\n\t<strong>Sa\u00edda da depura\u00e7\u00e3o de an\u00fancios<\/strong>\n\t<br><br>\n\tO an\u00fancio n\u00e3o \u00e9 exibido na p\u00e1gina<br><br>post atual: Sindicato Rural de Varginha renova diretoria e reafirma compromisso com o agroneg\u00f3cio, ID: 137142<br><br><span style=\"color: red;\">O post atual n\u00e3o \u00e9 id\u00eantico ao post principal.<\/span><br><br>An\u00fancios: ROXO - TOPO INTERNA - ROTATIVO 2 (197)<br \/>Grupo de an\u00fancios: Princ_Meio01_720x104 (27)<br><br>Condi\u00e7\u00f5es de exibi\u00e7\u00e3o<div style=\"margin-bottom: 20px; white-space: pre-wrap; font-family: monospace; width: 100%; background: #ffe9e9;\"><strong>condi\u00e7\u00f5es gerais<\/strong><table border=\"1\"><thead><tr><th><\/th><th>An\u00fancios<\/th><th>wp_the_query<\/th><\/tr><\/thead><tr><td>is_main_query<\/td><td>1<\/td><td>1<\/td><\/tr><tr><td>is_rest_api<\/td><td>0<\/td><td>1<\/td><\/tr><tr><td>page<\/td><td>0<\/td><td>1<\/td><\/tr><tr><td>numpages<\/td><td>0<\/td><td>1<\/td><\/tr><tr><td>is_archive<\/td><td>1<\/td><td><\/td><\/tr><tr><td>is_search<\/td><td>1<\/td><td><\/td><\/tr><tr><td>is_home<\/td><td>1<\/td><td><\/td><\/tr><tr><td>is_404<\/td><td>1<\/td><td><\/td><\/tr><tr><td>is_attachment<\/td><td>1<\/td><td><\/td><\/tr><tr><td>is_singular<\/td><td>1<\/td><td><\/td><\/tr><tr><td>is_front_page<\/td><td>1<\/td><td><\/td><\/tr><tr><td>is_feed<\/td><td>1<\/td><td><\/td><\/tr><\/table><\/div><br><br><span style=\"color: red;\">Seu site usa HTTPS, mas o c\u00f3digo do an\u00fancio cont\u00e9m HTTP e pode n\u00e3o funcionar.<\/span>\t<br><br>\n\t<a style=\"color: green;\" href=\"https:\/\/wpadvancedads.com\/manual\/ad-debug-mode\/?utm_source=advanced-ads&utm_medium=link&utm_campaign=ad-debug-mode\" target=\"_blank\" rel=\"nofollow\">Encontre solu\u00e7\u00f5es no manual<\/a>\n<\/div>\n<\/li><\/ul><\/div><script>( window.advanced_ads_ready || jQuery( document ).ready ).call( null, function() {var $lavraslider375494537 = jQuery( \".lavra-slider-375494537\" );$lavraslider375494537.on( \"unslider.ready\", function() { jQuery( \"div.custom-slider ul li\" ).css( \"display\", \"block\" ); });$lavraslider375494537.unslider({ delay:4000, autoplay:true, nav:false, arrows:false, infinite:true });$lavraslider375494537.on(\"mouseover\", function() {$lavraslider375494537.unslider(\"stop\");}).on(\"mouseout\", function() {$lavraslider375494537.unslider(\"start\");});});<\/script><\/div>\n<figure class=\"wp-block-image size-large\"><img fetchpriority=\"high\" decoding=\"async\" width=\"970\" height=\"728\" src=\"https:\/\/lavras.tv\/site\/wp-content\/uploads\/2024\/11\/WhatsApp-Image-2024-11-13-at-10.46.37-970x728.jpeg\" alt=\"\" class=\"wp-image-137143\" srcset=\"https:\/\/lavras.tv\/site\/wp-content\/uploads\/2024\/11\/WhatsApp-Image-2024-11-13-at-10.46.37-970x728.jpeg 970w, https:\/\/lavras.tv\/site\/wp-content\/uploads\/2024\/11\/WhatsApp-Image-2024-11-13-at-10.46.37-400x300.jpeg 400w, https:\/\/lavras.tv\/site\/wp-content\/uploads\/2024\/11\/WhatsApp-Image-2024-11-13-at-10.46.37-170x128.jpeg 170w, https:\/\/lavras.tv\/site\/wp-content\/uploads\/2024\/11\/WhatsApp-Image-2024-11-13-at-10.46.37-200x150.jpeg 200w, https:\/\/lavras.tv\/site\/wp-content\/uploads\/2024\/11\/WhatsApp-Image-2024-11-13-at-10.46.37.jpeg 1280w\" sizes=\"(max-width: 970px) 100vw, 970px\" \/><\/figure>\n\n\n\n<p>Nesta semana, o Sindicato de Produtores Rurais de Varginha realizou a elei\u00e7\u00e3o de sua nova diretoria, que atuar\u00e1 de dezembro de 2024 a dezembro de 2027. Com uma gest\u00e3o focada no fortalecimento do agroneg\u00f3cio local e no apoio aos produtores rurais, a nova lideran\u00e7a do Sindicato foi composta por Arnaldo Bottrel Reis, como presidente, que tamb\u00e9m \u00e9 presidente da Comiss\u00e3o T\u00e9cnica de Cafeicultura da FAEMG. Ao seu lado, Anderson Nogueira Luz assume como vice-presidente, Jo\u00e3o Maiolini como secret\u00e1rio e Ronaldo Miranda Bottrel como tesoureiro. A diretoria conta ainda com os suplentes Maur\u00edcio Barbosa, Guilherme Frota, Graziela Reis e Filipe Paiva. J\u00e1 o Conselho Fiscal ser\u00e1 integrado por Elenir Alvarenga Garcia, Eloise Frota Xavier e Diogo Villamarim, com Claudio Jos\u00e9 Sarto e Bruno Frota como suplentes.<\/p>\n\n\n\n<p>A cerim\u00f4nia de posse contou com a presen\u00e7a do atual vice-prefeito e prefeito eleito, que assumir\u00e1 o cargo em 2025, Leonardo Ciacci. A presen\u00e7a do novo prefeito simboliza o apoio e o reconhecimento do poder p\u00fablico local ao trabalho desenvolvido pelo Sindicato de Produtores Rurais de Varginha em prol dos produtores e do agroneg\u00f3cio da regi\u00e3o.<\/p>\n\n\n\n<p>O presidente do SPR de Varginha e tamb\u00e9m da Comiss\u00e3o T\u00e9cnica de Cafeicultura da Faemg, Arnaldo Bottrel Reis, expressou sua satisfa\u00e7\u00e3o ao receber o Leonardo Ciacci. &#8220;\u00c9 uma grande alegria receber nosso prefeito eleito, Leonardo Ciacci, aqui no Sindicato. O SPR de Varginha teve um papel importante durante sua campanha, sempre acreditando em seu projeto e na vis\u00e3o que tem para o futuro da cidade e do agroneg\u00f3cio. Temos certeza de que Varginha estar\u00e1 em boas m\u00e3os\u201d, destacou.<\/p>\n\n\n\n<p>Durante a solenidade, Leonardo Ciacci,&nbsp;reconheceu o empenho e a dedica\u00e7\u00e3o do SPR de Varginha, afirmando que o Sindicato tem sido um parceiro fundamental nas conquistas do setor agropecu\u00e1rio no munic\u00edpio. \u201cGostaria de destacar a import\u00e2ncia do agroneg\u00f3cio e o papel preponderante que o Sindicato de Produtores Rurais desempenha em nossas conquistas para o agro de nossa cidade. A Prefeitura de Varginha parabeniza toda a equipe pelo excelente trabalho que j\u00e1 vem sendo realizado e deseja muito sucesso para esta nova gest\u00e3o\u201d, destacou o prefeito.<\/p>\n\n\n\n<p>\u201cO SPR de Varginha tem uma trajet\u00f3ria marcada por conquistas e pelo compromisso com o produtor rural.\u00a0 A nova diretoria vem com o objetivo de dar sequ\u00eancia nas atividades, procurando inovar e melhorar sempre os servi\u00e7os e o relacionamento com os associados. Desejamos muito sucesso ao presidente, Arnaldo Bottrel, e \u00e0 sua diretoria. O Escrit\u00f3rio Regional de Varginha permanece \u00e0 disposi\u00e7\u00e3o para contribuir sempre que necess\u00e1rio\u201d, relatou o gerente regional do Sistema Faemg Senar em Varginha, Caio Oliveira.<\/p>\n\n\n\n<p><strong>SPR de Varginha Inaugura Sala do Produtor<\/strong><\/p>\n\n\n\n<p>Al\u00e9m da elei\u00e7\u00e3o, o Sindicato aproveitou a ocasi\u00e3o para inaugurar a Sala do Produtor, equipada com o Kit Conex\u00e3o SPR, uma iniciativa do Sistema Faemg Senar. Este kit, composto por notebook, webcam e Smart TV, faz parte do projeto \u201cConex\u00e3o SPR\u201d, que tem como objetivo transformar o atendimento e a intera\u00e7\u00e3o entre os Sindicatos e os produtores rurais mineiros, promovendo um ambiente de apoio e conectividade. A \u201cSala do Produtor\u201d ser\u00e1 um espa\u00e7o de intera\u00e7\u00e3o e aprendizado, permitindo a realiza\u00e7\u00e3o de cursos online, videoconfer\u00eancias e reuni\u00f5es com t\u00e9cnicos e consultores.<\/p>\n\n\n\n<p>O projeto \u201cConex\u00e3o SPR\u201d \u00e9 mais uma iniciativa pioneira do Sistema Faemg Senar, reafirmando seu compromisso com a capacita\u00e7\u00e3o e o desenvolvimento sustent\u00e1vel do setor rural em Minas Gerais. Nesta primeira fase, 280 sindicatos est\u00e3o sendo contemplados com o Kit Conex\u00e3o, que inclui equipamentos de \u00faltima gera\u00e7\u00e3o para a cria\u00e7\u00e3o das \u201cSalas do Produtor\u201d.<\/p>\n","protected":false},"excerpt":{"rendered":"<p>Nesta semana, o Sindicato de Produtores Rurais de Varginha realizou a elei\u00e7\u00e3o de sua nova diretoria, que atuar\u00e1 de dezembro de 2024 a dezembro de 2027. Com uma gest\u00e3o focada no fortalecimento do agroneg\u00f3cio local e no apoio aos produtores rurais, a nova lideran\u00e7a do Sindicato foi composta por Arnaldo Bottrel Reis, como presidente, que [&hellip;]<\/p>\n","protected":false},"author":5,"featured_media":137143,"comment_status":"closed","ping_status":"open","sticky":false,"template":"","format":"standard","meta":{"advgb_blocks_editor_width":"","advgb_blocks_columns_visual_guide":"","_exactmetrics_skip_tracking":false,"_exactmetrics_sitenote_active":false,"_exactmetrics_sitenote_note":"","_exactmetrics_sitenote_category":0,"footnotes":""},"categories":[7,2],"tags":[],"class_list":["post-137142","post","type-post","status-publish","format-standard","has-post-thumbnail","hentry","category-destaques","category-noticias"],"better_featured_image":{"id":137143,"alt_text":"","caption":"","description":"","media_type":"image","media_details":{"width":1280,"height":960,"file":"2024\/11\/WhatsApp-Image-2024-11-13-at-10.46.37.jpeg","filesize":126881,"sizes":{"medium":{"file":"WhatsApp-Image-2024-11-13-at-10.46.37-400x300.jpeg","width":400,"height":300,"mime-type":"image\/jpeg","filesize":23893,"source_url":"https:\/\/lavras.tv\/site\/wp-content\/uploads\/2024\/11\/WhatsApp-Image-2024-11-13-at-10.46.37-400x300.jpeg"},"large":{"file":"WhatsApp-Image-2024-11-13-at-10.46.37-970x728.jpeg","width":970,"height":728,"mime-type":"image\/jpeg","filesize":97587,"source_url":"https:\/\/lavras.tv\/site\/wp-content\/uploads\/2024\/11\/WhatsApp-Image-2024-11-13-at-10.46.37-970x728.jpeg"},"thumbnail":{"file":"WhatsApp-Image-2024-11-13-at-10.46.37-170x128.jpeg","width":170,"height":128,"mime-type":"image\/jpeg","filesize":6192,"source_url":"https:\/\/lavras.tv\/site\/wp-content\/uploads\/2024\/11\/WhatsApp-Image-2024-11-13-at-10.46.37-170x128.jpeg"},"lshowcase-thumb":{"file":"WhatsApp-Image-2024-11-13-at-10.46.37-200x150.jpeg","width":200,"height":150,"mime-type":"image\/jpeg","filesize":8103,"source_url":"https:\/\/lavras.tv\/site\/wp-content\/uploads\/2024\/11\/WhatsApp-Image-2024-11-13-at-10.46.37-200x150.jpeg"},"alm-thumbnail":{"file":"WhatsApp-Image-2024-11-13-at-10.46.37-150x150.jpeg","width":150,"height":150,"mime-type":"image\/jpeg","filesize":6421,"source_url":"https:\/\/lavras.tv\/site\/wp-content\/uploads\/2024\/11\/WhatsApp-Image-2024-11-13-at-10.46.37-150x150.jpeg"}},"image_meta":{"aperture":"0","credit":"","camera":"","caption":"","created_timestamp":"0","copyright":"","focal_length":"0","iso":"0","shutter_speed":"0","title":"","orientation":"0","keywords":[]}},"post":137142,"source_url":"https:\/\/lavras.tv\/site\/wp-content\/uploads\/2024\/11\/WhatsApp-Image-2024-11-13-at-10.46.37.jpeg"},"author_meta":{"display_name":"Vinicius Bustamante","author_link":"https:\/\/lavras.tv\/site\/author\/vinicius-bustamante\/"},"featured_img":"https:\/\/lavras.tv\/site\/wp-content\/uploads\/2024\/11\/WhatsApp-Image-2024-11-13-at-10.46.37-400x300.jpeg","coauthors":[],"tax_additional":{"categories":{"linked":["<a href=\"https:\/\/lavras.tv\/site\/category\/destaques\/\" class=\"advgb-post-tax-term\">Destaques<\/a>","<a href=\"https:\/\/lavras.tv\/site\/category\/noticias\/\" class=\"advgb-post-tax-term\">Not\u00edcias<\/a>"],"unlinked":["<span class=\"advgb-post-tax-term\">Destaques<\/span>","<span class=\"advgb-post-tax-term\">Not\u00edcias<\/span>"]}},"comment_count":"0","relative_dates":{"created":"Publicado 1 ano atr\u00e1s","modified":"Atualizado 1 ano atr\u00e1s"},"absolute_dates":{"created":"Publicado em 14 de novembro de 2024","modified":"Atualizado em 14 de novembro de 2024"},"absolute_dates_time":{"created":"Publicado em 14 de novembro de 2024 16:23","modified":"Atualizado em 14 de novembro de 2024 16:23"},"featured_img_caption":"","series_order":"","_links":{"self":[{"href":"https:\/\/lavras.tv\/site\/wp-json\/wp\/v2\/posts\/137142","targetHints":{"allow":["GET"]}}],"collection":[{"href":"https:\/\/lavras.tv\/site\/wp-json\/wp\/v2\/posts"}],"about":[{"href":"https:\/\/lavras.tv\/site\/wp-json\/wp\/v2\/types\/post"}],"author":[{"embeddable":true,"href":"https:\/\/lavras.tv\/site\/wp-json\/wp\/v2\/users\/5"}],"replies":[{"embeddable":true,"href":"https:\/\/lavras.tv\/site\/wp-json\/wp\/v2\/comments?post=137142"}],"version-history":[{"count":1,"href":"https:\/\/lavras.tv\/site\/wp-json\/wp\/v2\/posts\/137142\/revisions"}],"predecessor-version":[{"id":137144,"href":"https:\/\/lavras.tv\/site\/wp-json\/wp\/v2\/posts\/137142\/revisions\/137144"}],"wp:featuredmedia":[{"embeddable":true,"href":"https:\/\/lavras.tv\/site\/wp-json\/wp\/v2\/media\/137143"}],"wp:attachment":[{"href":"https:\/\/lavras.tv\/site\/wp-json\/wp\/v2\/media?parent=137142"}],"wp:term":[{"taxonomy":"category","embeddable":true,"href":"https:\/\/lavras.tv\/site\/wp-json\/wp\/v2\/categories?post=137142"},{"taxonomy":"post_tag","embeddable":true,"href":"https:\/\/lavras.tv\/site\/wp-json\/wp\/v2\/tags?post=137142"}],"curies":[{"name":"wp","href":"https:\/\/api.w.org\/{rel}","templated":true}]}}