{"id":137145,"date":"2024-11-14T16:28:19","date_gmt":"2024-11-14T19:28:19","guid":{"rendered":"https:\/\/lavras.tv\/site\/?p=137145"},"modified":"2024-11-14T16:28:20","modified_gmt":"2024-11-14T19:28:20","slug":"minas-promove-dia-d-de-acao-de-combate-a-violencia-contra-criancas-e-adolescentes-nas-escolas","status":"publish","type":"post","link":"https:\/\/lavras.tv\/site\/2024\/11\/14\/minas-promove-dia-d-de-acao-de-combate-a-violencia-contra-criancas-e-adolescentes-nas-escolas\/","title":{"rendered":"Minas promove Dia D de a\u00e7\u00e3o de combate \u00e0 viol\u00eancia contra crian\u00e7as e adolescentes nas escolas"},"content":{"rendered":"<div class=\"lavra-antes-do-conteudo_2\" id=\"lavra-2351005013\"><div id=\"lavra-slider-27\" class=\"custom-slider lavra-slider-3579022177 lavra-slider\"><ul><li><div style=\"margin-left: auto;margin-right: auto;text-align: center;\" id=\"lavra-4260456905\"><a href=\"https:\/\/sistemas.lavras.mg.gov.br\/portalcidadao\/#df1b1a7c7b2a290bcb31e32771e610784662739a88807c0dacac58ede5f391a7530e299dc302d611ee73cb143fc22eaf93592e53e7b5bdb01b00a0b8d28dae460c141dd2ff83412e4dc1c31b16b25f33144a9e5620ea73b13f5bc1c59411d98439ad226e8af03840603796067d87afe130812cf3de24982d0e306f9e61e764e5\" aria-label=\"Lavras-TV&#8211;720x104px (1) (1)\"><img src=\"https:\/\/lavras.tv\/site\/wp-content\/uploads\/2025\/01\/Lavras-TV-720x104px-1-1.png\" alt=\"\"  srcset=\"https:\/\/lavras.tv\/site\/wp-content\/uploads\/2025\/01\/Lavras-TV-720x104px-1-1.png 720w, https:\/\/lavras.tv\/site\/wp-content\/uploads\/2025\/01\/Lavras-TV-720x104px-1-1-470x68.png 470w, https:\/\/lavras.tv\/site\/wp-content\/uploads\/2025\/01\/Lavras-TV-720x104px-1-1-170x25.png 170w, https:\/\/lavras.tv\/site\/wp-content\/uploads\/2025\/01\/Lavras-TV-720x104px-1-1-200x29.png 200w\" sizes=\"(max-width: 720px) 100vw, 720px\" width=\"720\" height=\"104\"  style=\"display: inline-block;\" \/><\/a><\/div><\/li><li><a href=\"https:\/\/sistemas.lavras.mg.gov.br\/portalcidadao\/#df1b1a7c7b2a290bcb31e32771e610784662739a88807c0dacac58ede5f391a7530e299dc302d611ee73cb143fc22eaf93592e53e7b5bdb01b00a0b8d28dae460c141dd2ff83412e4dc1c31b16b25f33144a9e5620ea73b13f5bc1c59411d98439ad226e8af03840603796067d87afe130812cf3de24982d0e306f9e61e764e5\" aria-label=\"Banner_Emprego_PortallavrasTV\"><img src=\"https:\/\/lavras.tv\/site\/wp-content\/uploads\/2025\/03\/Banner_Emprego_PortallavrasTV.png\" alt=\"\"  srcset=\"https:\/\/lavras.tv\/site\/wp-content\/uploads\/2025\/03\/Banner_Emprego_PortallavrasTV.png 720w, https:\/\/lavras.tv\/site\/wp-content\/uploads\/2025\/03\/Banner_Emprego_PortallavrasTV-470x68.png 470w, https:\/\/lavras.tv\/site\/wp-content\/uploads\/2025\/03\/Banner_Emprego_PortallavrasTV-170x25.png 170w, https:\/\/lavras.tv\/site\/wp-content\/uploads\/2025\/03\/Banner_Emprego_PortallavrasTV-200x29.png 200w\" sizes=\"(max-width: 720px) 100vw, 720px\" width=\"720\" height=\"104\"   \/><\/a><\/li><li><a href=\"https:\/\/sistemas.lavras.mg.gov.br\/portalcidadao\/#df1b1a7c7b2a290bcb31e32771e610784662739a88807c0dacac58ede5f391a7530e299dc302d611ee73cb143fc22eaf93592e53e7b5bdb01b00a0b8d28dae460c141dd2ff83412e4dc1c31b16b25f33144a9e5620ea73b13f5bc1c59411d98439ad226e8af03840603796067d87afe130812cf3de24982d0e306f9e61e764e5\" aria-label=\"Banner_Obras_PortallavrasTV\"><img src=\"https:\/\/lavras.tv\/site\/wp-content\/uploads\/2025\/03\/Banner_Obras_PortallavrasTV.png\" alt=\"\"  srcset=\"https:\/\/lavras.tv\/site\/wp-content\/uploads\/2025\/03\/Banner_Obras_PortallavrasTV.png 720w, https:\/\/lavras.tv\/site\/wp-content\/uploads\/2025\/03\/Banner_Obras_PortallavrasTV-470x68.png 470w, https:\/\/lavras.tv\/site\/wp-content\/uploads\/2025\/03\/Banner_Obras_PortallavrasTV-170x25.png 170w, https:\/\/lavras.tv\/site\/wp-content\/uploads\/2025\/03\/Banner_Obras_PortallavrasTV-200x29.png 200w\" sizes=\"(max-width: 720px) 100vw, 720px\" width=\"720\" height=\"104\"   \/><\/a><\/li><li><div style=\"margin-left: auto;margin-right: auto;text-align: center;\" id=\"lavra-1803387421\"><a href=\"https:\/\/sistemas.lavras.mg.gov.br\/portalcidadao\/#df1b1a7c7b2a290bcb31e32771e610784662739a88807c0dacac58ede5f391a7530e299dc302d611ee73cb143fc22eaf93592e53e7b5bdb01b00a0b8d28dae460c141dd2ff83412e4dc1c31b16b25f33144a9e5620ea73b13f5bc1c59411d98439ad226e8af03840603796067d87afe130812cf3de24982d0e306f9e61e764e5\" aria-label=\"Banner_Educa\u00e7\u00e3o_PortallavrasTV\"><img src=\"https:\/\/lavras.tv\/site\/wp-content\/uploads\/2025\/01\/Banner_Educacao_PortallavrasTV.png\" alt=\"\"  srcset=\"https:\/\/lavras.tv\/site\/wp-content\/uploads\/2025\/01\/Banner_Educacao_PortallavrasTV.png 720w, https:\/\/lavras.tv\/site\/wp-content\/uploads\/2025\/01\/Banner_Educacao_PortallavrasTV-470x68.png 470w, https:\/\/lavras.tv\/site\/wp-content\/uploads\/2025\/01\/Banner_Educacao_PortallavrasTV-170x25.png 170w, https:\/\/lavras.tv\/site\/wp-content\/uploads\/2025\/01\/Banner_Educacao_PortallavrasTV-200x29.png 200w\" sizes=\"(max-width: 720px) 100vw, 720px\" width=\"720\" height=\"104\"  style=\"display: inline-block;\" \/><\/a><\/div><\/li><li><a href=\"https:\/\/sistemas.lavras.mg.gov.br\/portalcidadao\/#df1b1a7c7b2a290bcb31e32771e610784662739a88807c0dacac58ede5f391a7530e299dc302d611ee73cb143fc22eaf93592e53e7b5bdb01b00a0b8d28dae460c141dd2ff83412e4dc1c31b16b25f33144a9e5620ea73b13f5bc1c59411d98439ad226e8af03840603796067d87afe130812cf3de24982d0e306f9e61e764e5\" aria-label=\"Banner_Sa\u00fade_PortallavrasTV\"><img src=\"https:\/\/lavras.tv\/site\/wp-content\/uploads\/2025\/03\/Banner_Saude_PortallavrasTV.png\" alt=\"\"  srcset=\"https:\/\/lavras.tv\/site\/wp-content\/uploads\/2025\/03\/Banner_Saude_PortallavrasTV.png 720w, https:\/\/lavras.tv\/site\/wp-content\/uploads\/2025\/03\/Banner_Saude_PortallavrasTV-470x68.png 470w, https:\/\/lavras.tv\/site\/wp-content\/uploads\/2025\/03\/Banner_Saude_PortallavrasTV-170x25.png 170w, https:\/\/lavras.tv\/site\/wp-content\/uploads\/2025\/03\/Banner_Saude_PortallavrasTV-200x29.png 200w\" sizes=\"(max-width: 720px) 100vw, 720px\" width=\"720\" height=\"104\"   \/><\/a><\/li><li><div id=\"lavra-421817670\" style=\"width:720px;height:104px;background-color:#ddd;overflow:scroll;\">\n\t<strong>Sa\u00edda da depura\u00e7\u00e3o de an\u00fancios<\/strong>\n\t<br><br>\n\tO an\u00fancio n\u00e3o \u00e9 exibido na p\u00e1gina<br><br>post atual: Minas promove Dia D de a\u00e7\u00e3o de combate \u00e0 viol\u00eancia contra crian\u00e7as e adolescentes nas escolas, ID: 137145<br><br><span style=\"color: red;\">O post atual n\u00e3o \u00e9 id\u00eantico ao post principal.<\/span><br><br>An\u00fancios: ROXO - TOPO INTERNA - ROTATIVO 2 (197)<br \/>Grupo de an\u00fancios: Princ_Meio01_720x104 (27)<br><br>Condi\u00e7\u00f5es de exibi\u00e7\u00e3o<div style=\"margin-bottom: 20px; white-space: pre-wrap; font-family: monospace; width: 100%; background: #ffe9e9;\"><strong>condi\u00e7\u00f5es gerais<\/strong><table border=\"1\"><thead><tr><th><\/th><th>An\u00fancios<\/th><th>wp_the_query<\/th><\/tr><\/thead><tr><td>is_main_query<\/td><td>1<\/td><td>1<\/td><\/tr><tr><td>is_rest_api<\/td><td>0<\/td><td>1<\/td><\/tr><tr><td>page<\/td><td>0<\/td><td>1<\/td><\/tr><tr><td>numpages<\/td><td>0<\/td><td>1<\/td><\/tr><tr><td>is_archive<\/td><td>1<\/td><td><\/td><\/tr><tr><td>is_search<\/td><td>1<\/td><td><\/td><\/tr><tr><td>is_home<\/td><td>1<\/td><td><\/td><\/tr><tr><td>is_404<\/td><td>1<\/td><td><\/td><\/tr><tr><td>is_attachment<\/td><td>1<\/td><td><\/td><\/tr><tr><td>is_singular<\/td><td>1<\/td><td><\/td><\/tr><tr><td>is_front_page<\/td><td>1<\/td><td><\/td><\/tr><tr><td>is_feed<\/td><td>1<\/td><td><\/td><\/tr><\/table><\/div><br><br><span style=\"color: red;\">Seu site usa HTTPS, mas o c\u00f3digo do an\u00fancio cont\u00e9m HTTP e pode n\u00e3o funcionar.<\/span>\t<br><br>\n\t<a style=\"color: green;\" href=\"https:\/\/wpadvancedads.com\/manual\/ad-debug-mode\/?utm_source=advanced-ads&utm_medium=link&utm_campaign=ad-debug-mode\" target=\"_blank\" rel=\"nofollow\">Encontre solu\u00e7\u00f5es no manual<\/a>\n<\/div>\n<\/li><\/ul><\/div><script>( window.advanced_ads_ready || jQuery( document ).ready ).call( null, function() {var $lavraslider3579022177 = jQuery( \".lavra-slider-3579022177\" );$lavraslider3579022177.on( \"unslider.ready\", function() { jQuery( \"div.custom-slider ul li\" ).css( \"display\", \"block\" ); });$lavraslider3579022177.unslider({ delay:4000, autoplay:true, nav:false, arrows:false, infinite:true });$lavraslider3579022177.on(\"mouseover\", function() {$lavraslider3579022177.unslider(\"stop\");}).on(\"mouseout\", function() {$lavraslider3579022177.unslider(\"start\");});});<\/script><\/div>\n<p><em>De olho nos criminosos que atentam contra menores, Opera\u00e7\u00e3o Hagnos mobiliza profissionais para apurar e estimular den\u00fancias em todo o estado<\/em><\/p>\n\n\n\n<figure class=\"wp-block-image size-large\"><img fetchpriority=\"high\" decoding=\"async\" width=\"970\" height=\"728\" src=\"https:\/\/lavras.tv\/site\/wp-content\/uploads\/2024\/11\/Hagnos-1-970x728.jpeg\" alt=\"\" class=\"wp-image-137146\" srcset=\"https:\/\/lavras.tv\/site\/wp-content\/uploads\/2024\/11\/Hagnos-1-970x728.jpeg 970w, https:\/\/lavras.tv\/site\/wp-content\/uploads\/2024\/11\/Hagnos-1-400x300.jpeg 400w, https:\/\/lavras.tv\/site\/wp-content\/uploads\/2024\/11\/Hagnos-1-170x128.jpeg 170w, https:\/\/lavras.tv\/site\/wp-content\/uploads\/2024\/11\/Hagnos-1-200x150.jpeg 200w, https:\/\/lavras.tv\/site\/wp-content\/uploads\/2024\/11\/Hagnos-1.jpeg 1280w\" sizes=\"(max-width: 970px) 100vw, 970px\" \/><\/figure>\n\n\n\n<p>Profissionais das for\u00e7as de seguran\u00e7a do&nbsp;<a href=\"https:\/\/www.mg.gov.br\/\" target=\"_blank\" rel=\"noreferrer noopener\">Governo de Minas<\/a>&nbsp;e de \u00e1reas parceiras realizam, nesta quarta-feira (13\/11), visitas a escolas em diversas regi\u00f5es do estado para levar informa\u00e7\u00f5es sobre os diferentes tipos de viol\u00eancias praticadas contra crian\u00e7as e adolescentes, al\u00e9m de orientar sobre como pedir ajuda e os canais de den\u00fancias.<br><br>Dados do Observat\u00f3rio de Seguran\u00e7a P\u00fablica, da&nbsp;<a href=\"https:\/\/www.seguranca.mg.gov.br\/\" target=\"_blank\" rel=\"noreferrer noopener\">Secretaria de Estado de Justi\u00e7a e Seguran\u00e7a P\u00fablica de Minas Gerais (Sejusp)<\/a>, mostram que os crimes sexuais contra crian\u00e7as e adolescentes tiveram redu\u00e7\u00e3o tanto em Minas Gerais quanto na capital, no per\u00edodo de janeiro a setembro, comparando 2023 e 2024.<br><br>No ano passado foram registrados 5.875 crimes e, este ano, no per\u00edodo avaliado, s\u00e3o 5.699 registros no estado. Em Belo Horizonte, a redu\u00e7\u00e3o \u00e9 de 12%, passando de 754 ocorr\u00eancias no ano anterior para 660 este ano.<br><br>Os crimes avaliados envolvem importuna\u00e7\u00e3o sexual, explora\u00e7\u00e3o sexual de menor e ass\u00e9dio sexual. E, com o objetivo de reduzir ainda mais esses \u00edndices e aumentar as den\u00fancias via Disque 181, a Opera\u00e7\u00e3o Hagnos foi desencadeada no dia 1\/11, com a realiza\u00e7\u00e3o de in\u00fameras a\u00e7\u00f5es preventivas e repressivas em todo o estado.<\/p>\n\n\n\n<p>Na \u00faltima quarta (6\/11) a&nbsp;<a href=\"https:\/\/www.policiacivil.mg.gov.br\/\" target=\"_blank\" rel=\"noreferrer noopener\">Pol\u00edcia Civil de Minas Gerais (PCMG)<\/a>&nbsp;prendeu seis indiv\u00edduos, suspeitos de crimes contra crian\u00e7as e adolescentes. A a\u00e7\u00e3o foi realizada em conjunto com a Pol\u00edcia Federal, que apreendeu dispositivos eletr\u00f4nicos de dois alvos investigados, um deles preso em flagrante na capital mineira.<br><br>Ao longo de todo o m\u00eas de novembro, a Sejusp tem coordenado o fomento a a\u00e7\u00f5es espec\u00edficas de combate aos crimes contra as crian\u00e7as e adolescentes das for\u00e7as de seguran\u00e7a \u2013&nbsp;<a href=\"https:\/\/www.policiamilitar.mg.gov.br\/\" target=\"_blank\" rel=\"noreferrer noopener\">Pol\u00edcia Militar<\/a>, Pol\u00edcia Civil,&nbsp;<a href=\"https:\/\/depen.seguranca.mg.gov.br\/\" target=\"_blank\" rel=\"noreferrer noopener\">Pol\u00edcia Penal<\/a>, Pol\u00edcia Federal, Pol\u00edcia Rodovi\u00e1ria Federal e&nbsp;<a href=\"https:\/\/www.bombeiros.mg.gov.br\/\" target=\"_blank\" rel=\"noreferrer noopener\">Corpo de Bombeiros Militar<\/a>&nbsp;\u2013 e institui\u00e7\u00f5es parceiras, como a Secretaria de Estado de Desenvolvimento Social (Sedese-MG), o Sistema Socioeducativo e a Subsecretaria de Preven\u00e7\u00e3o Social \u00e0 Criminalidade da Sejusp.<\/p>\n\n\n\n<p>Uma das unidades de ensino que receber\u00e1 profissionais envolvidos na Opera\u00e7\u00e3o Hagnos \u00e9 a Escola Estadual Hugo Viana, localizada em Ribeir\u00e3o das Neves, na Regi\u00e3o Metropolitana de Belo Horizonte. Cerca de 140 alunos receber\u00e3o orienta\u00e7\u00f5es na tarde desta quarta-feira.<br><br>Para o superintendente de Integra\u00e7\u00e3o e Planejamento Operacional da Sejusp, Bernardo Naves, &#8220;\u00e9 essencial que as crian\u00e7as e os adolescentes saibam que n\u00e3o est\u00e3o sozinhos e que existem canais de apoio para eles. Falar sobre sinais de abuso e maneiras de prevenir situa\u00e7\u00f5es de risco \u00e9 essencial no ambiente escolar&#8221;.<br><br>Um balan\u00e7o final das a\u00e7\u00f5es preventivas, repressivas e ostensivas ser\u00e1 realizado ao t\u00e9rmino da Opera\u00e7\u00e3o Hagnos, no fim do m\u00eas. At\u00e9 l\u00e1, investiga\u00e7\u00f5es estar\u00e3o em curso e cumprimentos de mandados contra criminosos tamb\u00e9m devem ser realizados pelas for\u00e7as de seguran\u00e7a. Ainda, como parte da opera\u00e7\u00e3o, uma grande a\u00e7\u00e3o educativa ser\u00e1 realizada no dia 26\/11, na Pra\u00e7a Sete, em Belo Horizonte.<\/p>\n","protected":false},"excerpt":{"rendered":"<p>De olho nos criminosos que atentam contra menores, Opera\u00e7\u00e3o Hagnos mobiliza profissionais para apurar e estimular den\u00fancias em todo o estado Profissionais das for\u00e7as de seguran\u00e7a do&nbsp;Governo de Minas&nbsp;e de \u00e1reas parceiras realizam, nesta quarta-feira (13\/11), visitas a escolas em diversas regi\u00f5es do estado para levar informa\u00e7\u00f5es sobre os diferentes tipos de viol\u00eancias praticadas contra [&hellip;]<\/p>\n","protected":false},"author":5,"featured_media":137146,"comment_status":"closed","ping_status":"open","sticky":false,"template":"","format":"standard","meta":{"advgb_blocks_editor_width":"","advgb_blocks_columns_visual_guide":"","_exactmetrics_skip_tracking":false,"_exactmetrics_sitenote_active":false,"_exactmetrics_sitenote_note":"","_exactmetrics_sitenote_category":0,"footnotes":""},"categories":[7,2],"tags":[],"class_list":["post-137145","post","type-post","status-publish","format-standard","has-post-thumbnail","hentry","category-destaques","category-noticias"],"better_featured_image":{"id":137146,"alt_text":"","caption":"","description":"","media_type":"image","media_details":{"width":1280,"height":960,"file":"2024\/11\/Hagnos-1.jpeg","filesize":200381,"sizes":{"medium":{"file":"Hagnos-1-400x300.jpeg","width":400,"height":300,"mime-type":"image\/jpeg","filesize":31706,"source_url":"https:\/\/lavras.tv\/site\/wp-content\/uploads\/2024\/11\/Hagnos-1-400x300.jpeg"},"large":{"file":"Hagnos-1-970x728.jpeg","width":970,"height":728,"mime-type":"image\/jpeg","filesize":143657,"source_url":"https:\/\/lavras.tv\/site\/wp-content\/uploads\/2024\/11\/Hagnos-1-970x728.jpeg"},"thumbnail":{"file":"Hagnos-1-170x128.jpeg","width":170,"height":128,"mime-type":"image\/jpeg","filesize":7459,"source_url":"https:\/\/lavras.tv\/site\/wp-content\/uploads\/2024\/11\/Hagnos-1-170x128.jpeg"},"lshowcase-thumb":{"file":"Hagnos-1-200x150.jpeg","width":200,"height":150,"mime-type":"image\/jpeg","filesize":9879,"source_url":"https:\/\/lavras.tv\/site\/wp-content\/uploads\/2024\/11\/Hagnos-1-200x150.jpeg"},"alm-thumbnail":{"file":"Hagnos-1-150x150.jpeg","width":150,"height":150,"mime-type":"image\/jpeg","filesize":7485,"source_url":"https:\/\/lavras.tv\/site\/wp-content\/uploads\/2024\/11\/Hagnos-1-150x150.jpeg"}},"image_meta":{"aperture":"0","credit":"","camera":"","caption":"","created_timestamp":"0","copyright":"","focal_length":"0","iso":"0","shutter_speed":"0","title":"","orientation":"0","keywords":[]}},"post":137145,"source_url":"https:\/\/lavras.tv\/site\/wp-content\/uploads\/2024\/11\/Hagnos-1.jpeg"},"author_meta":{"display_name":"Vinicius Bustamante","author_link":"https:\/\/lavras.tv\/site\/author\/vinicius-bustamante\/"},"featured_img":"https:\/\/lavras.tv\/site\/wp-content\/uploads\/2024\/11\/Hagnos-1-400x300.jpeg","coauthors":[],"tax_additional":{"categories":{"linked":["<a href=\"https:\/\/lavras.tv\/site\/category\/destaques\/\" class=\"advgb-post-tax-term\">Destaques<\/a>","<a href=\"https:\/\/lavras.tv\/site\/category\/noticias\/\" class=\"advgb-post-tax-term\">Not\u00edcias<\/a>"],"unlinked":["<span class=\"advgb-post-tax-term\">Destaques<\/span>","<span class=\"advgb-post-tax-term\">Not\u00edcias<\/span>"]}},"comment_count":"0","relative_dates":{"created":"Publicado 1 ano atr\u00e1s","modified":"Atualizado 1 ano atr\u00e1s"},"absolute_dates":{"created":"Publicado em 14 de novembro de 2024","modified":"Atualizado em 14 de novembro de 2024"},"absolute_dates_time":{"created":"Publicado em 14 de novembro de 2024 16:28","modified":"Atualizado em 14 de novembro de 2024 16:28"},"featured_img_caption":"","series_order":"","_links":{"self":[{"href":"https:\/\/lavras.tv\/site\/wp-json\/wp\/v2\/posts\/137145","targetHints":{"allow":["GET"]}}],"collection":[{"href":"https:\/\/lavras.tv\/site\/wp-json\/wp\/v2\/posts"}],"about":[{"href":"https:\/\/lavras.tv\/site\/wp-json\/wp\/v2\/types\/post"}],"author":[{"embeddable":true,"href":"https:\/\/lavras.tv\/site\/wp-json\/wp\/v2\/users\/5"}],"replies":[{"embeddable":true,"href":"https:\/\/lavras.tv\/site\/wp-json\/wp\/v2\/comments?post=137145"}],"version-history":[{"count":1,"href":"https:\/\/lavras.tv\/site\/wp-json\/wp\/v2\/posts\/137145\/revisions"}],"predecessor-version":[{"id":137147,"href":"https:\/\/lavras.tv\/site\/wp-json\/wp\/v2\/posts\/137145\/revisions\/137147"}],"wp:featuredmedia":[{"embeddable":true,"href":"https:\/\/lavras.tv\/site\/wp-json\/wp\/v2\/media\/137146"}],"wp:attachment":[{"href":"https:\/\/lavras.tv\/site\/wp-json\/wp\/v2\/media?parent=137145"}],"wp:term":[{"taxonomy":"category","embeddable":true,"href":"https:\/\/lavras.tv\/site\/wp-json\/wp\/v2\/categories?post=137145"},{"taxonomy":"post_tag","embeddable":true,"href":"https:\/\/lavras.tv\/site\/wp-json\/wp\/v2\/tags?post=137145"}],"curies":[{"name":"wp","href":"https:\/\/api.w.org\/{rel}","templated":true}]}}