{"id":137148,"date":"2024-11-14T16:37:14","date_gmt":"2024-11-14T19:37:14","guid":{"rendered":"https:\/\/lavras.tv\/site\/?p=137148"},"modified":"2024-11-14T16:37:15","modified_gmt":"2024-11-14T19:37:15","slug":"em-ano-recorde-de-atendimentos-balanco-dos-bombeiros-revela-reducao-de-mais-de-20-em-area-queimada-nas-unidades-de-conservacao","status":"publish","type":"post","link":"https:\/\/lavras.tv\/site\/2024\/11\/14\/em-ano-recorde-de-atendimentos-balanco-dos-bombeiros-revela-reducao-de-mais-de-20-em-area-queimada-nas-unidades-de-conservacao\/","title":{"rendered":"Em ano recorde de atendimentos, balan\u00e7o dos bombeiros revela redu\u00e7\u00e3o de mais de 20% em \u00e1rea queimada nas Unidades de Conserva\u00e7\u00e3o"},"content":{"rendered":"<div class=\"lavra-antes-do-conteudo_2\" id=\"lavra-1818114027\"><div id=\"lavra-slider-27\" class=\"custom-slider lavra-slider-2771109678 lavra-slider\"><ul><li><div style=\"margin-left: auto;margin-right: auto;text-align: center;\" id=\"lavra-3854374574\"><a href=\"https:\/\/sistemas.lavras.mg.gov.br\/portalcidadao\/#df1b1a7c7b2a290bcb31e32771e610784662739a88807c0dacac58ede5f391a7530e299dc302d611ee73cb143fc22eaf93592e53e7b5bdb01b00a0b8d28dae460c141dd2ff83412e4dc1c31b16b25f33144a9e5620ea73b13f5bc1c59411d98439ad226e8af03840603796067d87afe130812cf3de24982d0e306f9e61e764e5\" aria-label=\"Lavras-TV&#8211;720x104px (1) (1)\"><img src=\"https:\/\/lavras.tv\/site\/wp-content\/uploads\/2025\/01\/Lavras-TV-720x104px-1-1.png\" alt=\"\"  srcset=\"https:\/\/lavras.tv\/site\/wp-content\/uploads\/2025\/01\/Lavras-TV-720x104px-1-1.png 720w, https:\/\/lavras.tv\/site\/wp-content\/uploads\/2025\/01\/Lavras-TV-720x104px-1-1-470x68.png 470w, https:\/\/lavras.tv\/site\/wp-content\/uploads\/2025\/01\/Lavras-TV-720x104px-1-1-170x25.png 170w, https:\/\/lavras.tv\/site\/wp-content\/uploads\/2025\/01\/Lavras-TV-720x104px-1-1-200x29.png 200w\" sizes=\"(max-width: 720px) 100vw, 720px\" width=\"720\" height=\"104\"  style=\"display: inline-block;\" \/><\/a><\/div><\/li><li><a href=\"https:\/\/sistemas.lavras.mg.gov.br\/portalcidadao\/#df1b1a7c7b2a290bcb31e32771e610784662739a88807c0dacac58ede5f391a7530e299dc302d611ee73cb143fc22eaf93592e53e7b5bdb01b00a0b8d28dae460c141dd2ff83412e4dc1c31b16b25f33144a9e5620ea73b13f5bc1c59411d98439ad226e8af03840603796067d87afe130812cf3de24982d0e306f9e61e764e5\" aria-label=\"Banner_Emprego_PortallavrasTV\"><img src=\"https:\/\/lavras.tv\/site\/wp-content\/uploads\/2025\/03\/Banner_Emprego_PortallavrasTV.png\" alt=\"\"  srcset=\"https:\/\/lavras.tv\/site\/wp-content\/uploads\/2025\/03\/Banner_Emprego_PortallavrasTV.png 720w, https:\/\/lavras.tv\/site\/wp-content\/uploads\/2025\/03\/Banner_Emprego_PortallavrasTV-470x68.png 470w, https:\/\/lavras.tv\/site\/wp-content\/uploads\/2025\/03\/Banner_Emprego_PortallavrasTV-170x25.png 170w, https:\/\/lavras.tv\/site\/wp-content\/uploads\/2025\/03\/Banner_Emprego_PortallavrasTV-200x29.png 200w\" sizes=\"(max-width: 720px) 100vw, 720px\" width=\"720\" height=\"104\"   \/><\/a><\/li><li><a href=\"https:\/\/sistemas.lavras.mg.gov.br\/portalcidadao\/#df1b1a7c7b2a290bcb31e32771e610784662739a88807c0dacac58ede5f391a7530e299dc302d611ee73cb143fc22eaf93592e53e7b5bdb01b00a0b8d28dae460c141dd2ff83412e4dc1c31b16b25f33144a9e5620ea73b13f5bc1c59411d98439ad226e8af03840603796067d87afe130812cf3de24982d0e306f9e61e764e5\" aria-label=\"Banner_Obras_PortallavrasTV\"><img src=\"https:\/\/lavras.tv\/site\/wp-content\/uploads\/2025\/03\/Banner_Obras_PortallavrasTV.png\" alt=\"\"  srcset=\"https:\/\/lavras.tv\/site\/wp-content\/uploads\/2025\/03\/Banner_Obras_PortallavrasTV.png 720w, https:\/\/lavras.tv\/site\/wp-content\/uploads\/2025\/03\/Banner_Obras_PortallavrasTV-470x68.png 470w, https:\/\/lavras.tv\/site\/wp-content\/uploads\/2025\/03\/Banner_Obras_PortallavrasTV-170x25.png 170w, https:\/\/lavras.tv\/site\/wp-content\/uploads\/2025\/03\/Banner_Obras_PortallavrasTV-200x29.png 200w\" sizes=\"(max-width: 720px) 100vw, 720px\" width=\"720\" height=\"104\"   \/><\/a><\/li><li><div style=\"margin-left: auto;margin-right: auto;text-align: center;\" id=\"lavra-3607036833\"><a href=\"https:\/\/sistemas.lavras.mg.gov.br\/portalcidadao\/#df1b1a7c7b2a290bcb31e32771e610784662739a88807c0dacac58ede5f391a7530e299dc302d611ee73cb143fc22eaf93592e53e7b5bdb01b00a0b8d28dae460c141dd2ff83412e4dc1c31b16b25f33144a9e5620ea73b13f5bc1c59411d98439ad226e8af03840603796067d87afe130812cf3de24982d0e306f9e61e764e5\" aria-label=\"Banner_Educa\u00e7\u00e3o_PortallavrasTV\"><img src=\"https:\/\/lavras.tv\/site\/wp-content\/uploads\/2025\/01\/Banner_Educacao_PortallavrasTV.png\" alt=\"\"  srcset=\"https:\/\/lavras.tv\/site\/wp-content\/uploads\/2025\/01\/Banner_Educacao_PortallavrasTV.png 720w, https:\/\/lavras.tv\/site\/wp-content\/uploads\/2025\/01\/Banner_Educacao_PortallavrasTV-470x68.png 470w, https:\/\/lavras.tv\/site\/wp-content\/uploads\/2025\/01\/Banner_Educacao_PortallavrasTV-170x25.png 170w, https:\/\/lavras.tv\/site\/wp-content\/uploads\/2025\/01\/Banner_Educacao_PortallavrasTV-200x29.png 200w\" sizes=\"(max-width: 720px) 100vw, 720px\" width=\"720\" height=\"104\"  style=\"display: inline-block;\" \/><\/a><\/div><\/li><li><a href=\"https:\/\/sistemas.lavras.mg.gov.br\/portalcidadao\/#df1b1a7c7b2a290bcb31e32771e610784662739a88807c0dacac58ede5f391a7530e299dc302d611ee73cb143fc22eaf93592e53e7b5bdb01b00a0b8d28dae460c141dd2ff83412e4dc1c31b16b25f33144a9e5620ea73b13f5bc1c59411d98439ad226e8af03840603796067d87afe130812cf3de24982d0e306f9e61e764e5\" aria-label=\"Banner_Sa\u00fade_PortallavrasTV\"><img src=\"https:\/\/lavras.tv\/site\/wp-content\/uploads\/2025\/03\/Banner_Saude_PortallavrasTV.png\" alt=\"\"  srcset=\"https:\/\/lavras.tv\/site\/wp-content\/uploads\/2025\/03\/Banner_Saude_PortallavrasTV.png 720w, https:\/\/lavras.tv\/site\/wp-content\/uploads\/2025\/03\/Banner_Saude_PortallavrasTV-470x68.png 470w, https:\/\/lavras.tv\/site\/wp-content\/uploads\/2025\/03\/Banner_Saude_PortallavrasTV-170x25.png 170w, https:\/\/lavras.tv\/site\/wp-content\/uploads\/2025\/03\/Banner_Saude_PortallavrasTV-200x29.png 200w\" sizes=\"(max-width: 720px) 100vw, 720px\" width=\"720\" height=\"104\"   \/><\/a><\/li><li><div id=\"lavra-4011707871\" style=\"width:720px;height:104px;background-color:#ddd;overflow:scroll;\">\n\t<strong>Sa\u00edda da depura\u00e7\u00e3o de an\u00fancios<\/strong>\n\t<br><br>\n\tO an\u00fancio n\u00e3o \u00e9 exibido na p\u00e1gina<br><br>post atual: Em ano recorde de atendimentos, balan\u00e7o dos bombeiros revela redu\u00e7\u00e3o de mais de 20% em \u00e1rea queimada nas Unidades de Conserva\u00e7\u00e3o, ID: 137148<br><br><span style=\"color: red;\">O post atual n\u00e3o \u00e9 id\u00eantico ao post principal.<\/span><br><br>An\u00fancios: ROXO - TOPO INTERNA - ROTATIVO 2 (197)<br \/>Grupo de an\u00fancios: Princ_Meio01_720x104 (27)<br><br>Condi\u00e7\u00f5es de exibi\u00e7\u00e3o<div style=\"margin-bottom: 20px; white-space: pre-wrap; font-family: monospace; width: 100%; background: #ffe9e9;\"><strong>condi\u00e7\u00f5es gerais<\/strong><table border=\"1\"><thead><tr><th><\/th><th>An\u00fancios<\/th><th>wp_the_query<\/th><\/tr><\/thead><tr><td>is_main_query<\/td><td>1<\/td><td>1<\/td><\/tr><tr><td>is_rest_api<\/td><td>0<\/td><td>1<\/td><\/tr><tr><td>page<\/td><td>0<\/td><td>1<\/td><\/tr><tr><td>numpages<\/td><td>0<\/td><td>1<\/td><\/tr><tr><td>is_archive<\/td><td>1<\/td><td><\/td><\/tr><tr><td>is_search<\/td><td>1<\/td><td><\/td><\/tr><tr><td>is_home<\/td><td>1<\/td><td><\/td><\/tr><tr><td>is_404<\/td><td>1<\/td><td><\/td><\/tr><tr><td>is_attachment<\/td><td>1<\/td><td><\/td><\/tr><tr><td>is_singular<\/td><td>1<\/td><td><\/td><\/tr><tr><td>is_front_page<\/td><td>1<\/td><td><\/td><\/tr><tr><td>is_feed<\/td><td>1<\/td><td><\/td><\/tr><\/table><\/div><br><br><span style=\"color: red;\">Seu site usa HTTPS, mas o c\u00f3digo do an\u00fancio cont\u00e9m HTTP e pode n\u00e3o funcionar.<\/span>\t<br><br>\n\t<a style=\"color: green;\" href=\"https:\/\/wpadvancedads.com\/manual\/ad-debug-mode\/?utm_source=advanced-ads&utm_medium=link&utm_campaign=ad-debug-mode\" target=\"_blank\" rel=\"nofollow\">Encontre solu\u00e7\u00f5es no manual<\/a>\n<\/div>\n<\/li><\/ul><\/div><script>( window.advanced_ads_ready || jQuery( document ).ready ).call( null, function() {var $lavraslider2771109678 = jQuery( \".lavra-slider-2771109678\" );$lavraslider2771109678.on( \"unslider.ready\", function() { jQuery( \"div.custom-slider ul li\" ).css( \"display\", \"block\" ); });$lavraslider2771109678.unslider({ delay:4000, autoplay:true, nav:false, arrows:false, infinite:true });$lavraslider2771109678.on(\"mouseover\", function() {$lavraslider2771109678.unslider(\"stop\");}).on(\"mouseout\", function() {$lavraslider2771109678.unslider(\"start\");});});<\/script><\/div>\n<p><em>Tecnologia aplicada e prontid\u00e3o em bases garantem saldo positivo contra os inc\u00eandios<\/em><\/p>\n\n\n\n<figure class=\"wp-block-image size-large\"><img fetchpriority=\"high\" decoding=\"async\" width=\"970\" height=\"647\" src=\"http:\/\/lavras.tv\/site\/wp-content\/uploads\/2024\/11\/IMG_7005-970x647.jpg\" alt=\"\" class=\"wp-image-137149\" srcset=\"https:\/\/lavras.tv\/site\/wp-content\/uploads\/2024\/11\/IMG_7005-970x647.jpg 970w, https:\/\/lavras.tv\/site\/wp-content\/uploads\/2024\/11\/IMG_7005-450x300.jpg 450w, https:\/\/lavras.tv\/site\/wp-content\/uploads\/2024\/11\/IMG_7005-170x113.jpg 170w, https:\/\/lavras.tv\/site\/wp-content\/uploads\/2024\/11\/IMG_7005-200x133.jpg 200w, https:\/\/lavras.tv\/site\/wp-content\/uploads\/2024\/11\/IMG_7005-1536x1024.jpg 1536w\" sizes=\"(max-width: 970px) 100vw, 970px\" \/><figcaption class=\"wp-element-caption\">Corpo de Bombeiros Militar de Minas Gerais<\/figcaption><\/figure>\n\n\n\n<p>Em 2024, o&nbsp;<a href=\"https:\/\/www.bombeiros.mg.gov.br\/\" target=\"_blank\" rel=\"noreferrer noopener\">Corpo de Bombeiros Militar de Minas Gerais (CBMMG)<\/a>&nbsp;foi colocado \u00e0 prova pelos mais de 29 mil registros de inc\u00eandios em vegeta\u00e7\u00e3o no contexto global das mudan\u00e7as clim\u00e1ticas. Diante deste cen\u00e1rio, a corpora\u00e7\u00e3o consolidou resultados parciais das a\u00e7\u00f5es de preserva\u00e7\u00e3o e combate nas Unidades de Conserva\u00e7\u00e3o (UCs).<\/p>\n\n\n\n<p>Em que pese o ano recorde de atendimentos, as estat\u00edsticas revelaram uma redu\u00e7\u00e3o de 20,3% de \u00e1rea queimada nas UCs e zonas de amortecimento. Os dados validam a efici\u00eancia da instala\u00e7\u00e3o das bases operacionais e a efetividade de investimentos do&nbsp;<a href=\"https:\/\/www.mg.gov.br\/\" target=\"_blank\" rel=\"noreferrer noopener\">Governo de Minas<\/a>&nbsp;na For\u00e7a Tarefa Previnc\u00eandio (FTP).<\/p>\n\n\n\n<p>A redu\u00e7\u00e3o de \u00e1rea queimada nos per\u00edmetros de prote\u00e7\u00e3o integral \u00e9 significativa, principalmente do ponto de vista de conserva\u00e7\u00e3o do patrim\u00f4nio natural, na medida em que o esfor\u00e7o de resposta conseguiu evitar a destrui\u00e7\u00e3o de nascentes, \u00e1reas de vegeta\u00e7\u00e3o prim\u00e1ria, corredores de biodiversidade, preservando um elevado n\u00famero de esp\u00e9cies raras e a distribui\u00e7\u00e3o fitogeogr\u00e1fica que comp\u00f5em as UCs.<\/p>\n\n\n\n<p>O balan\u00e7o parcial contempla dados at\u00e9 o dia 1\/11, resultado da integra\u00e7\u00e3o entre o CBMMG, a&nbsp;<a href=\"https:\/\/meioambiente.mg.gov.br\/\" target=\"_blank\" rel=\"noreferrer noopener\">Secretaria de Estado de Meio Ambiente<\/a>,&nbsp;<a href=\"https:\/\/www.ief.mg.gov.br\/\" target=\"_blank\" rel=\"noreferrer noopener\">Instituto Estadual de Florestas<\/a>,&nbsp;<a href=\"https:\/\/www.policiamilitar.mg.gov.br\/\" target=\"_blank\" rel=\"noreferrer noopener\">Pol\u00edcia Militar<\/a>,&nbsp;<a href=\"https:\/\/www.policiacivil.mg.gov.br\/\" target=\"_blank\" rel=\"noreferrer noopener\">Pol\u00edcia Civil<\/a>,&nbsp;<a href=\"https:\/\/www.defesacivil.mg.gov.br\/\" target=\"_blank\" rel=\"noreferrer noopener\">Coordenadoria Estadual de Defesa Civil<\/a>, \u00f3rg\u00e3os federais, brigadistas e volunt\u00e1rios.<\/p>\n\n\n\n<p><strong>An\u00e1lise das principais a\u00e7\u00f5es<\/strong><\/p>\n\n\n\n<p>Para implementar o planejamento, o Governo de Minas investiu R$ 10 milh\u00f5es que foram aplicados em a\u00e7\u00f5es de preven\u00e7\u00e3o e resposta, com destaque para o uso de tecnologia da&nbsp;<a href=\"https:\/\/agenciaminas.mg.gov.br\/noticia\/governo-de-minas-aposta-em-tecnologia-e-experiencia-do-corpo-de-bombeiros-no-gerenciamento-de-desastres-para-enfrentar-estiagem-severa-no-estado\" target=\"_blank\" rel=\"noreferrer noopener\">Sala de Coordena\u00e7\u00e3o Operacional<\/a>, instalada no Centro Integrado de Comando e Controle (CICC), onde foram utilizadas imagens de sat\u00e9lite para monitoramento dos pontos de calor, o que permitiu com que 72,65% dos focos de inc\u00eandio fossem combatidos em menos de 24h.<\/p>\n\n\n\n<p>Outro importante passo neste contexto do investimento, foi a inser\u00e7\u00e3o de\u00a0<a href=\"https:\/\/www.agenciaminas.mg.gov.br\/noticia\/com-bases-operacionais-bombeiros-querem-agilizar-atuacao-em-areas-de-incendios-em-minas-gerais\" target=\"_blank\" rel=\"noreferrer noopener\">bases operacionais em Unidades de Conserva\u00e7\u00e3o<\/a>\u00a0identificadas com maior registro de ocorr\u00eancias. A instala\u00e7\u00e3o das bases compostas por bombeiros e brigadistas, de prontid\u00e3o para preven\u00e7\u00e3o e combate \u00e0s chamas, viabilizou cerca de 60% de redu\u00e7\u00e3o de \u00e1rea queimada, em pelo menos seis UCs. Coch\u00e1 e Gib\u00e3o, no Norte de Minas, com maior hist\u00f3rico de \u00e1rea queimada dos \u00faltimos 11 anos, obteve redu\u00e7\u00e3o de 83%.<\/p>\n\n\n<div class=\"wp-block-image\">\n<figure class=\"aligncenter size-full\"><img decoding=\"async\" width=\"549\" height=\"189\" src=\"https:\/\/lavras.tv\/site\/wp-content\/uploads\/2024\/11\/unnamed-1.png\" alt=\"\" class=\"wp-image-137150\" srcset=\"https:\/\/lavras.tv\/site\/wp-content\/uploads\/2024\/11\/unnamed-1.png 549w, https:\/\/lavras.tv\/site\/wp-content\/uploads\/2024\/11\/unnamed-1-470x162.png 470w, https:\/\/lavras.tv\/site\/wp-content\/uploads\/2024\/11\/unnamed-1-170x59.png 170w, https:\/\/lavras.tv\/site\/wp-content\/uploads\/2024\/11\/unnamed-1-200x69.png 200w\" sizes=\"(max-width: 549px) 100vw, 549px\" \/><\/figure>\n<\/div>\n\n\n<p>Visando o pr\u00f3ximo ano, a corpora\u00e7\u00e3o percebe a necessidade de refor\u00e7ar as 28.585 vistorias e intensificar a\u00e7\u00f5es de incentivo aos munic\u00edpios para cria\u00e7\u00e3o de legisla\u00e7\u00e3o que responsabilize os propriet\u00e1rios pela manuten\u00e7\u00e3o de seus terrenos. Estes inc\u00eandios influenciaram negativamente a APA Sul, que registrou um aumento de 3.421 hectares de \u00e1rea queimada nos munic\u00edpios de cobertura.<\/p>\n\n\n\n<p>A discuss\u00e3o ainda se amplia na necessidade de envolver empreendedores que ao constru\u00edrem edifica\u00e7\u00f5es vizinhas \u00e0 vegeta\u00e7\u00e3o, assumam a instala\u00e7\u00e3o de medidas contra o avan\u00e7o das chamas para ambientes naturais e urbanos.<\/p>\n\n\n\n<p>De olho na a\u00e7\u00e3o humana, o CBMMG apoiou nas&nbsp;<a href=\"https:\/\/www.agenciaminas.mg.gov.br\/noticia\/governo-de-minas-intensifica-procedimentos-investigativos-sobre-incendios-em-matas-e-florestas\" target=\"_blank\" rel=\"noreferrer noopener\">investiga\u00e7\u00f5es de inc\u00eandios criminosos<\/a>, desenvolvido pela seguran\u00e7a p\u00fablica de Minas. A recorr\u00eancia dos crimes, a baixa precipita\u00e7\u00e3o, acompanhadas de ondas de calor, contribu\u00edram para um cen\u00e1rio prejudicial \u00e0 qualidade do ar nos centros urbanos, acendendo um alerta para a\u00e7\u00f5es integradas em prol da sa\u00fade p\u00fablica.<\/p>\n\n\n\n<p><strong>Perspectivas para os pr\u00f3ximos meses<\/strong><\/p>\n\n\n\n<p>At\u00e9 o final de novembro, a corpora\u00e7\u00e3o trabalha no desenvolvimento de um Report Final do Per\u00edodo de Estiagem, a ser divulgado no final do m\u00eas.<\/p>\n\n\n\n<p>\u201cPara 2025, os desafios apontam a necessidade de intensificar estrat\u00e9gicas com saldo positivo, sobretudo com o&nbsp;<a href=\"https:\/\/agenciaminas.mg.gov.br\/noticia\/governo-do-estado-utiliza-tecnologia-de-satelites-para-combater-incendios-florestais-em-minas\" target=\"_blank\" rel=\"noreferrer noopener\">uso da tecnologia<\/a>. Nesse sentido, a corpora\u00e7\u00e3o j\u00e1 adquiriu licen\u00e7as do software ArcGIS, aprimorando a capacidade de geoprocessamento das opera\u00e7\u00f5es e estuda a implementa\u00e7\u00e3o de novas Bases Operacionais em UCs&nbsp;\u201d, comentou o tenente-coronel Ivan Neto, coordenador de Meio Ambiente do CBMMG.<\/p>\n\n\n\n<p>Entre as metas, o CBMMG prioriza a capacita\u00e7\u00e3o de brigadistas e volunt\u00e1rios, visando o aperfei\u00e7oamento da interlocu\u00e7\u00e3o com essas entidades, reconhecidas pelo importante servi\u00e7o na preserva\u00e7\u00e3o das UCs no estado.<\/p>\n","protected":false},"excerpt":{"rendered":"<p>Tecnologia aplicada e prontid\u00e3o em bases garantem saldo positivo contra os inc\u00eandios Em 2024, o&nbsp;Corpo de Bombeiros Militar de Minas Gerais (CBMMG)&nbsp;foi colocado \u00e0 prova pelos mais de 29 mil registros de inc\u00eandios em vegeta\u00e7\u00e3o no contexto global das mudan\u00e7as clim\u00e1ticas. Diante deste cen\u00e1rio, a corpora\u00e7\u00e3o consolidou resultados parciais das a\u00e7\u00f5es de preserva\u00e7\u00e3o e combate [&hellip;]<\/p>\n","protected":false},"author":5,"featured_media":137149,"comment_status":"closed","ping_status":"open","sticky":false,"template":"","format":"standard","meta":{"advgb_blocks_editor_width":"","advgb_blocks_columns_visual_guide":"","_exactmetrics_skip_tracking":false,"_exactmetrics_sitenote_active":false,"_exactmetrics_sitenote_note":"","_exactmetrics_sitenote_category":0,"footnotes":""},"categories":[7,2],"tags":[],"class_list":["post-137148","post","type-post","status-publish","format-standard","has-post-thumbnail","hentry","category-destaques","category-noticias"],"better_featured_image":{"id":137149,"alt_text":"","caption":"Corpo de Bombeiros Militar de Minas Gerais","description":"","media_type":"image","media_details":{"width":2560,"height":1707,"file":"2024\/11\/IMG_7005-scaled.jpg","filesize":748308,"sizes":{"medium":{"file":"IMG_7005-450x300.jpg","width":450,"height":300,"mime-type":"image\/jpeg","filesize":59606,"source_url":"https:\/\/lavras.tv\/site\/wp-content\/uploads\/2024\/11\/IMG_7005-450x300.jpg"},"large":{"file":"IMG_7005-970x647.jpg","width":970,"height":647,"mime-type":"image\/jpeg","filesize":159082,"source_url":"https:\/\/lavras.tv\/site\/wp-content\/uploads\/2024\/11\/IMG_7005-970x647.jpg"},"thumbnail":{"file":"IMG_7005-170x113.jpg","width":170,"height":113,"mime-type":"image\/jpeg","filesize":30670,"source_url":"https:\/\/lavras.tv\/site\/wp-content\/uploads\/2024\/11\/IMG_7005-170x113.jpg"},"lshowcase-thumb":{"file":"IMG_7005-200x133.jpg","width":200,"height":133,"mime-type":"image\/jpeg","filesize":32610,"source_url":"https:\/\/lavras.tv\/site\/wp-content\/uploads\/2024\/11\/IMG_7005-200x133.jpg"},"1536x1536":{"file":"IMG_7005-1536x1024.jpg","width":1536,"height":1024,"mime-type":"image\/jpeg","filesize":323616,"source_url":"https:\/\/lavras.tv\/site\/wp-content\/uploads\/2024\/11\/IMG_7005-1536x1024.jpg"}},"image_meta":{"aperture":"2","credit":"Grasiele Mendon\u00e7a","camera":"Canon EOS Rebel T7","caption":"Corpo de Bombeiros Militar de Minas Gerais","created_timestamp":"1594954800","copyright":"Copor de Bombeiros Militar de Minas Gerais","focal_length":"50","iso":"200","shutter_speed":"0,0025","title":"Corpo de Bombeiros Militar de Minas Gerais","orientation":"1","keywords":[]},"original_image":"IMG_7005.jpg"},"post":137148,"source_url":"https:\/\/lavras.tv\/site\/wp-content\/uploads\/2024\/11\/IMG_7005-scaled.jpg"},"author_meta":{"display_name":"Vinicius Bustamante","author_link":"https:\/\/lavras.tv\/site\/author\/vinicius-bustamante\/"},"featured_img":"https:\/\/lavras.tv\/site\/wp-content\/uploads\/2024\/11\/IMG_7005-450x300.jpg","coauthors":[],"tax_additional":{"categories":{"linked":["<a href=\"https:\/\/lavras.tv\/site\/category\/destaques\/\" class=\"advgb-post-tax-term\">Destaques<\/a>","<a href=\"https:\/\/lavras.tv\/site\/category\/noticias\/\" class=\"advgb-post-tax-term\">Not\u00edcias<\/a>"],"unlinked":["<span class=\"advgb-post-tax-term\">Destaques<\/span>","<span class=\"advgb-post-tax-term\">Not\u00edcias<\/span>"]}},"comment_count":"0","relative_dates":{"created":"Publicado 1 ano atr\u00e1s","modified":"Atualizado 1 ano atr\u00e1s"},"absolute_dates":{"created":"Publicado em 14 de novembro de 2024","modified":"Atualizado em 14 de novembro de 2024"},"absolute_dates_time":{"created":"Publicado em 14 de novembro de 2024 16:37","modified":"Atualizado em 14 de novembro de 2024 16:37"},"featured_img_caption":"Corpo de Bombeiros Militar de Minas Gerais","series_order":"","_links":{"self":[{"href":"https:\/\/lavras.tv\/site\/wp-json\/wp\/v2\/posts\/137148","targetHints":{"allow":["GET"]}}],"collection":[{"href":"https:\/\/lavras.tv\/site\/wp-json\/wp\/v2\/posts"}],"about":[{"href":"https:\/\/lavras.tv\/site\/wp-json\/wp\/v2\/types\/post"}],"author":[{"embeddable":true,"href":"https:\/\/lavras.tv\/site\/wp-json\/wp\/v2\/users\/5"}],"replies":[{"embeddable":true,"href":"https:\/\/lavras.tv\/site\/wp-json\/wp\/v2\/comments?post=137148"}],"version-history":[{"count":1,"href":"https:\/\/lavras.tv\/site\/wp-json\/wp\/v2\/posts\/137148\/revisions"}],"predecessor-version":[{"id":137151,"href":"https:\/\/lavras.tv\/site\/wp-json\/wp\/v2\/posts\/137148\/revisions\/137151"}],"wp:featuredmedia":[{"embeddable":true,"href":"https:\/\/lavras.tv\/site\/wp-json\/wp\/v2\/media\/137149"}],"wp:attachment":[{"href":"https:\/\/lavras.tv\/site\/wp-json\/wp\/v2\/media?parent=137148"}],"wp:term":[{"taxonomy":"category","embeddable":true,"href":"https:\/\/lavras.tv\/site\/wp-json\/wp\/v2\/categories?post=137148"},{"taxonomy":"post_tag","embeddable":true,"href":"https:\/\/lavras.tv\/site\/wp-json\/wp\/v2\/tags?post=137148"}],"curies":[{"name":"wp","href":"https:\/\/api.w.org\/{rel}","templated":true}]}}