{"id":137152,"date":"2024-11-14T16:42:54","date_gmt":"2024-11-14T19:42:54","guid":{"rendered":"https:\/\/lavras.tv\/site\/?p=137152"},"modified":"2024-11-14T16:42:55","modified_gmt":"2024-11-14T19:42:55","slug":"exportacoes-mineiras-tem-maior-crescimento-do-pais-e-somam-us-352-bilhoes-ate-outubro","status":"publish","type":"post","link":"https:\/\/lavras.tv\/site\/2024\/11\/14\/exportacoes-mineiras-tem-maior-crescimento-do-pais-e-somam-us-352-bilhoes-ate-outubro\/","title":{"rendered":"Exporta\u00e7\u00f5es mineiras t\u00eam maior crescimento do pa\u00eds e somam US$ 35,2 bilh\u00f5es at\u00e9 outubro"},"content":{"rendered":"<div class=\"lavra-antes-do-conteudo_2\" id=\"lavra-1244015408\"><div id=\"lavra-slider-27\" class=\"custom-slider lavra-slider-106896424 lavra-slider\"><ul><li><div style=\"margin-left: auto;margin-right: auto;text-align: center;\" id=\"lavra-4247837349\"><a href=\"https:\/\/sistemas.lavras.mg.gov.br\/portalcidadao\/#df1b1a7c7b2a290bcb31e32771e610784662739a88807c0dacac58ede5f391a7530e299dc302d611ee73cb143fc22eaf93592e53e7b5bdb01b00a0b8d28dae460c141dd2ff83412e4dc1c31b16b25f33144a9e5620ea73b13f5bc1c59411d98439ad226e8af03840603796067d87afe130812cf3de24982d0e306f9e61e764e5\" aria-label=\"Lavras-TV&#8211;720x104px (1) (1)\"><img src=\"https:\/\/lavras.tv\/site\/wp-content\/uploads\/2025\/01\/Lavras-TV-720x104px-1-1.png\" alt=\"\"  srcset=\"https:\/\/lavras.tv\/site\/wp-content\/uploads\/2025\/01\/Lavras-TV-720x104px-1-1.png 720w, https:\/\/lavras.tv\/site\/wp-content\/uploads\/2025\/01\/Lavras-TV-720x104px-1-1-470x68.png 470w, https:\/\/lavras.tv\/site\/wp-content\/uploads\/2025\/01\/Lavras-TV-720x104px-1-1-170x25.png 170w, https:\/\/lavras.tv\/site\/wp-content\/uploads\/2025\/01\/Lavras-TV-720x104px-1-1-200x29.png 200w\" sizes=\"(max-width: 720px) 100vw, 720px\" width=\"720\" height=\"104\"  style=\"display: inline-block;\" \/><\/a><\/div><\/li><li><a href=\"https:\/\/sistemas.lavras.mg.gov.br\/portalcidadao\/#df1b1a7c7b2a290bcb31e32771e610784662739a88807c0dacac58ede5f391a7530e299dc302d611ee73cb143fc22eaf93592e53e7b5bdb01b00a0b8d28dae460c141dd2ff83412e4dc1c31b16b25f33144a9e5620ea73b13f5bc1c59411d98439ad226e8af03840603796067d87afe130812cf3de24982d0e306f9e61e764e5\" aria-label=\"Banner_Emprego_PortallavrasTV\"><img src=\"https:\/\/lavras.tv\/site\/wp-content\/uploads\/2025\/03\/Banner_Emprego_PortallavrasTV.png\" alt=\"\"  srcset=\"https:\/\/lavras.tv\/site\/wp-content\/uploads\/2025\/03\/Banner_Emprego_PortallavrasTV.png 720w, https:\/\/lavras.tv\/site\/wp-content\/uploads\/2025\/03\/Banner_Emprego_PortallavrasTV-470x68.png 470w, https:\/\/lavras.tv\/site\/wp-content\/uploads\/2025\/03\/Banner_Emprego_PortallavrasTV-170x25.png 170w, https:\/\/lavras.tv\/site\/wp-content\/uploads\/2025\/03\/Banner_Emprego_PortallavrasTV-200x29.png 200w\" sizes=\"(max-width: 720px) 100vw, 720px\" width=\"720\" height=\"104\"   \/><\/a><\/li><li><a href=\"https:\/\/sistemas.lavras.mg.gov.br\/portalcidadao\/#df1b1a7c7b2a290bcb31e32771e610784662739a88807c0dacac58ede5f391a7530e299dc302d611ee73cb143fc22eaf93592e53e7b5bdb01b00a0b8d28dae460c141dd2ff83412e4dc1c31b16b25f33144a9e5620ea73b13f5bc1c59411d98439ad226e8af03840603796067d87afe130812cf3de24982d0e306f9e61e764e5\" aria-label=\"Banner_Obras_PortallavrasTV\"><img src=\"https:\/\/lavras.tv\/site\/wp-content\/uploads\/2025\/03\/Banner_Obras_PortallavrasTV.png\" alt=\"\"  srcset=\"https:\/\/lavras.tv\/site\/wp-content\/uploads\/2025\/03\/Banner_Obras_PortallavrasTV.png 720w, https:\/\/lavras.tv\/site\/wp-content\/uploads\/2025\/03\/Banner_Obras_PortallavrasTV-470x68.png 470w, https:\/\/lavras.tv\/site\/wp-content\/uploads\/2025\/03\/Banner_Obras_PortallavrasTV-170x25.png 170w, https:\/\/lavras.tv\/site\/wp-content\/uploads\/2025\/03\/Banner_Obras_PortallavrasTV-200x29.png 200w\" sizes=\"(max-width: 720px) 100vw, 720px\" width=\"720\" height=\"104\"   \/><\/a><\/li><li><div style=\"margin-left: auto;margin-right: auto;text-align: center;\" id=\"lavra-3507383787\"><a href=\"https:\/\/sistemas.lavras.mg.gov.br\/portalcidadao\/#df1b1a7c7b2a290bcb31e32771e610784662739a88807c0dacac58ede5f391a7530e299dc302d611ee73cb143fc22eaf93592e53e7b5bdb01b00a0b8d28dae460c141dd2ff83412e4dc1c31b16b25f33144a9e5620ea73b13f5bc1c59411d98439ad226e8af03840603796067d87afe130812cf3de24982d0e306f9e61e764e5\" aria-label=\"Banner_Educa\u00e7\u00e3o_PortallavrasTV\"><img src=\"https:\/\/lavras.tv\/site\/wp-content\/uploads\/2025\/01\/Banner_Educacao_PortallavrasTV.png\" alt=\"\"  srcset=\"https:\/\/lavras.tv\/site\/wp-content\/uploads\/2025\/01\/Banner_Educacao_PortallavrasTV.png 720w, https:\/\/lavras.tv\/site\/wp-content\/uploads\/2025\/01\/Banner_Educacao_PortallavrasTV-470x68.png 470w, https:\/\/lavras.tv\/site\/wp-content\/uploads\/2025\/01\/Banner_Educacao_PortallavrasTV-170x25.png 170w, https:\/\/lavras.tv\/site\/wp-content\/uploads\/2025\/01\/Banner_Educacao_PortallavrasTV-200x29.png 200w\" sizes=\"(max-width: 720px) 100vw, 720px\" width=\"720\" height=\"104\"  style=\"display: inline-block;\" \/><\/a><\/div><\/li><li><a href=\"https:\/\/sistemas.lavras.mg.gov.br\/portalcidadao\/#df1b1a7c7b2a290bcb31e32771e610784662739a88807c0dacac58ede5f391a7530e299dc302d611ee73cb143fc22eaf93592e53e7b5bdb01b00a0b8d28dae460c141dd2ff83412e4dc1c31b16b25f33144a9e5620ea73b13f5bc1c59411d98439ad226e8af03840603796067d87afe130812cf3de24982d0e306f9e61e764e5\" aria-label=\"Banner_Sa\u00fade_PortallavrasTV\"><img src=\"https:\/\/lavras.tv\/site\/wp-content\/uploads\/2025\/03\/Banner_Saude_PortallavrasTV.png\" alt=\"\"  srcset=\"https:\/\/lavras.tv\/site\/wp-content\/uploads\/2025\/03\/Banner_Saude_PortallavrasTV.png 720w, https:\/\/lavras.tv\/site\/wp-content\/uploads\/2025\/03\/Banner_Saude_PortallavrasTV-470x68.png 470w, https:\/\/lavras.tv\/site\/wp-content\/uploads\/2025\/03\/Banner_Saude_PortallavrasTV-170x25.png 170w, https:\/\/lavras.tv\/site\/wp-content\/uploads\/2025\/03\/Banner_Saude_PortallavrasTV-200x29.png 200w\" sizes=\"(max-width: 720px) 100vw, 720px\" width=\"720\" height=\"104\"   \/><\/a><\/li><li><div id=\"lavra-461815495\" style=\"width:720px;height:104px;background-color:#ddd;overflow:scroll;\">\n\t<strong>Sa\u00edda da depura\u00e7\u00e3o de an\u00fancios<\/strong>\n\t<br><br>\n\tO an\u00fancio n\u00e3o \u00e9 exibido na p\u00e1gina<br><br>post atual: Exporta\u00e7\u00f5es mineiras t\u00eam maior crescimento do pa\u00eds e somam US$ 35,2 bilh\u00f5es at\u00e9 outubro, ID: 137152<br><br><span style=\"color: red;\">O post atual n\u00e3o \u00e9 id\u00eantico ao post principal.<\/span><br><br>An\u00fancios: ROXO - TOPO INTERNA - ROTATIVO 2 (197)<br \/>Grupo de an\u00fancios: Princ_Meio01_720x104 (27)<br><br>Condi\u00e7\u00f5es de exibi\u00e7\u00e3o<div style=\"margin-bottom: 20px; white-space: pre-wrap; font-family: monospace; width: 100%; background: #ffe9e9;\"><strong>condi\u00e7\u00f5es gerais<\/strong><table border=\"1\"><thead><tr><th><\/th><th>An\u00fancios<\/th><th>wp_the_query<\/th><\/tr><\/thead><tr><td>is_main_query<\/td><td>1<\/td><td>1<\/td><\/tr><tr><td>is_rest_api<\/td><td>0<\/td><td>1<\/td><\/tr><tr><td>page<\/td><td>0<\/td><td>1<\/td><\/tr><tr><td>numpages<\/td><td>0<\/td><td>1<\/td><\/tr><tr><td>is_archive<\/td><td>1<\/td><td><\/td><\/tr><tr><td>is_search<\/td><td>1<\/td><td><\/td><\/tr><tr><td>is_home<\/td><td>1<\/td><td><\/td><\/tr><tr><td>is_404<\/td><td>1<\/td><td><\/td><\/tr><tr><td>is_attachment<\/td><td>1<\/td><td><\/td><\/tr><tr><td>is_singular<\/td><td>1<\/td><td><\/td><\/tr><tr><td>is_front_page<\/td><td>1<\/td><td><\/td><\/tr><tr><td>is_feed<\/td><td>1<\/td><td><\/td><\/tr><\/table><\/div><br><br><span style=\"color: red;\">Seu site usa HTTPS, mas o c\u00f3digo do an\u00fancio cont\u00e9m HTTP e pode n\u00e3o funcionar.<\/span>\t<br><br>\n\t<a style=\"color: green;\" href=\"https:\/\/wpadvancedads.com\/manual\/ad-debug-mode\/?utm_source=advanced-ads&utm_medium=link&utm_campaign=ad-debug-mode\" target=\"_blank\" rel=\"nofollow\">Encontre solu\u00e7\u00f5es no manual<\/a>\n<\/div>\n<\/li><\/ul><\/div><script>( window.advanced_ads_ready || jQuery( document ).ready ).call( null, function() {var $lavraslider106896424 = jQuery( \".lavra-slider-106896424\" );$lavraslider106896424.on( \"unslider.ready\", function() { jQuery( \"div.custom-slider ul li\" ).css( \"display\", \"block\" ); });$lavraslider106896424.unslider({ delay:4000, autoplay:true, nav:false, arrows:false, infinite:true });$lavraslider106896424.on(\"mouseover\", function() {$lavraslider106896424.unslider(\"stop\");}).on(\"mouseout\", function() {$lavraslider106896424.unslider(\"start\");});});<\/script><\/div>\n<p><em>Avan\u00e7o nos embarques foi de US$ 1,8 bilh\u00e3o no acumulado do ano em rela\u00e7\u00e3o a igual per\u00edodo de 2023; balan\u00e7a comercial do estado registrou super\u00e1vit de US$ 21 bilh\u00f5es<\/em><\/p>\n\n\n\n<figure class=\"wp-block-image size-full\"><img fetchpriority=\"high\" decoding=\"async\" width=\"940\" height=\"350\" src=\"https:\/\/lavras.tv\/site\/wp-content\/uploads\/2024\/11\/6992bffa-3935-4450-be0c-37d041429ee2.jpg\" alt=\"\" class=\"wp-image-137153\" srcset=\"https:\/\/lavras.tv\/site\/wp-content\/uploads\/2024\/11\/6992bffa-3935-4450-be0c-37d041429ee2.jpg 940w, https:\/\/lavras.tv\/site\/wp-content\/uploads\/2024\/11\/6992bffa-3935-4450-be0c-37d041429ee2-470x175.jpg 470w, https:\/\/lavras.tv\/site\/wp-content\/uploads\/2024\/11\/6992bffa-3935-4450-be0c-37d041429ee2-170x63.jpg 170w, https:\/\/lavras.tv\/site\/wp-content\/uploads\/2024\/11\/6992bffa-3935-4450-be0c-37d041429ee2-200x74.jpg 200w\" sizes=\"(max-width: 940px) 100vw, 940px\" \/><\/figure>\n\n\n\n<p>Entre janeiro e outubro de 2024, as exporta\u00e7\u00f5es mineiras somaram US$ 35,2 bilh\u00f5es, com um aumento de 5,5% em compara\u00e7\u00e3o aos dez primeiros meses do ano passado. O saldo da balan\u00e7a comercial do estado fechou superavit\u00e1rio em US$ 21 bilh\u00f5es, um avan\u00e7o de 4% ante o mesmo per\u00edodo de 2023, segundo dados divulgados pela Secretaria de Com\u00e9rcio Exterior do Minist\u00e9rio do Desenvolvimento, Ind\u00fastria, Com\u00e9rcio e Servi\u00e7os (Secex\/Mdic).<\/p>\n\n\n\n<p>No ano at\u00e9 agora, Minas Gerais foi o estado com o maior aumento em suas exporta\u00e7\u00f5es em valores absolutos, com um crescimento de US$ 1,8 bilh\u00e3o em rela\u00e7\u00e3o ao mesmo per\u00edodo do ano anterior.<\/p>\n\n\n\n<p>Considerando todo o fluxo comercial, isto \u00e9, a soma das opera\u00e7\u00f5es de importa\u00e7\u00e3o e exporta\u00e7\u00e3o, Minas Gerais contabilizou US$ 49,3 bilh\u00f5es nos dez primeiros meses de 2024.&nbsp;<\/p>\n\n\n\n<p>Na compara\u00e7\u00e3o entre outubro de 2024 e igual m\u00eas do ano passado, o estado tamb\u00e9m melhorou o seu desempenho, sendo o segundo maior exportador do pa\u00eds, respons\u00e1vel por 12% dos embarques brasileiros,&nbsp;atr\u00e1s apenas de S\u00e3o Paulo (21,9%).<\/p>\n\n\n\n<p>O avan\u00e7o crescente \u00e9 respaldado pelo&nbsp;trabalho que vem sendo realizado pelo&nbsp;<a href=\"https:\/\/www.mg.gov.br\/\" target=\"_blank\" rel=\"noreferrer noopener\">Governo de Minas<\/a>, por meio da&nbsp;<a href=\"https:\/\/desenvolvimento.mg.gov.br\/\" target=\"_blank\" rel=\"noreferrer noopener\">Secretaria de Estado de Desenvolvimento Econ\u00f4mico (Sede-MG)<\/a>,&nbsp;ao estabelecer e consolidar parcerias para a promo\u00e7\u00e3o internacional de produtos mineiros em diversas embaixadas e consulados brasileiros no exterior.<\/p>\n\n\n\n<p>Para o secret\u00e1rio de Estado de Desenvolvimento Econ\u00f4mico, Fernando Passalio, em miss\u00e3o internacional, a vis\u00e3o de mercado do Governo de Minas \u00e9 fundamental para fortalecer os neg\u00f3cios das empresas com outros pa\u00edses.<\/p>\n\n\n\n<p>\u201cPraticamente, hoje n\u00e3o h\u00e1 pa\u00eds no mundo que n\u00e3o tenha pelo menos um produto mineiro circulando em seu mercado, desde a ind\u00fastria da transforma\u00e7\u00e3o at\u00e9 a aliment\u00edcia. Isso acontece porque o Governo de Minas faz primeiro seu dever de casa, permitindo que o empreendedorismo cres\u00e7a com liberdade aqui, e assim nossas empresas partem mais competitivas para outros mercados\u201d, explica o secret\u00e1rio.<\/p>\n\n\n\n<p><strong>Principais destinos<\/strong><\/p>\n\n\n\n<p>Entre janeiro e outubro deste ano, as exporta\u00e7\u00f5es mineiras alcan\u00e7aram 190 mercados externos, em que os principais pa\u00edses compradores foram: China (38,6%), Estados Unidos (10,3%), Alemanha (3,7%), Argentina (3,5%) e Pa\u00edses Baixos (3,3%).<\/p>\n\n\n\n<p>Al\u00e9m disso, no mesmo per\u00edodo, o estado aumentou seus envios para os parceiros estrat\u00e9gicos, em compara\u00e7\u00e3o com o mesmo per\u00edodo de 2023.&nbsp;<\/p>\n\n\n\n<p>Nos dez primeiros meses de 2024, os principais produtos exportados foram: min\u00e9rio de ferro (30,9%), caf\u00e9 (17,5%), soja (8,3%), a\u00e7\u00facares (5,5%) e ferroligas (5,3%). Minas se manteve como o principal estado exportador de min\u00e9rio de ferro \u2013 produto que gerou US$ 10,8 bilh\u00f5es para a economia mineira \u2013, caf\u00e9 (US$ 6,1 bilh\u00f5es) e ferroligas (US$ 1,8 bilh\u00e3o).<\/p>\n\n\n\n<p><strong>Importa\u00e7\u00f5es<\/strong><\/p>\n\n\n\n<p>De janeiro at\u00e9 outubro, as compras internacionais mineiras somaram US$ 14,1 bilh\u00f5es, um aumento de 7,8% em compara\u00e7\u00e3o com o mesmo per\u00edodo de 2023. Ao todo, Minas representa 6,4% das importa\u00e7\u00f5es nacionais.&nbsp;<\/p>\n\n\n\n<p>No acumulado do ano, o estado comprou produtos de 153 pa\u00edses. A China se mant\u00e9m como principal parceira comercial, com participa\u00e7\u00e3o de 26,2% nas importa\u00e7\u00f5es mineiras, acompanhada dos&nbsp;Estados Unidos (11,8%), Argentina (9%), Alemanha (5,2%) e It\u00e1lia (4,9%).<\/p>\n","protected":false},"excerpt":{"rendered":"<p>Avan\u00e7o nos embarques foi de US$ 1,8 bilh\u00e3o no acumulado do ano em rela\u00e7\u00e3o a igual per\u00edodo de 2023; balan\u00e7a comercial do estado registrou super\u00e1vit de US$ 21 bilh\u00f5es Entre janeiro e outubro de 2024, as exporta\u00e7\u00f5es mineiras somaram US$ 35,2 bilh\u00f5es, com um aumento de 5,5% em compara\u00e7\u00e3o aos dez primeiros meses do ano [&hellip;]<\/p>\n","protected":false},"author":5,"featured_media":137153,"comment_status":"closed","ping_status":"open","sticky":false,"template":"","format":"standard","meta":{"advgb_blocks_editor_width":"","advgb_blocks_columns_visual_guide":"","_exactmetrics_skip_tracking":false,"_exactmetrics_sitenote_active":false,"_exactmetrics_sitenote_note":"","_exactmetrics_sitenote_category":0,"footnotes":""},"categories":[7,2],"tags":[],"class_list":["post-137152","post","type-post","status-publish","format-standard","has-post-thumbnail","hentry","category-destaques","category-noticias"],"better_featured_image":{"id":137153,"alt_text":"","caption":"","description":"","media_type":"image","media_details":{"width":940,"height":350,"file":"2024\/11\/6992bffa-3935-4450-be0c-37d041429ee2.jpg","filesize":345283,"sizes":{"medium":{"file":"6992bffa-3935-4450-be0c-37d041429ee2-470x175.jpg","width":470,"height":175,"mime-type":"image\/jpeg","filesize":24247,"source_url":"https:\/\/lavras.tv\/site\/wp-content\/uploads\/2024\/11\/6992bffa-3935-4450-be0c-37d041429ee2-470x175.jpg"},"thumbnail":{"file":"6992bffa-3935-4450-be0c-37d041429ee2-170x63.jpg","width":170,"height":63,"mime-type":"image\/jpeg","filesize":6057,"source_url":"https:\/\/lavras.tv\/site\/wp-content\/uploads\/2024\/11\/6992bffa-3935-4450-be0c-37d041429ee2-170x63.jpg"},"lshowcase-thumb":{"file":"6992bffa-3935-4450-be0c-37d041429ee2-200x74.jpg","width":200,"height":74,"mime-type":"image\/jpeg","filesize":7553,"source_url":"https:\/\/lavras.tv\/site\/wp-content\/uploads\/2024\/11\/6992bffa-3935-4450-be0c-37d041429ee2-200x74.jpg"},"alm-thumbnail":{"file":"6992bffa-3935-4450-be0c-37d041429ee2-150x150.jpg","width":150,"height":150,"mime-type":"image\/jpeg","filesize":8028,"source_url":"https:\/\/lavras.tv\/site\/wp-content\/uploads\/2024\/11\/6992bffa-3935-4450-be0c-37d041429ee2-150x150.jpg"}},"image_meta":{"aperture":"0","credit":"","camera":"","caption":"","created_timestamp":"0","copyright":"","focal_length":"0","iso":"0","shutter_speed":"0","title":"","orientation":"0","keywords":[]}},"post":137152,"source_url":"https:\/\/lavras.tv\/site\/wp-content\/uploads\/2024\/11\/6992bffa-3935-4450-be0c-37d041429ee2.jpg"},"author_meta":{"display_name":"Vinicius Bustamante","author_link":"https:\/\/lavras.tv\/site\/author\/vinicius-bustamante\/"},"featured_img":"https:\/\/lavras.tv\/site\/wp-content\/uploads\/2024\/11\/6992bffa-3935-4450-be0c-37d041429ee2-470x175.jpg","coauthors":[],"tax_additional":{"categories":{"linked":["<a href=\"https:\/\/lavras.tv\/site\/category\/destaques\/\" class=\"advgb-post-tax-term\">Destaques<\/a>","<a href=\"https:\/\/lavras.tv\/site\/category\/noticias\/\" class=\"advgb-post-tax-term\">Not\u00edcias<\/a>"],"unlinked":["<span class=\"advgb-post-tax-term\">Destaques<\/span>","<span class=\"advgb-post-tax-term\">Not\u00edcias<\/span>"]}},"comment_count":"0","relative_dates":{"created":"Publicado 1 ano atr\u00e1s","modified":"Atualizado 1 ano atr\u00e1s"},"absolute_dates":{"created":"Publicado em 14 de novembro de 2024","modified":"Atualizado em 14 de novembro de 2024"},"absolute_dates_time":{"created":"Publicado em 14 de novembro de 2024 16:42","modified":"Atualizado em 14 de novembro de 2024 16:42"},"featured_img_caption":"","series_order":"","_links":{"self":[{"href":"https:\/\/lavras.tv\/site\/wp-json\/wp\/v2\/posts\/137152","targetHints":{"allow":["GET"]}}],"collection":[{"href":"https:\/\/lavras.tv\/site\/wp-json\/wp\/v2\/posts"}],"about":[{"href":"https:\/\/lavras.tv\/site\/wp-json\/wp\/v2\/types\/post"}],"author":[{"embeddable":true,"href":"https:\/\/lavras.tv\/site\/wp-json\/wp\/v2\/users\/5"}],"replies":[{"embeddable":true,"href":"https:\/\/lavras.tv\/site\/wp-json\/wp\/v2\/comments?post=137152"}],"version-history":[{"count":1,"href":"https:\/\/lavras.tv\/site\/wp-json\/wp\/v2\/posts\/137152\/revisions"}],"predecessor-version":[{"id":137154,"href":"https:\/\/lavras.tv\/site\/wp-json\/wp\/v2\/posts\/137152\/revisions\/137154"}],"wp:featuredmedia":[{"embeddable":true,"href":"https:\/\/lavras.tv\/site\/wp-json\/wp\/v2\/media\/137153"}],"wp:attachment":[{"href":"https:\/\/lavras.tv\/site\/wp-json\/wp\/v2\/media?parent=137152"}],"wp:term":[{"taxonomy":"category","embeddable":true,"href":"https:\/\/lavras.tv\/site\/wp-json\/wp\/v2\/categories?post=137152"},{"taxonomy":"post_tag","embeddable":true,"href":"https:\/\/lavras.tv\/site\/wp-json\/wp\/v2\/tags?post=137152"}],"curies":[{"name":"wp","href":"https:\/\/api.w.org\/{rel}","templated":true}]}}