{"id":1375,"date":"2016-08-05T12:00:40","date_gmt":"2016-08-05T12:00:40","guid":{"rendered":"http:\/\/lavras.tv\/site\/?p=1375"},"modified":"2016-08-05T12:00:40","modified_gmt":"2016-08-05T12:00:40","slug":"festa-no-maracana-marca-o-inicio-das-olimpiadas-no-brasil","status":"publish","type":"post","link":"https:\/\/lavras.tv\/site\/2016\/08\/05\/festa-no-maracana-marca-o-inicio-das-olimpiadas-no-brasil\/","title":{"rendered":"Festa no Maracan\u00e3 marca o in\u00edcio das Olimp\u00edadas no Brasil"},"content":{"rendered":"<div class=\"lavra-antes-do-conteudo_2\" id=\"lavra-1457159632\"><div id=\"lavra-slider-27\" class=\"custom-slider lavra-slider-2864269367 lavra-slider\"><ul><li><div style=\"margin-left: auto;margin-right: auto;text-align: center;\" id=\"lavra-612999130\"><a href=\"https:\/\/sistemas.lavras.mg.gov.br\/portalcidadao\/#df1b1a7c7b2a290bcb31e32771e610784662739a88807c0dacac58ede5f391a7530e299dc302d611ee73cb143fc22eaf93592e53e7b5bdb01b00a0b8d28dae460c141dd2ff83412e4dc1c31b16b25f33144a9e5620ea73b13f5bc1c59411d98439ad226e8af03840603796067d87afe130812cf3de24982d0e306f9e61e764e5\" aria-label=\"Lavras-TV&#8211;720x104px (1) (1)\"><img src=\"https:\/\/lavras.tv\/site\/wp-content\/uploads\/2025\/01\/Lavras-TV-720x104px-1-1.png\" alt=\"\"  srcset=\"https:\/\/lavras.tv\/site\/wp-content\/uploads\/2025\/01\/Lavras-TV-720x104px-1-1.png 720w, https:\/\/lavras.tv\/site\/wp-content\/uploads\/2025\/01\/Lavras-TV-720x104px-1-1-470x68.png 470w, https:\/\/lavras.tv\/site\/wp-content\/uploads\/2025\/01\/Lavras-TV-720x104px-1-1-170x25.png 170w, https:\/\/lavras.tv\/site\/wp-content\/uploads\/2025\/01\/Lavras-TV-720x104px-1-1-200x29.png 200w\" sizes=\"(max-width: 720px) 100vw, 720px\" width=\"720\" height=\"104\"  style=\"display: inline-block;\" \/><\/a><\/div><\/li><li><a href=\"https:\/\/sistemas.lavras.mg.gov.br\/portalcidadao\/#df1b1a7c7b2a290bcb31e32771e610784662739a88807c0dacac58ede5f391a7530e299dc302d611ee73cb143fc22eaf93592e53e7b5bdb01b00a0b8d28dae460c141dd2ff83412e4dc1c31b16b25f33144a9e5620ea73b13f5bc1c59411d98439ad226e8af03840603796067d87afe130812cf3de24982d0e306f9e61e764e5\" aria-label=\"Banner_Emprego_PortallavrasTV\"><img src=\"https:\/\/lavras.tv\/site\/wp-content\/uploads\/2025\/03\/Banner_Emprego_PortallavrasTV.png\" alt=\"\"  srcset=\"https:\/\/lavras.tv\/site\/wp-content\/uploads\/2025\/03\/Banner_Emprego_PortallavrasTV.png 720w, https:\/\/lavras.tv\/site\/wp-content\/uploads\/2025\/03\/Banner_Emprego_PortallavrasTV-470x68.png 470w, https:\/\/lavras.tv\/site\/wp-content\/uploads\/2025\/03\/Banner_Emprego_PortallavrasTV-170x25.png 170w, https:\/\/lavras.tv\/site\/wp-content\/uploads\/2025\/03\/Banner_Emprego_PortallavrasTV-200x29.png 200w\" sizes=\"(max-width: 720px) 100vw, 720px\" width=\"720\" height=\"104\"   \/><\/a><\/li><li><a href=\"https:\/\/sistemas.lavras.mg.gov.br\/portalcidadao\/#df1b1a7c7b2a290bcb31e32771e610784662739a88807c0dacac58ede5f391a7530e299dc302d611ee73cb143fc22eaf93592e53e7b5bdb01b00a0b8d28dae460c141dd2ff83412e4dc1c31b16b25f33144a9e5620ea73b13f5bc1c59411d98439ad226e8af03840603796067d87afe130812cf3de24982d0e306f9e61e764e5\" aria-label=\"Banner_Obras_PortallavrasTV\"><img src=\"https:\/\/lavras.tv\/site\/wp-content\/uploads\/2025\/03\/Banner_Obras_PortallavrasTV.png\" alt=\"\"  srcset=\"https:\/\/lavras.tv\/site\/wp-content\/uploads\/2025\/03\/Banner_Obras_PortallavrasTV.png 720w, https:\/\/lavras.tv\/site\/wp-content\/uploads\/2025\/03\/Banner_Obras_PortallavrasTV-470x68.png 470w, https:\/\/lavras.tv\/site\/wp-content\/uploads\/2025\/03\/Banner_Obras_PortallavrasTV-170x25.png 170w, https:\/\/lavras.tv\/site\/wp-content\/uploads\/2025\/03\/Banner_Obras_PortallavrasTV-200x29.png 200w\" sizes=\"(max-width: 720px) 100vw, 720px\" width=\"720\" height=\"104\"   \/><\/a><\/li><li><div style=\"margin-left: auto;margin-right: auto;text-align: center;\" id=\"lavra-4279154621\"><a href=\"https:\/\/sistemas.lavras.mg.gov.br\/portalcidadao\/#df1b1a7c7b2a290bcb31e32771e610784662739a88807c0dacac58ede5f391a7530e299dc302d611ee73cb143fc22eaf93592e53e7b5bdb01b00a0b8d28dae460c141dd2ff83412e4dc1c31b16b25f33144a9e5620ea73b13f5bc1c59411d98439ad226e8af03840603796067d87afe130812cf3de24982d0e306f9e61e764e5\" aria-label=\"Banner_Educa\u00e7\u00e3o_PortallavrasTV\"><img src=\"https:\/\/lavras.tv\/site\/wp-content\/uploads\/2025\/01\/Banner_Educacao_PortallavrasTV.png\" alt=\"\"  srcset=\"https:\/\/lavras.tv\/site\/wp-content\/uploads\/2025\/01\/Banner_Educacao_PortallavrasTV.png 720w, https:\/\/lavras.tv\/site\/wp-content\/uploads\/2025\/01\/Banner_Educacao_PortallavrasTV-470x68.png 470w, https:\/\/lavras.tv\/site\/wp-content\/uploads\/2025\/01\/Banner_Educacao_PortallavrasTV-170x25.png 170w, https:\/\/lavras.tv\/site\/wp-content\/uploads\/2025\/01\/Banner_Educacao_PortallavrasTV-200x29.png 200w\" sizes=\"(max-width: 720px) 100vw, 720px\" width=\"720\" height=\"104\"  style=\"display: inline-block;\" \/><\/a><\/div><\/li><li><a href=\"https:\/\/sistemas.lavras.mg.gov.br\/portalcidadao\/#df1b1a7c7b2a290bcb31e32771e610784662739a88807c0dacac58ede5f391a7530e299dc302d611ee73cb143fc22eaf93592e53e7b5bdb01b00a0b8d28dae460c141dd2ff83412e4dc1c31b16b25f33144a9e5620ea73b13f5bc1c59411d98439ad226e8af03840603796067d87afe130812cf3de24982d0e306f9e61e764e5\" aria-label=\"Banner_Sa\u00fade_PortallavrasTV\"><img src=\"https:\/\/lavras.tv\/site\/wp-content\/uploads\/2025\/03\/Banner_Saude_PortallavrasTV.png\" alt=\"\"  srcset=\"https:\/\/lavras.tv\/site\/wp-content\/uploads\/2025\/03\/Banner_Saude_PortallavrasTV.png 720w, https:\/\/lavras.tv\/site\/wp-content\/uploads\/2025\/03\/Banner_Saude_PortallavrasTV-470x68.png 470w, https:\/\/lavras.tv\/site\/wp-content\/uploads\/2025\/03\/Banner_Saude_PortallavrasTV-170x25.png 170w, https:\/\/lavras.tv\/site\/wp-content\/uploads\/2025\/03\/Banner_Saude_PortallavrasTV-200x29.png 200w\" sizes=\"(max-width: 720px) 100vw, 720px\" width=\"720\" height=\"104\"   \/><\/a><\/li><li><div id=\"lavra-3959106203\" style=\"width:720px;height:104px;background-color:#ddd;overflow:scroll;\">\n\t<strong>Sa\u00edda da depura\u00e7\u00e3o de an\u00fancios<\/strong>\n\t<br><br>\n\tO an\u00fancio n\u00e3o \u00e9 exibido na p\u00e1gina<br><br>post atual: Festa no Maracan\u00e3 marca o in\u00edcio das Olimp\u00edadas no Brasil, ID: 1375<br><br><span style=\"color: red;\">O post atual n\u00e3o \u00e9 id\u00eantico ao post principal.<\/span><br><br>An\u00fancios: ROXO - TOPO INTERNA - ROTATIVO 2 (197)<br \/>Grupo de an\u00fancios: Princ_Meio01_720x104 (27)<br><br>Condi\u00e7\u00f5es de exibi\u00e7\u00e3o<div style=\"margin-bottom: 20px; white-space: pre-wrap; font-family: monospace; width: 100%; background: #ffe9e9;\"><strong>condi\u00e7\u00f5es gerais<\/strong><table border=\"1\"><thead><tr><th><\/th><th>An\u00fancios<\/th><th>wp_the_query<\/th><\/tr><\/thead><tr><td>is_main_query<\/td><td>1<\/td><td>1<\/td><\/tr><tr><td>is_rest_api<\/td><td>0<\/td><td>1<\/td><\/tr><tr><td>page<\/td><td>0<\/td><td>1<\/td><\/tr><tr><td>numpages<\/td><td>0<\/td><td>1<\/td><\/tr><tr><td>is_archive<\/td><td>1<\/td><td><\/td><\/tr><tr><td>is_search<\/td><td>1<\/td><td><\/td><\/tr><tr><td>is_home<\/td><td>1<\/td><td><\/td><\/tr><tr><td>is_404<\/td><td>1<\/td><td><\/td><\/tr><tr><td>is_attachment<\/td><td>1<\/td><td><\/td><\/tr><tr><td>is_singular<\/td><td>1<\/td><td><\/td><\/tr><tr><td>is_front_page<\/td><td>1<\/td><td><\/td><\/tr><tr><td>is_feed<\/td><td>1<\/td><td><\/td><\/tr><\/table><\/div><br><br><span style=\"color: red;\">Seu site usa HTTPS, mas o c\u00f3digo do an\u00fancio cont\u00e9m HTTP e pode n\u00e3o funcionar.<\/span>\t<br><br>\n\t<a style=\"color: green;\" href=\"https:\/\/wpadvancedads.com\/manual\/ad-debug-mode\/?utm_source=advanced-ads&utm_medium=link&utm_campaign=ad-debug-mode\" target=\"_blank\" rel=\"nofollow\">Encontre solu\u00e7\u00f5es no manual<\/a>\n<\/div>\n<\/li><\/ul><\/div><script>( window.advanced_ads_ready || jQuery( document ).ready ).call( null, function() {var $lavraslider2864269367 = jQuery( \".lavra-slider-2864269367\" );$lavraslider2864269367.on( \"unslider.ready\", function() { jQuery( \"div.custom-slider ul li\" ).css( \"display\", \"block\" ); });$lavraslider2864269367.unslider({ delay:4000, autoplay:true, nav:false, arrows:false, infinite:true });$lavraslider2864269367.on(\"mouseover\", function() {$lavraslider2864269367.unslider(\"stop\");}).on(\"mouseout\", function() {$lavraslider2864269367.unslider(\"start\");});});<\/script><\/div><p>Antes da festa das medalhas que tomar\u00e1 conta do Rio de Janeiro nos pr\u00f3ximos dias, o Maracan\u00e3 abre nesta sexta-feira (5) suas portas, \u00e0s 20h, para um dos momentos mais aguardados dos Jogos Ol\u00edmpicos. <!--more-->A cerim\u00f4nia de abertura \u00e9 o instante em que todos os atletas, desde a grande estrela do atletismo Usain Bolt at\u00e9 o jovem velocista Siueni Filimone, de Tonga, desfilam pelo est\u00e1dio como iguais. Naquele momento, n\u00e3o h\u00e1 vencedores ou perdedores, apenas esportistas, protagonistas de uma grande festa.<img fetchpriority=\"high\" decoding=\"async\" class=\"alignnone size-full wp-image-1376\" src=\"http:\/\/lavras.tv\/site\/wp-content\/uploads\/2016\/08\/maraca.png\" alt=\"maraca\" width=\"1904\" height=\"1259\" srcset=\"https:\/\/lavras.tv\/site\/wp-content\/uploads\/2016\/08\/maraca.png 1904w, https:\/\/lavras.tv\/site\/wp-content\/uploads\/2016\/08\/maraca-150x99.png 150w, https:\/\/lavras.tv\/site\/wp-content\/uploads\/2016\/08\/maraca-300x198.png 300w, https:\/\/lavras.tv\/site\/wp-content\/uploads\/2016\/08\/maraca-1024x677.png 1024w\" sizes=\"(max-width: 1904px) 100vw, 1904px\" \/><\/p>\n<p>A cerim\u00f4nia de abertura desta edi\u00e7\u00e3o deve seguir a tradi\u00e7\u00e3o de anteriores, contando a hist\u00f3ria do pa\u00eds-sede e de seu povo. A core\u00f3grafa Deborah Colker, uma das mais renomadas da dan\u00e7a nacional, \u00e9 quem assina a coreografia do espet\u00e1culo.<\/p>\n<p>A cerim\u00f4nia ser\u00e1 dirigida por Fernando Meirelles, Andrucha Waddington, Daniela Thomas e Rosa Magalh\u00e3es, com produ\u00e7\u00e3o executiva de Abel Gomes. A promessa \u00e9 de que o roteiro seja uma \u201cs\u00edntese da cultura popular brasileira\u201d. Com os nomes envolvidos, a cerim\u00f4nia de abertura no Rio de Janeiro pode ser mais uma a entrar no rol dos grandes momentos ol\u00edmpicos.<\/p>\n<div id=\"showcase-1\" class=\"twelve columns\"><\/div>\n<p><strong>Homem-foguete<\/strong><\/p>\n<p>Ao longo dos anos, os Jogos Ol\u00edmpicos protagonizaram cenas hist\u00f3ricas em cerim\u00f4nias de abertura. Em 1984, o norte-americano Bill Suitor entrou no Los Angeles Memorial Coliseum por cima. Usando um jetpack (um jato acoplado \u00e0s suas costas, como uma mochila), ele sobrevoou o p\u00fablico do est\u00e1dio e pousou no meio da arena, para del\u00edrio de todos.<\/p>\n<p>\u201cEstava muito quente. Eu me lembro de esperar para decolar, as pessoas tirando fotos e algu\u00e9m me perguntou se eu sabia que haveria 2,5 bilh\u00f5es de pessoas me assistindo. E isso faz voc\u00ea pensar&#8230; principalmente sobre se estatelar com o mundo assistindo\u201d, disse ele, em entrevista \u00e0 GQ Magazine, em 2012. Mas tudo deu certo e a apar\u00eancia de um astronauta de Suitor aterrissando suavemente entrou para a hist\u00f3ria.<\/p>\n<p>Nos mesmos jogos de 1984, o p\u00fablico participou ativamente da festa. Todos tinham cart\u00f5es em seus assentos e, em determinado momento, o narrador pediu para que todos levantassem os cart\u00f5es, formando um belo mosaico com as bandeiras de todos os pa\u00edses participantes dos jogos.<\/p>\n<p><strong>Fogo na ponta da flecha<\/strong><\/p>\n<p>Em Barcelona 1992, a cerim\u00f4nia teve a participa\u00e7\u00e3o de grande n\u00famero de figurantes, que contaram a hist\u00f3ria da cria\u00e7\u00e3o da cidade. Milhares de pessoas fantasiadas transformaram o Est\u00e1dio Ol\u00edmpico de Montjuic em vasto oceano, em um dos atos do espet\u00e1culo. As fantasias lembravam os tradicionais desfiles da Sapuca\u00ed. A encena\u00e7\u00e3o utilizou, com bastante frequ\u00eancia, t\u00e9cnicas de marionetes.<\/p>\n<p>O acendimento da pira ol\u00edmpica em 1992 foi um dos mais c\u00e9lebres da hist\u00f3ria. O fogo foi posto na ponta de uma flecha e coube ao arqueiro paral\u00edmpico Antonio Rebollo o papel de acender a pira. Sob os olhares do mundo, ele atirou a flecha a uma grande dist\u00e2ncia e a pira se iluminou, sob del\u00edrio do p\u00fablico. Pouco tempo depois foi revelado que a flecha n\u00e3o chegou a acertar o alvo. A flecha passara por cima do alvo e a pira foi acesa automaticamente para dar a ilus\u00e3o desejada. Apesar da descoberta, o momento continuou imortalizado como um dos mais inesquec\u00edveis dos Jogos Ol\u00edmpicos.<\/p>\n<p><strong>Pequim<\/strong><\/p>\n<p>A cerim\u00f4nia de abertura dos Jogos de Pequim foi um das mais belas j\u00e1 vistas. Os asi\u00e1ticos se empenharam em fazer algo moderno e, ao mesmo tempo, tradicional. O resultado n\u00e3o poderia ter sido mais surpreendente. Um dos pontos altos da abertura foram os 2.008 tambores que se iluminavam ao serem tocados habilmente pelos percussionistas, em uma dan\u00e7a de imagem e som entrela\u00e7ados.<\/p>\n<p>Tudo no segmento art\u00edstico da abertura em Pequim parecia ter sido feito para impressionar e criar novos par\u00e2metros em uma cerim\u00f4nia ol\u00edmpica. Muitos dos n\u00fameros foram criados pensando no efeito para o p\u00fablico no est\u00e1dio, que assistia a tudo de cima.<\/p>\n<p><strong>Roteiro cinematogr\u00e1fico<\/strong><\/p>\n<p>Em 2012, uma grande festa no Est\u00e1dio Ol\u00edmpico de Londres marcou o in\u00edcio dos jogos daquele ano. Foi uma celebra\u00e7\u00e3o tipicamente brit\u00e2nica, com a participa\u00e7\u00e3o de \u00edcones da cultura local, como os atores Daniel Craig (conhecido por encarnar James Bond no cinema) e Rowan Atkinson (o eterno Mr. Bean). O espet\u00e1culo da cerim\u00f4nia de abertura foi dirigido pelo cineasta Danny Boyle.<\/p>\n<p>Em um grande espet\u00e1culo teatral, Boyle fez uma retrospectiva da evolu\u00e7\u00e3o da civiliza\u00e7\u00e3o pelas d\u00e9cadas, com v\u00e1rias men\u00e7\u00f5es \u00e0 arte e cultura inglesas. Se a cerim\u00f4nia n\u00e3o superou Pequim, foi um espet\u00e1culo grandioso, com mudan\u00e7as ousadas de cen\u00e1rio e que renderam v\u00e1rios elogios a Boyle. A cerim\u00f4nia foi encerrada com Paul McCartney cantando Hey Jude.<\/p>\n<p>A pr\u00f3xima p\u00e1gina dessa hist\u00f3ria ser\u00e1 escrita nesta sexta-feira no Maracan\u00e3, sob os olhares do mundo inteiro.<\/p>\n<p>&nbsp;<\/p>\n<p>Fonte: Ag\u00eancia Brasil<\/p>\n","protected":false},"excerpt":{"rendered":"<p>Antes da festa das medalhas que tomar\u00e1 conta do Rio de Janeiro nos pr\u00f3ximos dias, o Maracan\u00e3 abre nesta sexta-feira (5) suas portas, \u00e0s 20h, para um dos momentos mais aguardados dos Jogos Ol\u00edmpicos.<\/p>\n","protected":false},"author":2,"featured_media":1376,"comment_status":"closed","ping_status":"open","sticky":false,"template":"","format":"standard","meta":{"advgb_blocks_editor_width":"","advgb_blocks_columns_visual_guide":"","_exactmetrics_skip_tracking":false,"_exactmetrics_sitenote_active":false,"_exactmetrics_sitenote_note":"","_exactmetrics_sitenote_category":0,"footnotes":""},"categories":[7,3],"tags":[],"class_list":["post-1375","post","type-post","status-publish","format-standard","has-post-thumbnail","hentry","category-destaques","category-esportes"],"better_featured_image":{"id":1376,"alt_text":"","caption":"","description":"","media_type":"image","media_details":{"width":1904,"height":1259,"file":"2016\/08\/maraca.png","sizes":{"thumbnail":{"file":"maraca-150x99.png","width":150,"height":99,"mime-type":"image\/png","source_url":"https:\/\/lavras.tv\/site\/wp-content\/uploads\/2016\/08\/maraca-150x99.png"},"medium":{"file":"maraca-300x198.png","width":300,"height":198,"mime-type":"image\/png","source_url":"https:\/\/lavras.tv\/site\/wp-content\/uploads\/2016\/08\/maraca-300x198.png"},"large":{"file":"maraca-1024x677.png","width":1024,"height":677,"mime-type":"image\/png","source_url":"https:\/\/lavras.tv\/site\/wp-content\/uploads\/2016\/08\/maraca-1024x677.png"},"featured-slider-img":{"file":"maraca-640x480.png","width":640,"height":480,"mime-type":"image\/png","source_url":"https:\/\/lavras.tv\/site\/wp-content\/uploads\/2016\/08\/maraca-640x480.png"},"featured-post-img":{"file":"maraca-480x320.png","width":480,"height":320,"mime-type":"image\/png","source_url":"https:\/\/lavras.tv\/site\/wp-content\/uploads\/2016\/08\/maraca-480x320.png"},"sow-carousel-default":{"file":"maraca-272x182.png","width":272,"height":182,"mime-type":"image\/png","source_url":"https:\/\/lavras.tv\/site\/wp-content\/uploads\/2016\/08\/maraca-272x182.png"}},"image_meta":{"aperture":"0","credit":"","camera":"","caption":"","created_timestamp":"0","copyright":"","focal_length":"0","iso":"0","shutter_speed":"0","title":"","orientation":"0","keywords":[]}},"post":1375,"source_url":"https:\/\/lavras.tv\/site\/wp-content\/uploads\/2016\/08\/maraca.png"},"author_meta":{"display_name":"Lavras TV","author_link":"https:\/\/lavras.tv\/site\/author\/lavrastv\/"},"featured_img":"https:\/\/lavras.tv\/site\/wp-content\/uploads\/2016\/08\/maraca-300x198.png","coauthors":[],"tax_additional":{"categories":{"linked":["<a href=\"https:\/\/lavras.tv\/site\/category\/destaques\/\" class=\"advgb-post-tax-term\">Destaques<\/a>","<a href=\"https:\/\/lavras.tv\/site\/category\/esportes\/\" class=\"advgb-post-tax-term\">Esportes<\/a>"],"unlinked":["<span class=\"advgb-post-tax-term\">Destaques<\/span>","<span class=\"advgb-post-tax-term\">Esportes<\/span>"]}},"comment_count":"0","relative_dates":{"created":"Publicado 10 anos atr\u00e1s","modified":"Atualizado 10 anos atr\u00e1s"},"absolute_dates":{"created":"Publicado em 5 de agosto de 2016","modified":"Atualizado em 5 de agosto de 2016"},"absolute_dates_time":{"created":"Publicado em 5 de agosto de 2016 12:00","modified":"Atualizado em 5 de agosto de 2016 12:00"},"featured_img_caption":"","series_order":"","_links":{"self":[{"href":"https:\/\/lavras.tv\/site\/wp-json\/wp\/v2\/posts\/1375","targetHints":{"allow":["GET"]}}],"collection":[{"href":"https:\/\/lavras.tv\/site\/wp-json\/wp\/v2\/posts"}],"about":[{"href":"https:\/\/lavras.tv\/site\/wp-json\/wp\/v2\/types\/post"}],"author":[{"embeddable":true,"href":"https:\/\/lavras.tv\/site\/wp-json\/wp\/v2\/users\/2"}],"replies":[{"embeddable":true,"href":"https:\/\/lavras.tv\/site\/wp-json\/wp\/v2\/comments?post=1375"}],"version-history":[{"count":1,"href":"https:\/\/lavras.tv\/site\/wp-json\/wp\/v2\/posts\/1375\/revisions"}],"predecessor-version":[{"id":1377,"href":"https:\/\/lavras.tv\/site\/wp-json\/wp\/v2\/posts\/1375\/revisions\/1377"}],"wp:featuredmedia":[{"embeddable":true,"href":"https:\/\/lavras.tv\/site\/wp-json\/wp\/v2\/media\/1376"}],"wp:attachment":[{"href":"https:\/\/lavras.tv\/site\/wp-json\/wp\/v2\/media?parent=1375"}],"wp:term":[{"taxonomy":"category","embeddable":true,"href":"https:\/\/lavras.tv\/site\/wp-json\/wp\/v2\/categories?post=1375"},{"taxonomy":"post_tag","embeddable":true,"href":"https:\/\/lavras.tv\/site\/wp-json\/wp\/v2\/tags?post=1375"}],"curies":[{"name":"wp","href":"https:\/\/api.w.org\/{rel}","templated":true}]}}