{"id":13785,"date":"2017-12-15T10:13:26","date_gmt":"2017-12-15T12:13:26","guid":{"rendered":"http:\/\/lavras.tv\/site\/?p=13785"},"modified":"2017-12-15T10:13:26","modified_gmt":"2017-12-15T12:13:26","slug":"projeto-cria-de-atletismo-recebe-premio-do-esporte-mineiro-2017","status":"publish","type":"post","link":"https:\/\/lavras.tv\/site\/2017\/12\/15\/projeto-cria-de-atletismo-recebe-premio-do-esporte-mineiro-2017\/","title":{"rendered":"Projeto Cria de Atletismo recebe Pr\u00eamio do Esporte Mineiro 2017"},"content":{"rendered":"<div class=\"lavra-antes-do-conteudo_2\" id=\"lavra-1634704570\"><div id=\"lavra-slider-27\" class=\"custom-slider lavra-slider-1793323613 lavra-slider\"><ul><li><div style=\"margin-left: auto;margin-right: auto;text-align: center;\" id=\"lavra-2076054629\"><a href=\"https:\/\/sistemas.lavras.mg.gov.br\/portalcidadao\/#df1b1a7c7b2a290bcb31e32771e610784662739a88807c0dacac58ede5f391a7530e299dc302d611ee73cb143fc22eaf93592e53e7b5bdb01b00a0b8d28dae460c141dd2ff83412e4dc1c31b16b25f33144a9e5620ea73b13f5bc1c59411d98439ad226e8af03840603796067d87afe130812cf3de24982d0e306f9e61e764e5\" aria-label=\"Lavras-TV&#8211;720x104px (1) (1)\"><img src=\"https:\/\/lavras.tv\/site\/wp-content\/uploads\/2025\/01\/Lavras-TV-720x104px-1-1.png\" alt=\"\"  srcset=\"https:\/\/lavras.tv\/site\/wp-content\/uploads\/2025\/01\/Lavras-TV-720x104px-1-1.png 720w, https:\/\/lavras.tv\/site\/wp-content\/uploads\/2025\/01\/Lavras-TV-720x104px-1-1-470x68.png 470w, https:\/\/lavras.tv\/site\/wp-content\/uploads\/2025\/01\/Lavras-TV-720x104px-1-1-170x25.png 170w, https:\/\/lavras.tv\/site\/wp-content\/uploads\/2025\/01\/Lavras-TV-720x104px-1-1-200x29.png 200w\" sizes=\"(max-width: 720px) 100vw, 720px\" width=\"720\" height=\"104\"  style=\"display: inline-block;\" \/><\/a><\/div><\/li><li><a href=\"https:\/\/sistemas.lavras.mg.gov.br\/portalcidadao\/#df1b1a7c7b2a290bcb31e32771e610784662739a88807c0dacac58ede5f391a7530e299dc302d611ee73cb143fc22eaf93592e53e7b5bdb01b00a0b8d28dae460c141dd2ff83412e4dc1c31b16b25f33144a9e5620ea73b13f5bc1c59411d98439ad226e8af03840603796067d87afe130812cf3de24982d0e306f9e61e764e5\" aria-label=\"Banner_Emprego_PortallavrasTV\"><img src=\"https:\/\/lavras.tv\/site\/wp-content\/uploads\/2025\/03\/Banner_Emprego_PortallavrasTV.png\" alt=\"\"  srcset=\"https:\/\/lavras.tv\/site\/wp-content\/uploads\/2025\/03\/Banner_Emprego_PortallavrasTV.png 720w, https:\/\/lavras.tv\/site\/wp-content\/uploads\/2025\/03\/Banner_Emprego_PortallavrasTV-470x68.png 470w, https:\/\/lavras.tv\/site\/wp-content\/uploads\/2025\/03\/Banner_Emprego_PortallavrasTV-170x25.png 170w, https:\/\/lavras.tv\/site\/wp-content\/uploads\/2025\/03\/Banner_Emprego_PortallavrasTV-200x29.png 200w\" sizes=\"(max-width: 720px) 100vw, 720px\" width=\"720\" height=\"104\"   \/><\/a><\/li><li><a href=\"https:\/\/sistemas.lavras.mg.gov.br\/portalcidadao\/#df1b1a7c7b2a290bcb31e32771e610784662739a88807c0dacac58ede5f391a7530e299dc302d611ee73cb143fc22eaf93592e53e7b5bdb01b00a0b8d28dae460c141dd2ff83412e4dc1c31b16b25f33144a9e5620ea73b13f5bc1c59411d98439ad226e8af03840603796067d87afe130812cf3de24982d0e306f9e61e764e5\" aria-label=\"Banner_Obras_PortallavrasTV\"><img src=\"https:\/\/lavras.tv\/site\/wp-content\/uploads\/2025\/03\/Banner_Obras_PortallavrasTV.png\" alt=\"\"  srcset=\"https:\/\/lavras.tv\/site\/wp-content\/uploads\/2025\/03\/Banner_Obras_PortallavrasTV.png 720w, https:\/\/lavras.tv\/site\/wp-content\/uploads\/2025\/03\/Banner_Obras_PortallavrasTV-470x68.png 470w, https:\/\/lavras.tv\/site\/wp-content\/uploads\/2025\/03\/Banner_Obras_PortallavrasTV-170x25.png 170w, https:\/\/lavras.tv\/site\/wp-content\/uploads\/2025\/03\/Banner_Obras_PortallavrasTV-200x29.png 200w\" sizes=\"(max-width: 720px) 100vw, 720px\" width=\"720\" height=\"104\"   \/><\/a><\/li><li><div style=\"margin-left: auto;margin-right: auto;text-align: center;\" id=\"lavra-3659150440\"><a href=\"https:\/\/sistemas.lavras.mg.gov.br\/portalcidadao\/#df1b1a7c7b2a290bcb31e32771e610784662739a88807c0dacac58ede5f391a7530e299dc302d611ee73cb143fc22eaf93592e53e7b5bdb01b00a0b8d28dae460c141dd2ff83412e4dc1c31b16b25f33144a9e5620ea73b13f5bc1c59411d98439ad226e8af03840603796067d87afe130812cf3de24982d0e306f9e61e764e5\" aria-label=\"Banner_Educa\u00e7\u00e3o_PortallavrasTV\"><img src=\"https:\/\/lavras.tv\/site\/wp-content\/uploads\/2025\/01\/Banner_Educacao_PortallavrasTV.png\" alt=\"\"  srcset=\"https:\/\/lavras.tv\/site\/wp-content\/uploads\/2025\/01\/Banner_Educacao_PortallavrasTV.png 720w, https:\/\/lavras.tv\/site\/wp-content\/uploads\/2025\/01\/Banner_Educacao_PortallavrasTV-470x68.png 470w, https:\/\/lavras.tv\/site\/wp-content\/uploads\/2025\/01\/Banner_Educacao_PortallavrasTV-170x25.png 170w, https:\/\/lavras.tv\/site\/wp-content\/uploads\/2025\/01\/Banner_Educacao_PortallavrasTV-200x29.png 200w\" sizes=\"(max-width: 720px) 100vw, 720px\" width=\"720\" height=\"104\"  style=\"display: inline-block;\" \/><\/a><\/div><\/li><li><a href=\"https:\/\/sistemas.lavras.mg.gov.br\/portalcidadao\/#df1b1a7c7b2a290bcb31e32771e610784662739a88807c0dacac58ede5f391a7530e299dc302d611ee73cb143fc22eaf93592e53e7b5bdb01b00a0b8d28dae460c141dd2ff83412e4dc1c31b16b25f33144a9e5620ea73b13f5bc1c59411d98439ad226e8af03840603796067d87afe130812cf3de24982d0e306f9e61e764e5\" aria-label=\"Banner_Sa\u00fade_PortallavrasTV\"><img src=\"https:\/\/lavras.tv\/site\/wp-content\/uploads\/2025\/03\/Banner_Saude_PortallavrasTV.png\" alt=\"\"  srcset=\"https:\/\/lavras.tv\/site\/wp-content\/uploads\/2025\/03\/Banner_Saude_PortallavrasTV.png 720w, https:\/\/lavras.tv\/site\/wp-content\/uploads\/2025\/03\/Banner_Saude_PortallavrasTV-470x68.png 470w, https:\/\/lavras.tv\/site\/wp-content\/uploads\/2025\/03\/Banner_Saude_PortallavrasTV-170x25.png 170w, https:\/\/lavras.tv\/site\/wp-content\/uploads\/2025\/03\/Banner_Saude_PortallavrasTV-200x29.png 200w\" sizes=\"(max-width: 720px) 100vw, 720px\" width=\"720\" height=\"104\"   \/><\/a><\/li><li><div id=\"lavra-3282281981\" style=\"width:720px;height:104px;background-color:#ddd;overflow:scroll;\">\n\t<strong>Sa\u00edda da depura\u00e7\u00e3o de an\u00fancios<\/strong>\n\t<br><br>\n\tO an\u00fancio n\u00e3o \u00e9 exibido na p\u00e1gina<br><br>post atual: Projeto Cria de Atletismo recebe Pr\u00eamio do Esporte Mineiro 2017, ID: 13785<br><br><span style=\"color: red;\">O post atual n\u00e3o \u00e9 id\u00eantico ao post principal.<\/span><br><br>An\u00fancios: ROXO - TOPO INTERNA - ROTATIVO 2 (197)<br \/>Grupo de an\u00fancios: Princ_Meio01_720x104 (27)<br><br>Condi\u00e7\u00f5es de exibi\u00e7\u00e3o<div style=\"margin-bottom: 20px; white-space: pre-wrap; font-family: monospace; width: 100%; background: #ffe9e9;\"><strong>condi\u00e7\u00f5es gerais<\/strong><table border=\"1\"><thead><tr><th><\/th><th>An\u00fancios<\/th><th>wp_the_query<\/th><\/tr><\/thead><tr><td>is_main_query<\/td><td>1<\/td><td>1<\/td><\/tr><tr><td>is_rest_api<\/td><td>0<\/td><td>1<\/td><\/tr><tr><td>page<\/td><td>0<\/td><td>1<\/td><\/tr><tr><td>numpages<\/td><td>0<\/td><td>1<\/td><\/tr><tr><td>is_archive<\/td><td>1<\/td><td><\/td><\/tr><tr><td>is_search<\/td><td>1<\/td><td><\/td><\/tr><tr><td>is_home<\/td><td>1<\/td><td><\/td><\/tr><tr><td>is_404<\/td><td>1<\/td><td><\/td><\/tr><tr><td>is_attachment<\/td><td>1<\/td><td><\/td><\/tr><tr><td>is_singular<\/td><td>1<\/td><td><\/td><\/tr><tr><td>is_front_page<\/td><td>1<\/td><td><\/td><\/tr><tr><td>is_feed<\/td><td>1<\/td><td><\/td><\/tr><\/table><\/div><br><br><span style=\"color: red;\">Seu site usa HTTPS, mas o c\u00f3digo do an\u00fancio cont\u00e9m HTTP e pode n\u00e3o funcionar.<\/span>\t<br><br>\n\t<a style=\"color: green;\" href=\"https:\/\/wpadvancedads.com\/manual\/ad-debug-mode\/?utm_source=advanced-ads&utm_medium=link&utm_campaign=ad-debug-mode\" target=\"_blank\" rel=\"nofollow\">Encontre solu\u00e7\u00f5es no manual<\/a>\n<\/div>\n<\/li><\/ul><\/div><script>( window.advanced_ads_ready || jQuery( document ).ready ).call( null, function() {var $lavraslider1793323613 = jQuery( \".lavra-slider-1793323613\" );$lavraslider1793323613.on( \"unslider.ready\", function() { jQuery( \"div.custom-slider ul li\" ).css( \"display\", \"block\" ); });$lavraslider1793323613.unslider({ delay:4000, autoplay:true, nav:false, arrows:false, infinite:true });$lavraslider1793323613.on(\"mouseover\", function() {$lavraslider1793323613.unslider(\"stop\");}).on(\"mouseout\", function() {$lavraslider1793323613.unslider(\"start\");});});<\/script><\/div><p>O Projeto Cria (Centro Regional de Inicia\u00e7\u00e3o ao Atletismo), da Universidade Federal de Lavras (UFLA), idealizado e coordenado pelo professor de Educa\u00e7\u00e3o F\u00edsica Fernando de Oliveira, recebeu nesta semana o \u201cPr\u00eamio do Esporte Mineiro 2017\u201d, concedido pelo\u00a0Governo de Minas Gerais, por meio da\u00a0Secretaria de Estado de Esportes (Seesp).<!--more--> A solenidade de premia\u00e7\u00e3o ocorreu no audit\u00f3rio da Escola Estadual Governador Milton Campos, em Belo Horizonte, e contou com a participa\u00e7\u00e3o de distintos atletas e autoridades.<\/p>\n<p><img fetchpriority=\"high\" decoding=\"async\" class=\"alignnone size-full wp-image-5651 aligncenter\" src=\"http:\/\/lavras.tv\/site\/wp-content\/uploads\/2017\/01\/atletismo.jpg\" alt=\"atletismo\" width=\"960\" height=\"639\" srcset=\"https:\/\/lavras.tv\/site\/wp-content\/uploads\/2017\/01\/atletismo.jpg 960w, https:\/\/lavras.tv\/site\/wp-content\/uploads\/2017\/01\/atletismo-150x100.jpg 150w, https:\/\/lavras.tv\/site\/wp-content\/uploads\/2017\/01\/atletismo-300x200.jpg 300w, https:\/\/lavras.tv\/site\/wp-content\/uploads\/2017\/01\/atletismo-480x320.jpg 480w, https:\/\/lavras.tv\/site\/wp-content\/uploads\/2017\/01\/atletismo-272x182.jpg 272w\" sizes=\"(max-width: 960px) 100vw, 960px\" \/><\/p>\n<p>Al\u00e9m de esportistas, o evento tamb\u00e9m premiou membros da sociedade civil, gestores municipais e entidades que se destacaram nos programas esportivos do Governo de Minas Gerais no decorrer de 2017 e\/ou que contribu\u00edram com o fomento do esporte no estado.<\/p>\n<div id=\"attachment_147566\" class=\"wp-caption alignright\"><a href=\"http:\/\/www.ufla.br\/ascom\/wp-content\/uploads\/2017\/12\/WhatsApp-Image-2017-12-13-at-12.18.13-PM.jpeg\"><img decoding=\"async\" class=\" wp-image-147566\" src=\"http:\/\/www.ufla.br\/ascom\/wp-content\/uploads\/2017\/12\/WhatsApp-Image-2017-12-13-at-12.18.13-PM-187x249.jpeg\" sizes=\"(max-width: 157px) 100vw, 157px\" srcset=\"http:\/\/www.ufla.br\/ascom\/wp-content\/uploads\/2017\/12\/WhatsApp-Image-2017-12-13-at-12.18.13-PM-187x249.jpeg 187w, http:\/\/www.ufla.br\/ascom\/wp-content\/uploads\/2017\/12\/WhatsApp-Image-2017-12-13-at-12.18.13-PM-768x1024.jpeg 768w, http:\/\/www.ufla.br\/ascom\/wp-content\/uploads\/2017\/12\/WhatsApp-Image-2017-12-13-at-12.18.13-PM-612x816.jpeg 612w, http:\/\/www.ufla.br\/ascom\/wp-content\/uploads\/2017\/12\/WhatsApp-Image-2017-12-13-at-12.18.13-PM-90x120.jpeg 90w, http:\/\/www.ufla.br\/ascom\/wp-content\/uploads\/2017\/12\/WhatsApp-Image-2017-12-13-at-12.18.13-PM.jpeg 960w\" alt=\"\" width=\"157\" height=\"209\" \/><\/a><\/p>\n<p class=\"wp-caption-text\">\n<\/div>\n<p>Para o professor Fernando \u00e9 uma satisfa\u00e7\u00e3o obter essa homenagem, o fruto de um belo trabalho em equipe. \u201cA UFLA conseguiu alcan\u00e7ar todos os objetivos estabelecidos para o Cria, conseguimos \u00eaxitos educacionais, sociais e esportivos. Os muros da universidade foram retirados e nossos jovens est\u00e3o desfrutando da UFLA e ambicionando entrar nas suas salas de aula. Este ano, apesar das dificuldades financeiras para todos, alcan\u00e7amos resultados expressivos, como o p\u00f3dio no JUBS, in\u00e9dito para universidades p\u00fabicas e a vit\u00f3ria alcan\u00e7ada para Lavras no JIMI. A UFLA \u00e9 um modelo a ser seguido e demonstra que precisamos de a\u00e7\u00f5es f\u00e9rteis para nossos jovens, se assim for, eles vir\u00e3o\u201d, comenta.<\/p>\n<p><strong>Sobre o Cria<\/strong><\/p>\n<p>Conhecer novos horizontes e descobrir um mundo de possibilidades: \u00e9 esta a realidade dos integrantes do Cria. Desde 2007, crian\u00e7as e jovens s\u00e3o treinados pelo professor Fernando, para que possam dar o melhor de si, no esporte e na vida.<\/p>\n<p>O projeto \u00e9 uma atividade de extens\u00e3o da UFLA em parceria com a Prefeitura Municipal. Tem como objetivo, por meio do atletismo, colocar crian\u00e7as e jovens da cidade e regi\u00e3o em contato com a universidade, para que, dessa forma, se sintam incentivados a ingressar nesse ambiente.<\/p>\n<p>De segunda a s\u00e1bado, das 15h \u00e0s 18h, os atletas treinam na Pista de Atletismo de Alto Rendimento ou no Gin\u00e1sio Poliesportivo da UFLA. Os participantes s\u00e3o divididos em quatro grupos, sendo o primeiro composto por crian\u00e7as de 7 a 10 anos, o segundo grupo, tamb\u00e9m chamado de iniciantes, de 10 a 14 anos, o grupo intermedi\u00e1rio, compreendido por adolescentes de 15 a 17 anos, e os avan\u00e7ados, acima de 17 anos. Os atletas que se superam em seus grupos, mesmo que n\u00e3o tenham alcan\u00e7ado a pr\u00f3xima faixa et\u00e1ria, s\u00e3o transferidos de equipe. O grupo dos \u201cpequerruchos\u201d (de 7 a 10 anos), como s\u00e3o chamados pelo professor Fernando, tamb\u00e9m possuem atividades de jud\u00f4, taekwondo\u00a0e dan\u00e7a.<\/p>\n<div id=\"attachment_147564\" class=\"wp-caption alignleft\"><a href=\"http:\/\/www.ufla.br\/ascom\/wp-content\/uploads\/2017\/12\/Cria-Scolforo.jpg\"><img decoding=\"async\" class=\" wp-image-147564\" src=\"http:\/\/www.ufla.br\/ascom\/wp-content\/uploads\/2017\/12\/Cria-Scolforo-249x166.jpg\" sizes=\"(max-width: 219px) 100vw, 219px\" srcset=\"http:\/\/www.ufla.br\/ascom\/wp-content\/uploads\/2017\/12\/Cria-Scolforo-249x166.jpg 249w, http:\/\/www.ufla.br\/ascom\/wp-content\/uploads\/2017\/12\/Cria-Scolforo-612x408.jpg 612w, http:\/\/www.ufla.br\/ascom\/wp-content\/uploads\/2017\/12\/Cria-Scolforo-120x80.jpg 120w, http:\/\/www.ufla.br\/ascom\/wp-content\/uploads\/2017\/12\/Cria-Scolforo.jpg 700w\" alt=\"\" width=\"219\" height=\"146\" \/><\/a><\/p>\n<p class=\"wp-caption-text\">\n<\/div>\n<p>Podem participar do projeto alunos de escolas p\u00fablicas e particulares. Atualmente, estudantes de 16 diferentes escolas de Lavras s\u00e3o atendidos na UFLA, totalizando cerca de 110 participantes. A Prefeitura cede o transporte para os treinos e viagens para campeonatos, quando necess\u00e1rio. Estudantes do curso de gradua\u00e7\u00e3o em Educa\u00e7\u00e3o F\u00edsica da Universidade tamb\u00e9m participam e colaboram com a causa.<\/p>\n<p>Mas a iniciativa n\u00e3o se restringe somente \u00e0 Universidade: duas vezes por semana, estudantes da disciplina de Esportes Individuais 2, do DEF, conduzem atividades nas pr\u00f3prias escolas p\u00fablicas de Lavras. Dessa forma, o projeto alcan\u00e7a mais 480 crian\u00e7as, aproximadamente.<\/p>\n<p>Para o professor Fernando, a for\u00e7a de vontade n\u00e3o tem limites: al\u00e9m do munic\u00edpio de Lavras, 1500 crian\u00e7as s\u00e3o atendidas na regi\u00e3o. Cidades como Ibituruna, Ijaci, Perd\u00f5es, Bom Sucesso, Itumirim, Coqueiral e Itutinga s\u00e3o beneficiadas com o projeto por meio de parcerias com \u00f3rg\u00e3os municipais, onde professores e estudantes de Educa\u00e7\u00e3o F\u00edsica da UFLA acompanham as atividades.\u00a0A iniciativa despertou interesse tamb\u00e9m em outra universidade: a Universidade Federal de Juiz de Fora (UFJF) inseriu o programa com o apoio da equipe de Lavras.<\/p>\n<p>A contribui\u00e7\u00e3o do projeto Cria Lavras na forma\u00e7\u00e3o das crian\u00e7as e jovens vai al\u00e9m do esporte.\u00a0\u201cNo projeto, incentivamos os participantes a darem o melhor de si e cobramos resultados tamb\u00e9m nos estudos: as crian\u00e7as precisam mostrar o rendimento que t\u00eam na escola e, se for preciso, podem fazer as atividades escolares dentro do gin\u00e1sio\u201d, afirma Fernando. Com esse incentivo e com a determina\u00e7\u00e3o que veem nos colegas, muitos conseguiram entrar em universidades federais e concretizaram, dessa forma, o objetivo do projeto. \u00a0\u201cSomos parceiros dos pais\u201d, conclui o professor.<\/p>\n<p>Os interessados em participar do projeto podem procurar a secretaria do Departamento de Educa\u00e7\u00e3o F\u00edsica, de segunda \u00e0 sexta-feira. Mais informa\u00e7\u00f5es pelo telefone: (35) 3829 1293.<\/p>\n<p>Fonte: UFLA<\/p>\n","protected":false},"excerpt":{"rendered":"<p>O Projeto Cria (Centro Regional de Inicia\u00e7\u00e3o ao Atletismo), da Universidade Federal de Lavras (UFLA), idealizado e coordenado pelo professor de Educa\u00e7\u00e3o F\u00edsica Fernando de Oliveira, recebeu nesta semana o \u201cPr\u00eamio do Esporte Mineiro 2017\u201d, concedido pelo\u00a0Governo de Minas Gerais, por meio da\u00a0Secretaria de Estado de Esportes (Seesp).<\/p>\n","protected":false},"author":2,"featured_media":13786,"comment_status":"closed","ping_status":"open","sticky":false,"template":"","format":"standard","meta":{"advgb_blocks_editor_width":"","advgb_blocks_columns_visual_guide":"","_exactmetrics_skip_tracking":false,"_exactmetrics_sitenote_active":false,"_exactmetrics_sitenote_note":"","_exactmetrics_sitenote_category":0,"footnotes":""},"categories":[7,3],"tags":[1100,1533,4362,56],"class_list":["post-13785","post","type-post","status-publish","format-standard","has-post-thumbnail","hentry","category-destaques","category-esportes","tag-atletismo","tag-cria","tag-premio-do-esporte-mineiro-2017","tag-ufla"],"better_featured_image":{"id":13786,"alt_text":"","caption":"","description":"","media_type":"image","media_details":{"width":960,"height":639,"file":"2017\/12\/atletismo.jpg","sizes":{"thumbnail":{"file":"atletismo-150x100.jpg","width":150,"height":100,"mime-type":"image\/jpeg","source_url":"https:\/\/lavras.tv\/site\/wp-content\/uploads\/2017\/12\/atletismo-150x100.jpg"},"medium":{"file":"atletismo-300x200.jpg","width":300,"height":200,"mime-type":"image\/jpeg","source_url":"https:\/\/lavras.tv\/site\/wp-content\/uploads\/2017\/12\/atletismo-300x200.jpg"},"featured-slider-img":{"file":"atletismo-640x480.jpg","width":640,"height":480,"mime-type":"image\/jpeg","source_url":"https:\/\/lavras.tv\/site\/wp-content\/uploads\/2017\/12\/atletismo-640x480.jpg"},"featured-post-img":{"file":"atletismo-480x320.jpg","width":480,"height":320,"mime-type":"image\/jpeg","source_url":"https:\/\/lavras.tv\/site\/wp-content\/uploads\/2017\/12\/atletismo-480x320.jpg"},"sow-carousel-default":{"file":"atletismo-272x182.jpg","width":272,"height":182,"mime-type":"image\/jpeg","source_url":"https:\/\/lavras.tv\/site\/wp-content\/uploads\/2017\/12\/atletismo-272x182.jpg"}},"image_meta":{"aperture":"0","credit":"Tiago Ciccarini","camera":"","caption":"","created_timestamp":"0","copyright":"","focal_length":"0","iso":"0","shutter_speed":"0","title":"","orientation":"0","keywords":[]}},"post":13785,"source_url":"https:\/\/lavras.tv\/site\/wp-content\/uploads\/2017\/12\/atletismo.jpg"},"author_meta":{"display_name":"Lavras TV","author_link":"https:\/\/lavras.tv\/site\/author\/lavrastv\/"},"featured_img":"https:\/\/lavras.tv\/site\/wp-content\/uploads\/2017\/12\/atletismo-300x200.jpg","coauthors":[],"tax_additional":{"categories":{"linked":["<a href=\"https:\/\/lavras.tv\/site\/category\/destaques\/\" class=\"advgb-post-tax-term\">Destaques<\/a>","<a href=\"https:\/\/lavras.tv\/site\/category\/esportes\/\" class=\"advgb-post-tax-term\">Esportes<\/a>"],"unlinked":["<span class=\"advgb-post-tax-term\">Destaques<\/span>","<span class=\"advgb-post-tax-term\">Esportes<\/span>"]},"tags":{"linked":["<a href=\"https:\/\/lavras.tv\/site\/category\/esportes\/\" class=\"advgb-post-tax-term\">atletismo<\/a>","<a href=\"https:\/\/lavras.tv\/site\/category\/esportes\/\" class=\"advgb-post-tax-term\">CRIA<\/a>","<a href=\"https:\/\/lavras.tv\/site\/category\/esportes\/\" class=\"advgb-post-tax-term\">Pr\u00eamio do Esporte Mineiro 2017<\/a>","<a href=\"https:\/\/lavras.tv\/site\/category\/esportes\/\" class=\"advgb-post-tax-term\">ufla<\/a>"],"unlinked":["<span class=\"advgb-post-tax-term\">atletismo<\/span>","<span class=\"advgb-post-tax-term\">CRIA<\/span>","<span class=\"advgb-post-tax-term\">Pr\u00eamio do Esporte Mineiro 2017<\/span>","<span class=\"advgb-post-tax-term\">ufla<\/span>"]}},"comment_count":"0","relative_dates":{"created":"Publicado 8 anos atr\u00e1s","modified":"Atualizado 8 anos atr\u00e1s"},"absolute_dates":{"created":"Publicado em 15 de dezembro de 2017","modified":"Atualizado em 15 de dezembro de 2017"},"absolute_dates_time":{"created":"Publicado em 15 de dezembro de 2017 10:13","modified":"Atualizado em 15 de dezembro de 2017 10:13"},"featured_img_caption":"","series_order":"","_links":{"self":[{"href":"https:\/\/lavras.tv\/site\/wp-json\/wp\/v2\/posts\/13785","targetHints":{"allow":["GET"]}}],"collection":[{"href":"https:\/\/lavras.tv\/site\/wp-json\/wp\/v2\/posts"}],"about":[{"href":"https:\/\/lavras.tv\/site\/wp-json\/wp\/v2\/types\/post"}],"author":[{"embeddable":true,"href":"https:\/\/lavras.tv\/site\/wp-json\/wp\/v2\/users\/2"}],"replies":[{"embeddable":true,"href":"https:\/\/lavras.tv\/site\/wp-json\/wp\/v2\/comments?post=13785"}],"version-history":[{"count":1,"href":"https:\/\/lavras.tv\/site\/wp-json\/wp\/v2\/posts\/13785\/revisions"}],"predecessor-version":[{"id":13787,"href":"https:\/\/lavras.tv\/site\/wp-json\/wp\/v2\/posts\/13785\/revisions\/13787"}],"wp:featuredmedia":[{"embeddable":true,"href":"https:\/\/lavras.tv\/site\/wp-json\/wp\/v2\/media\/13786"}],"wp:attachment":[{"href":"https:\/\/lavras.tv\/site\/wp-json\/wp\/v2\/media?parent=13785"}],"wp:term":[{"taxonomy":"category","embeddable":true,"href":"https:\/\/lavras.tv\/site\/wp-json\/wp\/v2\/categories?post=13785"},{"taxonomy":"post_tag","embeddable":true,"href":"https:\/\/lavras.tv\/site\/wp-json\/wp\/v2\/tags?post=13785"}],"curies":[{"name":"wp","href":"https:\/\/api.w.org\/{rel}","templated":true}]}}