{"id":13788,"date":"2017-12-15T10:46:04","date_gmt":"2017-12-15T12:46:04","guid":{"rendered":"http:\/\/lavras.tv\/site\/?p=13788"},"modified":"2017-12-15T10:46:04","modified_gmt":"2017-12-15T12:46:04","slug":"informe-parlamentar-deputada-damina-pede-mais-seguranca-na-br-265","status":"publish","type":"post","link":"https:\/\/lavras.tv\/site\/2017\/12\/15\/informe-parlamentar-deputada-damina-pede-mais-seguranca-na-br-265\/","title":{"rendered":"[Informe Parlamentar] Deputada D\u00e2mina pede mais seguran\u00e7a na BR 265"},"content":{"rendered":"<div class=\"lavra-antes-do-conteudo_2\" id=\"lavra-2383900772\"><div id=\"lavra-slider-27\" class=\"custom-slider lavra-slider-3875951877 lavra-slider\"><ul><li><div style=\"margin-left: auto;margin-right: auto;text-align: center;\" id=\"lavra-2217606032\"><a href=\"https:\/\/sistemas.lavras.mg.gov.br\/portalcidadao\/#df1b1a7c7b2a290bcb31e32771e610784662739a88807c0dacac58ede5f391a7530e299dc302d611ee73cb143fc22eaf93592e53e7b5bdb01b00a0b8d28dae460c141dd2ff83412e4dc1c31b16b25f33144a9e5620ea73b13f5bc1c59411d98439ad226e8af03840603796067d87afe130812cf3de24982d0e306f9e61e764e5\" aria-label=\"Lavras-TV&#8211;720x104px (1) (1)\"><img src=\"https:\/\/lavras.tv\/site\/wp-content\/uploads\/2025\/01\/Lavras-TV-720x104px-1-1.png\" alt=\"\"  srcset=\"https:\/\/lavras.tv\/site\/wp-content\/uploads\/2025\/01\/Lavras-TV-720x104px-1-1.png 720w, https:\/\/lavras.tv\/site\/wp-content\/uploads\/2025\/01\/Lavras-TV-720x104px-1-1-470x68.png 470w, https:\/\/lavras.tv\/site\/wp-content\/uploads\/2025\/01\/Lavras-TV-720x104px-1-1-170x25.png 170w, https:\/\/lavras.tv\/site\/wp-content\/uploads\/2025\/01\/Lavras-TV-720x104px-1-1-200x29.png 200w\" sizes=\"(max-width: 720px) 100vw, 720px\" width=\"720\" height=\"104\"  style=\"display: inline-block;\" \/><\/a><\/div><\/li><li><a href=\"https:\/\/sistemas.lavras.mg.gov.br\/portalcidadao\/#df1b1a7c7b2a290bcb31e32771e610784662739a88807c0dacac58ede5f391a7530e299dc302d611ee73cb143fc22eaf93592e53e7b5bdb01b00a0b8d28dae460c141dd2ff83412e4dc1c31b16b25f33144a9e5620ea73b13f5bc1c59411d98439ad226e8af03840603796067d87afe130812cf3de24982d0e306f9e61e764e5\" aria-label=\"Banner_Emprego_PortallavrasTV\"><img src=\"https:\/\/lavras.tv\/site\/wp-content\/uploads\/2025\/03\/Banner_Emprego_PortallavrasTV.png\" alt=\"\"  srcset=\"https:\/\/lavras.tv\/site\/wp-content\/uploads\/2025\/03\/Banner_Emprego_PortallavrasTV.png 720w, https:\/\/lavras.tv\/site\/wp-content\/uploads\/2025\/03\/Banner_Emprego_PortallavrasTV-470x68.png 470w, https:\/\/lavras.tv\/site\/wp-content\/uploads\/2025\/03\/Banner_Emprego_PortallavrasTV-170x25.png 170w, https:\/\/lavras.tv\/site\/wp-content\/uploads\/2025\/03\/Banner_Emprego_PortallavrasTV-200x29.png 200w\" sizes=\"(max-width: 720px) 100vw, 720px\" width=\"720\" height=\"104\"   \/><\/a><\/li><li><a href=\"https:\/\/sistemas.lavras.mg.gov.br\/portalcidadao\/#df1b1a7c7b2a290bcb31e32771e610784662739a88807c0dacac58ede5f391a7530e299dc302d611ee73cb143fc22eaf93592e53e7b5bdb01b00a0b8d28dae460c141dd2ff83412e4dc1c31b16b25f33144a9e5620ea73b13f5bc1c59411d98439ad226e8af03840603796067d87afe130812cf3de24982d0e306f9e61e764e5\" aria-label=\"Banner_Obras_PortallavrasTV\"><img src=\"https:\/\/lavras.tv\/site\/wp-content\/uploads\/2025\/03\/Banner_Obras_PortallavrasTV.png\" alt=\"\"  srcset=\"https:\/\/lavras.tv\/site\/wp-content\/uploads\/2025\/03\/Banner_Obras_PortallavrasTV.png 720w, https:\/\/lavras.tv\/site\/wp-content\/uploads\/2025\/03\/Banner_Obras_PortallavrasTV-470x68.png 470w, https:\/\/lavras.tv\/site\/wp-content\/uploads\/2025\/03\/Banner_Obras_PortallavrasTV-170x25.png 170w, https:\/\/lavras.tv\/site\/wp-content\/uploads\/2025\/03\/Banner_Obras_PortallavrasTV-200x29.png 200w\" sizes=\"(max-width: 720px) 100vw, 720px\" width=\"720\" height=\"104\"   \/><\/a><\/li><li><div style=\"margin-left: auto;margin-right: auto;text-align: center;\" id=\"lavra-2972110948\"><a href=\"https:\/\/sistemas.lavras.mg.gov.br\/portalcidadao\/#df1b1a7c7b2a290bcb31e32771e610784662739a88807c0dacac58ede5f391a7530e299dc302d611ee73cb143fc22eaf93592e53e7b5bdb01b00a0b8d28dae460c141dd2ff83412e4dc1c31b16b25f33144a9e5620ea73b13f5bc1c59411d98439ad226e8af03840603796067d87afe130812cf3de24982d0e306f9e61e764e5\" aria-label=\"Banner_Educa\u00e7\u00e3o_PortallavrasTV\"><img src=\"https:\/\/lavras.tv\/site\/wp-content\/uploads\/2025\/01\/Banner_Educacao_PortallavrasTV.png\" alt=\"\"  srcset=\"https:\/\/lavras.tv\/site\/wp-content\/uploads\/2025\/01\/Banner_Educacao_PortallavrasTV.png 720w, https:\/\/lavras.tv\/site\/wp-content\/uploads\/2025\/01\/Banner_Educacao_PortallavrasTV-470x68.png 470w, https:\/\/lavras.tv\/site\/wp-content\/uploads\/2025\/01\/Banner_Educacao_PortallavrasTV-170x25.png 170w, https:\/\/lavras.tv\/site\/wp-content\/uploads\/2025\/01\/Banner_Educacao_PortallavrasTV-200x29.png 200w\" sizes=\"(max-width: 720px) 100vw, 720px\" width=\"720\" height=\"104\"  style=\"display: inline-block;\" \/><\/a><\/div><\/li><li><a href=\"https:\/\/sistemas.lavras.mg.gov.br\/portalcidadao\/#df1b1a7c7b2a290bcb31e32771e610784662739a88807c0dacac58ede5f391a7530e299dc302d611ee73cb143fc22eaf93592e53e7b5bdb01b00a0b8d28dae460c141dd2ff83412e4dc1c31b16b25f33144a9e5620ea73b13f5bc1c59411d98439ad226e8af03840603796067d87afe130812cf3de24982d0e306f9e61e764e5\" aria-label=\"Banner_Sa\u00fade_PortallavrasTV\"><img src=\"https:\/\/lavras.tv\/site\/wp-content\/uploads\/2025\/03\/Banner_Saude_PortallavrasTV.png\" alt=\"\"  srcset=\"https:\/\/lavras.tv\/site\/wp-content\/uploads\/2025\/03\/Banner_Saude_PortallavrasTV.png 720w, https:\/\/lavras.tv\/site\/wp-content\/uploads\/2025\/03\/Banner_Saude_PortallavrasTV-470x68.png 470w, https:\/\/lavras.tv\/site\/wp-content\/uploads\/2025\/03\/Banner_Saude_PortallavrasTV-170x25.png 170w, https:\/\/lavras.tv\/site\/wp-content\/uploads\/2025\/03\/Banner_Saude_PortallavrasTV-200x29.png 200w\" sizes=\"(max-width: 720px) 100vw, 720px\" width=\"720\" height=\"104\"   \/><\/a><\/li><li><div id=\"lavra-59939365\" style=\"width:720px;height:104px;background-color:#ddd;overflow:scroll;\">\n\t<strong>Sa\u00edda da depura\u00e7\u00e3o de an\u00fancios<\/strong>\n\t<br><br>\n\tO an\u00fancio n\u00e3o \u00e9 exibido na p\u00e1gina<br><br>post atual: [Informe Parlamentar] Deputada D\u00e2mina pede mais seguran\u00e7a na BR 265, ID: 13788<br><br><span style=\"color: red;\">O post atual n\u00e3o \u00e9 id\u00eantico ao post principal.<\/span><br><br>An\u00fancios: ROXO - TOPO INTERNA - ROTATIVO 2 (197)<br \/>Grupo de an\u00fancios: Princ_Meio01_720x104 (27)<br><br>Condi\u00e7\u00f5es de exibi\u00e7\u00e3o<div style=\"margin-bottom: 20px; white-space: pre-wrap; font-family: monospace; width: 100%; background: #ffe9e9;\"><strong>condi\u00e7\u00f5es gerais<\/strong><table border=\"1\"><thead><tr><th><\/th><th>An\u00fancios<\/th><th>wp_the_query<\/th><\/tr><\/thead><tr><td>is_main_query<\/td><td>1<\/td><td>1<\/td><\/tr><tr><td>is_rest_api<\/td><td>0<\/td><td>1<\/td><\/tr><tr><td>page<\/td><td>0<\/td><td>1<\/td><\/tr><tr><td>numpages<\/td><td>0<\/td><td>1<\/td><\/tr><tr><td>is_archive<\/td><td>1<\/td><td><\/td><\/tr><tr><td>is_search<\/td><td>1<\/td><td><\/td><\/tr><tr><td>is_home<\/td><td>1<\/td><td><\/td><\/tr><tr><td>is_404<\/td><td>1<\/td><td><\/td><\/tr><tr><td>is_attachment<\/td><td>1<\/td><td><\/td><\/tr><tr><td>is_singular<\/td><td>1<\/td><td><\/td><\/tr><tr><td>is_front_page<\/td><td>1<\/td><td><\/td><\/tr><tr><td>is_feed<\/td><td>1<\/td><td><\/td><\/tr><\/table><\/div><br><br><span style=\"color: red;\">Seu site usa HTTPS, mas o c\u00f3digo do an\u00fancio cont\u00e9m HTTP e pode n\u00e3o funcionar.<\/span>\t<br><br>\n\t<a style=\"color: green;\" href=\"https:\/\/wpadvancedads.com\/manual\/ad-debug-mode\/?utm_source=advanced-ads&utm_medium=link&utm_campaign=ad-debug-mode\" target=\"_blank\" rel=\"nofollow\">Encontre solu\u00e7\u00f5es no manual<\/a>\n<\/div>\n<\/li><\/ul><\/div><script>( window.advanced_ads_ready || jQuery( document ).ready ).call( null, function() {var $lavraslider3875951877 = jQuery( \".lavra-slider-3875951877\" );$lavraslider3875951877.on( \"unslider.ready\", function() { jQuery( \"div.custom-slider ul li\" ).css( \"display\", \"block\" ); });$lavraslider3875951877.unslider({ delay:4000, autoplay:true, nav:false, arrows:false, infinite:true });$lavraslider3875951877.on(\"mouseover\", function() {$lavraslider3875951877.unslider(\"stop\");}).on(\"mouseout\", function() {$lavraslider3875951877.unslider(\"start\");});});<\/script><\/div><p class=\"m_-1189084453687664778gmail-MsoNormal\">A BR-265 que liga os estados de Minas Gerais e S\u00e3o Paulo \u00e9 considerada uma das mais violentas do Brasil, ocupa o terceiro lugar, de acordo com a Secretaria de Estado de Defesa Social. <!--more-->O alto fluxo de ve\u00edculos, a falta de sinaliza\u00e7\u00e3o e acostamento, contribuem significativamente para que acidentes automobil\u00edsticos ocorram.<\/p>\n<p class=\"m_-1189084453687664778gmail-MsoNormal\">\u00a0Para atender ao pedido do vereador lavrense Carlos Lindomar, a deputada federal D\u00e2mina Pereira (PSL\/MG) enviou documento ao\u00a0 Departamento Nacional de Infraestrutura Terrestre (DNIT), solicitando a constru\u00e7\u00e3o de quatro passarelas ao longo do trecho na BR que passa pelos bairros \u00c1gua Limpa, Serra Verde, Fonte Verde e Novo Horizonte, na cidade de Lavras.<\/p>\n<p class=\"m_-1189084453687664778gmail-MsoNormal\"><img fetchpriority=\"high\" decoding=\"async\" class=\"alignnone size-full wp-image-13789 aligncenter\" src=\"http:\/\/lavras.tv\/site\/wp-content\/uploads\/2017\/12\/38999213072_8bcac09db1_o.jpg\" alt=\"38999213072_8bcac09db1_o\" width=\"5959\" height=\"3977\" srcset=\"https:\/\/lavras.tv\/site\/wp-content\/uploads\/2017\/12\/38999213072_8bcac09db1_o.jpg 5959w, https:\/\/lavras.tv\/site\/wp-content\/uploads\/2017\/12\/38999213072_8bcac09db1_o-150x100.jpg 150w, https:\/\/lavras.tv\/site\/wp-content\/uploads\/2017\/12\/38999213072_8bcac09db1_o-300x200.jpg 300w, https:\/\/lavras.tv\/site\/wp-content\/uploads\/2017\/12\/38999213072_8bcac09db1_o-1024x683.jpg 1024w, https:\/\/lavras.tv\/site\/wp-content\/uploads\/2017\/12\/38999213072_8bcac09db1_o-480x320.jpg 480w, https:\/\/lavras.tv\/site\/wp-content\/uploads\/2017\/12\/38999213072_8bcac09db1_o-272x182.jpg 272w\" sizes=\"(max-width: 5959px) 100vw, 5959px\" \/><\/p>\n<p class=\"m_-1189084453687664778gmail-MsoNormal\"><b>\u00a0<\/b>O diretor geral do DNIT, Valter Casimiro Silveira, respondeu o pedido e disse que vai elaborar o projeto de constru\u00e7\u00e3o das quatros passarelas, e de um trevo pr\u00f3ximo ao bairro Fonte Verde, no cronograma de atividades do \u00f3rg\u00e3o.<\/p>\n<p class=\"m_-1189084453687664778gmail-MsoNormal\"><b>\u00a0<\/b><\/p>\n<p class=\"m_-1189084453687664778gmail-MsoNormal\"><b>Outros pedidos da deputada<\/b><\/p>\n<p class=\"m_-1189084453687664778gmail-MsoNormal\">No inicio de 2017, a parlamentar solicitou ao presidente da Rep\u00fablica, Michel Temer, a conclus\u00e3o da 3\u00aa faixa da BR 265 no sentido Lavras a S\u00e3o Jo\u00e3o Del Rei que liga a BR-381 a BR-040. \u201cO trecho da BR-265 \u00e9 uma das principais vias de liga\u00e7\u00e3o entre Lavras a S\u00e3o Jo\u00e3o Del Rei, rodovia apontada pela Secretaria de Estado de Defesa Social (SEDS) como a mais perigosa de Minas Gerais, firmamos esse pedido em nome de todos mineiros\u201d, lembrou.<\/p>\n<p class=\"m_-1189084453687664778gmail-MsoNormal\">Em 2016, D\u00e2mina esteve com o engenheiro e superintendente substituto, do Departamento Nacional de Infraestrutura de Transportes (DNIT) Danilo Rezende, em Belo Horizonte (MG) para pedir alternativas que viabilizassem uma maior seguran\u00e7a para quem mora e trafega ao longo da rodovia.<\/p>\n<p>Al\u00e9m disso, a parlamentar j\u00e1 havia apresentado junto \u00e0 Comiss\u00e3o Mista de Or\u00e7amento \u00e0 Lei de Diretrizes Or\u00e7ament\u00e1rias (LDO) uma emenda de bancada pedindo a adequa\u00e7\u00e3o do trecho rodovi\u00e1rio da BR 265\/MG, que liga os munic\u00edpios mineiros de Lavras e S\u00e3o Jo\u00e3o Del Rei.<\/p>\n<p>\u201cTodos esses pedidos s\u00e3o reivindica\u00e7\u00f5es da popula\u00e7\u00e3o local, de munic\u00edpios circunvizinhos, em especial de todas as pessoas que passam pela rodovia diariamente. Ainda n\u00e3o temos resultados concretos, mas continuarei me empenhado para que os acidentes que deixam v\u00edtimas fatais na BR 265, sejam reduzidos\u201d, concluiu a deputada.<\/p>\n","protected":false},"excerpt":{"rendered":"<p>A BR-265 que liga os estados de Minas Gerais e S\u00e3o Paulo \u00e9 considerada uma das mais violentas do Brasil, ocupa o terceiro lugar, de acordo com a Secretaria de Estado de Defesa Social.<\/p>\n","protected":false},"author":2,"featured_media":13789,"comment_status":"closed","ping_status":"open","sticky":false,"template":"","format":"standard","meta":{"advgb_blocks_editor_width":"","advgb_blocks_columns_visual_guide":"","_exactmetrics_skip_tracking":false,"_exactmetrics_sitenote_active":false,"_exactmetrics_sitenote_note":"","_exactmetrics_sitenote_category":0,"footnotes":""},"categories":[7,12],"tags":[79,671],"class_list":["post-13788","post","type-post","status-publish","format-standard","has-post-thumbnail","hentry","category-destaques","category-politica","tag-br-265","tag-damina-pereira"],"better_featured_image":{"id":13789,"alt_text":"","caption":"","description":"","media_type":"image","media_details":{"width":5959,"height":3977,"file":"2017\/12\/38999213072_8bcac09db1_o.jpg","sizes":{"thumbnail":{"file":"38999213072_8bcac09db1_o-150x100.jpg","width":150,"height":100,"mime-type":"image\/jpeg","source_url":"https:\/\/lavras.tv\/site\/wp-content\/uploads\/2017\/12\/38999213072_8bcac09db1_o-150x100.jpg"},"medium":{"file":"38999213072_8bcac09db1_o-300x200.jpg","width":300,"height":200,"mime-type":"image\/jpeg","source_url":"https:\/\/lavras.tv\/site\/wp-content\/uploads\/2017\/12\/38999213072_8bcac09db1_o-300x200.jpg"},"large":{"file":"38999213072_8bcac09db1_o-1024x683.jpg","width":1024,"height":683,"mime-type":"image\/jpeg","source_url":"https:\/\/lavras.tv\/site\/wp-content\/uploads\/2017\/12\/38999213072_8bcac09db1_o-1024x683.jpg"},"featured-slider-img":{"file":"38999213072_8bcac09db1_o-640x480.jpg","width":640,"height":480,"mime-type":"image\/jpeg","source_url":"https:\/\/lavras.tv\/site\/wp-content\/uploads\/2017\/12\/38999213072_8bcac09db1_o-640x480.jpg"},"featured-post-img":{"file":"38999213072_8bcac09db1_o-480x320.jpg","width":480,"height":320,"mime-type":"image\/jpeg","source_url":"https:\/\/lavras.tv\/site\/wp-content\/uploads\/2017\/12\/38999213072_8bcac09db1_o-480x320.jpg"},"sow-carousel-default":{"file":"38999213072_8bcac09db1_o-272x182.jpg","width":272,"height":182,"mime-type":"image\/jpeg","source_url":"https:\/\/lavras.tv\/site\/wp-content\/uploads\/2017\/12\/38999213072_8bcac09db1_o-272x182.jpg"}},"image_meta":{"aperture":"5.6","credit":"Zeca Ribeiro","camera":"NIKON D810","caption":"","created_timestamp":"1513175122","copyright":"@zecaribeiro","focal_length":"116","iso":"1600","shutter_speed":"0.005","title":"","orientation":"0","keywords":["Ag\u00eancia de Jornalismo e Checagem Lupa S\/A (CONFIRMADA - V\u00cdDEOC","COMISS\u00c3O DE DEFESA DOS DIREITOS DA MULHER\r55\u00aa Legislatura - 3","Cientista Pol\u00edtica e Advogada Popular","Coordenadora Substituta da Coordena\u00e7\u00e3o Geral de Sa\u00fade das Mul","Diretora de Vigil\u00e2ncia de doen\u00e7as e agravos n\u00e3o transmiss\u00edve","M\u00e9dica Ginecologista e Obstetra e Professora de Bio\u00e9tica (CONF","M\u00e9dica e Professora da Faculdade de Ci\u00eancias M\u00e9dicas da Santa","Presidente da Comiss\u00e3o de Pr\u00e9-Natal da Federa\u00e7\u00e3o Brasileira ","Professora do Instituto de Biologia da UnB","da Dep. Ana Perugini","do Dep. Diego Garcia e \rREQ N\u00ba 81\/2017","membro do Coletivo Margarida Alves. (CONFIRMADA)\r\r\rREQUERIMENTOS","orientadora no Programa de P\u00f3s-gradua\u00e7\u00e3o em Ensino de Ci\u00eanci"]}},"post":13788,"source_url":"https:\/\/lavras.tv\/site\/wp-content\/uploads\/2017\/12\/38999213072_8bcac09db1_o.jpg"},"author_meta":{"display_name":"Lavras TV","author_link":"https:\/\/lavras.tv\/site\/author\/lavrastv\/"},"featured_img":"https:\/\/lavras.tv\/site\/wp-content\/uploads\/2017\/12\/38999213072_8bcac09db1_o-300x200.jpg","coauthors":[],"tax_additional":{"categories":{"linked":["<a href=\"https:\/\/lavras.tv\/site\/category\/destaques\/\" class=\"advgb-post-tax-term\">Destaques<\/a>","<a href=\"https:\/\/lavras.tv\/site\/category\/politica\/\" class=\"advgb-post-tax-term\">Pol\u00edtica<\/a>"],"unlinked":["<span class=\"advgb-post-tax-term\">Destaques<\/span>","<span class=\"advgb-post-tax-term\">Pol\u00edtica<\/span>"]},"tags":{"linked":["<a href=\"https:\/\/lavras.tv\/site\/category\/politica\/\" class=\"advgb-post-tax-term\">br 265<\/a>","<a href=\"https:\/\/lavras.tv\/site\/category\/politica\/\" class=\"advgb-post-tax-term\">D\u00e2mina Pereira<\/a>"],"unlinked":["<span class=\"advgb-post-tax-term\">br 265<\/span>","<span class=\"advgb-post-tax-term\">D\u00e2mina Pereira<\/span>"]}},"comment_count":"0","relative_dates":{"created":"Publicado 8 anos atr\u00e1s","modified":"Atualizado 8 anos atr\u00e1s"},"absolute_dates":{"created":"Publicado em 15 de dezembro de 2017","modified":"Atualizado em 15 de dezembro de 2017"},"absolute_dates_time":{"created":"Publicado em 15 de dezembro de 2017 10:46","modified":"Atualizado em 15 de dezembro de 2017 10:46"},"featured_img_caption":"","series_order":"","_links":{"self":[{"href":"https:\/\/lavras.tv\/site\/wp-json\/wp\/v2\/posts\/13788","targetHints":{"allow":["GET"]}}],"collection":[{"href":"https:\/\/lavras.tv\/site\/wp-json\/wp\/v2\/posts"}],"about":[{"href":"https:\/\/lavras.tv\/site\/wp-json\/wp\/v2\/types\/post"}],"author":[{"embeddable":true,"href":"https:\/\/lavras.tv\/site\/wp-json\/wp\/v2\/users\/2"}],"replies":[{"embeddable":true,"href":"https:\/\/lavras.tv\/site\/wp-json\/wp\/v2\/comments?post=13788"}],"version-history":[{"count":1,"href":"https:\/\/lavras.tv\/site\/wp-json\/wp\/v2\/posts\/13788\/revisions"}],"predecessor-version":[{"id":13790,"href":"https:\/\/lavras.tv\/site\/wp-json\/wp\/v2\/posts\/13788\/revisions\/13790"}],"wp:featuredmedia":[{"embeddable":true,"href":"https:\/\/lavras.tv\/site\/wp-json\/wp\/v2\/media\/13789"}],"wp:attachment":[{"href":"https:\/\/lavras.tv\/site\/wp-json\/wp\/v2\/media?parent=13788"}],"wp:term":[{"taxonomy":"category","embeddable":true,"href":"https:\/\/lavras.tv\/site\/wp-json\/wp\/v2\/categories?post=13788"},{"taxonomy":"post_tag","embeddable":true,"href":"https:\/\/lavras.tv\/site\/wp-json\/wp\/v2\/tags?post=13788"}],"curies":[{"name":"wp","href":"https:\/\/api.w.org\/{rel}","templated":true}]}}