{"id":137995,"date":"2024-11-18T15:03:29","date_gmt":"2024-11-18T18:03:29","guid":{"rendered":"https:\/\/lavras.tv\/site\/?p=137995"},"modified":"2024-11-18T15:03:30","modified_gmt":"2024-11-18T18:03:30","slug":"em-2024-minas-gerais-se-torna-o-mais-completo-destino-de-natal-do-pais-com-800-eventos-e-450-municipios","status":"publish","type":"post","link":"https:\/\/lavras.tv\/site\/2024\/11\/18\/em-2024-minas-gerais-se-torna-o-mais-completo-destino-de-natal-do-pais-com-800-eventos-e-450-municipios\/","title":{"rendered":"Em 2024, Minas Gerais se torna o mais completo destino de Natal do pa\u00eds, com 800 eventos e 450 munic\u00edpios"},"content":{"rendered":"<div class=\"lavra-antes-do-conteudo_2\" id=\"lavra-2929202244\"><div id=\"lavra-slider-27\" class=\"custom-slider lavra-slider-2943509300 lavra-slider\"><ul><li><div style=\"margin-left: auto;margin-right: auto;text-align: center;\" id=\"lavra-3671460542\"><a href=\"https:\/\/sistemas.lavras.mg.gov.br\/portalcidadao\/#df1b1a7c7b2a290bcb31e32771e610784662739a88807c0dacac58ede5f391a7530e299dc302d611ee73cb143fc22eaf93592e53e7b5bdb01b00a0b8d28dae460c141dd2ff83412e4dc1c31b16b25f33144a9e5620ea73b13f5bc1c59411d98439ad226e8af03840603796067d87afe130812cf3de24982d0e306f9e61e764e5\" aria-label=\"Lavras-TV&#8211;720x104px (1) (1)\"><img src=\"https:\/\/lavras.tv\/site\/wp-content\/uploads\/2025\/01\/Lavras-TV-720x104px-1-1.png\" alt=\"\"  srcset=\"https:\/\/lavras.tv\/site\/wp-content\/uploads\/2025\/01\/Lavras-TV-720x104px-1-1.png 720w, https:\/\/lavras.tv\/site\/wp-content\/uploads\/2025\/01\/Lavras-TV-720x104px-1-1-470x68.png 470w, https:\/\/lavras.tv\/site\/wp-content\/uploads\/2025\/01\/Lavras-TV-720x104px-1-1-170x25.png 170w, https:\/\/lavras.tv\/site\/wp-content\/uploads\/2025\/01\/Lavras-TV-720x104px-1-1-200x29.png 200w\" sizes=\"(max-width: 720px) 100vw, 720px\" width=\"720\" height=\"104\"  style=\"display: inline-block;\" \/><\/a><\/div><\/li><li><a href=\"https:\/\/sistemas.lavras.mg.gov.br\/portalcidadao\/#df1b1a7c7b2a290bcb31e32771e610784662739a88807c0dacac58ede5f391a7530e299dc302d611ee73cb143fc22eaf93592e53e7b5bdb01b00a0b8d28dae460c141dd2ff83412e4dc1c31b16b25f33144a9e5620ea73b13f5bc1c59411d98439ad226e8af03840603796067d87afe130812cf3de24982d0e306f9e61e764e5\" aria-label=\"Banner_Emprego_PortallavrasTV\"><img src=\"https:\/\/lavras.tv\/site\/wp-content\/uploads\/2025\/03\/Banner_Emprego_PortallavrasTV.png\" alt=\"\"  srcset=\"https:\/\/lavras.tv\/site\/wp-content\/uploads\/2025\/03\/Banner_Emprego_PortallavrasTV.png 720w, https:\/\/lavras.tv\/site\/wp-content\/uploads\/2025\/03\/Banner_Emprego_PortallavrasTV-470x68.png 470w, https:\/\/lavras.tv\/site\/wp-content\/uploads\/2025\/03\/Banner_Emprego_PortallavrasTV-170x25.png 170w, https:\/\/lavras.tv\/site\/wp-content\/uploads\/2025\/03\/Banner_Emprego_PortallavrasTV-200x29.png 200w\" sizes=\"(max-width: 720px) 100vw, 720px\" width=\"720\" height=\"104\"   \/><\/a><\/li><li><a href=\"https:\/\/sistemas.lavras.mg.gov.br\/portalcidadao\/#df1b1a7c7b2a290bcb31e32771e610784662739a88807c0dacac58ede5f391a7530e299dc302d611ee73cb143fc22eaf93592e53e7b5bdb01b00a0b8d28dae460c141dd2ff83412e4dc1c31b16b25f33144a9e5620ea73b13f5bc1c59411d98439ad226e8af03840603796067d87afe130812cf3de24982d0e306f9e61e764e5\" aria-label=\"Banner_Obras_PortallavrasTV\"><img src=\"https:\/\/lavras.tv\/site\/wp-content\/uploads\/2025\/03\/Banner_Obras_PortallavrasTV.png\" alt=\"\"  srcset=\"https:\/\/lavras.tv\/site\/wp-content\/uploads\/2025\/03\/Banner_Obras_PortallavrasTV.png 720w, https:\/\/lavras.tv\/site\/wp-content\/uploads\/2025\/03\/Banner_Obras_PortallavrasTV-470x68.png 470w, https:\/\/lavras.tv\/site\/wp-content\/uploads\/2025\/03\/Banner_Obras_PortallavrasTV-170x25.png 170w, https:\/\/lavras.tv\/site\/wp-content\/uploads\/2025\/03\/Banner_Obras_PortallavrasTV-200x29.png 200w\" sizes=\"(max-width: 720px) 100vw, 720px\" width=\"720\" height=\"104\"   \/><\/a><\/li><li><div style=\"margin-left: auto;margin-right: auto;text-align: center;\" id=\"lavra-3635561926\"><a href=\"https:\/\/sistemas.lavras.mg.gov.br\/portalcidadao\/#df1b1a7c7b2a290bcb31e32771e610784662739a88807c0dacac58ede5f391a7530e299dc302d611ee73cb143fc22eaf93592e53e7b5bdb01b00a0b8d28dae460c141dd2ff83412e4dc1c31b16b25f33144a9e5620ea73b13f5bc1c59411d98439ad226e8af03840603796067d87afe130812cf3de24982d0e306f9e61e764e5\" aria-label=\"Banner_Educa\u00e7\u00e3o_PortallavrasTV\"><img src=\"https:\/\/lavras.tv\/site\/wp-content\/uploads\/2025\/01\/Banner_Educacao_PortallavrasTV.png\" alt=\"\"  srcset=\"https:\/\/lavras.tv\/site\/wp-content\/uploads\/2025\/01\/Banner_Educacao_PortallavrasTV.png 720w, https:\/\/lavras.tv\/site\/wp-content\/uploads\/2025\/01\/Banner_Educacao_PortallavrasTV-470x68.png 470w, https:\/\/lavras.tv\/site\/wp-content\/uploads\/2025\/01\/Banner_Educacao_PortallavrasTV-170x25.png 170w, https:\/\/lavras.tv\/site\/wp-content\/uploads\/2025\/01\/Banner_Educacao_PortallavrasTV-200x29.png 200w\" sizes=\"(max-width: 720px) 100vw, 720px\" width=\"720\" height=\"104\"  style=\"display: inline-block;\" \/><\/a><\/div><\/li><li><a href=\"https:\/\/sistemas.lavras.mg.gov.br\/portalcidadao\/#df1b1a7c7b2a290bcb31e32771e610784662739a88807c0dacac58ede5f391a7530e299dc302d611ee73cb143fc22eaf93592e53e7b5bdb01b00a0b8d28dae460c141dd2ff83412e4dc1c31b16b25f33144a9e5620ea73b13f5bc1c59411d98439ad226e8af03840603796067d87afe130812cf3de24982d0e306f9e61e764e5\" aria-label=\"Banner_Sa\u00fade_PortallavrasTV\"><img src=\"https:\/\/lavras.tv\/site\/wp-content\/uploads\/2025\/03\/Banner_Saude_PortallavrasTV.png\" alt=\"\"  srcset=\"https:\/\/lavras.tv\/site\/wp-content\/uploads\/2025\/03\/Banner_Saude_PortallavrasTV.png 720w, https:\/\/lavras.tv\/site\/wp-content\/uploads\/2025\/03\/Banner_Saude_PortallavrasTV-470x68.png 470w, https:\/\/lavras.tv\/site\/wp-content\/uploads\/2025\/03\/Banner_Saude_PortallavrasTV-170x25.png 170w, https:\/\/lavras.tv\/site\/wp-content\/uploads\/2025\/03\/Banner_Saude_PortallavrasTV-200x29.png 200w\" sizes=\"(max-width: 720px) 100vw, 720px\" width=\"720\" height=\"104\"   \/><\/a><\/li><li><div id=\"lavra-2912802170\" style=\"width:720px;height:104px;background-color:#ddd;overflow:scroll;\">\n\t<strong>Sa\u00edda da depura\u00e7\u00e3o de an\u00fancios<\/strong>\n\t<br><br>\n\tO an\u00fancio n\u00e3o \u00e9 exibido na p\u00e1gina<br><br>post atual: Em 2024, Minas Gerais se torna o mais completo destino de Natal do pa\u00eds, com 800 eventos e 450 munic\u00edpios, ID: 137995<br><br><span style=\"color: red;\">O post atual n\u00e3o \u00e9 id\u00eantico ao post principal.<\/span><br><br>An\u00fancios: ROXO - TOPO INTERNA - ROTATIVO 2 (197)<br \/>Grupo de an\u00fancios: Princ_Meio01_720x104 (27)<br><br>Condi\u00e7\u00f5es de exibi\u00e7\u00e3o<div style=\"margin-bottom: 20px; white-space: pre-wrap; font-family: monospace; width: 100%; background: #ffe9e9;\"><strong>condi\u00e7\u00f5es gerais<\/strong><table border=\"1\"><thead><tr><th><\/th><th>An\u00fancios<\/th><th>wp_the_query<\/th><\/tr><\/thead><tr><td>is_main_query<\/td><td>1<\/td><td>1<\/td><\/tr><tr><td>is_rest_api<\/td><td>0<\/td><td>1<\/td><\/tr><tr><td>page<\/td><td>0<\/td><td>1<\/td><\/tr><tr><td>numpages<\/td><td>0<\/td><td>1<\/td><\/tr><tr><td>is_archive<\/td><td>1<\/td><td><\/td><\/tr><tr><td>is_search<\/td><td>1<\/td><td><\/td><\/tr><tr><td>is_home<\/td><td>1<\/td><td><\/td><\/tr><tr><td>is_404<\/td><td>1<\/td><td><\/td><\/tr><tr><td>is_attachment<\/td><td>1<\/td><td><\/td><\/tr><tr><td>is_singular<\/td><td>1<\/td><td><\/td><\/tr><tr><td>is_front_page<\/td><td>1<\/td><td><\/td><\/tr><tr><td>is_feed<\/td><td>1<\/td><td><\/td><\/tr><\/table><\/div><br><br><span style=\"color: red;\">Seu site usa HTTPS, mas o c\u00f3digo do an\u00fancio cont\u00e9m HTTP e pode n\u00e3o funcionar.<\/span>\t<br><br>\n\t<a style=\"color: green;\" href=\"https:\/\/wpadvancedads.com\/manual\/ad-debug-mode\/?utm_source=advanced-ads&utm_medium=link&utm_campaign=ad-debug-mode\" target=\"_blank\" rel=\"nofollow\">Encontre solu\u00e7\u00f5es no manual<\/a>\n<\/div>\n<\/li><\/ul><\/div><script>( window.advanced_ads_ready || jQuery( document ).ready ).call( null, function() {var $lavraslider2943509300 = jQuery( \".lavra-slider-2943509300\" );$lavraslider2943509300.on( \"unslider.ready\", function() { jQuery( \"div.custom-slider ul li\" ).css( \"display\", \"block\" ); });$lavraslider2943509300.unslider({ delay:4000, autoplay:true, nav:false, arrows:false, infinite:true });$lavraslider2943509300.on(\"mouseover\", function() {$lavraslider2943509300.unslider(\"stop\");}).on(\"mouseout\", function() {$lavraslider2943509300.unslider(\"start\");});});<\/script><\/div>\n<p>Do barroco ao modernismo, hist\u00f3ria, f\u00e9 e tradi\u00e7\u00e3o se unem no estado s\u00edntese da cultura brasileira para celebrar o Natal da Mineiridade<\/p>\n\n\n\n<figure class=\"wp-block-image size-large\"><img fetchpriority=\"high\" decoding=\"async\" width=\"970\" height=\"646\" src=\"https:\/\/lavras.tv\/site\/wp-content\/uploads\/2024\/11\/natal4_leobicalho-970x646.jpeg\" alt=\"\" class=\"wp-image-137996\" srcset=\"https:\/\/lavras.tv\/site\/wp-content\/uploads\/2024\/11\/natal4_leobicalho-970x646.jpeg 970w, https:\/\/lavras.tv\/site\/wp-content\/uploads\/2024\/11\/natal4_leobicalho-450x300.jpeg 450w, https:\/\/lavras.tv\/site\/wp-content\/uploads\/2024\/11\/natal4_leobicalho-170x113.jpeg 170w, https:\/\/lavras.tv\/site\/wp-content\/uploads\/2024\/11\/natal4_leobicalho-200x133.jpeg 200w, https:\/\/lavras.tv\/site\/wp-content\/uploads\/2024\/11\/natal4_leobicalho.jpeg 1280w\" sizes=\"(max-width: 970px) 100vw, 970px\" \/><\/figure>\n\n\n\n<p>Com uma programa\u00e7\u00e3o diversa e descentralizada, o Natal da Mineiridade 2024 foi lan\u00e7ado nesta ter\u00e7a-feira (12\/11), no Pal\u00e1cio da Liberdade, em Belo Horizonte. Neste ano, a estimativa \u00e9 de que 800 eventos sejam realizados em 450 munic\u00edpios, o que representa aumento de 33% em rela\u00e7\u00e3o ao total de a\u00e7\u00f5es culturais oferecidas em 2023.<\/p>\n\n\n\n<p>O Natal da Mineiridade \u00e9 uma iniciativa do Governo de Minas, por meio da Secretaria de Estado de Cultura e Turismo (Secult) e da Funda\u00e7\u00e3o Cl\u00f3vis Salgado (FCS), com patroc\u00ednio da Cemig e apoio da C\u00e2mara de Dirigentes Lojistas (CDL\/BH), da Federa\u00e7\u00e3o dos Circuitos Tur\u00edsticos de Minas Gerais (Fecitur), da Rede de Gestores Municipais de Cultura e Turismo, da Associa\u00e7\u00e3o Mineira de Munic\u00edpios (AMM) e da Associa\u00e7\u00e3o das Cidades Hist\u00f3ricas de Minas Gerais.<\/p>\n\n\n\n<p>Cantatas, exposi\u00e7\u00f5es, shows, pres\u00e9pios, apresenta\u00e7\u00f5es teatrais e de dan\u00e7a v\u00e3o movimentar Belo Horizonte e as cidades do interior, entre os dias 29\/11 e 6\/1\/2025.<\/p>\n\n\n\n<p>Em 2023, o Natal da Mineiridade foi respons\u00e1vel por gerar uma circula\u00e7\u00e3o de cerca de 3,2 milh\u00f5es de pessoas. Para este ano \u00e9 esperado um aumento do fluxo tur\u00edstico em 20%, com uma m\u00e9dia de ocupa\u00e7\u00e3o hoteleira em 80%.<\/p>\n\n\n\n<p>\u201cEsses resultados se devem a essa pol\u00edtica p\u00fablica continuada. O Governo de Minas vem intensificando os seus investimentos e, este ano, especialmente, haver\u00e1 uma campanha publicit\u00e1ria que vai divulgar os diversos destinos mineiros, o que contribui para continuarmos esse crescimento forte e consolidarmos cada vez mais Minas Gerais como um dos principais destinos tur\u00edsticos do pa\u00eds tamb\u00e9m no Natal\u201d, refor\u00e7ou a secret\u00e1ria de Estado Adjunta de Cultura e Turismo, Josiane de Souza.<\/p>\n\n\n\n<p>Somente em Belo Horizonte, no ano passado, foram injetados R$ 2,5 bilh\u00f5es, o que demonstra o potencial do Natal da Mineiridade para aquecer o com\u00e9rcio e impulsionar a economia da criatividade, gerando emprego e renda.<\/p>\n\n\n\n<p>Destaques regionais<\/p>\n\n\n\n<p>Em Belo Horizonte, o epicentro das celebra\u00e7\u00f5es ser\u00e1 o Circuito Liberdade. Outro eixo \u00e9 o das cidades barrocas que integram o destino Cordilheira do Espinha\u00e7o, como Ouro Preto, Diamantina e Serro.<\/p>\n\n\n\n<p>Destinos como Monte Verde e Guaxup\u00e9 (Sul de Minas), Itapecerica (Centro-Oeste), Paracatu (Noroeste), Barbacena (Serra da Mantiqueira), Po\u00e7os de Caldas (Sudoeste), Igarap\u00e9 (Campo das Vertentes) s\u00e3o outros exemplos da diversidade de atrativos encontrada no estado, que se consolida como um dos principais destinos de fim de ano do pa\u00eds.<\/p>\n\n\n\n<p>Para promover os 800 eventos e ressaltar a hospitalidade do mineiro, o portal Minas Gerais divulgar\u00e1 um portf\u00f3lio dedicado \u00e0s festividades natalinas.<\/p>\n\n\n\n<p>Campanha Nacional Natal da Mineiridade<\/p>\n\n\n\n<p>Al\u00e9m da promo\u00e7\u00e3o dos eventos natalinos dos destinos mineiros, o Governo de Minas far\u00e1 uma forte divulga\u00e7\u00e3o dos atrativos culturais, naturais e hist\u00f3ricos do estado nas plataformas digitais voltadas ao p\u00fablico interno e externo, alcan\u00e7ando todos os estados e principalmente S\u00e3o Paulo, Rio de Janeiro e Esp\u00edrito Santo.<\/p>\n\n\n\n<p>Pra\u00e7a da Liberdade<\/p>\n\n\n\n<p>A ilumina\u00e7\u00e3o c\u00eanica da Pra\u00e7a da Liberdade, assinada pela Nossa Senhora Produ\u00e7\u00f5es em parceria com a Festa da Luz, ser\u00e1 inaugurada no dia 29\/11. Entre os destaques da decora\u00e7\u00e3o est\u00e3o o P\u00f3rtico Alameda Travessia, inspirado nas igrejas barrocas mineiras, e o T\u00fanel de Luz, com anima\u00e7\u00f5es criadas pelo MIR Est\u00fadio, que guiam o p\u00fablico at\u00e9 o Pal\u00e1cio da Liberdade, que se transformar\u00e1 no Pal\u00e1cio do Natal para as crian\u00e7as.<\/p>\n","protected":false},"excerpt":{"rendered":"<p>Do barroco ao modernismo, hist\u00f3ria, f\u00e9 e tradi\u00e7\u00e3o se unem no estado s\u00edntese da cultura brasileira para celebrar o Natal da Mineiridade Com uma programa\u00e7\u00e3o diversa e descentralizada, o Natal da Mineiridade 2024 foi lan\u00e7ado nesta ter\u00e7a-feira (12\/11), no Pal\u00e1cio da Liberdade, em Belo Horizonte. Neste ano, a estimativa \u00e9 de que 800 eventos sejam [&hellip;]<\/p>\n","protected":false},"author":5,"featured_media":137996,"comment_status":"closed","ping_status":"open","sticky":false,"template":"","format":"standard","meta":{"advgb_blocks_editor_width":"","advgb_blocks_columns_visual_guide":"","_exactmetrics_skip_tracking":false,"_exactmetrics_sitenote_active":false,"_exactmetrics_sitenote_note":"","_exactmetrics_sitenote_category":0,"footnotes":""},"categories":[7,2],"tags":[],"class_list":["post-137995","post","type-post","status-publish","format-standard","has-post-thumbnail","hentry","category-destaques","category-noticias"],"better_featured_image":{"id":137996,"alt_text":"","caption":"","description":"","media_type":"image","media_details":{"width":1280,"height":853,"file":"2024\/11\/natal4_leobicalho.jpeg","filesize":186539,"sizes":{"medium":{"file":"natal4_leobicalho-450x300.jpeg","width":450,"height":300,"mime-type":"image\/jpeg","filesize":35228,"source_url":"https:\/\/lavras.tv\/site\/wp-content\/uploads\/2024\/11\/natal4_leobicalho-450x300.jpeg"},"large":{"file":"natal4_leobicalho-970x646.jpeg","width":970,"height":646,"mime-type":"image\/jpeg","filesize":132606,"source_url":"https:\/\/lavras.tv\/site\/wp-content\/uploads\/2024\/11\/natal4_leobicalho-970x646.jpeg"},"thumbnail":{"file":"natal4_leobicalho-170x113.jpeg","width":170,"height":113,"mime-type":"image\/jpeg","filesize":6481,"source_url":"https:\/\/lavras.tv\/site\/wp-content\/uploads\/2024\/11\/natal4_leobicalho-170x113.jpeg"},"lshowcase-thumb":{"file":"natal4_leobicalho-200x133.jpeg","width":200,"height":133,"mime-type":"image\/jpeg","filesize":8422,"source_url":"https:\/\/lavras.tv\/site\/wp-content\/uploads\/2024\/11\/natal4_leobicalho-200x133.jpeg"},"alm-thumbnail":{"file":"natal4_leobicalho-150x150.jpeg","width":150,"height":150,"mime-type":"image\/jpeg","filesize":7702,"source_url":"https:\/\/lavras.tv\/site\/wp-content\/uploads\/2024\/11\/natal4_leobicalho-150x150.jpeg"}},"image_meta":{"aperture":"0","credit":"","camera":"","caption":"","created_timestamp":"0","copyright":"","focal_length":"0","iso":"0","shutter_speed":"0","title":"","orientation":"0","keywords":[]}},"post":137995,"source_url":"https:\/\/lavras.tv\/site\/wp-content\/uploads\/2024\/11\/natal4_leobicalho.jpeg"},"author_meta":{"display_name":"Vinicius Bustamante","author_link":"https:\/\/lavras.tv\/site\/author\/vinicius-bustamante\/"},"featured_img":"https:\/\/lavras.tv\/site\/wp-content\/uploads\/2024\/11\/natal4_leobicalho-450x300.jpeg","coauthors":[],"tax_additional":{"categories":{"linked":["<a href=\"https:\/\/lavras.tv\/site\/category\/destaques\/\" class=\"advgb-post-tax-term\">Destaques<\/a>","<a href=\"https:\/\/lavras.tv\/site\/category\/noticias\/\" class=\"advgb-post-tax-term\">Not\u00edcias<\/a>"],"unlinked":["<span class=\"advgb-post-tax-term\">Destaques<\/span>","<span class=\"advgb-post-tax-term\">Not\u00edcias<\/span>"]}},"comment_count":"0","relative_dates":{"created":"Publicado 1 ano atr\u00e1s","modified":"Atualizado 1 ano atr\u00e1s"},"absolute_dates":{"created":"Publicado em 18 de novembro de 2024","modified":"Atualizado em 18 de novembro de 2024"},"absolute_dates_time":{"created":"Publicado em 18 de novembro de 2024 15:03","modified":"Atualizado em 18 de novembro de 2024 15:03"},"featured_img_caption":"","series_order":"","_links":{"self":[{"href":"https:\/\/lavras.tv\/site\/wp-json\/wp\/v2\/posts\/137995","targetHints":{"allow":["GET"]}}],"collection":[{"href":"https:\/\/lavras.tv\/site\/wp-json\/wp\/v2\/posts"}],"about":[{"href":"https:\/\/lavras.tv\/site\/wp-json\/wp\/v2\/types\/post"}],"author":[{"embeddable":true,"href":"https:\/\/lavras.tv\/site\/wp-json\/wp\/v2\/users\/5"}],"replies":[{"embeddable":true,"href":"https:\/\/lavras.tv\/site\/wp-json\/wp\/v2\/comments?post=137995"}],"version-history":[{"count":1,"href":"https:\/\/lavras.tv\/site\/wp-json\/wp\/v2\/posts\/137995\/revisions"}],"predecessor-version":[{"id":137997,"href":"https:\/\/lavras.tv\/site\/wp-json\/wp\/v2\/posts\/137995\/revisions\/137997"}],"wp:featuredmedia":[{"embeddable":true,"href":"https:\/\/lavras.tv\/site\/wp-json\/wp\/v2\/media\/137996"}],"wp:attachment":[{"href":"https:\/\/lavras.tv\/site\/wp-json\/wp\/v2\/media?parent=137995"}],"wp:term":[{"taxonomy":"category","embeddable":true,"href":"https:\/\/lavras.tv\/site\/wp-json\/wp\/v2\/categories?post=137995"},{"taxonomy":"post_tag","embeddable":true,"href":"https:\/\/lavras.tv\/site\/wp-json\/wp\/v2\/tags?post=137995"}],"curies":[{"name":"wp","href":"https:\/\/api.w.org\/{rel}","templated":true}]}}