{"id":137998,"date":"2024-11-18T15:33:24","date_gmt":"2024-11-18T18:33:24","guid":{"rendered":"https:\/\/lavras.tv\/site\/?p=137998"},"modified":"2024-11-18T15:33:25","modified_gmt":"2024-11-18T18:33:25","slug":"minas-gerais-tem-mes-recorde-com-mais-de-9-mil-empresas-abertas-em-outubro","status":"publish","type":"post","link":"https:\/\/lavras.tv\/site\/2024\/11\/18\/minas-gerais-tem-mes-recorde-com-mais-de-9-mil-empresas-abertas-em-outubro\/","title":{"rendered":"Minas Gerais tem m\u00eas recorde com mais de 9 mil empresas abertas em outubro"},"content":{"rendered":"<div class=\"lavra-antes-do-conteudo_2\" id=\"lavra-1512865556\"><div id=\"lavra-slider-27\" class=\"custom-slider lavra-slider-3385397784 lavra-slider\"><ul><li><div style=\"margin-left: auto;margin-right: auto;text-align: center;\" id=\"lavra-1294588143\"><a href=\"https:\/\/sistemas.lavras.mg.gov.br\/portalcidadao\/#df1b1a7c7b2a290bcb31e32771e610784662739a88807c0dacac58ede5f391a7530e299dc302d611ee73cb143fc22eaf93592e53e7b5bdb01b00a0b8d28dae460c141dd2ff83412e4dc1c31b16b25f33144a9e5620ea73b13f5bc1c59411d98439ad226e8af03840603796067d87afe130812cf3de24982d0e306f9e61e764e5\" aria-label=\"Lavras-TV&#8211;720x104px (1) (1)\"><img src=\"https:\/\/lavras.tv\/site\/wp-content\/uploads\/2025\/01\/Lavras-TV-720x104px-1-1.png\" alt=\"\"  srcset=\"https:\/\/lavras.tv\/site\/wp-content\/uploads\/2025\/01\/Lavras-TV-720x104px-1-1.png 720w, https:\/\/lavras.tv\/site\/wp-content\/uploads\/2025\/01\/Lavras-TV-720x104px-1-1-470x68.png 470w, https:\/\/lavras.tv\/site\/wp-content\/uploads\/2025\/01\/Lavras-TV-720x104px-1-1-170x25.png 170w, https:\/\/lavras.tv\/site\/wp-content\/uploads\/2025\/01\/Lavras-TV-720x104px-1-1-200x29.png 200w\" sizes=\"(max-width: 720px) 100vw, 720px\" width=\"720\" height=\"104\"  style=\"display: inline-block;\" \/><\/a><\/div><\/li><li><a href=\"https:\/\/sistemas.lavras.mg.gov.br\/portalcidadao\/#df1b1a7c7b2a290bcb31e32771e610784662739a88807c0dacac58ede5f391a7530e299dc302d611ee73cb143fc22eaf93592e53e7b5bdb01b00a0b8d28dae460c141dd2ff83412e4dc1c31b16b25f33144a9e5620ea73b13f5bc1c59411d98439ad226e8af03840603796067d87afe130812cf3de24982d0e306f9e61e764e5\" aria-label=\"Banner_Emprego_PortallavrasTV\"><img src=\"https:\/\/lavras.tv\/site\/wp-content\/uploads\/2025\/03\/Banner_Emprego_PortallavrasTV.png\" alt=\"\"  srcset=\"https:\/\/lavras.tv\/site\/wp-content\/uploads\/2025\/03\/Banner_Emprego_PortallavrasTV.png 720w, https:\/\/lavras.tv\/site\/wp-content\/uploads\/2025\/03\/Banner_Emprego_PortallavrasTV-470x68.png 470w, https:\/\/lavras.tv\/site\/wp-content\/uploads\/2025\/03\/Banner_Emprego_PortallavrasTV-170x25.png 170w, https:\/\/lavras.tv\/site\/wp-content\/uploads\/2025\/03\/Banner_Emprego_PortallavrasTV-200x29.png 200w\" sizes=\"(max-width: 720px) 100vw, 720px\" width=\"720\" height=\"104\"   \/><\/a><\/li><li><a href=\"https:\/\/sistemas.lavras.mg.gov.br\/portalcidadao\/#df1b1a7c7b2a290bcb31e32771e610784662739a88807c0dacac58ede5f391a7530e299dc302d611ee73cb143fc22eaf93592e53e7b5bdb01b00a0b8d28dae460c141dd2ff83412e4dc1c31b16b25f33144a9e5620ea73b13f5bc1c59411d98439ad226e8af03840603796067d87afe130812cf3de24982d0e306f9e61e764e5\" aria-label=\"Banner_Obras_PortallavrasTV\"><img src=\"https:\/\/lavras.tv\/site\/wp-content\/uploads\/2025\/03\/Banner_Obras_PortallavrasTV.png\" alt=\"\"  srcset=\"https:\/\/lavras.tv\/site\/wp-content\/uploads\/2025\/03\/Banner_Obras_PortallavrasTV.png 720w, https:\/\/lavras.tv\/site\/wp-content\/uploads\/2025\/03\/Banner_Obras_PortallavrasTV-470x68.png 470w, https:\/\/lavras.tv\/site\/wp-content\/uploads\/2025\/03\/Banner_Obras_PortallavrasTV-170x25.png 170w, https:\/\/lavras.tv\/site\/wp-content\/uploads\/2025\/03\/Banner_Obras_PortallavrasTV-200x29.png 200w\" sizes=\"(max-width: 720px) 100vw, 720px\" width=\"720\" height=\"104\"   \/><\/a><\/li><li><div style=\"margin-left: auto;margin-right: auto;text-align: center;\" id=\"lavra-2603012549\"><a href=\"https:\/\/sistemas.lavras.mg.gov.br\/portalcidadao\/#df1b1a7c7b2a290bcb31e32771e610784662739a88807c0dacac58ede5f391a7530e299dc302d611ee73cb143fc22eaf93592e53e7b5bdb01b00a0b8d28dae460c141dd2ff83412e4dc1c31b16b25f33144a9e5620ea73b13f5bc1c59411d98439ad226e8af03840603796067d87afe130812cf3de24982d0e306f9e61e764e5\" aria-label=\"Banner_Educa\u00e7\u00e3o_PortallavrasTV\"><img src=\"https:\/\/lavras.tv\/site\/wp-content\/uploads\/2025\/01\/Banner_Educacao_PortallavrasTV.png\" alt=\"\"  srcset=\"https:\/\/lavras.tv\/site\/wp-content\/uploads\/2025\/01\/Banner_Educacao_PortallavrasTV.png 720w, https:\/\/lavras.tv\/site\/wp-content\/uploads\/2025\/01\/Banner_Educacao_PortallavrasTV-470x68.png 470w, https:\/\/lavras.tv\/site\/wp-content\/uploads\/2025\/01\/Banner_Educacao_PortallavrasTV-170x25.png 170w, https:\/\/lavras.tv\/site\/wp-content\/uploads\/2025\/01\/Banner_Educacao_PortallavrasTV-200x29.png 200w\" sizes=\"(max-width: 720px) 100vw, 720px\" width=\"720\" height=\"104\"  style=\"display: inline-block;\" \/><\/a><\/div><\/li><li><a href=\"https:\/\/sistemas.lavras.mg.gov.br\/portalcidadao\/#df1b1a7c7b2a290bcb31e32771e610784662739a88807c0dacac58ede5f391a7530e299dc302d611ee73cb143fc22eaf93592e53e7b5bdb01b00a0b8d28dae460c141dd2ff83412e4dc1c31b16b25f33144a9e5620ea73b13f5bc1c59411d98439ad226e8af03840603796067d87afe130812cf3de24982d0e306f9e61e764e5\" aria-label=\"Banner_Sa\u00fade_PortallavrasTV\"><img src=\"https:\/\/lavras.tv\/site\/wp-content\/uploads\/2025\/03\/Banner_Saude_PortallavrasTV.png\" alt=\"\"  srcset=\"https:\/\/lavras.tv\/site\/wp-content\/uploads\/2025\/03\/Banner_Saude_PortallavrasTV.png 720w, https:\/\/lavras.tv\/site\/wp-content\/uploads\/2025\/03\/Banner_Saude_PortallavrasTV-470x68.png 470w, https:\/\/lavras.tv\/site\/wp-content\/uploads\/2025\/03\/Banner_Saude_PortallavrasTV-170x25.png 170w, https:\/\/lavras.tv\/site\/wp-content\/uploads\/2025\/03\/Banner_Saude_PortallavrasTV-200x29.png 200w\" sizes=\"(max-width: 720px) 100vw, 720px\" width=\"720\" height=\"104\"   \/><\/a><\/li><li><div id=\"lavra-1463209683\" style=\"width:720px;height:104px;background-color:#ddd;overflow:scroll;\">\n\t<strong>Sa\u00edda da depura\u00e7\u00e3o de an\u00fancios<\/strong>\n\t<br><br>\n\tO an\u00fancio n\u00e3o \u00e9 exibido na p\u00e1gina<br><br>post atual: Minas Gerais tem m\u00eas recorde com mais de 9 mil empresas abertas em outubro, ID: 137998<br><br><span style=\"color: red;\">O post atual n\u00e3o \u00e9 id\u00eantico ao post principal.<\/span><br><br>An\u00fancios: ROXO - TOPO INTERNA - ROTATIVO 2 (197)<br \/>Grupo de an\u00fancios: Princ_Meio01_720x104 (27)<br><br>Condi\u00e7\u00f5es de exibi\u00e7\u00e3o<div style=\"margin-bottom: 20px; white-space: pre-wrap; font-family: monospace; width: 100%; background: #ffe9e9;\"><strong>condi\u00e7\u00f5es gerais<\/strong><table border=\"1\"><thead><tr><th><\/th><th>An\u00fancios<\/th><th>wp_the_query<\/th><\/tr><\/thead><tr><td>is_main_query<\/td><td>1<\/td><td>1<\/td><\/tr><tr><td>is_rest_api<\/td><td>0<\/td><td>1<\/td><\/tr><tr><td>page<\/td><td>0<\/td><td>1<\/td><\/tr><tr><td>numpages<\/td><td>0<\/td><td>1<\/td><\/tr><tr><td>is_archive<\/td><td>1<\/td><td><\/td><\/tr><tr><td>is_search<\/td><td>1<\/td><td><\/td><\/tr><tr><td>is_home<\/td><td>1<\/td><td><\/td><\/tr><tr><td>is_404<\/td><td>1<\/td><td><\/td><\/tr><tr><td>is_attachment<\/td><td>1<\/td><td><\/td><\/tr><tr><td>is_singular<\/td><td>1<\/td><td><\/td><\/tr><tr><td>is_front_page<\/td><td>1<\/td><td><\/td><\/tr><tr><td>is_feed<\/td><td>1<\/td><td><\/td><\/tr><\/table><\/div><br><br><span style=\"color: red;\">Seu site usa HTTPS, mas o c\u00f3digo do an\u00fancio cont\u00e9m HTTP e pode n\u00e3o funcionar.<\/span>\t<br><br>\n\t<a style=\"color: green;\" href=\"https:\/\/wpadvancedads.com\/manual\/ad-debug-mode\/?utm_source=advanced-ads&utm_medium=link&utm_campaign=ad-debug-mode\" target=\"_blank\" rel=\"nofollow\">Encontre solu\u00e7\u00f5es no manual<\/a>\n<\/div>\n<\/li><\/ul><\/div><script>( window.advanced_ads_ready || jQuery( document ).ready ).call( null, function() {var $lavraslider3385397784 = jQuery( \".lavra-slider-3385397784\" );$lavraslider3385397784.on( \"unslider.ready\", function() { jQuery( \"div.custom-slider ul li\" ).css( \"display\", \"block\" ); });$lavraslider3385397784.unslider({ delay:4000, autoplay:true, nav:false, arrows:false, infinite:true });$lavraslider3385397784.on(\"mouseover\", function() {$lavraslider3385397784.unslider(\"stop\");}).on(\"mouseout\", function() {$lavraslider3385397784.unslider(\"start\");});});<\/script><\/div>\n<p>Desempenho representa aumento de 34% em rela\u00e7\u00e3o ao mesmo per\u00edodo em 2023; j\u00e1 s\u00e3o quase 84 mil novos neg\u00f3cios neste ano.<\/p>\n\n\n\n<figure class=\"wp-block-image size-large\"><img fetchpriority=\"high\" decoding=\"async\" width=\"970\" height=\"546\" src=\"https:\/\/lavras.tv\/site\/wp-content\/uploads\/2024\/11\/download-970x546.webp\" alt=\"\" class=\"wp-image-137999\" srcset=\"https:\/\/lavras.tv\/site\/wp-content\/uploads\/2024\/11\/download-970x546.webp 970w, https:\/\/lavras.tv\/site\/wp-content\/uploads\/2024\/11\/download-470x265.webp 470w, https:\/\/lavras.tv\/site\/wp-content\/uploads\/2024\/11\/download-170x96.webp 170w, https:\/\/lavras.tv\/site\/wp-content\/uploads\/2024\/11\/download-200x113.webp 200w, https:\/\/lavras.tv\/site\/wp-content\/uploads\/2024\/11\/download.webp 1000w\" sizes=\"(max-width: 970px) 100vw, 970px\" \/><\/figure>\n\n\n\n<p>Minas Gerais alcan\u00e7ou o volume mais alto de empresas abertas em um \u00fanico m\u00eas em 2024. Em outubro, foram registrados 9.301 novos neg\u00f3cios em todos os 853 munic\u00edpios mineiros. O desempenho do m\u00eas ainda representa aumento de 34% em rela\u00e7\u00e3o a outubro de 2023, quando foram registradas 6.944 constitui\u00e7\u00f5es empresariais.<\/p>\n\n\n\n<p>Os dados s\u00e3o do relat\u00f3rio de registros mercantis, divulgado nesta quinta-feira (14\/11) pela Junta Comercial do Estado de Minas Gerais (Jucemg), autarquia vinculada \u00e0 Secretaria de Estado de Desenvolvimento Econ\u00f4mico (Sede-MG).<\/p>\n\n\n\n<p>No ano, Minas j\u00e1 formalizou 83.834 novos neg\u00f3cios, alta de 15,38% em compara\u00e7\u00e3o aos dez primeiros meses do ano passado (72.661). Em m\u00e9dia, s\u00e3o 275 novas empresas abertas por dia, contra 240 no mesmo per\u00edodo em 2023. Ou seja, 35 novos empreendimentos a mais por dia.<\/p>\n\n\n\n<p>Para o secret\u00e1rio de Estado de Desenvolvimento Econ\u00f4mico de Minas Gerais, Fernando Passalio, iniciativas como o Minas Livre Para Crescer e o Redesim + Livre contribuem para que o ambiente de neg\u00f3cios seja favor\u00e1vel ao empreendedorismo, uma das principais diretrizes do Governo de Minas.<\/p>\n\n\n\n<p>\u201cMunic\u00edpios que passam para o segundo n\u00edvel do Minas Livre passam a contar, gratuitamente, com essa ferramenta fant\u00e1stica que automatiza as etapas de abertura e legaliza\u00e7\u00e3o de empresas. Com isso, dependendo do n\u00edvel de complexidade do neg\u00f3cio, ele pode passar a funcionar em poucas horas\u201d, afirma o secret\u00e1rio.<\/p>\n\n\n\n<p>A presidente da Jucemg, Patricia Vinte Di I\u00f3rio, destaca o empenho por parte da entidade para reduzir o tempo gasto para abrir uma empresa em Minas. \u201cCom o novo fluxo operacional que adotamos, em setembro reduziu o tempo m\u00e9dio de abertura de uma empresa, via registro autom\u00e1tico, de mais de 8 horas para cerca de 3 horas e meia\u201d, completa.<\/p>\n\n\n\n<p>Noroeste e Jequitinhonha lideram crescimento<\/p>\n\n\n\n<p>Todas as regi\u00f5es registraram alta no n\u00famero de empresas abertas em outubro em compara\u00e7\u00e3o com o mesmo m\u00eas no ano anterior. As regi\u00f5es com maior crescimento foram Noroeste (81,82%), Jequitinhonha\/Mucuri (56,03%) e Norte de Minas (49,35%). Na sequ\u00eancia v\u00eam Sul de Minas (38,15%), Vale do Rio Doce (37,43%), Central (35,81%), Tri\u00e2ngulo Mineiro (28,69%), Zona da Mata (25,39%), Alto Parana\u00edba (23,27%) e Centro-Oeste (11,20%).<\/p>\n\n\n\n<p>No acumulado do ano, os \u00edndices de participa\u00e7\u00e3o das regi\u00f5es no total de novas empresas em Minas tamb\u00e9m destaca a lideran\u00e7a do Noroeste (20,72%), seguido do Sul de Minas (17,26%), Alto Parana\u00edba (16,15%) e Central (16,10%). Completam a lista a Zona da Mata (14,84%), Jequitinhonha\/Mucuri (14,82%), Rio Doce (14,51%), Tri\u00e2ngulo (14,21%), Centro-Oeste (12%) e Norte de Minas (10,68%).<\/p>\n\n\n\n<p>Setor econ\u00f4mico<\/p>\n\n\n\n<p>O melhor desempenho em outubro foi verificado nos servi\u00e7os, com expans\u00e3o de 38,56% em rela\u00e7\u00e3o a outubro do ano passado, seguido pelo setor de ind\u00fastria (23,82%). O com\u00e9rcio, que havia oscilado negativamente em setembro, voltou a apresentar alta, com desempenho 22,58% maior na compara\u00e7\u00e3o com o mesmo m\u00eas de 2023.<\/p>\n\n\n\n<p>No acumulado do ano, o setor de servi\u00e7os expandiu 17,76%, seguido pela ind\u00fastria (11,70%) e pelo com\u00e9rcio com 8,99% no comparativo com o volume de empresas constitu\u00eddas no mesmo per\u00edodo de 2023. Outubro apresentou 4.807 extin\u00e7\u00f5es de empresas. No somat\u00f3rio do ano, foram 50.148 fechamentos, varia\u00e7\u00e3o de 21,79% em rela\u00e7\u00e3o ao mesmo per\u00edodo de 2023 (41.176).<\/p>\n\n\n\n<p>O relat\u00f3rio da Jucemg considera empresas de todos os portes, com exce\u00e7\u00e3o dos microempreendedores individuais (MEIs), cujas inscri\u00e7\u00f5es s\u00e3o realizadas diretamente no Portal do Empreendedor, sem passar pelas juntas comerciais estaduais.<\/p>\n","protected":false},"excerpt":{"rendered":"<p>Desempenho representa aumento de 34% em rela\u00e7\u00e3o ao mesmo per\u00edodo em 2023; j\u00e1 s\u00e3o quase 84 mil novos neg\u00f3cios neste ano. Minas Gerais alcan\u00e7ou o volume mais alto de empresas abertas em um \u00fanico m\u00eas em 2024. Em outubro, foram registrados 9.301 novos neg\u00f3cios em todos os 853 munic\u00edpios mineiros. O desempenho do m\u00eas ainda [&hellip;]<\/p>\n","protected":false},"author":5,"featured_media":137999,"comment_status":"closed","ping_status":"open","sticky":false,"template":"","format":"standard","meta":{"advgb_blocks_editor_width":"","advgb_blocks_columns_visual_guide":"","_exactmetrics_skip_tracking":false,"_exactmetrics_sitenote_active":false,"_exactmetrics_sitenote_note":"","_exactmetrics_sitenote_category":0,"footnotes":""},"categories":[7,2],"tags":[],"class_list":["post-137998","post","type-post","status-publish","format-standard","has-post-thumbnail","hentry","category-destaques","category-noticias"],"better_featured_image":{"id":137999,"alt_text":"","caption":"","description":"","media_type":"image","media_details":{"width":1000,"height":563,"file":"2024\/11\/download.webp","filesize":152666,"sizes":{"medium":{"file":"download-470x265.webp","width":470,"height":265,"mime-type":"image\/webp","filesize":35340,"source_url":"https:\/\/lavras.tv\/site\/wp-content\/uploads\/2024\/11\/download-470x265.webp"},"large":{"file":"download-970x546.webp","width":970,"height":546,"mime-type":"image\/webp","filesize":96200,"source_url":"https:\/\/lavras.tv\/site\/wp-content\/uploads\/2024\/11\/download-970x546.webp"},"thumbnail":{"file":"download-170x96.webp","width":170,"height":96,"mime-type":"image\/webp","filesize":6442,"source_url":"https:\/\/lavras.tv\/site\/wp-content\/uploads\/2024\/11\/download-170x96.webp"},"lshowcase-thumb":{"file":"download-200x113.webp","width":200,"height":113,"mime-type":"image\/webp","filesize":8520,"source_url":"https:\/\/lavras.tv\/site\/wp-content\/uploads\/2024\/11\/download-200x113.webp"},"alm-thumbnail":{"file":"download-150x150.webp","width":150,"height":150,"mime-type":"image\/webp","filesize":8620,"source_url":"https:\/\/lavras.tv\/site\/wp-content\/uploads\/2024\/11\/download-150x150.webp"}},"image_meta":{"aperture":"0","credit":"","camera":"","caption":"","created_timestamp":"0","copyright":"","focal_length":"0","iso":"0","shutter_speed":"0","title":"","orientation":"0","keywords":[]}},"post":137998,"source_url":"https:\/\/lavras.tv\/site\/wp-content\/uploads\/2024\/11\/download.webp"},"author_meta":{"display_name":"Vinicius Bustamante","author_link":"https:\/\/lavras.tv\/site\/author\/vinicius-bustamante\/"},"featured_img":"https:\/\/lavras.tv\/site\/wp-content\/uploads\/2024\/11\/download-470x265.webp","coauthors":[],"tax_additional":{"categories":{"linked":["<a href=\"https:\/\/lavras.tv\/site\/category\/destaques\/\" class=\"advgb-post-tax-term\">Destaques<\/a>","<a href=\"https:\/\/lavras.tv\/site\/category\/noticias\/\" class=\"advgb-post-tax-term\">Not\u00edcias<\/a>"],"unlinked":["<span class=\"advgb-post-tax-term\">Destaques<\/span>","<span class=\"advgb-post-tax-term\">Not\u00edcias<\/span>"]}},"comment_count":"0","relative_dates":{"created":"Publicado 1 ano atr\u00e1s","modified":"Atualizado 1 ano atr\u00e1s"},"absolute_dates":{"created":"Publicado em 18 de novembro de 2024","modified":"Atualizado em 18 de novembro de 2024"},"absolute_dates_time":{"created":"Publicado em 18 de novembro de 2024 15:33","modified":"Atualizado em 18 de novembro de 2024 15:33"},"featured_img_caption":"","series_order":"","_links":{"self":[{"href":"https:\/\/lavras.tv\/site\/wp-json\/wp\/v2\/posts\/137998","targetHints":{"allow":["GET"]}}],"collection":[{"href":"https:\/\/lavras.tv\/site\/wp-json\/wp\/v2\/posts"}],"about":[{"href":"https:\/\/lavras.tv\/site\/wp-json\/wp\/v2\/types\/post"}],"author":[{"embeddable":true,"href":"https:\/\/lavras.tv\/site\/wp-json\/wp\/v2\/users\/5"}],"replies":[{"embeddable":true,"href":"https:\/\/lavras.tv\/site\/wp-json\/wp\/v2\/comments?post=137998"}],"version-history":[{"count":1,"href":"https:\/\/lavras.tv\/site\/wp-json\/wp\/v2\/posts\/137998\/revisions"}],"predecessor-version":[{"id":138000,"href":"https:\/\/lavras.tv\/site\/wp-json\/wp\/v2\/posts\/137998\/revisions\/138000"}],"wp:featuredmedia":[{"embeddable":true,"href":"https:\/\/lavras.tv\/site\/wp-json\/wp\/v2\/media\/137999"}],"wp:attachment":[{"href":"https:\/\/lavras.tv\/site\/wp-json\/wp\/v2\/media?parent=137998"}],"wp:term":[{"taxonomy":"category","embeddable":true,"href":"https:\/\/lavras.tv\/site\/wp-json\/wp\/v2\/categories?post=137998"},{"taxonomy":"post_tag","embeddable":true,"href":"https:\/\/lavras.tv\/site\/wp-json\/wp\/v2\/tags?post=137998"}],"curies":[{"name":"wp","href":"https:\/\/api.w.org\/{rel}","templated":true}]}}