{"id":138001,"date":"2024-11-18T15:38:01","date_gmt":"2024-11-18T18:38:01","guid":{"rendered":"https:\/\/lavras.tv\/site\/?p=138001"},"modified":"2024-11-18T15:38:02","modified_gmt":"2024-11-18T18:38:02","slug":"minas-gerais-registra-mais-de-4-500-casos-de-tuberculose-em-um-ano","status":"publish","type":"post","link":"https:\/\/lavras.tv\/site\/2024\/11\/18\/minas-gerais-registra-mais-de-4-500-casos-de-tuberculose-em-um-ano\/","title":{"rendered":"Minas Gerais registra mais de 4.500 casos de tuberculose em um ano"},"content":{"rendered":"<div class=\"lavra-antes-do-conteudo_2\" id=\"lavra-1214124170\"><div id=\"lavra-slider-27\" class=\"custom-slider lavra-slider-3917014951 lavra-slider\"><ul><li><div style=\"margin-left: auto;margin-right: auto;text-align: center;\" id=\"lavra-1288619115\"><a href=\"https:\/\/sistemas.lavras.mg.gov.br\/portalcidadao\/#df1b1a7c7b2a290bcb31e32771e610784662739a88807c0dacac58ede5f391a7530e299dc302d611ee73cb143fc22eaf93592e53e7b5bdb01b00a0b8d28dae460c141dd2ff83412e4dc1c31b16b25f33144a9e5620ea73b13f5bc1c59411d98439ad226e8af03840603796067d87afe130812cf3de24982d0e306f9e61e764e5\" aria-label=\"Lavras-TV&#8211;720x104px (1) (1)\"><img src=\"https:\/\/lavras.tv\/site\/wp-content\/uploads\/2025\/01\/Lavras-TV-720x104px-1-1.png\" alt=\"\"  srcset=\"https:\/\/lavras.tv\/site\/wp-content\/uploads\/2025\/01\/Lavras-TV-720x104px-1-1.png 720w, https:\/\/lavras.tv\/site\/wp-content\/uploads\/2025\/01\/Lavras-TV-720x104px-1-1-470x68.png 470w, https:\/\/lavras.tv\/site\/wp-content\/uploads\/2025\/01\/Lavras-TV-720x104px-1-1-170x25.png 170w, https:\/\/lavras.tv\/site\/wp-content\/uploads\/2025\/01\/Lavras-TV-720x104px-1-1-200x29.png 200w\" sizes=\"(max-width: 720px) 100vw, 720px\" width=\"720\" height=\"104\"  style=\"display: inline-block;\" \/><\/a><\/div><\/li><li><a href=\"https:\/\/sistemas.lavras.mg.gov.br\/portalcidadao\/#df1b1a7c7b2a290bcb31e32771e610784662739a88807c0dacac58ede5f391a7530e299dc302d611ee73cb143fc22eaf93592e53e7b5bdb01b00a0b8d28dae460c141dd2ff83412e4dc1c31b16b25f33144a9e5620ea73b13f5bc1c59411d98439ad226e8af03840603796067d87afe130812cf3de24982d0e306f9e61e764e5\" aria-label=\"Banner_Emprego_PortallavrasTV\"><img src=\"https:\/\/lavras.tv\/site\/wp-content\/uploads\/2025\/03\/Banner_Emprego_PortallavrasTV.png\" alt=\"\"  srcset=\"https:\/\/lavras.tv\/site\/wp-content\/uploads\/2025\/03\/Banner_Emprego_PortallavrasTV.png 720w, https:\/\/lavras.tv\/site\/wp-content\/uploads\/2025\/03\/Banner_Emprego_PortallavrasTV-470x68.png 470w, https:\/\/lavras.tv\/site\/wp-content\/uploads\/2025\/03\/Banner_Emprego_PortallavrasTV-170x25.png 170w, https:\/\/lavras.tv\/site\/wp-content\/uploads\/2025\/03\/Banner_Emprego_PortallavrasTV-200x29.png 200w\" sizes=\"(max-width: 720px) 100vw, 720px\" width=\"720\" height=\"104\"   \/><\/a><\/li><li><a href=\"https:\/\/sistemas.lavras.mg.gov.br\/portalcidadao\/#df1b1a7c7b2a290bcb31e32771e610784662739a88807c0dacac58ede5f391a7530e299dc302d611ee73cb143fc22eaf93592e53e7b5bdb01b00a0b8d28dae460c141dd2ff83412e4dc1c31b16b25f33144a9e5620ea73b13f5bc1c59411d98439ad226e8af03840603796067d87afe130812cf3de24982d0e306f9e61e764e5\" aria-label=\"Banner_Obras_PortallavrasTV\"><img src=\"https:\/\/lavras.tv\/site\/wp-content\/uploads\/2025\/03\/Banner_Obras_PortallavrasTV.png\" alt=\"\"  srcset=\"https:\/\/lavras.tv\/site\/wp-content\/uploads\/2025\/03\/Banner_Obras_PortallavrasTV.png 720w, https:\/\/lavras.tv\/site\/wp-content\/uploads\/2025\/03\/Banner_Obras_PortallavrasTV-470x68.png 470w, https:\/\/lavras.tv\/site\/wp-content\/uploads\/2025\/03\/Banner_Obras_PortallavrasTV-170x25.png 170w, https:\/\/lavras.tv\/site\/wp-content\/uploads\/2025\/03\/Banner_Obras_PortallavrasTV-200x29.png 200w\" sizes=\"(max-width: 720px) 100vw, 720px\" width=\"720\" height=\"104\"   \/><\/a><\/li><li><div style=\"margin-left: auto;margin-right: auto;text-align: center;\" id=\"lavra-2149051247\"><a href=\"https:\/\/sistemas.lavras.mg.gov.br\/portalcidadao\/#df1b1a7c7b2a290bcb31e32771e610784662739a88807c0dacac58ede5f391a7530e299dc302d611ee73cb143fc22eaf93592e53e7b5bdb01b00a0b8d28dae460c141dd2ff83412e4dc1c31b16b25f33144a9e5620ea73b13f5bc1c59411d98439ad226e8af03840603796067d87afe130812cf3de24982d0e306f9e61e764e5\" aria-label=\"Banner_Educa\u00e7\u00e3o_PortallavrasTV\"><img src=\"https:\/\/lavras.tv\/site\/wp-content\/uploads\/2025\/01\/Banner_Educacao_PortallavrasTV.png\" alt=\"\"  srcset=\"https:\/\/lavras.tv\/site\/wp-content\/uploads\/2025\/01\/Banner_Educacao_PortallavrasTV.png 720w, https:\/\/lavras.tv\/site\/wp-content\/uploads\/2025\/01\/Banner_Educacao_PortallavrasTV-470x68.png 470w, https:\/\/lavras.tv\/site\/wp-content\/uploads\/2025\/01\/Banner_Educacao_PortallavrasTV-170x25.png 170w, https:\/\/lavras.tv\/site\/wp-content\/uploads\/2025\/01\/Banner_Educacao_PortallavrasTV-200x29.png 200w\" sizes=\"(max-width: 720px) 100vw, 720px\" width=\"720\" height=\"104\"  style=\"display: inline-block;\" \/><\/a><\/div><\/li><li><a href=\"https:\/\/sistemas.lavras.mg.gov.br\/portalcidadao\/#df1b1a7c7b2a290bcb31e32771e610784662739a88807c0dacac58ede5f391a7530e299dc302d611ee73cb143fc22eaf93592e53e7b5bdb01b00a0b8d28dae460c141dd2ff83412e4dc1c31b16b25f33144a9e5620ea73b13f5bc1c59411d98439ad226e8af03840603796067d87afe130812cf3de24982d0e306f9e61e764e5\" aria-label=\"Banner_Sa\u00fade_PortallavrasTV\"><img src=\"https:\/\/lavras.tv\/site\/wp-content\/uploads\/2025\/03\/Banner_Saude_PortallavrasTV.png\" alt=\"\"  srcset=\"https:\/\/lavras.tv\/site\/wp-content\/uploads\/2025\/03\/Banner_Saude_PortallavrasTV.png 720w, https:\/\/lavras.tv\/site\/wp-content\/uploads\/2025\/03\/Banner_Saude_PortallavrasTV-470x68.png 470w, https:\/\/lavras.tv\/site\/wp-content\/uploads\/2025\/03\/Banner_Saude_PortallavrasTV-170x25.png 170w, https:\/\/lavras.tv\/site\/wp-content\/uploads\/2025\/03\/Banner_Saude_PortallavrasTV-200x29.png 200w\" sizes=\"(max-width: 720px) 100vw, 720px\" width=\"720\" height=\"104\"   \/><\/a><\/li><li><div id=\"lavra-1182932974\" style=\"width:720px;height:104px;background-color:#ddd;overflow:scroll;\">\n\t<strong>Sa\u00edda da depura\u00e7\u00e3o de an\u00fancios<\/strong>\n\t<br><br>\n\tO an\u00fancio n\u00e3o \u00e9 exibido na p\u00e1gina<br><br>post atual: Minas Gerais registra mais de 4.500 casos de tuberculose em um ano, ID: 138001<br><br><span style=\"color: red;\">O post atual n\u00e3o \u00e9 id\u00eantico ao post principal.<\/span><br><br>An\u00fancios: ROXO - TOPO INTERNA - ROTATIVO 2 (197)<br \/>Grupo de an\u00fancios: Princ_Meio01_720x104 (27)<br><br>Condi\u00e7\u00f5es de exibi\u00e7\u00e3o<div style=\"margin-bottom: 20px; white-space: pre-wrap; font-family: monospace; width: 100%; background: #ffe9e9;\"><strong>condi\u00e7\u00f5es gerais<\/strong><table border=\"1\"><thead><tr><th><\/th><th>An\u00fancios<\/th><th>wp_the_query<\/th><\/tr><\/thead><tr><td>is_main_query<\/td><td>1<\/td><td>1<\/td><\/tr><tr><td>is_rest_api<\/td><td>0<\/td><td>1<\/td><\/tr><tr><td>page<\/td><td>0<\/td><td>1<\/td><\/tr><tr><td>numpages<\/td><td>0<\/td><td>1<\/td><\/tr><tr><td>is_archive<\/td><td>1<\/td><td><\/td><\/tr><tr><td>is_search<\/td><td>1<\/td><td><\/td><\/tr><tr><td>is_home<\/td><td>1<\/td><td><\/td><\/tr><tr><td>is_404<\/td><td>1<\/td><td><\/td><\/tr><tr><td>is_attachment<\/td><td>1<\/td><td><\/td><\/tr><tr><td>is_singular<\/td><td>1<\/td><td><\/td><\/tr><tr><td>is_front_page<\/td><td>1<\/td><td><\/td><\/tr><tr><td>is_feed<\/td><td>1<\/td><td><\/td><\/tr><\/table><\/div><br><br><span style=\"color: red;\">Seu site usa HTTPS, mas o c\u00f3digo do an\u00fancio cont\u00e9m HTTP e pode n\u00e3o funcionar.<\/span>\t<br><br>\n\t<a style=\"color: green;\" href=\"https:\/\/wpadvancedads.com\/manual\/ad-debug-mode\/?utm_source=advanced-ads&utm_medium=link&utm_campaign=ad-debug-mode\" target=\"_blank\" rel=\"nofollow\">Encontre solu\u00e7\u00f5es no manual<\/a>\n<\/div>\n<\/li><\/ul><\/div><script>( window.advanced_ads_ready || jQuery( document ).ready ).call( null, function() {var $lavraslider3917014951 = jQuery( \".lavra-slider-3917014951\" );$lavraslider3917014951.on( \"unslider.ready\", function() { jQuery( \"div.custom-slider ul li\" ).css( \"display\", \"block\" ); });$lavraslider3917014951.unslider({ delay:4000, autoplay:true, nav:false, arrows:false, infinite:true });$lavraslider3917014951.on(\"mouseover\", function() {$lavraslider3917014951.unslider(\"stop\");}).on(\"mouseout\", function() {$lavraslider3917014951.unslider(\"start\");});});<\/script><\/div>\n<p>Dados do Minist\u00e9rio da Sa\u00fade revelam que, em 2023, foram registrados cerca de 80 mil casos da doen\u00e7a no Brasil<small>Publicidade<\/small><\/p>\n\n\n\n<figure class=\"wp-block-image size-large\"><img fetchpriority=\"high\" decoding=\"async\" width=\"970\" height=\"582\" src=\"https:\/\/lavras.tv\/site\/wp-content\/uploads\/2024\/11\/1_tuberculose-32654622-970x582.jpg\" alt=\"\" class=\"wp-image-138002\" srcset=\"https:\/\/lavras.tv\/site\/wp-content\/uploads\/2024\/11\/1_tuberculose-32654622-970x582.jpg 970w, https:\/\/lavras.tv\/site\/wp-content\/uploads\/2024\/11\/1_tuberculose-32654622-470x282.jpg 470w, https:\/\/lavras.tv\/site\/wp-content\/uploads\/2024\/11\/1_tuberculose-32654622-170x102.jpg 170w, https:\/\/lavras.tv\/site\/wp-content\/uploads\/2024\/11\/1_tuberculose-32654622-200x120.jpg 200w, https:\/\/lavras.tv\/site\/wp-content\/uploads\/2024\/11\/1_tuberculose-32654622.jpg 1200w\" sizes=\"(max-width: 970px) 100vw, 970px\" \/><\/figure>\n\n\n\n<p>Dados do Minist\u00e9rio da Sa\u00fade revelam que, em 2023, foram registrados cerca de 80 mil casos da doen\u00e7a no Brasil.<\/p>\n\n\n\n<p>Dados preliminares do Boletim Epidemiol\u00f3gico de Tuberculose 2024, do Minist\u00e9rio da Sa\u00fade, indicam que, em 2023, Minas Gerais notificou 4.503 novos casos da doen\u00e7a, com uma taxa de incid\u00eancia de 19,5 por 100 mil habitantes, al\u00e9m de 322 mortes em 2022. No Brasil, foram registrados cerca de 80 mil casos em 2023, e o n\u00famero de \u00f3bitos em 2022 chegou a 2.720. Neste Dia Nacional de Combate \u00e0 Tuberculose, 17 de novembro, especialistas refor\u00e7am a import\u00e2ncia da conscientiza\u00e7\u00e3o sobre essa doen\u00e7a, que ainda afeta milhares de brasileiros.<\/p>\n\n\n\n<p>O infectologista do Hospital Semper, em Belo Horizonte, Leandro Curi, explica que os fatores de risco para a tuberculose incluem a conviv\u00eancia em locais com alta preval\u00eancia da doen\u00e7a, como o Brasil, que apresenta uma taxa elevada de infec\u00e7\u00e3o pela Mycobacterium tuberculosis. \u201cAl\u00e9m disso, a imunidade do indiv\u00edduo \u00e9 fundamental: pessoas com imunidade comprometida, como portadores de HIV ou pacientes transplantados, t\u00eam maior risco de desenvolver tuberculose ativa, devido \u00e0 capacidade reduzida de combater infec\u00e7\u00f5es\u201d, afirma.<\/p>\n\n\n\n<p>Leandro destaca que, embora a tuberculose seja uma doen\u00e7a pulmonar, ela pode ser confundida com outras condi\u00e7\u00f5es respirat\u00f3rias, como infec\u00e7\u00f5es pulmonares e c\u00e2ncer de pulm\u00e3o. \u201cA transmiss\u00e3o ocorre geralmente por inala\u00e7\u00e3o de bact\u00e9rias, mas a doen\u00e7a pode se disseminar para outros \u00f3rg\u00e3os, como pele, ossos, rins, intestinos e at\u00e9 o c\u00e9rebro, atrav\u00e9s da via hematog\u00eanica. Assim, a tuberculose extrapulmonar \u00e9 uma realidade cl\u00ednica que exige aten\u00e7\u00e3o diagn\u00f3stica\u201d, alerta.<\/p>\n\n\n\n<p>De acordo com o m\u00e9dico, os sintomas mais comuns da tuberculose ativa incluem febre di\u00e1ria, calafrios, sudorese noturna, perda de peso e tosse persistente (por mais de duas a tr\u00eas semanas), que n\u00e3o respondem a tratamentos inconvenientes. Outros incluem sinais linfonodomegalias, conhecidos como \u201c\u00ednguas\u201d em regi\u00f5es como axilas e pesco\u00e7o.<\/p>\n\n\n\n<p>O infectologista destaca que o diagn\u00f3stico correto \u00e9 feito por meio de exames espec\u00edficos, como a cultura da bact\u00e9ria Mycobacterium tuberculosise o teste molecular r\u00e1pido para verificar a resist\u00eancia a medicamentos. \u201cOutros exames incluem baciloscopia (BAAR) do escarro, radiografia e tomografia computadorizada. Nos casos em que n\u00e3o seja poss\u00edvel coletar o escarro, pode ser necess\u00e1ria a realiza\u00e7\u00e3o de uma broncoscopia\u201d, evidencia.<\/p>\n\n\n\n<p>Segundo ele, o tratamento da tuberculose segue um esquema padr\u00e3o com quatro medicamentos, e caso o paciente tenha contraindica\u00e7\u00f5es a algum deles, existem esquemas alternativos. \u201cCom o tratamento adequado, \u00e9 poss\u00edvel alcan\u00e7ar a cura e interromper a transmiss\u00e3o da doen\u00e7a. Caso n\u00e3o seja tratado, a tuberculose pode levar ao \u00f3bito e contribuir para a propaga\u00e7\u00e3o da bact\u00e9ria. Pacientes com tuberculose pulmonar ativa transmitem a bact\u00e9ria atrav\u00e9s da tosse, representando um alto risco para aqueles que convivem em ambientes fechados, como em casa ou no trabalho\u201d.<\/p>\n","protected":false},"excerpt":{"rendered":"<p>Dados do Minist\u00e9rio da Sa\u00fade revelam que, em 2023, foram registrados cerca de 80 mil casos da doen\u00e7a no BrasilPublicidade Dados do Minist\u00e9rio da Sa\u00fade revelam que, em 2023, foram registrados cerca de 80 mil casos da doen\u00e7a no Brasil. Dados preliminares do Boletim Epidemiol\u00f3gico de Tuberculose 2024, do Minist\u00e9rio da Sa\u00fade, indicam que, em [&hellip;]<\/p>\n","protected":false},"author":5,"featured_media":138002,"comment_status":"closed","ping_status":"open","sticky":false,"template":"","format":"standard","meta":{"advgb_blocks_editor_width":"","advgb_blocks_columns_visual_guide":"","_exactmetrics_skip_tracking":false,"_exactmetrics_sitenote_active":false,"_exactmetrics_sitenote_note":"","_exactmetrics_sitenote_category":0,"footnotes":""},"categories":[7,2],"tags":[],"class_list":["post-138001","post","type-post","status-publish","format-standard","has-post-thumbnail","hentry","category-destaques","category-noticias"],"better_featured_image":{"id":138002,"alt_text":"","caption":"","description":"","media_type":"image","media_details":{"width":1200,"height":720,"file":"2024\/11\/1_tuberculose-32654622.jpg","filesize":75509,"sizes":{"medium":{"file":"1_tuberculose-32654622-470x282.jpg","width":470,"height":282,"mime-type":"image\/jpeg","filesize":12318,"source_url":"https:\/\/lavras.tv\/site\/wp-content\/uploads\/2024\/11\/1_tuberculose-32654622-470x282.jpg"},"large":{"file":"1_tuberculose-32654622-970x582.jpg","width":970,"height":582,"mime-type":"image\/jpeg","filesize":40748,"source_url":"https:\/\/lavras.tv\/site\/wp-content\/uploads\/2024\/11\/1_tuberculose-32654622-970x582.jpg"},"thumbnail":{"file":"1_tuberculose-32654622-170x102.jpg","width":170,"height":102,"mime-type":"image\/jpeg","filesize":2339,"source_url":"https:\/\/lavras.tv\/site\/wp-content\/uploads\/2024\/11\/1_tuberculose-32654622-170x102.jpg"},"lshowcase-thumb":{"file":"1_tuberculose-32654622-200x120.jpg","width":200,"height":120,"mime-type":"image\/jpeg","filesize":2850,"source_url":"https:\/\/lavras.tv\/site\/wp-content\/uploads\/2024\/11\/1_tuberculose-32654622-200x120.jpg"},"alm-thumbnail":{"file":"1_tuberculose-32654622-150x150.jpg","width":150,"height":150,"mime-type":"image\/jpeg","filesize":3657,"source_url":"https:\/\/lavras.tv\/site\/wp-content\/uploads\/2024\/11\/1_tuberculose-32654622-150x150.jpg"}},"image_meta":{"aperture":"0","credit":"","camera":"","caption":"","created_timestamp":"0","copyright":"","focal_length":"0","iso":"0","shutter_speed":"0","title":"","orientation":"0","keywords":[]}},"post":138001,"source_url":"https:\/\/lavras.tv\/site\/wp-content\/uploads\/2024\/11\/1_tuberculose-32654622.jpg"},"author_meta":{"display_name":"Vinicius Bustamante","author_link":"https:\/\/lavras.tv\/site\/author\/vinicius-bustamante\/"},"featured_img":"https:\/\/lavras.tv\/site\/wp-content\/uploads\/2024\/11\/1_tuberculose-32654622-470x282.jpg","coauthors":[],"tax_additional":{"categories":{"linked":["<a href=\"https:\/\/lavras.tv\/site\/category\/destaques\/\" class=\"advgb-post-tax-term\">Destaques<\/a>","<a href=\"https:\/\/lavras.tv\/site\/category\/noticias\/\" class=\"advgb-post-tax-term\">Not\u00edcias<\/a>"],"unlinked":["<span class=\"advgb-post-tax-term\">Destaques<\/span>","<span class=\"advgb-post-tax-term\">Not\u00edcias<\/span>"]}},"comment_count":"0","relative_dates":{"created":"Publicado 1 ano atr\u00e1s","modified":"Atualizado 1 ano atr\u00e1s"},"absolute_dates":{"created":"Publicado em 18 de novembro de 2024","modified":"Atualizado em 18 de novembro de 2024"},"absolute_dates_time":{"created":"Publicado em 18 de novembro de 2024 15:38","modified":"Atualizado em 18 de novembro de 2024 15:38"},"featured_img_caption":"","series_order":"","_links":{"self":[{"href":"https:\/\/lavras.tv\/site\/wp-json\/wp\/v2\/posts\/138001","targetHints":{"allow":["GET"]}}],"collection":[{"href":"https:\/\/lavras.tv\/site\/wp-json\/wp\/v2\/posts"}],"about":[{"href":"https:\/\/lavras.tv\/site\/wp-json\/wp\/v2\/types\/post"}],"author":[{"embeddable":true,"href":"https:\/\/lavras.tv\/site\/wp-json\/wp\/v2\/users\/5"}],"replies":[{"embeddable":true,"href":"https:\/\/lavras.tv\/site\/wp-json\/wp\/v2\/comments?post=138001"}],"version-history":[{"count":1,"href":"https:\/\/lavras.tv\/site\/wp-json\/wp\/v2\/posts\/138001\/revisions"}],"predecessor-version":[{"id":138003,"href":"https:\/\/lavras.tv\/site\/wp-json\/wp\/v2\/posts\/138001\/revisions\/138003"}],"wp:featuredmedia":[{"embeddable":true,"href":"https:\/\/lavras.tv\/site\/wp-json\/wp\/v2\/media\/138002"}],"wp:attachment":[{"href":"https:\/\/lavras.tv\/site\/wp-json\/wp\/v2\/media?parent=138001"}],"wp:term":[{"taxonomy":"category","embeddable":true,"href":"https:\/\/lavras.tv\/site\/wp-json\/wp\/v2\/categories?post=138001"},{"taxonomy":"post_tag","embeddable":true,"href":"https:\/\/lavras.tv\/site\/wp-json\/wp\/v2\/tags?post=138001"}],"curies":[{"name":"wp","href":"https:\/\/api.w.org\/{rel}","templated":true}]}}