{"id":13821,"date":"2017-12-18T09:55:54","date_gmt":"2017-12-18T11:55:54","guid":{"rendered":"http:\/\/lavras.tv\/site\/?p=13821"},"modified":"2017-12-18T09:55:54","modified_gmt":"2017-12-18T11:55:54","slug":"cruzeiro-garante-terceiro-lugar-e-time-russo-leva-titulo-do-mundial-de-clubes-de-volei","status":"publish","type":"post","link":"https:\/\/lavras.tv\/site\/2017\/12\/18\/cruzeiro-garante-terceiro-lugar-e-time-russo-leva-titulo-do-mundial-de-clubes-de-volei\/","title":{"rendered":"Cruzeiro garante terceiro lugar, e time russo leva t\u00edtulo do Mundial de Clubes de V\u00f4lei"},"content":{"rendered":"<div class=\"lavra-antes-do-conteudo_2\" id=\"lavra-4290970485\"><div id=\"lavra-slider-27\" class=\"custom-slider lavra-slider-2722816989 lavra-slider\"><ul><li><div style=\"margin-left: auto;margin-right: auto;text-align: center;\" id=\"lavra-1052772490\"><a href=\"https:\/\/sistemas.lavras.mg.gov.br\/portalcidadao\/#df1b1a7c7b2a290bcb31e32771e610784662739a88807c0dacac58ede5f391a7530e299dc302d611ee73cb143fc22eaf93592e53e7b5bdb01b00a0b8d28dae460c141dd2ff83412e4dc1c31b16b25f33144a9e5620ea73b13f5bc1c59411d98439ad226e8af03840603796067d87afe130812cf3de24982d0e306f9e61e764e5\" aria-label=\"Lavras-TV&#8211;720x104px (1) (1)\"><img src=\"https:\/\/lavras.tv\/site\/wp-content\/uploads\/2025\/01\/Lavras-TV-720x104px-1-1.png\" alt=\"\"  srcset=\"https:\/\/lavras.tv\/site\/wp-content\/uploads\/2025\/01\/Lavras-TV-720x104px-1-1.png 720w, https:\/\/lavras.tv\/site\/wp-content\/uploads\/2025\/01\/Lavras-TV-720x104px-1-1-470x68.png 470w, https:\/\/lavras.tv\/site\/wp-content\/uploads\/2025\/01\/Lavras-TV-720x104px-1-1-170x25.png 170w, https:\/\/lavras.tv\/site\/wp-content\/uploads\/2025\/01\/Lavras-TV-720x104px-1-1-200x29.png 200w\" sizes=\"(max-width: 720px) 100vw, 720px\" width=\"720\" height=\"104\"  style=\"display: inline-block;\" \/><\/a><\/div><\/li><li><a href=\"https:\/\/sistemas.lavras.mg.gov.br\/portalcidadao\/#df1b1a7c7b2a290bcb31e32771e610784662739a88807c0dacac58ede5f391a7530e299dc302d611ee73cb143fc22eaf93592e53e7b5bdb01b00a0b8d28dae460c141dd2ff83412e4dc1c31b16b25f33144a9e5620ea73b13f5bc1c59411d98439ad226e8af03840603796067d87afe130812cf3de24982d0e306f9e61e764e5\" aria-label=\"Banner_Emprego_PortallavrasTV\"><img src=\"https:\/\/lavras.tv\/site\/wp-content\/uploads\/2025\/03\/Banner_Emprego_PortallavrasTV.png\" alt=\"\"  srcset=\"https:\/\/lavras.tv\/site\/wp-content\/uploads\/2025\/03\/Banner_Emprego_PortallavrasTV.png 720w, https:\/\/lavras.tv\/site\/wp-content\/uploads\/2025\/03\/Banner_Emprego_PortallavrasTV-470x68.png 470w, https:\/\/lavras.tv\/site\/wp-content\/uploads\/2025\/03\/Banner_Emprego_PortallavrasTV-170x25.png 170w, https:\/\/lavras.tv\/site\/wp-content\/uploads\/2025\/03\/Banner_Emprego_PortallavrasTV-200x29.png 200w\" sizes=\"(max-width: 720px) 100vw, 720px\" width=\"720\" height=\"104\"   \/><\/a><\/li><li><a href=\"https:\/\/sistemas.lavras.mg.gov.br\/portalcidadao\/#df1b1a7c7b2a290bcb31e32771e610784662739a88807c0dacac58ede5f391a7530e299dc302d611ee73cb143fc22eaf93592e53e7b5bdb01b00a0b8d28dae460c141dd2ff83412e4dc1c31b16b25f33144a9e5620ea73b13f5bc1c59411d98439ad226e8af03840603796067d87afe130812cf3de24982d0e306f9e61e764e5\" aria-label=\"Banner_Obras_PortallavrasTV\"><img src=\"https:\/\/lavras.tv\/site\/wp-content\/uploads\/2025\/03\/Banner_Obras_PortallavrasTV.png\" alt=\"\"  srcset=\"https:\/\/lavras.tv\/site\/wp-content\/uploads\/2025\/03\/Banner_Obras_PortallavrasTV.png 720w, https:\/\/lavras.tv\/site\/wp-content\/uploads\/2025\/03\/Banner_Obras_PortallavrasTV-470x68.png 470w, https:\/\/lavras.tv\/site\/wp-content\/uploads\/2025\/03\/Banner_Obras_PortallavrasTV-170x25.png 170w, https:\/\/lavras.tv\/site\/wp-content\/uploads\/2025\/03\/Banner_Obras_PortallavrasTV-200x29.png 200w\" sizes=\"(max-width: 720px) 100vw, 720px\" width=\"720\" height=\"104\"   \/><\/a><\/li><li><div style=\"margin-left: auto;margin-right: auto;text-align: center;\" id=\"lavra-1486721726\"><a href=\"https:\/\/sistemas.lavras.mg.gov.br\/portalcidadao\/#df1b1a7c7b2a290bcb31e32771e610784662739a88807c0dacac58ede5f391a7530e299dc302d611ee73cb143fc22eaf93592e53e7b5bdb01b00a0b8d28dae460c141dd2ff83412e4dc1c31b16b25f33144a9e5620ea73b13f5bc1c59411d98439ad226e8af03840603796067d87afe130812cf3de24982d0e306f9e61e764e5\" aria-label=\"Banner_Educa\u00e7\u00e3o_PortallavrasTV\"><img src=\"https:\/\/lavras.tv\/site\/wp-content\/uploads\/2025\/01\/Banner_Educacao_PortallavrasTV.png\" alt=\"\"  srcset=\"https:\/\/lavras.tv\/site\/wp-content\/uploads\/2025\/01\/Banner_Educacao_PortallavrasTV.png 720w, https:\/\/lavras.tv\/site\/wp-content\/uploads\/2025\/01\/Banner_Educacao_PortallavrasTV-470x68.png 470w, https:\/\/lavras.tv\/site\/wp-content\/uploads\/2025\/01\/Banner_Educacao_PortallavrasTV-170x25.png 170w, https:\/\/lavras.tv\/site\/wp-content\/uploads\/2025\/01\/Banner_Educacao_PortallavrasTV-200x29.png 200w\" sizes=\"(max-width: 720px) 100vw, 720px\" width=\"720\" height=\"104\"  style=\"display: inline-block;\" \/><\/a><\/div><\/li><li><a href=\"https:\/\/sistemas.lavras.mg.gov.br\/portalcidadao\/#df1b1a7c7b2a290bcb31e32771e610784662739a88807c0dacac58ede5f391a7530e299dc302d611ee73cb143fc22eaf93592e53e7b5bdb01b00a0b8d28dae460c141dd2ff83412e4dc1c31b16b25f33144a9e5620ea73b13f5bc1c59411d98439ad226e8af03840603796067d87afe130812cf3de24982d0e306f9e61e764e5\" aria-label=\"Banner_Sa\u00fade_PortallavrasTV\"><img src=\"https:\/\/lavras.tv\/site\/wp-content\/uploads\/2025\/03\/Banner_Saude_PortallavrasTV.png\" alt=\"\"  srcset=\"https:\/\/lavras.tv\/site\/wp-content\/uploads\/2025\/03\/Banner_Saude_PortallavrasTV.png 720w, https:\/\/lavras.tv\/site\/wp-content\/uploads\/2025\/03\/Banner_Saude_PortallavrasTV-470x68.png 470w, https:\/\/lavras.tv\/site\/wp-content\/uploads\/2025\/03\/Banner_Saude_PortallavrasTV-170x25.png 170w, https:\/\/lavras.tv\/site\/wp-content\/uploads\/2025\/03\/Banner_Saude_PortallavrasTV-200x29.png 200w\" sizes=\"(max-width: 720px) 100vw, 720px\" width=\"720\" height=\"104\"   \/><\/a><\/li><li><div id=\"lavra-2446438515\" style=\"width:720px;height:104px;background-color:#ddd;overflow:scroll;\">\n\t<strong>Sa\u00edda da depura\u00e7\u00e3o de an\u00fancios<\/strong>\n\t<br><br>\n\tO an\u00fancio n\u00e3o \u00e9 exibido na p\u00e1gina<br><br>post atual: Cruzeiro garante terceiro lugar, e time russo leva t\u00edtulo do Mundial de Clubes de V\u00f4lei, ID: 13821<br><br><span style=\"color: red;\">O post atual n\u00e3o \u00e9 id\u00eantico ao post principal.<\/span><br><br>An\u00fancios: ROXO - TOPO INTERNA - ROTATIVO 2 (197)<br \/>Grupo de an\u00fancios: Princ_Meio01_720x104 (27)<br><br>Condi\u00e7\u00f5es de exibi\u00e7\u00e3o<div style=\"margin-bottom: 20px; white-space: pre-wrap; font-family: monospace; width: 100%; background: #ffe9e9;\"><strong>condi\u00e7\u00f5es gerais<\/strong><table border=\"1\"><thead><tr><th><\/th><th>An\u00fancios<\/th><th>wp_the_query<\/th><\/tr><\/thead><tr><td>is_main_query<\/td><td>1<\/td><td>1<\/td><\/tr><tr><td>is_rest_api<\/td><td>0<\/td><td>1<\/td><\/tr><tr><td>page<\/td><td>0<\/td><td>1<\/td><\/tr><tr><td>numpages<\/td><td>0<\/td><td>1<\/td><\/tr><tr><td>is_archive<\/td><td>1<\/td><td><\/td><\/tr><tr><td>is_search<\/td><td>1<\/td><td><\/td><\/tr><tr><td>is_home<\/td><td>1<\/td><td><\/td><\/tr><tr><td>is_404<\/td><td>1<\/td><td><\/td><\/tr><tr><td>is_attachment<\/td><td>1<\/td><td><\/td><\/tr><tr><td>is_singular<\/td><td>1<\/td><td><\/td><\/tr><tr><td>is_front_page<\/td><td>1<\/td><td><\/td><\/tr><tr><td>is_feed<\/td><td>1<\/td><td><\/td><\/tr><\/table><\/div><br><br><span style=\"color: red;\">Seu site usa HTTPS, mas o c\u00f3digo do an\u00fancio cont\u00e9m HTTP e pode n\u00e3o funcionar.<\/span>\t<br><br>\n\t<a style=\"color: green;\" href=\"https:\/\/wpadvancedads.com\/manual\/ad-debug-mode\/?utm_source=advanced-ads&utm_medium=link&utm_campaign=ad-debug-mode\" target=\"_blank\" rel=\"nofollow\">Encontre solu\u00e7\u00f5es no manual<\/a>\n<\/div>\n<\/li><\/ul><\/div><script>( window.advanced_ads_ready || jQuery( document ).ready ).call( null, function() {var $lavraslider2722816989 = jQuery( \".lavra-slider-2722816989\" );$lavraslider2722816989.on( \"unslider.ready\", function() { jQuery( \"div.custom-slider ul li\" ).css( \"display\", \"block\" ); });$lavraslider2722816989.unslider({ delay:4000, autoplay:true, nav:false, arrows:false, infinite:true });$lavraslider2722816989.on(\"mouseover\", function() {$lavraslider2722816989.unslider(\"stop\");}).on(\"mouseout\", function() {$lavraslider2722816989.unslider(\"start\");});});<\/script><\/div><p>O Sada Cruzeiro se recuperou neste domingo da derrota nas semifinais no Mundial de Clubes Masculino de V\u00f4lei e fechou a competi\u00e7\u00e3o em terceiro lugar ao vencer o jogo que valia a medalha a de bronze contra o anfitri\u00e3o PGE Skra Belchatow, da Pol\u00f4nia, por 3 sets a 0, com parciais de 25\/19, 25\/18 e 25\/13.<!--more--><\/p>\n<p>&#8220;\u00c9 muito importante para n\u00f3s sairmos daqui da Pol\u00f4nia com essa ta\u00e7a, entre os tr\u00eas melhores do mundo, representando bem a nossa equipe, o nosso projeto. Esta edi\u00e7\u00e3o do Mundial foi muito disputada, com grandes times e grandes atletas. \u00c9 um importante resultado e vamos celebrar, pois n\u00e3o \u00e9 f\u00e1cil\u201d, avaliou o t\u00e9cnico da equipe mineira, Marcelo Mendez.<\/p>\n<p><img fetchpriority=\"high\" decoding=\"async\" class=\"alignnone size-full wp-image-13822 aligncenter\" src=\"http:\/\/lavras.tv\/site\/wp-content\/uploads\/2017\/12\/sada.jpg\" alt=\"sada\" width=\"1200\" height=\"800\" srcset=\"https:\/\/lavras.tv\/site\/wp-content\/uploads\/2017\/12\/sada.jpg 1200w, https:\/\/lavras.tv\/site\/wp-content\/uploads\/2017\/12\/sada-150x100.jpg 150w, https:\/\/lavras.tv\/site\/wp-content\/uploads\/2017\/12\/sada-300x200.jpg 300w, https:\/\/lavras.tv\/site\/wp-content\/uploads\/2017\/12\/sada-1024x683.jpg 1024w, https:\/\/lavras.tv\/site\/wp-content\/uploads\/2017\/12\/sada-480x320.jpg 480w, https:\/\/lavras.tv\/site\/wp-content\/uploads\/2017\/12\/sada-272x182.jpg 272w\" sizes=\"(max-width: 1200px) 100vw, 1200px\" \/><\/p>\n<p>O cubano Leal foi o grande destaque do Cruzeiro no triunfo ao marcar 15 pontos, dois a mais do que Evandro. J\u00e1 Srecko Lisinac liderou o time polon\u00eas, que foi facilmente superado em todas as parciais, com nove pontos.<\/p>\n<p>O Cruzeiro iniciou a partida com Nico Uriarte, Evandro, Filipe, Leal, Simon, Isac e o l\u00edbero Serginho como titulares. E Mendez promoveu as entradas de Fernando Cachopa e Alem\u00e3o durante o duelo.<\/p>\n<p>Campe\u00e3o em 2013, 2015 e 2016, o Cruzeiro buscava o seu quarto t\u00edtulo mundial, sendo o primeiro fora de Minas Gerais. Mas acabou parando nas semifinais ao perder para o russo Zenit Kazan &#8211; j\u00e1 havia sofrido uma derrota na fase de grupos, para o italiano Cucine Lube Civitanova.<\/p>\n<p>Neste domingo, os seus algozes se enfrentaram na decis\u00e3o na Crac\u00f3via. E o Zenit Kazan se deu melhor ao bater o Lube Civitanova por 3 a 0, com parciais de 27\/25, 25\/22 e 25\/22. O cubano Wilfredo Le\u00f3n liderou o time russo, que foi campe\u00e3o mundial sem perder sequer um set, com 19 pontos. O cubano naturalizado italiano Osmany Juantorena terminou a decis\u00e3o com 22 acertos para o time vice-campe\u00e3o mundial.<\/p>\n<p>Fonte: Itatiaia<\/p>\n","protected":false},"excerpt":{"rendered":"<p>O Sada Cruzeiro se recuperou neste domingo da derrota nas semifinais no Mundial de Clubes Masculino de V\u00f4lei e fechou a competi\u00e7\u00e3o em terceiro lugar ao vencer o jogo que valia a medalha a de bronze contra o anfitri\u00e3o PGE Skra Belchatow, da Pol\u00f4nia, por 3 sets a 0, com parciais de 25\/19, 25\/18 e [&hellip;]<\/p>\n","protected":false},"author":2,"featured_media":13822,"comment_status":"closed","ping_status":"open","sticky":false,"template":"","format":"standard","meta":{"advgb_blocks_editor_width":"","advgb_blocks_columns_visual_guide":"","_exactmetrics_skip_tracking":false,"_exactmetrics_sitenote_active":false,"_exactmetrics_sitenote_note":"","_exactmetrics_sitenote_category":0,"footnotes":""},"categories":[7,3],"tags":[895,1210,690],"class_list":["post-13821","post","type-post","status-publish","format-standard","has-post-thumbnail","hentry","category-destaques","category-esportes","tag-895","tag-sada-cruzeiro","tag-volei"],"better_featured_image":{"id":13822,"alt_text":"","caption":"","description":"","media_type":"image","media_details":{"width":1200,"height":800,"file":"2017\/12\/sada.jpg","sizes":{"thumbnail":{"file":"sada-150x100.jpg","width":150,"height":100,"mime-type":"image\/jpeg","source_url":"https:\/\/lavras.tv\/site\/wp-content\/uploads\/2017\/12\/sada-150x100.jpg"},"medium":{"file":"sada-300x200.jpg","width":300,"height":200,"mime-type":"image\/jpeg","source_url":"https:\/\/lavras.tv\/site\/wp-content\/uploads\/2017\/12\/sada-300x200.jpg"},"large":{"file":"sada-1024x683.jpg","width":1024,"height":683,"mime-type":"image\/jpeg","source_url":"https:\/\/lavras.tv\/site\/wp-content\/uploads\/2017\/12\/sada-1024x683.jpg"},"featured-slider-img":{"file":"sada-640x480.jpg","width":640,"height":480,"mime-type":"image\/jpeg","source_url":"https:\/\/lavras.tv\/site\/wp-content\/uploads\/2017\/12\/sada-640x480.jpg"},"featured-post-img":{"file":"sada-480x320.jpg","width":480,"height":320,"mime-type":"image\/jpeg","source_url":"https:\/\/lavras.tv\/site\/wp-content\/uploads\/2017\/12\/sada-480x320.jpg"},"sow-carousel-default":{"file":"sada-272x182.jpg","width":272,"height":182,"mime-type":"image\/jpeg","source_url":"https:\/\/lavras.tv\/site\/wp-content\/uploads\/2017\/12\/sada-272x182.jpg"}},"image_meta":{"aperture":"0","credit":"","camera":"","caption":"","created_timestamp":"0","copyright":"","focal_length":"0","iso":"0","shutter_speed":"0","title":"","orientation":"0","keywords":[]}},"post":13821,"source_url":"https:\/\/lavras.tv\/site\/wp-content\/uploads\/2017\/12\/sada.jpg"},"author_meta":{"display_name":"Lavras TV","author_link":"https:\/\/lavras.tv\/site\/author\/lavrastv\/"},"featured_img":"https:\/\/lavras.tv\/site\/wp-content\/uploads\/2017\/12\/sada-300x200.jpg","coauthors":[],"tax_additional":{"categories":{"linked":["<a href=\"https:\/\/lavras.tv\/site\/category\/destaques\/\" class=\"advgb-post-tax-term\">Destaques<\/a>","<a href=\"https:\/\/lavras.tv\/site\/category\/esportes\/\" class=\"advgb-post-tax-term\">Esportes<\/a>"],"unlinked":["<span class=\"advgb-post-tax-term\">Destaques<\/span>","<span class=\"advgb-post-tax-term\">Esportes<\/span>"]},"tags":{"linked":["<a href=\"https:\/\/lavras.tv\/site\/category\/esportes\/\" class=\"advgb-post-tax-term\">2017<\/a>","<a href=\"https:\/\/lavras.tv\/site\/category\/esportes\/\" class=\"advgb-post-tax-term\">sada cruzeiro<\/a>","<a href=\"https:\/\/lavras.tv\/site\/category\/esportes\/\" class=\"advgb-post-tax-term\">volei<\/a>"],"unlinked":["<span class=\"advgb-post-tax-term\">2017<\/span>","<span class=\"advgb-post-tax-term\">sada cruzeiro<\/span>","<span class=\"advgb-post-tax-term\">volei<\/span>"]}},"comment_count":"0","relative_dates":{"created":"Publicado 8 anos atr\u00e1s","modified":"Atualizado 8 anos atr\u00e1s"},"absolute_dates":{"created":"Publicado em 18 de dezembro de 2017","modified":"Atualizado em 18 de dezembro de 2017"},"absolute_dates_time":{"created":"Publicado em 18 de dezembro de 2017 09:55","modified":"Atualizado em 18 de dezembro de 2017 09:55"},"featured_img_caption":"","series_order":"","_links":{"self":[{"href":"https:\/\/lavras.tv\/site\/wp-json\/wp\/v2\/posts\/13821","targetHints":{"allow":["GET"]}}],"collection":[{"href":"https:\/\/lavras.tv\/site\/wp-json\/wp\/v2\/posts"}],"about":[{"href":"https:\/\/lavras.tv\/site\/wp-json\/wp\/v2\/types\/post"}],"author":[{"embeddable":true,"href":"https:\/\/lavras.tv\/site\/wp-json\/wp\/v2\/users\/2"}],"replies":[{"embeddable":true,"href":"https:\/\/lavras.tv\/site\/wp-json\/wp\/v2\/comments?post=13821"}],"version-history":[{"count":1,"href":"https:\/\/lavras.tv\/site\/wp-json\/wp\/v2\/posts\/13821\/revisions"}],"predecessor-version":[{"id":13823,"href":"https:\/\/lavras.tv\/site\/wp-json\/wp\/v2\/posts\/13821\/revisions\/13823"}],"wp:featuredmedia":[{"embeddable":true,"href":"https:\/\/lavras.tv\/site\/wp-json\/wp\/v2\/media\/13822"}],"wp:attachment":[{"href":"https:\/\/lavras.tv\/site\/wp-json\/wp\/v2\/media?parent=13821"}],"wp:term":[{"taxonomy":"category","embeddable":true,"href":"https:\/\/lavras.tv\/site\/wp-json\/wp\/v2\/categories?post=13821"},{"taxonomy":"post_tag","embeddable":true,"href":"https:\/\/lavras.tv\/site\/wp-json\/wp\/v2\/tags?post=13821"}],"curies":[{"name":"wp","href":"https:\/\/api.w.org\/{rel}","templated":true}]}}