{"id":138271,"date":"2024-11-19T18:59:15","date_gmt":"2024-11-19T21:59:15","guid":{"rendered":"https:\/\/lavras.tv\/site\/?p=138271"},"modified":"2024-11-19T18:59:16","modified_gmt":"2024-11-19T21:59:16","slug":"cemig-reforca-procedimentos-de-seguranca-com-a-rede-eletrica-na-instalacao-de-enfeites-natalinos","status":"publish","type":"post","link":"https:\/\/lavras.tv\/site\/2024\/11\/19\/cemig-reforca-procedimentos-de-seguranca-com-a-rede-eletrica-na-instalacao-de-enfeites-natalinos\/","title":{"rendered":"Cemig refor\u00e7a procedimentos de seguran\u00e7a com a rede el\u00e9trica na instala\u00e7\u00e3o de enfeites natalinos"},"content":{"rendered":"<div class=\"lavra-antes-do-conteudo_2\" id=\"lavra-1095334658\"><div id=\"lavra-slider-27\" class=\"custom-slider lavra-slider-2275799474 lavra-slider\"><ul><li><div style=\"margin-left: auto;margin-right: auto;text-align: center;\" id=\"lavra-4231528833\"><a href=\"https:\/\/sistemas.lavras.mg.gov.br\/portalcidadao\/#df1b1a7c7b2a290bcb31e32771e610784662739a88807c0dacac58ede5f391a7530e299dc302d611ee73cb143fc22eaf93592e53e7b5bdb01b00a0b8d28dae460c141dd2ff83412e4dc1c31b16b25f33144a9e5620ea73b13f5bc1c59411d98439ad226e8af03840603796067d87afe130812cf3de24982d0e306f9e61e764e5\" aria-label=\"Lavras-TV&#8211;720x104px (1) (1)\"><img src=\"https:\/\/lavras.tv\/site\/wp-content\/uploads\/2025\/01\/Lavras-TV-720x104px-1-1.png\" alt=\"\"  srcset=\"https:\/\/lavras.tv\/site\/wp-content\/uploads\/2025\/01\/Lavras-TV-720x104px-1-1.png 720w, https:\/\/lavras.tv\/site\/wp-content\/uploads\/2025\/01\/Lavras-TV-720x104px-1-1-470x68.png 470w, https:\/\/lavras.tv\/site\/wp-content\/uploads\/2025\/01\/Lavras-TV-720x104px-1-1-170x25.png 170w, https:\/\/lavras.tv\/site\/wp-content\/uploads\/2025\/01\/Lavras-TV-720x104px-1-1-200x29.png 200w\" sizes=\"(max-width: 720px) 100vw, 720px\" width=\"720\" height=\"104\"  style=\"display: inline-block;\" \/><\/a><\/div><\/li><li><a href=\"https:\/\/sistemas.lavras.mg.gov.br\/portalcidadao\/#df1b1a7c7b2a290bcb31e32771e610784662739a88807c0dacac58ede5f391a7530e299dc302d611ee73cb143fc22eaf93592e53e7b5bdb01b00a0b8d28dae460c141dd2ff83412e4dc1c31b16b25f33144a9e5620ea73b13f5bc1c59411d98439ad226e8af03840603796067d87afe130812cf3de24982d0e306f9e61e764e5\" aria-label=\"Banner_Emprego_PortallavrasTV\"><img src=\"https:\/\/lavras.tv\/site\/wp-content\/uploads\/2025\/03\/Banner_Emprego_PortallavrasTV.png\" alt=\"\"  srcset=\"https:\/\/lavras.tv\/site\/wp-content\/uploads\/2025\/03\/Banner_Emprego_PortallavrasTV.png 720w, https:\/\/lavras.tv\/site\/wp-content\/uploads\/2025\/03\/Banner_Emprego_PortallavrasTV-470x68.png 470w, https:\/\/lavras.tv\/site\/wp-content\/uploads\/2025\/03\/Banner_Emprego_PortallavrasTV-170x25.png 170w, https:\/\/lavras.tv\/site\/wp-content\/uploads\/2025\/03\/Banner_Emprego_PortallavrasTV-200x29.png 200w\" sizes=\"(max-width: 720px) 100vw, 720px\" width=\"720\" height=\"104\"   \/><\/a><\/li><li><a href=\"https:\/\/sistemas.lavras.mg.gov.br\/portalcidadao\/#df1b1a7c7b2a290bcb31e32771e610784662739a88807c0dacac58ede5f391a7530e299dc302d611ee73cb143fc22eaf93592e53e7b5bdb01b00a0b8d28dae460c141dd2ff83412e4dc1c31b16b25f33144a9e5620ea73b13f5bc1c59411d98439ad226e8af03840603796067d87afe130812cf3de24982d0e306f9e61e764e5\" aria-label=\"Banner_Obras_PortallavrasTV\"><img src=\"https:\/\/lavras.tv\/site\/wp-content\/uploads\/2025\/03\/Banner_Obras_PortallavrasTV.png\" alt=\"\"  srcset=\"https:\/\/lavras.tv\/site\/wp-content\/uploads\/2025\/03\/Banner_Obras_PortallavrasTV.png 720w, https:\/\/lavras.tv\/site\/wp-content\/uploads\/2025\/03\/Banner_Obras_PortallavrasTV-470x68.png 470w, https:\/\/lavras.tv\/site\/wp-content\/uploads\/2025\/03\/Banner_Obras_PortallavrasTV-170x25.png 170w, https:\/\/lavras.tv\/site\/wp-content\/uploads\/2025\/03\/Banner_Obras_PortallavrasTV-200x29.png 200w\" sizes=\"(max-width: 720px) 100vw, 720px\" width=\"720\" height=\"104\"   \/><\/a><\/li><li><div style=\"margin-left: auto;margin-right: auto;text-align: center;\" id=\"lavra-149137142\"><a href=\"https:\/\/sistemas.lavras.mg.gov.br\/portalcidadao\/#df1b1a7c7b2a290bcb31e32771e610784662739a88807c0dacac58ede5f391a7530e299dc302d611ee73cb143fc22eaf93592e53e7b5bdb01b00a0b8d28dae460c141dd2ff83412e4dc1c31b16b25f33144a9e5620ea73b13f5bc1c59411d98439ad226e8af03840603796067d87afe130812cf3de24982d0e306f9e61e764e5\" aria-label=\"Banner_Educa\u00e7\u00e3o_PortallavrasTV\"><img src=\"https:\/\/lavras.tv\/site\/wp-content\/uploads\/2025\/01\/Banner_Educacao_PortallavrasTV.png\" alt=\"\"  srcset=\"https:\/\/lavras.tv\/site\/wp-content\/uploads\/2025\/01\/Banner_Educacao_PortallavrasTV.png 720w, https:\/\/lavras.tv\/site\/wp-content\/uploads\/2025\/01\/Banner_Educacao_PortallavrasTV-470x68.png 470w, https:\/\/lavras.tv\/site\/wp-content\/uploads\/2025\/01\/Banner_Educacao_PortallavrasTV-170x25.png 170w, https:\/\/lavras.tv\/site\/wp-content\/uploads\/2025\/01\/Banner_Educacao_PortallavrasTV-200x29.png 200w\" sizes=\"(max-width: 720px) 100vw, 720px\" width=\"720\" height=\"104\"  style=\"display: inline-block;\" \/><\/a><\/div><\/li><li><a href=\"https:\/\/sistemas.lavras.mg.gov.br\/portalcidadao\/#df1b1a7c7b2a290bcb31e32771e610784662739a88807c0dacac58ede5f391a7530e299dc302d611ee73cb143fc22eaf93592e53e7b5bdb01b00a0b8d28dae460c141dd2ff83412e4dc1c31b16b25f33144a9e5620ea73b13f5bc1c59411d98439ad226e8af03840603796067d87afe130812cf3de24982d0e306f9e61e764e5\" aria-label=\"Banner_Sa\u00fade_PortallavrasTV\"><img src=\"https:\/\/lavras.tv\/site\/wp-content\/uploads\/2025\/03\/Banner_Saude_PortallavrasTV.png\" alt=\"\"  srcset=\"https:\/\/lavras.tv\/site\/wp-content\/uploads\/2025\/03\/Banner_Saude_PortallavrasTV.png 720w, https:\/\/lavras.tv\/site\/wp-content\/uploads\/2025\/03\/Banner_Saude_PortallavrasTV-470x68.png 470w, https:\/\/lavras.tv\/site\/wp-content\/uploads\/2025\/03\/Banner_Saude_PortallavrasTV-170x25.png 170w, https:\/\/lavras.tv\/site\/wp-content\/uploads\/2025\/03\/Banner_Saude_PortallavrasTV-200x29.png 200w\" sizes=\"(max-width: 720px) 100vw, 720px\" width=\"720\" height=\"104\"   \/><\/a><\/li><li><div id=\"lavra-1435661971\" style=\"width:720px;height:104px;background-color:#ddd;overflow:scroll;\">\n\t<strong>Sa\u00edda da depura\u00e7\u00e3o de an\u00fancios<\/strong>\n\t<br><br>\n\tO an\u00fancio n\u00e3o \u00e9 exibido na p\u00e1gina<br><br>post atual: Cemig refor\u00e7a procedimentos de seguran\u00e7a com a rede el\u00e9trica na instala\u00e7\u00e3o de enfeites natalinos, ID: 138271<br><br><span style=\"color: red;\">O post atual n\u00e3o \u00e9 id\u00eantico ao post principal.<\/span><br><br>An\u00fancios: ROXO - TOPO INTERNA - ROTATIVO 2 (197)<br \/>Grupo de an\u00fancios: Princ_Meio01_720x104 (27)<br><br>Condi\u00e7\u00f5es de exibi\u00e7\u00e3o<div style=\"margin-bottom: 20px; white-space: pre-wrap; font-family: monospace; width: 100%; background: #ffe9e9;\"><strong>condi\u00e7\u00f5es gerais<\/strong><table border=\"1\"><thead><tr><th><\/th><th>An\u00fancios<\/th><th>wp_the_query<\/th><\/tr><\/thead><tr><td>is_main_query<\/td><td>1<\/td><td>1<\/td><\/tr><tr><td>is_rest_api<\/td><td>0<\/td><td>1<\/td><\/tr><tr><td>page<\/td><td>0<\/td><td>1<\/td><\/tr><tr><td>numpages<\/td><td>0<\/td><td>1<\/td><\/tr><tr><td>is_archive<\/td><td>1<\/td><td><\/td><\/tr><tr><td>is_search<\/td><td>1<\/td><td><\/td><\/tr><tr><td>is_home<\/td><td>1<\/td><td><\/td><\/tr><tr><td>is_404<\/td><td>1<\/td><td><\/td><\/tr><tr><td>is_attachment<\/td><td>1<\/td><td><\/td><\/tr><tr><td>is_singular<\/td><td>1<\/td><td><\/td><\/tr><tr><td>is_front_page<\/td><td>1<\/td><td><\/td><\/tr><tr><td>is_feed<\/td><td>1<\/td><td><\/td><\/tr><\/table><\/div><br><br><span style=\"color: red;\">Seu site usa HTTPS, mas o c\u00f3digo do an\u00fancio cont\u00e9m HTTP e pode n\u00e3o funcionar.<\/span>\t<br><br>\n\t<a style=\"color: green;\" href=\"https:\/\/wpadvancedads.com\/manual\/ad-debug-mode\/?utm_source=advanced-ads&utm_medium=link&utm_campaign=ad-debug-mode\" target=\"_blank\" rel=\"nofollow\">Encontre solu\u00e7\u00f5es no manual<\/a>\n<\/div>\n<\/li><\/ul><\/div><script>( window.advanced_ads_ready || jQuery( document ).ready ).call( null, function() {var $lavraslider2275799474 = jQuery( \".lavra-slider-2275799474\" );$lavraslider2275799474.on( \"unslider.ready\", function() { jQuery( \"div.custom-slider ul li\" ).css( \"display\", \"block\" ); });$lavraslider2275799474.unslider({ delay:4000, autoplay:true, nav:false, arrows:false, infinite:true });$lavraslider2275799474.on(\"mouseover\", function() {$lavraslider2275799474.unslider(\"stop\");}).on(\"mouseout\", function() {$lavraslider2275799474.unslider(\"start\");});});<\/script><\/div>\n<p><em>Popula\u00e7\u00e3o deve redobrar aten\u00e7\u00e3o para evitar imprevistos envolvendo energia el\u00e9trica<\/em><\/p>\n\n\n\n<figure class=\"wp-block-video\"><video height=\"480\" style=\"aspect-ratio: 848 \/ 480;\" width=\"848\" controls src=\"https:\/\/lavras.tv\/site\/wp-content\/uploads\/2024\/11\/WhatsApp-Video-2024-11-18-at-19.38.14.mp4\"><\/video><\/figure>\n\n\n\n<p>A \u00e9poca natalina \u00e9 uma das mais aguardadas pelas fam\u00edlias, que aproveitam a ocasi\u00e3o para enfeitar as fachadas, jardins e \u00e1rvores para celebrar o momento. Por isso, a Cemig destaca medidas de seguran\u00e7a para que sejam evitados os acidentes envolvendo choques el\u00e9tricos e curtos-circuitos, que podem causar inc\u00eandios e outros danos.<\/p>\n\n\n\n<p>A instala\u00e7\u00e3o de ornamentos luminosos em \u00e1reas externas merece aten\u00e7\u00e3o devido \u00e0 exposi\u00e7\u00e3o a elementos naturais, como vento e chuva. Demetrio Aguiar, engenheiro eletricista da Cemig, alerta para a necessidade de prote\u00e7\u00e3o dos pontos das conex\u00f5es e tomadas, al\u00e9m da dist\u00e2ncia de 1,5 metro da rede el\u00e9trica, nos casos de instala\u00e7\u00e3o de l\u00e2mpadas decorativas em fachadas, muros, jardins e \u00e1rvores.<\/p>\n\n\n\n<p>\u201cRecomenda-se, ainda, instalar enfeites em locais fora do alcance das crian\u00e7as e dos animais dom\u00e9sticos. Em caso de \u00e1rvores de Natal com ilumina\u00e7\u00e3o instalada no ch\u00e3o, uma sugest\u00e3o \u00e9 criar uma barreira f\u00edsica com caixas embrulhadas de presentes para impedir o acesso aos enfeites el\u00e9tricos\u201d, orienta o engenheiro da Cemig.<\/p>\n\n\n\n<p>Ainda de acordo com o especialista da companhia, instala\u00e7\u00f5es feitas de forma incorreta s\u00e3o um grande perigo para a popula\u00e7\u00e3o. Dessa forma, a fixa\u00e7\u00e3o dos enfeites deve ser feita de forma segura, de acordo com a especifica\u00e7\u00e3o t\u00e9cnica de cada equipamento e, principalmente, evitando-se as gambiarras.<\/p>\n\n\n\n<p>\u201cS\u00e3o consideradas gambiarras as instala\u00e7\u00f5es que utilizam diversos fios e adaptadores (benjamins ou \u2018Ts\u2019) para realizar a liga\u00e7\u00e3o de diversos enfeites em uma \u00fanica tomada. Esses dispositivos provocam sobrecarga e, consequentemente, o mau funcionamento dos aparelhos, podendo causar choque el\u00e9trico e princ\u00edpios de inc\u00eandio\u201d, ressalta. Demetrio Aguiar tamb\u00e9m destaca que os enfeites luminosos devem ser de boa proced\u00eancia e que obede\u00e7am a todos os requisitos t\u00e9cnicos de seguran\u00e7a.<\/p>\n\n\n\n<p>\u201cAs pessoas devem adquirir produtos com o selo INMETRO de qualidade. Dessa forma, eles ter\u00e3o a garantia de que os equipamentos foram testados e s\u00e3o seguros. Os produtos sem proced\u00eancia ou paralelos s\u00e3o um risco e podem causar inc\u00eandios ou choque el\u00e9trico e por isso s\u00e3o mais baratos. Por isso, n\u00e3o vale a pena a economia\u201d, alerta.<\/p>\n\n\n\n<p>Outra recomenda\u00e7\u00e3o que deve ser observada \u00e9 que os enfeites luminosos n\u00e3o podem ser muito antigos. Pelo fato de eles ficarem muito tempo guardados, o seu cabeamento pode apresentar problemas de desgaste no isolamento e provocar curto-circuito.<\/p>\n\n\n\n<p>Aten\u00e7\u00e3o com a rede de distribui\u00e7\u00e3o<br>Em caso de instala\u00e7\u00f5es em fachadas das resid\u00eancias, principalmente, aquelas com mais de um pavimento, deve-se observar uma dist\u00e2ncia m\u00ednima de um 1,5 metro em rela\u00e7\u00e3o \u00e0 rede el\u00e9trica. \u201cAl\u00e9m disso, os enfeites devem ficar bem afixados para n\u00e3o se desprenderem em caso de ventania e n\u00e3o se projetem sobre a fia\u00e7\u00e3o de rede el\u00e9trica, causando acidentes\u201d, refor\u00e7a.<\/p>\n\n\n\n<p>Para aqueles que pretendem enfeitar suas ruas, inclusive os respons\u00e1veis do poder p\u00fablico municipal, o especialista em seguran\u00e7a do trabalho alerta que \u00e9 proibido afixar qualquer enfeite em postes ou quaisquer estruturas da Cemig. Esses ornamentos precisam observar a dist\u00e2ncia m\u00ednima de 1,5 metro da rede el\u00e9trica, para que n\u00e3o possam ser projetados contra a fia\u00e7\u00e3o em caso de ventania.<\/p>\n\n\n\n<p>Enfeites podem&nbsp;causar acidentes graves<br>De acordo com a Abracopel, somente no ano passado em resid\u00eancias em todo Brasil, foram registradas 210 mortes provocadas por choques el\u00e9tricos. De acordo com a entidade, tais acidentes geralmente ocorrem pela energiza\u00e7\u00e3o acidental de equipamentos el\u00e9tricos com partes met\u00e1licas externas, envelhecimento e falta de manuten\u00e7\u00e3o adequada dos equipamentos, aus\u00eancia de aterramento el\u00e9trico adequado e\/ou a aus\u00eancia do dispositivo Diferencial Residual (DR) nas instala\u00e7\u00f5es conforme apontado pelas investiga\u00e7\u00f5es.<\/p>\n\n\n\n<p>Segundo a Abracopel, a maioria dos acidentes em ambientes residenciais s\u00e3o causados por eletrodom\u00e9sticos e eletroeletr\u00f4nicos, destacando-se as instala\u00e7\u00f5es em \u00e1reas externas \u00e0 resid\u00eancia. A combina\u00e7\u00e3o de eletricidade com \u00e1gua, que \u00e9 potencializada em fun\u00e7\u00e3o do per\u00edodo chuvoso, aumenta significativamente o risco de acidentes fatais devido a fugas de corrente.&nbsp; O estudo mostra que que extens\u00f5es, benjamins e tomadas foram respons\u00e1veis por 21 ocorr\u00eancias em todo o pa\u00eds, que provocaram 16 mortes.<\/p>\n\n\n\n<p>Al\u00e9m disso, a falha na isola\u00e7\u00e3o de condutores el\u00e9tricos, que tamb\u00e9m engloba situa\u00e7\u00f5es como o contato acidental com fios descobertos, instala\u00e7\u00f5es provis\u00f3rias (como o caso de enfeites natalinos) e utiliza\u00e7\u00e3o de \u201cgambiarras\u201d podem provocar acidentes.&nbsp;<\/p>\n","protected":false},"excerpt":{"rendered":"<p>Popula\u00e7\u00e3o deve redobrar aten\u00e7\u00e3o para evitar imprevistos envolvendo energia el\u00e9trica A \u00e9poca natalina \u00e9 uma das mais aguardadas pelas fam\u00edlias, que aproveitam a ocasi\u00e3o para enfeitar as fachadas, jardins e \u00e1rvores para celebrar o momento. Por isso, a Cemig destaca medidas de seguran\u00e7a para que sejam evitados os acidentes envolvendo choques el\u00e9tricos e curtos-circuitos, que [&hellip;]<\/p>\n","protected":false},"author":5,"featured_media":138272,"comment_status":"closed","ping_status":"open","sticky":false,"template":"","format":"standard","meta":{"advgb_blocks_editor_width":"","advgb_blocks_columns_visual_guide":"","_exactmetrics_skip_tracking":false,"_exactmetrics_sitenote_active":false,"_exactmetrics_sitenote_note":"","_exactmetrics_sitenote_category":0,"footnotes":""},"categories":[7,2],"tags":[],"class_list":["post-138271","post","type-post","status-publish","format-standard","has-post-thumbnail","hentry","category-destaques","category-noticias"],"better_featured_image":{"id":138272,"alt_text":"","caption":"","description":"","media_type":"image","media_details":{"width":650,"height":700,"file":"2024\/11\/18112024_arvore.jpg","filesize":119195,"sizes":{"medium":{"file":"18112024_arvore-279x300.jpg","width":279,"height":300,"mime-type":"image\/jpeg","filesize":18822,"source_url":"https:\/\/lavras.tv\/site\/wp-content\/uploads\/2024\/11\/18112024_arvore-279x300.jpg"},"thumbnail":{"file":"18112024_arvore-139x150.jpg","width":139,"height":150,"mime-type":"image\/jpeg","filesize":6449,"source_url":"https:\/\/lavras.tv\/site\/wp-content\/uploads\/2024\/11\/18112024_arvore-139x150.jpg"},"lshowcase-thumb":{"file":"18112024_arvore-186x200.jpg","width":186,"height":200,"mime-type":"image\/jpeg","filesize":9883,"source_url":"https:\/\/lavras.tv\/site\/wp-content\/uploads\/2024\/11\/18112024_arvore-186x200.jpg"},"alm-thumbnail":{"file":"18112024_arvore-150x150.jpg","width":150,"height":150,"mime-type":"image\/jpeg","filesize":6775,"source_url":"https:\/\/lavras.tv\/site\/wp-content\/uploads\/2024\/11\/18112024_arvore-150x150.jpg"}},"image_meta":{"aperture":"0","credit":"","camera":"","caption":"","created_timestamp":"0","copyright":"","focal_length":"0","iso":"0","shutter_speed":"0","title":"","orientation":"0","keywords":[]}},"post":138271,"source_url":"https:\/\/lavras.tv\/site\/wp-content\/uploads\/2024\/11\/18112024_arvore.jpg"},"author_meta":{"display_name":"Vinicius Bustamante","author_link":"https:\/\/lavras.tv\/site\/author\/vinicius-bustamante\/"},"featured_img":"https:\/\/lavras.tv\/site\/wp-content\/uploads\/2024\/11\/18112024_arvore-279x300.jpg","coauthors":[],"tax_additional":{"categories":{"linked":["<a href=\"https:\/\/lavras.tv\/site\/category\/destaques\/\" class=\"advgb-post-tax-term\">Destaques<\/a>","<a href=\"https:\/\/lavras.tv\/site\/category\/noticias\/\" class=\"advgb-post-tax-term\">Not\u00edcias<\/a>"],"unlinked":["<span class=\"advgb-post-tax-term\">Destaques<\/span>","<span class=\"advgb-post-tax-term\">Not\u00edcias<\/span>"]}},"comment_count":"0","relative_dates":{"created":"Publicado 1 ano atr\u00e1s","modified":"Atualizado 1 ano atr\u00e1s"},"absolute_dates":{"created":"Publicado em 19 de novembro de 2024","modified":"Atualizado em 19 de novembro de 2024"},"absolute_dates_time":{"created":"Publicado em 19 de novembro de 2024 18:59","modified":"Atualizado em 19 de novembro de 2024 18:59"},"featured_img_caption":"","series_order":"","_links":{"self":[{"href":"https:\/\/lavras.tv\/site\/wp-json\/wp\/v2\/posts\/138271","targetHints":{"allow":["GET"]}}],"collection":[{"href":"https:\/\/lavras.tv\/site\/wp-json\/wp\/v2\/posts"}],"about":[{"href":"https:\/\/lavras.tv\/site\/wp-json\/wp\/v2\/types\/post"}],"author":[{"embeddable":true,"href":"https:\/\/lavras.tv\/site\/wp-json\/wp\/v2\/users\/5"}],"replies":[{"embeddable":true,"href":"https:\/\/lavras.tv\/site\/wp-json\/wp\/v2\/comments?post=138271"}],"version-history":[{"count":1,"href":"https:\/\/lavras.tv\/site\/wp-json\/wp\/v2\/posts\/138271\/revisions"}],"predecessor-version":[{"id":138274,"href":"https:\/\/lavras.tv\/site\/wp-json\/wp\/v2\/posts\/138271\/revisions\/138274"}],"wp:featuredmedia":[{"embeddable":true,"href":"https:\/\/lavras.tv\/site\/wp-json\/wp\/v2\/media\/138272"}],"wp:attachment":[{"href":"https:\/\/lavras.tv\/site\/wp-json\/wp\/v2\/media?parent=138271"}],"wp:term":[{"taxonomy":"category","embeddable":true,"href":"https:\/\/lavras.tv\/site\/wp-json\/wp\/v2\/categories?post=138271"},{"taxonomy":"post_tag","embeddable":true,"href":"https:\/\/lavras.tv\/site\/wp-json\/wp\/v2\/tags?post=138271"}],"curies":[{"name":"wp","href":"https:\/\/api.w.org\/{rel}","templated":true}]}}