{"id":138275,"date":"2024-11-19T19:08:42","date_gmt":"2024-11-19T22:08:42","guid":{"rendered":"https:\/\/lavras.tv\/site\/?p=138275"},"modified":"2024-11-19T19:08:43","modified_gmt":"2024-11-19T22:08:43","slug":"estudantes-tem-ate-dois-dias-para-confirmar-matricula-nas-vagas-remanescentes-da-quinta-edicao-do-trilhas-de-futuro","status":"publish","type":"post","link":"https:\/\/lavras.tv\/site\/2024\/11\/19\/estudantes-tem-ate-dois-dias-para-confirmar-matricula-nas-vagas-remanescentes-da-quinta-edicao-do-trilhas-de-futuro\/","title":{"rendered":"Estudantes t\u00eam at\u00e9 dois dias para confirmar matr\u00edcula nas vagas remanescentes da quinta edi\u00e7\u00e3o do Trilhas de Futuro"},"content":{"rendered":"<div class=\"lavra-antes-do-conteudo_2\" id=\"lavra-2691235485\"><div id=\"lavra-slider-27\" class=\"custom-slider lavra-slider-3177722712 lavra-slider\"><ul><li><div style=\"margin-left: auto;margin-right: auto;text-align: center;\" id=\"lavra-801837499\"><a href=\"https:\/\/sistemas.lavras.mg.gov.br\/portalcidadao\/#df1b1a7c7b2a290bcb31e32771e610784662739a88807c0dacac58ede5f391a7530e299dc302d611ee73cb143fc22eaf93592e53e7b5bdb01b00a0b8d28dae460c141dd2ff83412e4dc1c31b16b25f33144a9e5620ea73b13f5bc1c59411d98439ad226e8af03840603796067d87afe130812cf3de24982d0e306f9e61e764e5\" aria-label=\"Lavras-TV&#8211;720x104px (1) (1)\"><img src=\"https:\/\/lavras.tv\/site\/wp-content\/uploads\/2025\/01\/Lavras-TV-720x104px-1-1.png\" alt=\"\"  srcset=\"https:\/\/lavras.tv\/site\/wp-content\/uploads\/2025\/01\/Lavras-TV-720x104px-1-1.png 720w, https:\/\/lavras.tv\/site\/wp-content\/uploads\/2025\/01\/Lavras-TV-720x104px-1-1-470x68.png 470w, https:\/\/lavras.tv\/site\/wp-content\/uploads\/2025\/01\/Lavras-TV-720x104px-1-1-170x25.png 170w, https:\/\/lavras.tv\/site\/wp-content\/uploads\/2025\/01\/Lavras-TV-720x104px-1-1-200x29.png 200w\" sizes=\"(max-width: 720px) 100vw, 720px\" width=\"720\" height=\"104\"  style=\"display: inline-block;\" \/><\/a><\/div><\/li><li><a href=\"https:\/\/sistemas.lavras.mg.gov.br\/portalcidadao\/#df1b1a7c7b2a290bcb31e32771e610784662739a88807c0dacac58ede5f391a7530e299dc302d611ee73cb143fc22eaf93592e53e7b5bdb01b00a0b8d28dae460c141dd2ff83412e4dc1c31b16b25f33144a9e5620ea73b13f5bc1c59411d98439ad226e8af03840603796067d87afe130812cf3de24982d0e306f9e61e764e5\" aria-label=\"Banner_Emprego_PortallavrasTV\"><img src=\"https:\/\/lavras.tv\/site\/wp-content\/uploads\/2025\/03\/Banner_Emprego_PortallavrasTV.png\" alt=\"\"  srcset=\"https:\/\/lavras.tv\/site\/wp-content\/uploads\/2025\/03\/Banner_Emprego_PortallavrasTV.png 720w, https:\/\/lavras.tv\/site\/wp-content\/uploads\/2025\/03\/Banner_Emprego_PortallavrasTV-470x68.png 470w, https:\/\/lavras.tv\/site\/wp-content\/uploads\/2025\/03\/Banner_Emprego_PortallavrasTV-170x25.png 170w, https:\/\/lavras.tv\/site\/wp-content\/uploads\/2025\/03\/Banner_Emprego_PortallavrasTV-200x29.png 200w\" sizes=\"(max-width: 720px) 100vw, 720px\" width=\"720\" height=\"104\"   \/><\/a><\/li><li><a href=\"https:\/\/sistemas.lavras.mg.gov.br\/portalcidadao\/#df1b1a7c7b2a290bcb31e32771e610784662739a88807c0dacac58ede5f391a7530e299dc302d611ee73cb143fc22eaf93592e53e7b5bdb01b00a0b8d28dae460c141dd2ff83412e4dc1c31b16b25f33144a9e5620ea73b13f5bc1c59411d98439ad226e8af03840603796067d87afe130812cf3de24982d0e306f9e61e764e5\" aria-label=\"Banner_Obras_PortallavrasTV\"><img src=\"https:\/\/lavras.tv\/site\/wp-content\/uploads\/2025\/03\/Banner_Obras_PortallavrasTV.png\" alt=\"\"  srcset=\"https:\/\/lavras.tv\/site\/wp-content\/uploads\/2025\/03\/Banner_Obras_PortallavrasTV.png 720w, https:\/\/lavras.tv\/site\/wp-content\/uploads\/2025\/03\/Banner_Obras_PortallavrasTV-470x68.png 470w, https:\/\/lavras.tv\/site\/wp-content\/uploads\/2025\/03\/Banner_Obras_PortallavrasTV-170x25.png 170w, https:\/\/lavras.tv\/site\/wp-content\/uploads\/2025\/03\/Banner_Obras_PortallavrasTV-200x29.png 200w\" sizes=\"(max-width: 720px) 100vw, 720px\" width=\"720\" height=\"104\"   \/><\/a><\/li><li><div style=\"margin-left: auto;margin-right: auto;text-align: center;\" id=\"lavra-2379724081\"><a href=\"https:\/\/sistemas.lavras.mg.gov.br\/portalcidadao\/#df1b1a7c7b2a290bcb31e32771e610784662739a88807c0dacac58ede5f391a7530e299dc302d611ee73cb143fc22eaf93592e53e7b5bdb01b00a0b8d28dae460c141dd2ff83412e4dc1c31b16b25f33144a9e5620ea73b13f5bc1c59411d98439ad226e8af03840603796067d87afe130812cf3de24982d0e306f9e61e764e5\" aria-label=\"Banner_Educa\u00e7\u00e3o_PortallavrasTV\"><img src=\"https:\/\/lavras.tv\/site\/wp-content\/uploads\/2025\/01\/Banner_Educacao_PortallavrasTV.png\" alt=\"\"  srcset=\"https:\/\/lavras.tv\/site\/wp-content\/uploads\/2025\/01\/Banner_Educacao_PortallavrasTV.png 720w, https:\/\/lavras.tv\/site\/wp-content\/uploads\/2025\/01\/Banner_Educacao_PortallavrasTV-470x68.png 470w, https:\/\/lavras.tv\/site\/wp-content\/uploads\/2025\/01\/Banner_Educacao_PortallavrasTV-170x25.png 170w, https:\/\/lavras.tv\/site\/wp-content\/uploads\/2025\/01\/Banner_Educacao_PortallavrasTV-200x29.png 200w\" sizes=\"(max-width: 720px) 100vw, 720px\" width=\"720\" height=\"104\"  style=\"display: inline-block;\" \/><\/a><\/div><\/li><li><a href=\"https:\/\/sistemas.lavras.mg.gov.br\/portalcidadao\/#df1b1a7c7b2a290bcb31e32771e610784662739a88807c0dacac58ede5f391a7530e299dc302d611ee73cb143fc22eaf93592e53e7b5bdb01b00a0b8d28dae460c141dd2ff83412e4dc1c31b16b25f33144a9e5620ea73b13f5bc1c59411d98439ad226e8af03840603796067d87afe130812cf3de24982d0e306f9e61e764e5\" aria-label=\"Banner_Sa\u00fade_PortallavrasTV\"><img src=\"https:\/\/lavras.tv\/site\/wp-content\/uploads\/2025\/03\/Banner_Saude_PortallavrasTV.png\" alt=\"\"  srcset=\"https:\/\/lavras.tv\/site\/wp-content\/uploads\/2025\/03\/Banner_Saude_PortallavrasTV.png 720w, https:\/\/lavras.tv\/site\/wp-content\/uploads\/2025\/03\/Banner_Saude_PortallavrasTV-470x68.png 470w, https:\/\/lavras.tv\/site\/wp-content\/uploads\/2025\/03\/Banner_Saude_PortallavrasTV-170x25.png 170w, https:\/\/lavras.tv\/site\/wp-content\/uploads\/2025\/03\/Banner_Saude_PortallavrasTV-200x29.png 200w\" sizes=\"(max-width: 720px) 100vw, 720px\" width=\"720\" height=\"104\"   \/><\/a><\/li><li><div id=\"lavra-3036434248\" style=\"width:720px;height:104px;background-color:#ddd;overflow:scroll;\">\n\t<strong>Sa\u00edda da depura\u00e7\u00e3o de an\u00fancios<\/strong>\n\t<br><br>\n\tO an\u00fancio n\u00e3o \u00e9 exibido na p\u00e1gina<br><br>post atual: Estudantes t\u00eam at\u00e9 dois dias para confirmar matr\u00edcula nas vagas remanescentes da quinta edi\u00e7\u00e3o do Trilhas de Futuro, ID: 138275<br><br><span style=\"color: red;\">O post atual n\u00e3o \u00e9 id\u00eantico ao post principal.<\/span><br><br>An\u00fancios: ROXO - TOPO INTERNA - ROTATIVO 2 (197)<br \/>Grupo de an\u00fancios: Princ_Meio01_720x104 (27)<br><br>Condi\u00e7\u00f5es de exibi\u00e7\u00e3o<div style=\"margin-bottom: 20px; white-space: pre-wrap; font-family: monospace; width: 100%; background: #ffe9e9;\"><strong>condi\u00e7\u00f5es gerais<\/strong><table border=\"1\"><thead><tr><th><\/th><th>An\u00fancios<\/th><th>wp_the_query<\/th><\/tr><\/thead><tr><td>is_main_query<\/td><td>1<\/td><td>1<\/td><\/tr><tr><td>is_rest_api<\/td><td>0<\/td><td>1<\/td><\/tr><tr><td>page<\/td><td>0<\/td><td>1<\/td><\/tr><tr><td>numpages<\/td><td>0<\/td><td>1<\/td><\/tr><tr><td>is_archive<\/td><td>1<\/td><td><\/td><\/tr><tr><td>is_search<\/td><td>1<\/td><td><\/td><\/tr><tr><td>is_home<\/td><td>1<\/td><td><\/td><\/tr><tr><td>is_404<\/td><td>1<\/td><td><\/td><\/tr><tr><td>is_attachment<\/td><td>1<\/td><td><\/td><\/tr><tr><td>is_singular<\/td><td>1<\/td><td><\/td><\/tr><tr><td>is_front_page<\/td><td>1<\/td><td><\/td><\/tr><tr><td>is_feed<\/td><td>1<\/td><td><\/td><\/tr><\/table><\/div><br><br><span style=\"color: red;\">Seu site usa HTTPS, mas o c\u00f3digo do an\u00fancio cont\u00e9m HTTP e pode n\u00e3o funcionar.<\/span>\t<br><br>\n\t<a style=\"color: green;\" href=\"https:\/\/wpadvancedads.com\/manual\/ad-debug-mode\/?utm_source=advanced-ads&utm_medium=link&utm_campaign=ad-debug-mode\" target=\"_blank\" rel=\"nofollow\">Encontre solu\u00e7\u00f5es no manual<\/a>\n<\/div>\n<\/li><\/ul><\/div><script>( window.advanced_ads_ready || jQuery( document ).ready ).call( null, function() {var $lavraslider3177722712 = jQuery( \".lavra-slider-3177722712\" );$lavraslider3177722712.on( \"unslider.ready\", function() { jQuery( \"div.custom-slider ul li\" ).css( \"display\", \"block\" ); });$lavraslider3177722712.unslider({ delay:4000, autoplay:true, nav:false, arrows:false, infinite:true });$lavraslider3177722712.on(\"mouseover\", function() {$lavraslider3177722712.unslider(\"stop\");}).on(\"mouseout\", function() {$lavraslider3177722712.unslider(\"start\");});});<\/script><\/div>\n<p><em>Prazo para inscri\u00e7\u00f5es nesta etapa termina na pr\u00f3xima sexta-feira (22\/11), e as vagas dispon\u00edveis s\u00e3o preenchidas em ordem cronol\u00f3gica<\/em><\/p>\n\n\n\n<figure class=\"wp-block-image size-large\"><img fetchpriority=\"high\" decoding=\"async\" width=\"970\" height=\"645\" src=\"https:\/\/lavras.tv\/site\/wp-content\/uploads\/2024\/11\/Estudantes-do-Trilhas-de-Futuro-no-Senai-Uberaba-Credito-Cristiano-Machado-1-scaled-1-970x645.jpg\" alt=\"\" class=\"wp-image-138276\" srcset=\"https:\/\/lavras.tv\/site\/wp-content\/uploads\/2024\/11\/Estudantes-do-Trilhas-de-Futuro-no-Senai-Uberaba-Credito-Cristiano-Machado-1-scaled-1-970x645.jpg 970w, https:\/\/lavras.tv\/site\/wp-content\/uploads\/2024\/11\/Estudantes-do-Trilhas-de-Futuro-no-Senai-Uberaba-Credito-Cristiano-Machado-1-scaled-1-451x300.jpg 451w, https:\/\/lavras.tv\/site\/wp-content\/uploads\/2024\/11\/Estudantes-do-Trilhas-de-Futuro-no-Senai-Uberaba-Credito-Cristiano-Machado-1-scaled-1-170x113.jpg 170w, https:\/\/lavras.tv\/site\/wp-content\/uploads\/2024\/11\/Estudantes-do-Trilhas-de-Futuro-no-Senai-Uberaba-Credito-Cristiano-Machado-1-scaled-1-200x133.jpg 200w, https:\/\/lavras.tv\/site\/wp-content\/uploads\/2024\/11\/Estudantes-do-Trilhas-de-Futuro-no-Senai-Uberaba-Credito-Cristiano-Machado-1-scaled-1-1536x1022.jpg 1536w, https:\/\/lavras.tv\/site\/wp-content\/uploads\/2024\/11\/Estudantes-do-Trilhas-de-Futuro-no-Senai-Uberaba-Credito-Cristiano-Machado-1-scaled-1-2048x1362.jpg 2048w\" sizes=\"(max-width: 970px) 100vw, 970px\" \/><\/figure>\n\n\n\n<p>Os estudantes que fizeram inscri\u00e7\u00f5es para as vagas remanescentes da quinta edi\u00e7\u00e3o do\u00a0<a href=\"https:\/\/www.trilhasdefuturo.mg.gov.br\/\" target=\"_blank\" rel=\"noreferrer noopener\">Trilhas de Futuro<\/a>\u00a0devem ficar atentos ao prazo para confirmar a matr\u00edcula. Ap\u00f3s a inscri\u00e7\u00e3o e confirma\u00e7\u00e3o da vaga no site\u00a0<a href=\"https:\/\/www.trilhasdefuturo.mg.gov.br\/\" target=\"_blank\" rel=\"noreferrer noopener\">www.trilhasdefuturo.mg.gov.br<\/a>, os candidatos t\u00eam um prazo de dois dias \u00fateis para comparecer presencialmente \u00e0 institui\u00e7\u00e3o escolhida e apresentar a documenta\u00e7\u00e3o exigida.<br><br>\u00c9 importante ressaltar que, durante o per\u00edodo das inscri\u00e7\u00f5es, que termina nesta sexta-feira (22\/11), as vagas dispon\u00edveis s\u00e3o preenchidas por ordem cronol\u00f3gica de inscri\u00e7\u00e3o. \u00c0 medida que as vagas s\u00e3o ocupadas, a op\u00e7\u00e3o pleiteada pode n\u00e3o estar mais dispon\u00edvel no momento da inscri\u00e7\u00e3o.<br><br>Os documentos necess\u00e1rios para efetivar a inscri\u00e7\u00e3o incluem a carteira de identidade ou certid\u00e3o de nascimento e o CPF. Para estudantes menores de idade, \u00e9 obrigat\u00f3ria a apresenta\u00e7\u00e3o dos pr\u00f3prios documentos, al\u00e9m de originais e c\u00f3pias da identidade e CPF de um dos pais ou respons\u00e1veis.<br><br>Nesta quinta edi\u00e7\u00e3o do projeto do\u00a0<a href=\"https:\/\/www.mg.gov.br\/\" target=\"_blank\" rel=\"noreferrer noopener\">Governo de Minas<\/a>, executado pela\u00a0<a href=\"https:\/\/www.educacao.mg.gov.br\/\" target=\"_blank\" rel=\"noreferrer noopener\">Secretaria de Estado de Educa\u00e7\u00e3o (SEE\/MG)<\/a>, mais de 50 mil vagas foram oferecidas em 130 munic\u00edpios, envolvendo 156 institui\u00e7\u00f5es de ensino t\u00e9cnico, com 78 cursos dispon\u00edveis para escolha.<br><br><strong>Vagas remanescentes<\/strong><br><br>Nesta segunda-feira (18\/11), o Trilhas de Futuro ainda possui vagas remanescentes dispon\u00edveis em 61 cursos, incluindo agroneg\u00f3cio, biocombust\u00edveis, edifica\u00e7\u00f5es, eletroeletr\u00f4nica, enfermagem, mec\u00e2nica, radiologia e veterin\u00e1ria, em 75 munic\u00edpios. A lista com os cursos com vagas remanescentes est\u00e1 dispon\u00edvel,\u00a0<a href=\"https:\/\/www.educacao.mg.gov.br\/wp-content\/uploads\/2024\/11\/cursos-trilhas-18-11-2024.pdf\" target=\"_blank\" rel=\"noreferrer noopener\">neste link<\/a>.<br><br>Os candidatos que atenderem aos crit\u00e9rios estabelecidos na\u00a0<a href=\"https:\/\/www.trilhasdefuturo.mg.gov.br\/wp-content\/uploads\/2024\/07\/Trilhas-5-Resolucao-do-Processo-Seletivo-Novo.pdf\" target=\"_blank\" rel=\"noreferrer noopener\">Resolu\u00e7\u00e3o SEE n\u00ba 5047\/2024<\/a>\u00a0t\u00eam a oportunidade de se inscrever nas vagas ainda dispon\u00edveis.<br><br><strong>Sobre o Trilhas de Futuro<\/strong><br><br>Lan\u00e7ado em 2021, o Trilhas de Futuro \u00e9 um programa que oferece cursos t\u00e9cnicos gratuitos para estudantes do ensino m\u00e9dio e egressos, em institui\u00e7\u00f5es p\u00fablicas e privadas credenciadas. O processo de sele\u00e7\u00e3o \u00e9 baseado em crit\u00e9rios de escolaridade e na rede de ensino do candidato.<br><br>Desde sua cria\u00e7\u00e3o, o projeto j\u00e1 formou quase 60 mil profissionais e atualmente conta com mais de 77 mil estudantes em forma\u00e7\u00e3o. O programa j\u00e1 atraiu mais de 1,2 milh\u00e3o de inscritos, consolidando-se como uma das principais iniciativas de qualifica\u00e7\u00e3o profissional em Minas Gerais.<\/p>\n","protected":false},"excerpt":{"rendered":"<p>Prazo para inscri\u00e7\u00f5es nesta etapa termina na pr\u00f3xima sexta-feira (22\/11), e as vagas dispon\u00edveis s\u00e3o preenchidas em ordem cronol\u00f3gica Os estudantes que fizeram inscri\u00e7\u00f5es para as vagas remanescentes da quinta edi\u00e7\u00e3o do\u00a0Trilhas de Futuro\u00a0devem ficar atentos ao prazo para confirmar a matr\u00edcula. Ap\u00f3s a inscri\u00e7\u00e3o e confirma\u00e7\u00e3o da vaga no site\u00a0www.trilhasdefuturo.mg.gov.br, os candidatos t\u00eam um [&hellip;]<\/p>\n","protected":false},"author":5,"featured_media":138276,"comment_status":"closed","ping_status":"open","sticky":false,"template":"","format":"standard","meta":{"advgb_blocks_editor_width":"","advgb_blocks_columns_visual_guide":"","_exactmetrics_skip_tracking":false,"_exactmetrics_sitenote_active":false,"_exactmetrics_sitenote_note":"","_exactmetrics_sitenote_category":0,"footnotes":""},"categories":[7,2],"tags":[],"class_list":["post-138275","post","type-post","status-publish","format-standard","has-post-thumbnail","hentry","category-destaques","category-noticias"],"better_featured_image":{"id":138276,"alt_text":"","caption":"","description":"","media_type":"image","media_details":{"width":2560,"height":1703,"file":"2024\/11\/Estudantes-do-Trilhas-de-Futuro-no-Senai-Uberaba-Credito-Cristiano-Machado-1-scaled-1.jpg","filesize":743768,"sizes":{"medium":{"file":"Estudantes-do-Trilhas-de-Futuro-no-Senai-Uberaba-Credito-Cristiano-Machado-1-scaled-1-451x300.jpg","width":451,"height":300,"mime-type":"image\/jpeg","filesize":30608,"source_url":"https:\/\/lavras.tv\/site\/wp-content\/uploads\/2024\/11\/Estudantes-do-Trilhas-de-Futuro-no-Senai-Uberaba-Credito-Cristiano-Machado-1-scaled-1-451x300.jpg"},"large":{"file":"Estudantes-do-Trilhas-de-Futuro-no-Senai-Uberaba-Credito-Cristiano-Machado-1-scaled-1-970x645.jpg","width":970,"height":645,"mime-type":"image\/jpeg","filesize":109440,"source_url":"https:\/\/lavras.tv\/site\/wp-content\/uploads\/2024\/11\/Estudantes-do-Trilhas-de-Futuro-no-Senai-Uberaba-Credito-Cristiano-Machado-1-scaled-1-970x645.jpg"},"thumbnail":{"file":"Estudantes-do-Trilhas-de-Futuro-no-Senai-Uberaba-Credito-Cristiano-Machado-1-scaled-1-170x113.jpg","width":170,"height":113,"mime-type":"image\/jpeg","filesize":6332,"source_url":"https:\/\/lavras.tv\/site\/wp-content\/uploads\/2024\/11\/Estudantes-do-Trilhas-de-Futuro-no-Senai-Uberaba-Credito-Cristiano-Machado-1-scaled-1-170x113.jpg"},"lshowcase-thumb":{"file":"Estudantes-do-Trilhas-de-Futuro-no-Senai-Uberaba-Credito-Cristiano-Machado-1-scaled-1-200x133.jpg","width":200,"height":133,"mime-type":"image\/jpeg","filesize":8066,"source_url":"https:\/\/lavras.tv\/site\/wp-content\/uploads\/2024\/11\/Estudantes-do-Trilhas-de-Futuro-no-Senai-Uberaba-Credito-Cristiano-Machado-1-scaled-1-200x133.jpg"},"1536x1536":{"file":"Estudantes-do-Trilhas-de-Futuro-no-Senai-Uberaba-Credito-Cristiano-Machado-1-scaled-1-1536x1022.jpg","width":1536,"height":1022,"mime-type":"image\/jpeg","filesize":244277,"source_url":"https:\/\/lavras.tv\/site\/wp-content\/uploads\/2024\/11\/Estudantes-do-Trilhas-de-Futuro-no-Senai-Uberaba-Credito-Cristiano-Machado-1-scaled-1-1536x1022.jpg"},"2048x2048":{"file":"Estudantes-do-Trilhas-de-Futuro-no-Senai-Uberaba-Credito-Cristiano-Machado-1-scaled-1-2048x1362.jpg","width":2048,"height":1362,"mime-type":"image\/jpeg","filesize":415224,"source_url":"https:\/\/lavras.tv\/site\/wp-content\/uploads\/2024\/11\/Estudantes-do-Trilhas-de-Futuro-no-Senai-Uberaba-Credito-Cristiano-Machado-1-scaled-1-2048x1362.jpg"},"alm-thumbnail":{"file":"Estudantes-do-Trilhas-de-Futuro-no-Senai-Uberaba-Credito-Cristiano-Machado-1-scaled-1-150x150.jpg","width":150,"height":150,"mime-type":"image\/jpeg","filesize":7040,"source_url":"https:\/\/lavras.tv\/site\/wp-content\/uploads\/2024\/11\/Estudantes-do-Trilhas-de-Futuro-no-Senai-Uberaba-Credito-Cristiano-Machado-1-scaled-1-150x150.jpg"}},"image_meta":{"aperture":"0","credit":"","camera":"","caption":"","created_timestamp":"0","copyright":"","focal_length":"0","iso":"0","shutter_speed":"0","title":"","orientation":"0","keywords":[]}},"post":138275,"source_url":"https:\/\/lavras.tv\/site\/wp-content\/uploads\/2024\/11\/Estudantes-do-Trilhas-de-Futuro-no-Senai-Uberaba-Credito-Cristiano-Machado-1-scaled-1.jpg"},"author_meta":{"display_name":"Vinicius Bustamante","author_link":"https:\/\/lavras.tv\/site\/author\/vinicius-bustamante\/"},"featured_img":"https:\/\/lavras.tv\/site\/wp-content\/uploads\/2024\/11\/Estudantes-do-Trilhas-de-Futuro-no-Senai-Uberaba-Credito-Cristiano-Machado-1-scaled-1-451x300.jpg","coauthors":[],"tax_additional":{"categories":{"linked":["<a href=\"https:\/\/lavras.tv\/site\/category\/destaques\/\" class=\"advgb-post-tax-term\">Destaques<\/a>","<a href=\"https:\/\/lavras.tv\/site\/category\/noticias\/\" class=\"advgb-post-tax-term\">Not\u00edcias<\/a>"],"unlinked":["<span class=\"advgb-post-tax-term\">Destaques<\/span>","<span class=\"advgb-post-tax-term\">Not\u00edcias<\/span>"]}},"comment_count":"0","relative_dates":{"created":"Publicado 1 ano atr\u00e1s","modified":"Atualizado 1 ano atr\u00e1s"},"absolute_dates":{"created":"Publicado em 19 de novembro de 2024","modified":"Atualizado em 19 de novembro de 2024"},"absolute_dates_time":{"created":"Publicado em 19 de novembro de 2024 19:08","modified":"Atualizado em 19 de novembro de 2024 19:08"},"featured_img_caption":"","series_order":"","_links":{"self":[{"href":"https:\/\/lavras.tv\/site\/wp-json\/wp\/v2\/posts\/138275","targetHints":{"allow":["GET"]}}],"collection":[{"href":"https:\/\/lavras.tv\/site\/wp-json\/wp\/v2\/posts"}],"about":[{"href":"https:\/\/lavras.tv\/site\/wp-json\/wp\/v2\/types\/post"}],"author":[{"embeddable":true,"href":"https:\/\/lavras.tv\/site\/wp-json\/wp\/v2\/users\/5"}],"replies":[{"embeddable":true,"href":"https:\/\/lavras.tv\/site\/wp-json\/wp\/v2\/comments?post=138275"}],"version-history":[{"count":1,"href":"https:\/\/lavras.tv\/site\/wp-json\/wp\/v2\/posts\/138275\/revisions"}],"predecessor-version":[{"id":138277,"href":"https:\/\/lavras.tv\/site\/wp-json\/wp\/v2\/posts\/138275\/revisions\/138277"}],"wp:featuredmedia":[{"embeddable":true,"href":"https:\/\/lavras.tv\/site\/wp-json\/wp\/v2\/media\/138276"}],"wp:attachment":[{"href":"https:\/\/lavras.tv\/site\/wp-json\/wp\/v2\/media?parent=138275"}],"wp:term":[{"taxonomy":"category","embeddable":true,"href":"https:\/\/lavras.tv\/site\/wp-json\/wp\/v2\/categories?post=138275"},{"taxonomy":"post_tag","embeddable":true,"href":"https:\/\/lavras.tv\/site\/wp-json\/wp\/v2\/tags?post=138275"}],"curies":[{"name":"wp","href":"https:\/\/api.w.org\/{rel}","templated":true}]}}