{"id":138278,"date":"2024-11-19T19:12:24","date_gmt":"2024-11-19T22:12:24","guid":{"rendered":"https:\/\/lavras.tv\/site\/?p=138278"},"modified":"2024-11-19T19:12:25","modified_gmt":"2024-11-19T22:12:25","slug":"trabalho-do-governo-de-minas-e-forcas-de-seguranca-garante-prisao-de-suspeito-de-arremessar-bomba-dentro-de-estadio-em-bh","status":"publish","type":"post","link":"https:\/\/lavras.tv\/site\/2024\/11\/19\/trabalho-do-governo-de-minas-e-forcas-de-seguranca-garante-prisao-de-suspeito-de-arremessar-bomba-dentro-de-estadio-em-bh\/","title":{"rendered":"Trabalho do Governo de Minas e For\u00e7as de Seguran\u00e7a garante pris\u00e3o de suspeito de arremessar bomba dentro de est\u00e1dio em BH"},"content":{"rendered":"<div class=\"lavra-antes-do-conteudo_2\" id=\"lavra-562263713\"><div id=\"lavra-slider-27\" class=\"custom-slider lavra-slider-3364034172 lavra-slider\"><ul><li><div style=\"margin-left: auto;margin-right: auto;text-align: center;\" id=\"lavra-1214327023\"><a href=\"https:\/\/sistemas.lavras.mg.gov.br\/portalcidadao\/#df1b1a7c7b2a290bcb31e32771e610784662739a88807c0dacac58ede5f391a7530e299dc302d611ee73cb143fc22eaf93592e53e7b5bdb01b00a0b8d28dae460c141dd2ff83412e4dc1c31b16b25f33144a9e5620ea73b13f5bc1c59411d98439ad226e8af03840603796067d87afe130812cf3de24982d0e306f9e61e764e5\" aria-label=\"Lavras-TV&#8211;720x104px (1) (1)\"><img src=\"https:\/\/lavras.tv\/site\/wp-content\/uploads\/2025\/01\/Lavras-TV-720x104px-1-1.png\" alt=\"\"  srcset=\"https:\/\/lavras.tv\/site\/wp-content\/uploads\/2025\/01\/Lavras-TV-720x104px-1-1.png 720w, https:\/\/lavras.tv\/site\/wp-content\/uploads\/2025\/01\/Lavras-TV-720x104px-1-1-470x68.png 470w, https:\/\/lavras.tv\/site\/wp-content\/uploads\/2025\/01\/Lavras-TV-720x104px-1-1-170x25.png 170w, https:\/\/lavras.tv\/site\/wp-content\/uploads\/2025\/01\/Lavras-TV-720x104px-1-1-200x29.png 200w\" sizes=\"(max-width: 720px) 100vw, 720px\" width=\"720\" height=\"104\"  style=\"display: inline-block;\" \/><\/a><\/div><\/li><li><a href=\"https:\/\/sistemas.lavras.mg.gov.br\/portalcidadao\/#df1b1a7c7b2a290bcb31e32771e610784662739a88807c0dacac58ede5f391a7530e299dc302d611ee73cb143fc22eaf93592e53e7b5bdb01b00a0b8d28dae460c141dd2ff83412e4dc1c31b16b25f33144a9e5620ea73b13f5bc1c59411d98439ad226e8af03840603796067d87afe130812cf3de24982d0e306f9e61e764e5\" aria-label=\"Banner_Emprego_PortallavrasTV\"><img src=\"https:\/\/lavras.tv\/site\/wp-content\/uploads\/2025\/03\/Banner_Emprego_PortallavrasTV.png\" alt=\"\"  srcset=\"https:\/\/lavras.tv\/site\/wp-content\/uploads\/2025\/03\/Banner_Emprego_PortallavrasTV.png 720w, https:\/\/lavras.tv\/site\/wp-content\/uploads\/2025\/03\/Banner_Emprego_PortallavrasTV-470x68.png 470w, https:\/\/lavras.tv\/site\/wp-content\/uploads\/2025\/03\/Banner_Emprego_PortallavrasTV-170x25.png 170w, https:\/\/lavras.tv\/site\/wp-content\/uploads\/2025\/03\/Banner_Emprego_PortallavrasTV-200x29.png 200w\" sizes=\"(max-width: 720px) 100vw, 720px\" width=\"720\" height=\"104\"   \/><\/a><\/li><li><a href=\"https:\/\/sistemas.lavras.mg.gov.br\/portalcidadao\/#df1b1a7c7b2a290bcb31e32771e610784662739a88807c0dacac58ede5f391a7530e299dc302d611ee73cb143fc22eaf93592e53e7b5bdb01b00a0b8d28dae460c141dd2ff83412e4dc1c31b16b25f33144a9e5620ea73b13f5bc1c59411d98439ad226e8af03840603796067d87afe130812cf3de24982d0e306f9e61e764e5\" aria-label=\"Banner_Obras_PortallavrasTV\"><img src=\"https:\/\/lavras.tv\/site\/wp-content\/uploads\/2025\/03\/Banner_Obras_PortallavrasTV.png\" alt=\"\"  srcset=\"https:\/\/lavras.tv\/site\/wp-content\/uploads\/2025\/03\/Banner_Obras_PortallavrasTV.png 720w, https:\/\/lavras.tv\/site\/wp-content\/uploads\/2025\/03\/Banner_Obras_PortallavrasTV-470x68.png 470w, https:\/\/lavras.tv\/site\/wp-content\/uploads\/2025\/03\/Banner_Obras_PortallavrasTV-170x25.png 170w, https:\/\/lavras.tv\/site\/wp-content\/uploads\/2025\/03\/Banner_Obras_PortallavrasTV-200x29.png 200w\" sizes=\"(max-width: 720px) 100vw, 720px\" width=\"720\" height=\"104\"   \/><\/a><\/li><li><div style=\"margin-left: auto;margin-right: auto;text-align: center;\" id=\"lavra-3770691736\"><a href=\"https:\/\/sistemas.lavras.mg.gov.br\/portalcidadao\/#df1b1a7c7b2a290bcb31e32771e610784662739a88807c0dacac58ede5f391a7530e299dc302d611ee73cb143fc22eaf93592e53e7b5bdb01b00a0b8d28dae460c141dd2ff83412e4dc1c31b16b25f33144a9e5620ea73b13f5bc1c59411d98439ad226e8af03840603796067d87afe130812cf3de24982d0e306f9e61e764e5\" aria-label=\"Banner_Educa\u00e7\u00e3o_PortallavrasTV\"><img src=\"https:\/\/lavras.tv\/site\/wp-content\/uploads\/2025\/01\/Banner_Educacao_PortallavrasTV.png\" alt=\"\"  srcset=\"https:\/\/lavras.tv\/site\/wp-content\/uploads\/2025\/01\/Banner_Educacao_PortallavrasTV.png 720w, https:\/\/lavras.tv\/site\/wp-content\/uploads\/2025\/01\/Banner_Educacao_PortallavrasTV-470x68.png 470w, https:\/\/lavras.tv\/site\/wp-content\/uploads\/2025\/01\/Banner_Educacao_PortallavrasTV-170x25.png 170w, https:\/\/lavras.tv\/site\/wp-content\/uploads\/2025\/01\/Banner_Educacao_PortallavrasTV-200x29.png 200w\" sizes=\"(max-width: 720px) 100vw, 720px\" width=\"720\" height=\"104\"  style=\"display: inline-block;\" \/><\/a><\/div><\/li><li><a href=\"https:\/\/sistemas.lavras.mg.gov.br\/portalcidadao\/#df1b1a7c7b2a290bcb31e32771e610784662739a88807c0dacac58ede5f391a7530e299dc302d611ee73cb143fc22eaf93592e53e7b5bdb01b00a0b8d28dae460c141dd2ff83412e4dc1c31b16b25f33144a9e5620ea73b13f5bc1c59411d98439ad226e8af03840603796067d87afe130812cf3de24982d0e306f9e61e764e5\" aria-label=\"Banner_Sa\u00fade_PortallavrasTV\"><img src=\"https:\/\/lavras.tv\/site\/wp-content\/uploads\/2025\/03\/Banner_Saude_PortallavrasTV.png\" alt=\"\"  srcset=\"https:\/\/lavras.tv\/site\/wp-content\/uploads\/2025\/03\/Banner_Saude_PortallavrasTV.png 720w, https:\/\/lavras.tv\/site\/wp-content\/uploads\/2025\/03\/Banner_Saude_PortallavrasTV-470x68.png 470w, https:\/\/lavras.tv\/site\/wp-content\/uploads\/2025\/03\/Banner_Saude_PortallavrasTV-170x25.png 170w, https:\/\/lavras.tv\/site\/wp-content\/uploads\/2025\/03\/Banner_Saude_PortallavrasTV-200x29.png 200w\" sizes=\"(max-width: 720px) 100vw, 720px\" width=\"720\" height=\"104\"   \/><\/a><\/li><li><div id=\"lavra-1355708036\" style=\"width:720px;height:104px;background-color:#ddd;overflow:scroll;\">\n\t<strong>Sa\u00edda da depura\u00e7\u00e3o de an\u00fancios<\/strong>\n\t<br><br>\n\tO an\u00fancio n\u00e3o \u00e9 exibido na p\u00e1gina<br><br>post atual: Trabalho do Governo de Minas e For\u00e7as de Seguran\u00e7a garante pris\u00e3o de suspeito de arremessar bomba dentro de est\u00e1dio em BH, ID: 138278<br><br><span style=\"color: red;\">O post atual n\u00e3o \u00e9 id\u00eantico ao post principal.<\/span><br><br>An\u00fancios: ROXO - TOPO INTERNA - ROTATIVO 2 (197)<br \/>Grupo de an\u00fancios: Princ_Meio01_720x104 (27)<br><br>Condi\u00e7\u00f5es de exibi\u00e7\u00e3o<div style=\"margin-bottom: 20px; white-space: pre-wrap; font-family: monospace; width: 100%; background: #ffe9e9;\"><strong>condi\u00e7\u00f5es gerais<\/strong><table border=\"1\"><thead><tr><th><\/th><th>An\u00fancios<\/th><th>wp_the_query<\/th><\/tr><\/thead><tr><td>is_main_query<\/td><td>1<\/td><td>1<\/td><\/tr><tr><td>is_rest_api<\/td><td>0<\/td><td>1<\/td><\/tr><tr><td>page<\/td><td>0<\/td><td>1<\/td><\/tr><tr><td>numpages<\/td><td>0<\/td><td>1<\/td><\/tr><tr><td>is_archive<\/td><td>1<\/td><td><\/td><\/tr><tr><td>is_search<\/td><td>1<\/td><td><\/td><\/tr><tr><td>is_home<\/td><td>1<\/td><td><\/td><\/tr><tr><td>is_404<\/td><td>1<\/td><td><\/td><\/tr><tr><td>is_attachment<\/td><td>1<\/td><td><\/td><\/tr><tr><td>is_singular<\/td><td>1<\/td><td><\/td><\/tr><tr><td>is_front_page<\/td><td>1<\/td><td><\/td><\/tr><tr><td>is_feed<\/td><td>1<\/td><td><\/td><\/tr><\/table><\/div><br><br><span style=\"color: red;\">Seu site usa HTTPS, mas o c\u00f3digo do an\u00fancio cont\u00e9m HTTP e pode n\u00e3o funcionar.<\/span>\t<br><br>\n\t<a style=\"color: green;\" href=\"https:\/\/wpadvancedads.com\/manual\/ad-debug-mode\/?utm_source=advanced-ads&utm_medium=link&utm_campaign=ad-debug-mode\" target=\"_blank\" rel=\"nofollow\">Encontre solu\u00e7\u00f5es no manual<\/a>\n<\/div>\n<\/li><\/ul><\/div><script>( window.advanced_ads_ready || jQuery( document ).ready ).call( null, function() {var $lavraslider3364034172 = jQuery( \".lavra-slider-3364034172\" );$lavraslider3364034172.on( \"unslider.ready\", function() { jQuery( \"div.custom-slider ul li\" ).css( \"display\", \"block\" ); });$lavraslider3364034172.unslider({ delay:4000, autoplay:true, nav:false, arrows:false, infinite:true });$lavraslider3364034172.on(\"mouseover\", function() {$lavraslider3364034172.unslider(\"stop\");}).on(\"mouseout\", function() {$lavraslider3364034172.unslider(\"start\");});});<\/script><\/div>\n<p><em>Desde o ocorrido na Arena MRV em 10\/11, seis pessoas j\u00e1 foram detidas; \u00a0investiga\u00e7\u00f5es continuam para localiza\u00e7\u00e3o de outros envolvidos<\/em><\/p>\n\n\n\n<figure class=\"wp-block-image size-large\"><img fetchpriority=\"high\" decoding=\"async\" width=\"970\" height=\"522\" src=\"https:\/\/lavras.tv\/site\/wp-content\/uploads\/2024\/11\/MG_0176-970x522.jpg\" alt=\"\" class=\"wp-image-138279\" srcset=\"https:\/\/lavras.tv\/site\/wp-content\/uploads\/2024\/11\/MG_0176-970x522.jpg 970w, https:\/\/lavras.tv\/site\/wp-content\/uploads\/2024\/11\/MG_0176-470x253.jpg 470w, https:\/\/lavras.tv\/site\/wp-content\/uploads\/2024\/11\/MG_0176-170x91.jpg 170w, https:\/\/lavras.tv\/site\/wp-content\/uploads\/2024\/11\/MG_0176-200x108.jpg 200w, https:\/\/lavras.tv\/site\/wp-content\/uploads\/2024\/11\/MG_0176-1536x826.jpg 1536w, https:\/\/lavras.tv\/site\/wp-content\/uploads\/2024\/11\/MG_0176-2048x1102.jpg 2048w\" sizes=\"(max-width: 970px) 100vw, 970px\" \/><\/figure>\n\n\n\n<p>O&nbsp;<a href=\"https:\/\/www.mg.gov.br\/\" target=\"_blank\" rel=\"noreferrer noopener\">Governo de Minas<\/a>&nbsp;e as For\u00e7as de Seguran\u00e7a do Estado atualizaram, nesta segunda-feira (18\/11), informa\u00e7\u00f5es sobre as investiga\u00e7\u00f5es dos atos de viol\u00eancia registrados na partida entre Atl\u00e9tico-MG e Flamengo pela final da Copa do Brasil, em 10\/11, disputada em Belo Horizonte.<br><br>Em coletiva de imprensa realizada na sede do Departamento Estadual de Homic\u00eddios e de Prote\u00e7\u00e3o \u00e0 Pessoa (DHPP), na regi\u00e3o Noroeste da capital, o vice-governador Professor Mateus falou sobre a pris\u00e3o, efetuada pela&nbsp;<a href=\"https:\/\/www.policiacivil.mg.gov.br\/\" target=\"_blank\" rel=\"noreferrer noopener\">Pol\u00edcia Civil de Minas Gerais (PCMG)<\/a>, do homem de 24 anos suspeito de ter arremessado a bomba que atingiu o fotojornalista Nuremberg Jos\u00e9 Maria.<\/p>\n\n\n\n<p><strong>&#8220;Tivemos mais de 300 c\u00e2meras internas e n\u00f3s identificamos a cena exata do arremesso. Com&nbsp;isso, conseguimos ver todo o trajeto do agressor. Na sexta-feira (15\/11), identificamos definitivamente quem era a pessoa e, no domingo (17\/11) efetuamos a pris\u00e3o tempor\u00e1ria. Ele estava sendo monitorado 24 horas. N\u00f3s assumimos esse compromisso com a popula\u00e7\u00e3o. Aqui, n\u00e3o toleramos nenhum tipo de viol\u00eancia que coloque o nosso povo em risco&#8221;, afirmou Professor Mateus.<\/strong><strong><\/strong><\/p>\n\n\n\n<p><br>O vice-governador tamb\u00e9m destacou a atua\u00e7\u00e3o&nbsp;da&nbsp;<a href=\"https:\/\/www.policiamilitar.mg.gov.br\/\" target=\"_blank\" rel=\"noreferrer noopener\">Pol\u00edcia Militar de Minas Gerais (PMMG<\/a>), que conseguiu evitar o agravamento da situa\u00e7\u00e3o no local, e ressaltou que os trabalhos de investiga\u00e7\u00e3o n\u00e3o v\u00e3o parar.<br><br>\u201cContinuo a dizer que o trabalho da nossa Pol\u00edcia Militar foi incr\u00edvel. Vale lembrar que n\u00f3s n\u00e3o podemos fazer parte da seguran\u00e7a do est\u00e1dio. A gente s\u00f3 atua se nos acionarem &#8211;&nbsp;e foi o que aconteceu\u201d, disse.<br><br>\u201cFoi um trabalho incans\u00e1vel, mas que n\u00e3o terminou. A investiga\u00e7\u00e3o vai continuar at\u00e9 encontramos outras pessoas que participaram da baderna\u201d, completou Professor Mateus.<br><br>O autor do arremesso da bomba pode responder por homic\u00eddio tentado.<br><br>Est\u00e3o sendo analisadas imagens das 351 c\u00e2meras de propriedade da Arena MRV e das seis c\u00e2meras da carreta do Centro Integrado de Comando e Controle (CICC), que monitorou a movimenta\u00e7\u00e3o de torcedores no exterior do est\u00e1dio, no domingo, ao longo de seis horas.<br><br><strong>Compromisso com a seguran\u00e7a<\/strong><br><br>Desde o fim de semana do jogo, a Pol\u00edcia Militar e Pol\u00edcia Civil de Minas Gerais trabalham incansavelmente em conjunto e, at\u00e9 o momento, seis pessoas est\u00e3o presas e 25 foram conduzidas. Entre os detidos est\u00e3o suspeitos que n\u00e3o estavam na Arena MRV em 10\/11. Isso porque tamb\u00e9m s\u00e3o investigadas ocorr\u00eancias do dia anterior e ap\u00f3s a partida.<br><br>Ainda na coletiva, Professor Mateus voltou a enfatizar&nbsp;o planejamento de seguran\u00e7a em jogos considerados grandes para o ano que vem. A ideia \u00e9 que a PMMG assuma a seguran\u00e7a dentro dos est\u00e1dios em algumas partidas, em caso de grandes p\u00fablicos e\/ou torcidas com hist\u00f3rico de rivalidade.<br><br>Com essa medida entrando em vigor, o Batalh\u00e3o de Choque da Pol\u00edcia Militar ser\u00e1 o respons\u00e1vel por garantir a seguran\u00e7a dos torcedores, com apoio da Cavalaria e do Policiamento Ostensivo com C\u00e3es.<br><br>\u201cQuero dizer para a popula\u00e7\u00e3o mineira que podem ir aos jogos que n\u00f3s vamos trabalhar muito para garantir a seguran\u00e7a. E, para quem cometer algum crime dentro do est\u00e1dio, que saiba: voc\u00ea ser\u00e1 identificado e preso. N\u00e3o vamos tolerar&nbsp;e estamos cada vez mais preparados para garantir que o autor ser\u00e1 preso\u201d, concluiu o vice-governador.<\/p>\n","protected":false},"excerpt":{"rendered":"<p>Desde o ocorrido na Arena MRV em 10\/11, seis pessoas j\u00e1 foram detidas; \u00a0investiga\u00e7\u00f5es continuam para localiza\u00e7\u00e3o de outros envolvidos O&nbsp;Governo de Minas&nbsp;e as For\u00e7as de Seguran\u00e7a do Estado atualizaram, nesta segunda-feira (18\/11), informa\u00e7\u00f5es sobre as investiga\u00e7\u00f5es dos atos de viol\u00eancia registrados na partida entre Atl\u00e9tico-MG e Flamengo pela final da Copa do Brasil, em [&hellip;]<\/p>\n","protected":false},"author":5,"featured_media":138279,"comment_status":"closed","ping_status":"open","sticky":false,"template":"","format":"standard","meta":{"advgb_blocks_editor_width":"","advgb_blocks_columns_visual_guide":"","_exactmetrics_skip_tracking":false,"_exactmetrics_sitenote_active":false,"_exactmetrics_sitenote_note":"","_exactmetrics_sitenote_category":0,"footnotes":""},"categories":[7,2],"tags":[],"class_list":["post-138278","post","type-post","status-publish","format-standard","has-post-thumbnail","hentry","category-destaques","category-noticias"],"better_featured_image":{"id":138279,"alt_text":"","caption":"","description":"","media_type":"image","media_details":{"width":2400,"height":1291,"file":"2024\/11\/MG_0176.jpg","filesize":1115168,"sizes":{"medium":{"file":"MG_0176-470x253.jpg","width":470,"height":253,"mime-type":"image\/jpeg","filesize":48190,"source_url":"https:\/\/lavras.tv\/site\/wp-content\/uploads\/2024\/11\/MG_0176-470x253.jpg"},"large":{"file":"MG_0176-970x522.jpg","width":970,"height":522,"mime-type":"image\/jpeg","filesize":121083,"source_url":"https:\/\/lavras.tv\/site\/wp-content\/uploads\/2024\/11\/MG_0176-970x522.jpg"},"thumbnail":{"file":"MG_0176-170x91.jpg","width":170,"height":91,"mime-type":"image\/jpeg","filesize":21439,"source_url":"https:\/\/lavras.tv\/site\/wp-content\/uploads\/2024\/11\/MG_0176-170x91.jpg"},"lshowcase-thumb":{"file":"MG_0176-200x108.jpg","width":200,"height":108,"mime-type":"image\/jpeg","filesize":23189,"source_url":"https:\/\/lavras.tv\/site\/wp-content\/uploads\/2024\/11\/MG_0176-200x108.jpg"},"1536x1536":{"file":"MG_0176-1536x826.jpg","width":1536,"height":826,"mime-type":"image\/jpeg","filesize":239441,"source_url":"https:\/\/lavras.tv\/site\/wp-content\/uploads\/2024\/11\/MG_0176-1536x826.jpg"},"2048x2048":{"file":"MG_0176-2048x1102.jpg","width":2048,"height":1102,"mime-type":"image\/jpeg","filesize":383887,"source_url":"https:\/\/lavras.tv\/site\/wp-content\/uploads\/2024\/11\/MG_0176-2048x1102.jpg"},"alm-thumbnail":{"file":"MG_0176-150x150.jpg","width":150,"height":150,"mime-type":"image\/jpeg","filesize":23310,"source_url":"https:\/\/lavras.tv\/site\/wp-content\/uploads\/2024\/11\/MG_0176-150x150.jpg"}},"image_meta":{"aperture":"9","credit":"","camera":"Canon EOS 6D Mark II","caption":"","created_timestamp":"1731928033","copyright":"","focal_length":"35","iso":"4000","shutter_speed":"0,008","title":"","orientation":"0","keywords":[]}},"post":138278,"source_url":"https:\/\/lavras.tv\/site\/wp-content\/uploads\/2024\/11\/MG_0176.jpg"},"author_meta":{"display_name":"Vinicius Bustamante","author_link":"https:\/\/lavras.tv\/site\/author\/vinicius-bustamante\/"},"featured_img":"https:\/\/lavras.tv\/site\/wp-content\/uploads\/2024\/11\/MG_0176-470x253.jpg","coauthors":[],"tax_additional":{"categories":{"linked":["<a href=\"https:\/\/lavras.tv\/site\/category\/destaques\/\" class=\"advgb-post-tax-term\">Destaques<\/a>","<a href=\"https:\/\/lavras.tv\/site\/category\/noticias\/\" class=\"advgb-post-tax-term\">Not\u00edcias<\/a>"],"unlinked":["<span class=\"advgb-post-tax-term\">Destaques<\/span>","<span class=\"advgb-post-tax-term\">Not\u00edcias<\/span>"]}},"comment_count":"0","relative_dates":{"created":"Publicado 1 ano atr\u00e1s","modified":"Atualizado 1 ano atr\u00e1s"},"absolute_dates":{"created":"Publicado em 19 de novembro de 2024","modified":"Atualizado em 19 de novembro de 2024"},"absolute_dates_time":{"created":"Publicado em 19 de novembro de 2024 19:12","modified":"Atualizado em 19 de novembro de 2024 19:12"},"featured_img_caption":"","series_order":"","_links":{"self":[{"href":"https:\/\/lavras.tv\/site\/wp-json\/wp\/v2\/posts\/138278","targetHints":{"allow":["GET"]}}],"collection":[{"href":"https:\/\/lavras.tv\/site\/wp-json\/wp\/v2\/posts"}],"about":[{"href":"https:\/\/lavras.tv\/site\/wp-json\/wp\/v2\/types\/post"}],"author":[{"embeddable":true,"href":"https:\/\/lavras.tv\/site\/wp-json\/wp\/v2\/users\/5"}],"replies":[{"embeddable":true,"href":"https:\/\/lavras.tv\/site\/wp-json\/wp\/v2\/comments?post=138278"}],"version-history":[{"count":1,"href":"https:\/\/lavras.tv\/site\/wp-json\/wp\/v2\/posts\/138278\/revisions"}],"predecessor-version":[{"id":138280,"href":"https:\/\/lavras.tv\/site\/wp-json\/wp\/v2\/posts\/138278\/revisions\/138280"}],"wp:featuredmedia":[{"embeddable":true,"href":"https:\/\/lavras.tv\/site\/wp-json\/wp\/v2\/media\/138279"}],"wp:attachment":[{"href":"https:\/\/lavras.tv\/site\/wp-json\/wp\/v2\/media?parent=138278"}],"wp:term":[{"taxonomy":"category","embeddable":true,"href":"https:\/\/lavras.tv\/site\/wp-json\/wp\/v2\/categories?post=138278"},{"taxonomy":"post_tag","embeddable":true,"href":"https:\/\/lavras.tv\/site\/wp-json\/wp\/v2\/tags?post=138278"}],"curies":[{"name":"wp","href":"https:\/\/api.w.org\/{rel}","templated":true}]}}