{"id":138281,"date":"2024-11-19T19:16:22","date_gmt":"2024-11-19T22:16:22","guid":{"rendered":"https:\/\/lavras.tv\/site\/?p=138281"},"modified":"2024-11-19T19:16:23","modified_gmt":"2024-11-19T22:16:23","slug":"dia-mundial-do-empreendedorismo-feminino-40-dos-pequenos-negocios-de-minas-gerais-sao-liderados-por-mulheres","status":"publish","type":"post","link":"https:\/\/lavras.tv\/site\/2024\/11\/19\/dia-mundial-do-empreendedorismo-feminino-40-dos-pequenos-negocios-de-minas-gerais-sao-liderados-por-mulheres\/","title":{"rendered":"Dia Mundial do Empreendedorismo Feminino: 40% dos pequenos neg\u00f3cios de Minas Gerais s\u00e3o liderados por mulheres"},"content":{"rendered":"<div class=\"lavra-antes-do-conteudo_2\" id=\"lavra-103384030\"><div id=\"lavra-slider-27\" class=\"custom-slider lavra-slider-1527369098 lavra-slider\"><ul><li><div style=\"margin-left: auto;margin-right: auto;text-align: center;\" id=\"lavra-4074115855\"><a href=\"https:\/\/sistemas.lavras.mg.gov.br\/portalcidadao\/#df1b1a7c7b2a290bcb31e32771e610784662739a88807c0dacac58ede5f391a7530e299dc302d611ee73cb143fc22eaf93592e53e7b5bdb01b00a0b8d28dae460c141dd2ff83412e4dc1c31b16b25f33144a9e5620ea73b13f5bc1c59411d98439ad226e8af03840603796067d87afe130812cf3de24982d0e306f9e61e764e5\" aria-label=\"Lavras-TV&#8211;720x104px (1) (1)\"><img src=\"https:\/\/lavras.tv\/site\/wp-content\/uploads\/2025\/01\/Lavras-TV-720x104px-1-1.png\" alt=\"\"  srcset=\"https:\/\/lavras.tv\/site\/wp-content\/uploads\/2025\/01\/Lavras-TV-720x104px-1-1.png 720w, https:\/\/lavras.tv\/site\/wp-content\/uploads\/2025\/01\/Lavras-TV-720x104px-1-1-470x68.png 470w, https:\/\/lavras.tv\/site\/wp-content\/uploads\/2025\/01\/Lavras-TV-720x104px-1-1-170x25.png 170w, https:\/\/lavras.tv\/site\/wp-content\/uploads\/2025\/01\/Lavras-TV-720x104px-1-1-200x29.png 200w\" sizes=\"(max-width: 720px) 100vw, 720px\" width=\"720\" height=\"104\"  style=\"display: inline-block;\" \/><\/a><\/div><\/li><li><a href=\"https:\/\/sistemas.lavras.mg.gov.br\/portalcidadao\/#df1b1a7c7b2a290bcb31e32771e610784662739a88807c0dacac58ede5f391a7530e299dc302d611ee73cb143fc22eaf93592e53e7b5bdb01b00a0b8d28dae460c141dd2ff83412e4dc1c31b16b25f33144a9e5620ea73b13f5bc1c59411d98439ad226e8af03840603796067d87afe130812cf3de24982d0e306f9e61e764e5\" aria-label=\"Banner_Emprego_PortallavrasTV\"><img src=\"https:\/\/lavras.tv\/site\/wp-content\/uploads\/2025\/03\/Banner_Emprego_PortallavrasTV.png\" alt=\"\"  srcset=\"https:\/\/lavras.tv\/site\/wp-content\/uploads\/2025\/03\/Banner_Emprego_PortallavrasTV.png 720w, https:\/\/lavras.tv\/site\/wp-content\/uploads\/2025\/03\/Banner_Emprego_PortallavrasTV-470x68.png 470w, https:\/\/lavras.tv\/site\/wp-content\/uploads\/2025\/03\/Banner_Emprego_PortallavrasTV-170x25.png 170w, https:\/\/lavras.tv\/site\/wp-content\/uploads\/2025\/03\/Banner_Emprego_PortallavrasTV-200x29.png 200w\" sizes=\"(max-width: 720px) 100vw, 720px\" width=\"720\" height=\"104\"   \/><\/a><\/li><li><a href=\"https:\/\/sistemas.lavras.mg.gov.br\/portalcidadao\/#df1b1a7c7b2a290bcb31e32771e610784662739a88807c0dacac58ede5f391a7530e299dc302d611ee73cb143fc22eaf93592e53e7b5bdb01b00a0b8d28dae460c141dd2ff83412e4dc1c31b16b25f33144a9e5620ea73b13f5bc1c59411d98439ad226e8af03840603796067d87afe130812cf3de24982d0e306f9e61e764e5\" aria-label=\"Banner_Obras_PortallavrasTV\"><img src=\"https:\/\/lavras.tv\/site\/wp-content\/uploads\/2025\/03\/Banner_Obras_PortallavrasTV.png\" alt=\"\"  srcset=\"https:\/\/lavras.tv\/site\/wp-content\/uploads\/2025\/03\/Banner_Obras_PortallavrasTV.png 720w, https:\/\/lavras.tv\/site\/wp-content\/uploads\/2025\/03\/Banner_Obras_PortallavrasTV-470x68.png 470w, https:\/\/lavras.tv\/site\/wp-content\/uploads\/2025\/03\/Banner_Obras_PortallavrasTV-170x25.png 170w, https:\/\/lavras.tv\/site\/wp-content\/uploads\/2025\/03\/Banner_Obras_PortallavrasTV-200x29.png 200w\" sizes=\"(max-width: 720px) 100vw, 720px\" width=\"720\" height=\"104\"   \/><\/a><\/li><li><div style=\"margin-left: auto;margin-right: auto;text-align: center;\" id=\"lavra-894918855\"><a href=\"https:\/\/sistemas.lavras.mg.gov.br\/portalcidadao\/#df1b1a7c7b2a290bcb31e32771e610784662739a88807c0dacac58ede5f391a7530e299dc302d611ee73cb143fc22eaf93592e53e7b5bdb01b00a0b8d28dae460c141dd2ff83412e4dc1c31b16b25f33144a9e5620ea73b13f5bc1c59411d98439ad226e8af03840603796067d87afe130812cf3de24982d0e306f9e61e764e5\" aria-label=\"Banner_Educa\u00e7\u00e3o_PortallavrasTV\"><img src=\"https:\/\/lavras.tv\/site\/wp-content\/uploads\/2025\/01\/Banner_Educacao_PortallavrasTV.png\" alt=\"\"  srcset=\"https:\/\/lavras.tv\/site\/wp-content\/uploads\/2025\/01\/Banner_Educacao_PortallavrasTV.png 720w, https:\/\/lavras.tv\/site\/wp-content\/uploads\/2025\/01\/Banner_Educacao_PortallavrasTV-470x68.png 470w, https:\/\/lavras.tv\/site\/wp-content\/uploads\/2025\/01\/Banner_Educacao_PortallavrasTV-170x25.png 170w, https:\/\/lavras.tv\/site\/wp-content\/uploads\/2025\/01\/Banner_Educacao_PortallavrasTV-200x29.png 200w\" sizes=\"(max-width: 720px) 100vw, 720px\" width=\"720\" height=\"104\"  style=\"display: inline-block;\" \/><\/a><\/div><\/li><li><a href=\"https:\/\/sistemas.lavras.mg.gov.br\/portalcidadao\/#df1b1a7c7b2a290bcb31e32771e610784662739a88807c0dacac58ede5f391a7530e299dc302d611ee73cb143fc22eaf93592e53e7b5bdb01b00a0b8d28dae460c141dd2ff83412e4dc1c31b16b25f33144a9e5620ea73b13f5bc1c59411d98439ad226e8af03840603796067d87afe130812cf3de24982d0e306f9e61e764e5\" aria-label=\"Banner_Sa\u00fade_PortallavrasTV\"><img src=\"https:\/\/lavras.tv\/site\/wp-content\/uploads\/2025\/03\/Banner_Saude_PortallavrasTV.png\" alt=\"\"  srcset=\"https:\/\/lavras.tv\/site\/wp-content\/uploads\/2025\/03\/Banner_Saude_PortallavrasTV.png 720w, https:\/\/lavras.tv\/site\/wp-content\/uploads\/2025\/03\/Banner_Saude_PortallavrasTV-470x68.png 470w, https:\/\/lavras.tv\/site\/wp-content\/uploads\/2025\/03\/Banner_Saude_PortallavrasTV-170x25.png 170w, https:\/\/lavras.tv\/site\/wp-content\/uploads\/2025\/03\/Banner_Saude_PortallavrasTV-200x29.png 200w\" sizes=\"(max-width: 720px) 100vw, 720px\" width=\"720\" height=\"104\"   \/><\/a><\/li><li><div id=\"lavra-2138208588\" style=\"width:720px;height:104px;background-color:#ddd;overflow:scroll;\">\n\t<strong>Sa\u00edda da depura\u00e7\u00e3o de an\u00fancios<\/strong>\n\t<br><br>\n\tO an\u00fancio n\u00e3o \u00e9 exibido na p\u00e1gina<br><br>post atual: Dia Mundial do Empreendedorismo Feminino: 40% dos pequenos neg\u00f3cios de Minas Gerais s\u00e3o liderados por mulheres, ID: 138281<br><br><span style=\"color: red;\">O post atual n\u00e3o \u00e9 id\u00eantico ao post principal.<\/span><br><br>An\u00fancios: ROXO - TOPO INTERNA - ROTATIVO 2 (197)<br \/>Grupo de an\u00fancios: Princ_Meio01_720x104 (27)<br><br>Condi\u00e7\u00f5es de exibi\u00e7\u00e3o<div style=\"margin-bottom: 20px; white-space: pre-wrap; font-family: monospace; width: 100%; background: #ffe9e9;\"><strong>condi\u00e7\u00f5es gerais<\/strong><table border=\"1\"><thead><tr><th><\/th><th>An\u00fancios<\/th><th>wp_the_query<\/th><\/tr><\/thead><tr><td>is_main_query<\/td><td>1<\/td><td>1<\/td><\/tr><tr><td>is_rest_api<\/td><td>0<\/td><td>1<\/td><\/tr><tr><td>page<\/td><td>0<\/td><td>1<\/td><\/tr><tr><td>numpages<\/td><td>0<\/td><td>1<\/td><\/tr><tr><td>is_archive<\/td><td>1<\/td><td><\/td><\/tr><tr><td>is_search<\/td><td>1<\/td><td><\/td><\/tr><tr><td>is_home<\/td><td>1<\/td><td><\/td><\/tr><tr><td>is_404<\/td><td>1<\/td><td><\/td><\/tr><tr><td>is_attachment<\/td><td>1<\/td><td><\/td><\/tr><tr><td>is_singular<\/td><td>1<\/td><td><\/td><\/tr><tr><td>is_front_page<\/td><td>1<\/td><td><\/td><\/tr><tr><td>is_feed<\/td><td>1<\/td><td><\/td><\/tr><\/table><\/div><br><br><span style=\"color: red;\">Seu site usa HTTPS, mas o c\u00f3digo do an\u00fancio cont\u00e9m HTTP e pode n\u00e3o funcionar.<\/span>\t<br><br>\n\t<a style=\"color: green;\" href=\"https:\/\/wpadvancedads.com\/manual\/ad-debug-mode\/?utm_source=advanced-ads&utm_medium=link&utm_campaign=ad-debug-mode\" target=\"_blank\" rel=\"nofollow\">Encontre solu\u00e7\u00f5es no manual<\/a>\n<\/div>\n<\/li><\/ul><\/div><script>( window.advanced_ads_ready || jQuery( document ).ready ).call( null, function() {var $lavraslider1527369098 = jQuery( \".lavra-slider-1527369098\" );$lavraslider1527369098.on( \"unslider.ready\", function() { jQuery( \"div.custom-slider ul li\" ).css( \"display\", \"block\" ); });$lavraslider1527369098.unslider({ delay:4000, autoplay:true, nav:false, arrows:false, infinite:true });$lavraslider1527369098.on(\"mouseover\", function() {$lavraslider1527369098.unslider(\"stop\");}).on(\"mouseout\", function() {$lavraslider1527369098.unslider(\"start\");});});<\/script><\/div>\n<p><em>Minas Gerais ocupa a segunda posi\u00e7\u00e3o entre os estados em n\u00famero absoluto de pequenos empreendimentos liderados por mulheres<\/em><\/p>\n\n\n\n<figure class=\"wp-block-image size-full\"><img fetchpriority=\"high\" decoding=\"async\" width=\"814\" height=\"492\" src=\"https:\/\/lavras.tv\/site\/wp-content\/uploads\/2024\/11\/pessoas-que-trabalham-em-escritorios-elegantes-e-aconchegantes_p16468_cover_image_resized.webp\" alt=\"\" class=\"wp-image-138282\" srcset=\"https:\/\/lavras.tv\/site\/wp-content\/uploads\/2024\/11\/pessoas-que-trabalham-em-escritorios-elegantes-e-aconchegantes_p16468_cover_image_resized.webp 814w, https:\/\/lavras.tv\/site\/wp-content\/uploads\/2024\/11\/pessoas-que-trabalham-em-escritorios-elegantes-e-aconchegantes_p16468_cover_image_resized-470x284.webp 470w, https:\/\/lavras.tv\/site\/wp-content\/uploads\/2024\/11\/pessoas-que-trabalham-em-escritorios-elegantes-e-aconchegantes_p16468_cover_image_resized-170x103.webp 170w, https:\/\/lavras.tv\/site\/wp-content\/uploads\/2024\/11\/pessoas-que-trabalham-em-escritorios-elegantes-e-aconchegantes_p16468_cover_image_resized-200x121.webp 200w\" sizes=\"(max-width: 814px) 100vw, 814px\" \/><\/figure>\n\n\n\n<p>Em novembro, \u00e9 celebrada uma data para valorizar a for\u00e7a e o protagonismo das mulheres \u00e0 frente dos neg\u00f3cios, o&nbsp;<strong>Dia Mundial do Empreendedorismo Feminino (19\/11).<\/strong>&nbsp;Em Minas Gerais, o cen\u00e1rio \u00e9 promissor e mostra que, cada vez mais, as mulheres est\u00e3o conquistando seu espa\u00e7o. Segundo levantamento realizado pelo Sebrae Minas, com base em dados da Receita Federal,&nbsp;do total de 2,1 milh\u00f5es de pequenos neg\u00f3cios ativos em Minas Gerais, 40,9% (o equivalente a 897.481) s\u00e3o liderados por mulheres.&nbsp;Esse resultado posiciona o estado em segundo lugar no Brasil, atr\u00e1s apenas de S\u00e3o Paulo. Em n\u00edvel nacional, as mulheres respondem por 41,5% dos pequenos neg\u00f3cios, em um universo de 8,3 milh\u00f5es de empreendimentos.<\/p>\n\n\n\n<p>A faixa et\u00e1ria predominante entre as empreendedoras mineiras \u00e9 de 31 a 40 anos: 27,7% do total, o que sugere uma presen\u00e7a significativa de mulheres em uma fase mais madura da vida profissional, com mais experi\u00eancia e conhecimento de mercado, aspectos que podem favorecer o sucesso e crescimento dos neg\u00f3cios.<\/p>\n\n\n\n<p>Na an\u00e1lise por segmento econ\u00f4mico, o setor de Servi\u00e7os lidera, com mais de 450 mil empresas comandadas por mulheres, seguido pelo Com\u00e9rcio, que re\u00fane 274 mil empresas sob lideran\u00e7a feminina. Entre as principais atividades empresariais est\u00e3o Com\u00e9rcio Varejista de Artigos de Vestu\u00e1rio e Acess\u00f3rios; e o setor de beleza, com Cabeleireiros, Manicure e Pedicure. Segundo o presidente do Conselho Deliberativo do Sebrae Minas, Marcelo de Souza e Silva, \u201cesses dados mostram que as mulheres tendem a empreender em segmentos que demandam menor capital inicial e oferecem flexibilidade, fatores que facilitam a entrada no mundo dos neg\u00f3cios\u201d, explica.<\/p>\n\n\n\n<p>Ele ressalta que as perspectivas para o empreendedorismo feminino no estado s\u00e3o positivas e sinalizam uma evolu\u00e7\u00e3o do mercado. \u201c\u00c0 frente de quase 900 mil empreendimentos, as mulheres de Minas Gerais n\u00e3o apenas consolidam sua posi\u00e7\u00e3o no mundo empresarial, como tamb\u00e9m impulsionam mudan\u00e7as sociais importantes, rompendo barreiras hist\u00f3ricas e de g\u00eanero.&nbsp;Ainda existem muitos desafios, mas, com programas de capacita\u00e7\u00e3o, a\u00e7\u00f5es de incentivo e pol\u00edticas p\u00fablicas, as mulheres est\u00e3o cada vez mais conquistando seu espa\u00e7o no mercado empreendedor\u201d, destaca.<\/p>\n\n\n\n<p>Silva aponta, ainda, a necessidade capacitar mulheres para setores tradicionalmente masculinos. \u201c\u00c0 medida que pol\u00edticas p\u00fablicas e iniciativas de apoio ao empreendedorismo se tornam mais inclusivas e direcionadas \u00e0s necessidades das mulheres, \u00e9 essencial fomentar a diversifica\u00e7\u00e3o nas \u00e1reas de atua\u00e7\u00e3o, incentivando um aumento gradual de lideran\u00e7as femininas em setores tradicionalmente dominados por homens, tais como tecnologia e inova\u00e7\u00e3o.&nbsp;Essa diversifica\u00e7\u00e3o \u00e9 crucial para fortalecer a economia e ampliar o impacto das empreendedoras em setores de maior valor agregado\u201d, comenta o presidente.<\/p>\n\n\n\n<p><strong>Cen\u00e1rio Nacional<\/strong><\/p>\n\n\n\n<p>Dados da pesquisa&nbsp;<a href=\"https:\/\/agenciasebrae.com.br\/dados\/futuro-do-empreendedorismo-no-brasil-pode-ser-feminino-jovem-e-negro\/\" target=\"_blank\" rel=\"noreferrer noopener\"><strong>Monitor Global de Empreendedorismo 2023 (Global Entrepreneurship Monitor<\/strong><\/a><strong>)&nbsp;<\/strong>revelam que o Brasil caminha para ter, majoritariamente, empresas&nbsp;comandadas por mulheres. Segundo o relat\u00f3rio, dos 47,7 milh\u00f5es de empreendedores com inten\u00e7\u00e3o de entrar no mercado at\u00e9 2026 \u2013 os chamados empreendedores potenciais \u2013 54,6% s\u00e3o mulheres. Os n\u00fameros contrastam com a pesquisa do ano anterior, em que os homens ainda dominavam com um percentual de 55%.<\/p>\n\n\n\n<p>Al\u00e9m disso, um&nbsp;<a href=\"https:\/\/datasebrae.com.br\/wp-content\/uploads\/2024\/04\/2024-04-02-relatorio_empreendedorismo_feminino_202304.pdf\" target=\"_blank\" rel=\"noreferrer noopener\">relat\u00f3rio t\u00e9cnico do Sebrae sobre Empreendedorismo Feminino<\/a>, divulgado&nbsp;em mar\u00e7o de 2024, aponta que as mulheres empreendedoras v\u00eam conquistando cada vez mais espa\u00e7o dentro do universo de Donos de Neg\u00f3cios no Brasil. Do total de 30 milh\u00f5es de empreendedores, as mulheres somam mais de 10 milh\u00f5es de donas de neg\u00f3cios. Al\u00e9m disso, 49,8% das empreendedoras se declaram negras, o que mostra que o empreendedorismo feminino no Brasil \u00e9 diverso.<\/p>\n\n\n\n<p><strong>Conte\u00fado exclusivo<\/strong><\/p>\n\n\n\n<p>Em comemora\u00e7\u00e3o ao Dia Mundial do Empreendedorismo Feminino, o Sebrae Minas ir\u00e1 lan\u00e7ar, dia 19\/11, uma s\u00e9rie de conte\u00fados voltados a mulheres empreendedoras.&nbsp;A s\u00e9rie&nbsp;\u201cNeg\u00f3cio de Mulher: Guia Pr\u00e1tico para Empreendedoras\u201d ficar\u00e1 dispon\u00edvel na plataforma&nbsp;<a href=\"https:\/\/sebraeplay.com.br\/series\/negocio-de-mulher-guia-pratico\" target=\"_blank\" rel=\"noreferrer noopener\">Sebrae Play.<\/a>&nbsp;Ser\u00e3o 18 epis\u00f3dios em formatos variados, divididos em quatro temporadas: Empreendedorismo Feminino \u2013 Primeiros Passos; Gest\u00e3o Financeira para Mulheres; Marketing para Empreendedora; e Estrat\u00e9gias de Vendas para Elas.<\/p>\n\n\n\n<p><a href=\"https:\/\/sebraeplay.com.br\/series\/negocio-de-mulher-guia-pratico\" target=\"_blank\" rel=\"noreferrer noopener\">Acesse a plataforma<\/a>&nbsp;e confira.<\/p>\n\n\n\n<p><strong>Sebrae DELAS<\/strong><\/p>\n\n\n\n<p>Para incentivar, apoiar e impulsionar as mulheres \u00e0 frente dos neg\u00f3cios, o Sebrae Minas&nbsp;conta com o programa&nbsp;<strong>Sebrae DELAS.<\/strong>&nbsp;A iniciativa tem o objetivo de aumentar a probabilidade de ideias e neg\u00f3cios liderados por mulheres, incentivando potenciais empreendedoras e empres\u00e1rias a desenvolverem seus comportamentos e habilidades empreendedoras. Al\u00e9m disso, visa fomentar pr\u00e1ticas empresariais e pol\u00edticas p\u00fablicas para tornar os neg\u00f3cios liderados por mulheres mais competitivos. O programa conta com diversas a\u00e7\u00f5es de capacita\u00e7\u00e3o, cursos e eventos, visando fomentar a conex\u00e3o, novas parcerias e o&nbsp;<em>networking&nbsp;<\/em>entre as empreendedoras. Para saber mais, acesse o perfil @sebraedelas.minas.<\/p>\n","protected":false},"excerpt":{"rendered":"<p>Minas Gerais ocupa a segunda posi\u00e7\u00e3o entre os estados em n\u00famero absoluto de pequenos empreendimentos liderados por mulheres Em novembro, \u00e9 celebrada uma data para valorizar a for\u00e7a e o protagonismo das mulheres \u00e0 frente dos neg\u00f3cios, o&nbsp;Dia Mundial do Empreendedorismo Feminino (19\/11).&nbsp;Em Minas Gerais, o cen\u00e1rio \u00e9 promissor e mostra que, cada vez mais, [&hellip;]<\/p>\n","protected":false},"author":5,"featured_media":138282,"comment_status":"closed","ping_status":"open","sticky":false,"template":"","format":"standard","meta":{"advgb_blocks_editor_width":"","advgb_blocks_columns_visual_guide":"","_exactmetrics_skip_tracking":false,"_exactmetrics_sitenote_active":false,"_exactmetrics_sitenote_note":"","_exactmetrics_sitenote_category":0,"footnotes":""},"categories":[7,2],"tags":[],"class_list":["post-138281","post","type-post","status-publish","format-standard","has-post-thumbnail","hentry","category-destaques","category-noticias"],"better_featured_image":{"id":138282,"alt_text":"","caption":"","description":"","media_type":"image","media_details":{"width":814,"height":492,"file":"2024\/11\/pessoas-que-trabalham-em-escritorios-elegantes-e-aconchegantes_p16468_cover_image_resized.webp","filesize":29932,"sizes":{"medium":{"file":"pessoas-que-trabalham-em-escritorios-elegantes-e-aconchegantes_p16468_cover_image_resized-470x284.webp","width":470,"height":284,"mime-type":"image\/webp","filesize":21168,"source_url":"https:\/\/lavras.tv\/site\/wp-content\/uploads\/2024\/11\/pessoas-que-trabalham-em-escritorios-elegantes-e-aconchegantes_p16468_cover_image_resized-470x284.webp"},"thumbnail":{"file":"pessoas-que-trabalham-em-escritorios-elegantes-e-aconchegantes_p16468_cover_image_resized-170x103.webp","width":170,"height":103,"mime-type":"image\/webp","filesize":6162,"source_url":"https:\/\/lavras.tv\/site\/wp-content\/uploads\/2024\/11\/pessoas-que-trabalham-em-escritorios-elegantes-e-aconchegantes_p16468_cover_image_resized-170x103.webp"},"lshowcase-thumb":{"file":"pessoas-que-trabalham-em-escritorios-elegantes-e-aconchegantes_p16468_cover_image_resized-200x121.webp","width":200,"height":121,"mime-type":"image\/webp","filesize":7458,"source_url":"https:\/\/lavras.tv\/site\/wp-content\/uploads\/2024\/11\/pessoas-que-trabalham-em-escritorios-elegantes-e-aconchegantes_p16468_cover_image_resized-200x121.webp"},"alm-thumbnail":{"file":"pessoas-que-trabalham-em-escritorios-elegantes-e-aconchegantes_p16468_cover_image_resized-150x150.webp","width":150,"height":150,"mime-type":"image\/webp","filesize":6486,"source_url":"https:\/\/lavras.tv\/site\/wp-content\/uploads\/2024\/11\/pessoas-que-trabalham-em-escritorios-elegantes-e-aconchegantes_p16468_cover_image_resized-150x150.webp"}},"image_meta":{"aperture":"0","credit":"","camera":"","caption":"","created_timestamp":"0","copyright":"","focal_length":"0","iso":"0","shutter_speed":"0","title":"","orientation":"0","keywords":[]}},"post":138281,"source_url":"https:\/\/lavras.tv\/site\/wp-content\/uploads\/2024\/11\/pessoas-que-trabalham-em-escritorios-elegantes-e-aconchegantes_p16468_cover_image_resized.webp"},"author_meta":{"display_name":"Vinicius Bustamante","author_link":"https:\/\/lavras.tv\/site\/author\/vinicius-bustamante\/"},"featured_img":"https:\/\/lavras.tv\/site\/wp-content\/uploads\/2024\/11\/pessoas-que-trabalham-em-escritorios-elegantes-e-aconchegantes_p16468_cover_image_resized-470x284.webp","coauthors":[],"tax_additional":{"categories":{"linked":["<a href=\"https:\/\/lavras.tv\/site\/category\/destaques\/\" class=\"advgb-post-tax-term\">Destaques<\/a>","<a href=\"https:\/\/lavras.tv\/site\/category\/noticias\/\" class=\"advgb-post-tax-term\">Not\u00edcias<\/a>"],"unlinked":["<span class=\"advgb-post-tax-term\">Destaques<\/span>","<span class=\"advgb-post-tax-term\">Not\u00edcias<\/span>"]}},"comment_count":"0","relative_dates":{"created":"Publicado 1 ano atr\u00e1s","modified":"Atualizado 1 ano atr\u00e1s"},"absolute_dates":{"created":"Publicado em 19 de novembro de 2024","modified":"Atualizado em 19 de novembro de 2024"},"absolute_dates_time":{"created":"Publicado em 19 de novembro de 2024 19:16","modified":"Atualizado em 19 de novembro de 2024 19:16"},"featured_img_caption":"","series_order":"","_links":{"self":[{"href":"https:\/\/lavras.tv\/site\/wp-json\/wp\/v2\/posts\/138281","targetHints":{"allow":["GET"]}}],"collection":[{"href":"https:\/\/lavras.tv\/site\/wp-json\/wp\/v2\/posts"}],"about":[{"href":"https:\/\/lavras.tv\/site\/wp-json\/wp\/v2\/types\/post"}],"author":[{"embeddable":true,"href":"https:\/\/lavras.tv\/site\/wp-json\/wp\/v2\/users\/5"}],"replies":[{"embeddable":true,"href":"https:\/\/lavras.tv\/site\/wp-json\/wp\/v2\/comments?post=138281"}],"version-history":[{"count":1,"href":"https:\/\/lavras.tv\/site\/wp-json\/wp\/v2\/posts\/138281\/revisions"}],"predecessor-version":[{"id":138283,"href":"https:\/\/lavras.tv\/site\/wp-json\/wp\/v2\/posts\/138281\/revisions\/138283"}],"wp:featuredmedia":[{"embeddable":true,"href":"https:\/\/lavras.tv\/site\/wp-json\/wp\/v2\/media\/138282"}],"wp:attachment":[{"href":"https:\/\/lavras.tv\/site\/wp-json\/wp\/v2\/media?parent=138281"}],"wp:term":[{"taxonomy":"category","embeddable":true,"href":"https:\/\/lavras.tv\/site\/wp-json\/wp\/v2\/categories?post=138281"},{"taxonomy":"post_tag","embeddable":true,"href":"https:\/\/lavras.tv\/site\/wp-json\/wp\/v2\/tags?post=138281"}],"curies":[{"name":"wp","href":"https:\/\/api.w.org\/{rel}","templated":true}]}}