{"id":138684,"date":"2024-11-21T15:21:40","date_gmt":"2024-11-21T18:21:40","guid":{"rendered":"https:\/\/lavras.tv\/site\/?p=138684"},"modified":"2024-11-21T15:21:41","modified_gmt":"2024-11-21T18:21:41","slug":"cemig-tera-que-pagar-r-100-mil-por-dia-se-nao-evitar-queda-de-luz-em-mg","status":"publish","type":"post","link":"https:\/\/lavras.tv\/site\/2024\/11\/21\/cemig-tera-que-pagar-r-100-mil-por-dia-se-nao-evitar-queda-de-luz-em-mg\/","title":{"rendered":"Cemig ter\u00e1 que pagar R$ 100 mil por dia se n\u00e3o evitar queda de luz em MG"},"content":{"rendered":"<div class=\"lavra-antes-do-conteudo_2\" id=\"lavra-2460203708\"><div id=\"lavra-slider-27\" class=\"custom-slider lavra-slider-467853047 lavra-slider\"><ul><li><div style=\"margin-left: auto;margin-right: auto;text-align: center;\" id=\"lavra-363188269\"><a href=\"https:\/\/sistemas.lavras.mg.gov.br\/portalcidadao\/#df1b1a7c7b2a290bcb31e32771e610784662739a88807c0dacac58ede5f391a7530e299dc302d611ee73cb143fc22eaf93592e53e7b5bdb01b00a0b8d28dae460c141dd2ff83412e4dc1c31b16b25f33144a9e5620ea73b13f5bc1c59411d98439ad226e8af03840603796067d87afe130812cf3de24982d0e306f9e61e764e5\" aria-label=\"Lavras-TV&#8211;720x104px (1) (1)\"><img src=\"https:\/\/lavras.tv\/site\/wp-content\/uploads\/2025\/01\/Lavras-TV-720x104px-1-1.png\" alt=\"\"  srcset=\"https:\/\/lavras.tv\/site\/wp-content\/uploads\/2025\/01\/Lavras-TV-720x104px-1-1.png 720w, https:\/\/lavras.tv\/site\/wp-content\/uploads\/2025\/01\/Lavras-TV-720x104px-1-1-470x68.png 470w, https:\/\/lavras.tv\/site\/wp-content\/uploads\/2025\/01\/Lavras-TV-720x104px-1-1-170x25.png 170w, https:\/\/lavras.tv\/site\/wp-content\/uploads\/2025\/01\/Lavras-TV-720x104px-1-1-200x29.png 200w\" sizes=\"(max-width: 720px) 100vw, 720px\" width=\"720\" height=\"104\"  style=\"display: inline-block;\" \/><\/a><\/div><\/li><li><a href=\"https:\/\/sistemas.lavras.mg.gov.br\/portalcidadao\/#df1b1a7c7b2a290bcb31e32771e610784662739a88807c0dacac58ede5f391a7530e299dc302d611ee73cb143fc22eaf93592e53e7b5bdb01b00a0b8d28dae460c141dd2ff83412e4dc1c31b16b25f33144a9e5620ea73b13f5bc1c59411d98439ad226e8af03840603796067d87afe130812cf3de24982d0e306f9e61e764e5\" aria-label=\"Banner_Emprego_PortallavrasTV\"><img src=\"https:\/\/lavras.tv\/site\/wp-content\/uploads\/2025\/03\/Banner_Emprego_PortallavrasTV.png\" alt=\"\"  srcset=\"https:\/\/lavras.tv\/site\/wp-content\/uploads\/2025\/03\/Banner_Emprego_PortallavrasTV.png 720w, https:\/\/lavras.tv\/site\/wp-content\/uploads\/2025\/03\/Banner_Emprego_PortallavrasTV-470x68.png 470w, https:\/\/lavras.tv\/site\/wp-content\/uploads\/2025\/03\/Banner_Emprego_PortallavrasTV-170x25.png 170w, https:\/\/lavras.tv\/site\/wp-content\/uploads\/2025\/03\/Banner_Emprego_PortallavrasTV-200x29.png 200w\" sizes=\"(max-width: 720px) 100vw, 720px\" width=\"720\" height=\"104\"   \/><\/a><\/li><li><a href=\"https:\/\/sistemas.lavras.mg.gov.br\/portalcidadao\/#df1b1a7c7b2a290bcb31e32771e610784662739a88807c0dacac58ede5f391a7530e299dc302d611ee73cb143fc22eaf93592e53e7b5bdb01b00a0b8d28dae460c141dd2ff83412e4dc1c31b16b25f33144a9e5620ea73b13f5bc1c59411d98439ad226e8af03840603796067d87afe130812cf3de24982d0e306f9e61e764e5\" aria-label=\"Banner_Obras_PortallavrasTV\"><img src=\"https:\/\/lavras.tv\/site\/wp-content\/uploads\/2025\/03\/Banner_Obras_PortallavrasTV.png\" alt=\"\"  srcset=\"https:\/\/lavras.tv\/site\/wp-content\/uploads\/2025\/03\/Banner_Obras_PortallavrasTV.png 720w, https:\/\/lavras.tv\/site\/wp-content\/uploads\/2025\/03\/Banner_Obras_PortallavrasTV-470x68.png 470w, https:\/\/lavras.tv\/site\/wp-content\/uploads\/2025\/03\/Banner_Obras_PortallavrasTV-170x25.png 170w, https:\/\/lavras.tv\/site\/wp-content\/uploads\/2025\/03\/Banner_Obras_PortallavrasTV-200x29.png 200w\" sizes=\"(max-width: 720px) 100vw, 720px\" width=\"720\" height=\"104\"   \/><\/a><\/li><li><div style=\"margin-left: auto;margin-right: auto;text-align: center;\" id=\"lavra-1301835794\"><a href=\"https:\/\/sistemas.lavras.mg.gov.br\/portalcidadao\/#df1b1a7c7b2a290bcb31e32771e610784662739a88807c0dacac58ede5f391a7530e299dc302d611ee73cb143fc22eaf93592e53e7b5bdb01b00a0b8d28dae460c141dd2ff83412e4dc1c31b16b25f33144a9e5620ea73b13f5bc1c59411d98439ad226e8af03840603796067d87afe130812cf3de24982d0e306f9e61e764e5\" aria-label=\"Banner_Educa\u00e7\u00e3o_PortallavrasTV\"><img src=\"https:\/\/lavras.tv\/site\/wp-content\/uploads\/2025\/01\/Banner_Educacao_PortallavrasTV.png\" alt=\"\"  srcset=\"https:\/\/lavras.tv\/site\/wp-content\/uploads\/2025\/01\/Banner_Educacao_PortallavrasTV.png 720w, https:\/\/lavras.tv\/site\/wp-content\/uploads\/2025\/01\/Banner_Educacao_PortallavrasTV-470x68.png 470w, https:\/\/lavras.tv\/site\/wp-content\/uploads\/2025\/01\/Banner_Educacao_PortallavrasTV-170x25.png 170w, https:\/\/lavras.tv\/site\/wp-content\/uploads\/2025\/01\/Banner_Educacao_PortallavrasTV-200x29.png 200w\" sizes=\"(max-width: 720px) 100vw, 720px\" width=\"720\" height=\"104\"  style=\"display: inline-block;\" \/><\/a><\/div><\/li><li><a href=\"https:\/\/sistemas.lavras.mg.gov.br\/portalcidadao\/#df1b1a7c7b2a290bcb31e32771e610784662739a88807c0dacac58ede5f391a7530e299dc302d611ee73cb143fc22eaf93592e53e7b5bdb01b00a0b8d28dae460c141dd2ff83412e4dc1c31b16b25f33144a9e5620ea73b13f5bc1c59411d98439ad226e8af03840603796067d87afe130812cf3de24982d0e306f9e61e764e5\" aria-label=\"Banner_Sa\u00fade_PortallavrasTV\"><img src=\"https:\/\/lavras.tv\/site\/wp-content\/uploads\/2025\/03\/Banner_Saude_PortallavrasTV.png\" alt=\"\"  srcset=\"https:\/\/lavras.tv\/site\/wp-content\/uploads\/2025\/03\/Banner_Saude_PortallavrasTV.png 720w, https:\/\/lavras.tv\/site\/wp-content\/uploads\/2025\/03\/Banner_Saude_PortallavrasTV-470x68.png 470w, https:\/\/lavras.tv\/site\/wp-content\/uploads\/2025\/03\/Banner_Saude_PortallavrasTV-170x25.png 170w, https:\/\/lavras.tv\/site\/wp-content\/uploads\/2025\/03\/Banner_Saude_PortallavrasTV-200x29.png 200w\" sizes=\"(max-width: 720px) 100vw, 720px\" width=\"720\" height=\"104\"   \/><\/a><\/li><li><div id=\"lavra-2943342011\" style=\"width:720px;height:104px;background-color:#ddd;overflow:scroll;\">\n\t<strong>Sa\u00edda da depura\u00e7\u00e3o de an\u00fancios<\/strong>\n\t<br><br>\n\tO an\u00fancio n\u00e3o \u00e9 exibido na p\u00e1gina<br><br>post atual: Cemig ter\u00e1 que pagar R$ 100 mil por dia se n\u00e3o evitar queda de luz em MG, ID: 138684<br><br><span style=\"color: red;\">O post atual n\u00e3o \u00e9 id\u00eantico ao post principal.<\/span><br><br>An\u00fancios: ROXO - TOPO INTERNA - ROTATIVO 2 (197)<br \/>Grupo de an\u00fancios: Princ_Meio01_720x104 (27)<br><br>Condi\u00e7\u00f5es de exibi\u00e7\u00e3o<div style=\"margin-bottom: 20px; white-space: pre-wrap; font-family: monospace; width: 100%; background: #ffe9e9;\"><strong>condi\u00e7\u00f5es gerais<\/strong><table border=\"1\"><thead><tr><th><\/th><th>An\u00fancios<\/th><th>wp_the_query<\/th><\/tr><\/thead><tr><td>is_main_query<\/td><td>1<\/td><td>1<\/td><\/tr><tr><td>is_rest_api<\/td><td>0<\/td><td>1<\/td><\/tr><tr><td>page<\/td><td>0<\/td><td>1<\/td><\/tr><tr><td>numpages<\/td><td>0<\/td><td>1<\/td><\/tr><tr><td>is_archive<\/td><td>1<\/td><td><\/td><\/tr><tr><td>is_search<\/td><td>1<\/td><td><\/td><\/tr><tr><td>is_home<\/td><td>1<\/td><td><\/td><\/tr><tr><td>is_404<\/td><td>1<\/td><td><\/td><\/tr><tr><td>is_attachment<\/td><td>1<\/td><td><\/td><\/tr><tr><td>is_singular<\/td><td>1<\/td><td><\/td><\/tr><tr><td>is_front_page<\/td><td>1<\/td><td><\/td><\/tr><tr><td>is_feed<\/td><td>1<\/td><td><\/td><\/tr><\/table><\/div><br><br><span style=\"color: red;\">Seu site usa HTTPS, mas o c\u00f3digo do an\u00fancio cont\u00e9m HTTP e pode n\u00e3o funcionar.<\/span>\t<br><br>\n\t<a style=\"color: green;\" href=\"https:\/\/wpadvancedads.com\/manual\/ad-debug-mode\/?utm_source=advanced-ads&utm_medium=link&utm_campaign=ad-debug-mode\" target=\"_blank\" rel=\"nofollow\">Encontre solu\u00e7\u00f5es no manual<\/a>\n<\/div>\n<\/li><\/ul><\/div><script>( window.advanced_ads_ready || jQuery( document ).ready ).call( null, function() {var $lavraslider467853047 = jQuery( \".lavra-slider-467853047\" );$lavraslider467853047.on( \"unslider.ready\", function() { jQuery( \"div.custom-slider ul li\" ).css( \"display\", \"block\" ); });$lavraslider467853047.unslider({ delay:4000, autoplay:true, nav:false, arrows:false, infinite:true });$lavraslider467853047.on(\"mouseover\", function() {$lavraslider467853047.unslider(\"stop\");}).on(\"mouseout\", function() {$lavraslider467853047.unslider(\"start\");});});<\/script><\/div>\n<p>Decis\u00e3o judicial atende ao pedido do MP em cidade mineira ap\u00f3s constantes interrup\u00e7\u00f5es do fornecimento do servi\u00e7o pela concession\u00e1ria<\/p>\n\n\n\n<figure class=\"wp-block-image size-large\"><img fetchpriority=\"high\" decoding=\"async\" width=\"970\" height=\"582\" src=\"https:\/\/lavras.tv\/site\/wp-content\/uploads\/2024\/11\/1_whatsapp_image_2024_05_21_at_17_00_29-37294454-970x582.jpeg\" alt=\"\" class=\"wp-image-138685\" srcset=\"https:\/\/lavras.tv\/site\/wp-content\/uploads\/2024\/11\/1_whatsapp_image_2024_05_21_at_17_00_29-37294454-970x582.jpeg 970w, https:\/\/lavras.tv\/site\/wp-content\/uploads\/2024\/11\/1_whatsapp_image_2024_05_21_at_17_00_29-37294454-470x282.jpeg 470w, https:\/\/lavras.tv\/site\/wp-content\/uploads\/2024\/11\/1_whatsapp_image_2024_05_21_at_17_00_29-37294454-170x102.jpeg 170w, https:\/\/lavras.tv\/site\/wp-content\/uploads\/2024\/11\/1_whatsapp_image_2024_05_21_at_17_00_29-37294454-200x120.jpeg 200w, https:\/\/lavras.tv\/site\/wp-content\/uploads\/2024\/11\/1_whatsapp_image_2024_05_21_at_17_00_29-37294454.jpeg 1200w\" sizes=\"(max-width: 970px) 100vw, 970px\" \/><\/figure>\n\n\n\n<p>A Justi\u00e7a determinou que a\u00a0<strong><a href=\"https:\/\/www.em.com.br\/politica\/2024\/11\/6988809-governo-zema-nega-que-privatizacao-da-cemig-repetira-crise-de-sao-paulo.html\">Companhia Energ\u00e9tica de Minas Gerais (Cemig)<\/a><\/strong>\u00a0pague multa di\u00e1ria de R$ 100 mil caso n\u00e3o apresente um plano de a\u00e7\u00e3o para evitar o que qualificou como \u201cinterrup\u00e7\u00f5es indevidas no fornecimento de energia\u201d no munic\u00edpio de Virgin\u00f3polis, no Vale do Rio Doce.<\/p>\n\n\n\n<p>A concession\u00e1ria tem at\u00e9 30 dias para entregar o documento \u00e0 Justi\u00e7a, informou o Minist\u00e9rio P\u00fablico em comunicado nessa ter\u00e7a-feira (19\/11). Em novembro, o \u00f3rg\u00e3o prop\u00f4s uma a\u00e7\u00e3o civil p\u00fablica ap\u00f3s uma investiga\u00e7\u00e3o apontar constantes interrup\u00e7\u00f5es no fornecimento do servi\u00e7o na cidade.<\/p>\n\n\n\n<p>Em caso de descumprimento da decis\u00e3o proferida pela vara \u00fanica da comarca de Virgin\u00f3polis, os valores obtidos com as multas ser\u00e3o repassados para o Fundo Estadual de Prote\u00e7\u00e3o e Defesa do Consumidor (FEPDC).<\/p>\n\n\n\n<p>A Justi\u00e7a determinou tamb\u00e9m a realiza\u00e7\u00e3o de audi\u00eancia de concilia\u00e7\u00e3o na qual as partes poder\u00e3o apresentar propostas para resolu\u00e7\u00e3o da quest\u00e3o de forma definitiva, o que n\u00e3o desobriga a Cemig a apresentar o referido plano de a\u00e7\u00e3o.<\/p>\n\n\n\n<p>Segundo a promotoria de Justi\u00e7a de Virgin\u00f3polis, as quedas de energia ficaram mais intensas a partir do segundo semestre deste ano, privando consumidores de usufruir dos diversos direitos que dependem da energia el\u00e9trica. Os servi\u00e7os prestados por diversos \u00f3rg\u00e3os p\u00fablicos, entre eles o Poder Judici\u00e1rio e as pol\u00edcias Civil e Militar, tamb\u00e9m t\u00eam sido impactados, finaliza o MP.<\/p>\n\n\n\n<p>A Cemig informou, por meio de sua assessoria, que respeita as decis\u00f5es emanadas pelo Poder Judici\u00e1rio e avaliar\u00e1 as medidas cab\u00edveis quanto \u00e0 decis\u00e3o judicial proferida pela Vara \u00danica da Comarca de Virgin\u00f3polis.<\/p>\n\n\n\n<p>A Cemig destaca que esse \u00e9 o maior ciclo de investimentos de sua hist\u00f3ria, destinando recursos da ordem de R$ 23 bilh\u00f5es no per\u00edodo de 2023 a 2027 para suas redes de distribui\u00e7\u00e3o.<\/p>\n\n\n\n<p>&#8220;Para a regi\u00e3o de Virgin\u00f3polis, que inclui Guanh\u00e3es, est\u00e3o previstos investimentos da ordem de R$ 96 milh\u00f5es, dos quais j\u00e1 foram investidos mais de R$ 82 milh\u00f5es pela Cemig, com destaque para a integra\u00e7\u00e3o da Subesta\u00e7\u00e3o Bra\u00fanas (Transmiss\u00e3o) com a Subesta\u00e7\u00e3o Guanh\u00e3es 2 (Distribui\u00e7\u00e3o), entregue em agosto de 2022. Al\u00e9m da integra\u00e7\u00e3o citada, est\u00e3o em andamento obras do Programa \u201cMinas Trif\u00e1sico\u201d com a previs\u00e3o de mais 30km de redes de m\u00e9dia tens\u00e3o para a regi\u00e3o de Virgin\u00f3polis&#8221;, diz em nota.<\/p>\n\n\n\n<p>O comunicado continua: &#8220;A Cemig ressalta que segue trabalhando incessantemente para melhorar os padr\u00f5es t\u00e9cnicos e regulat\u00f3rios com respeito \u00e0 seguran\u00e7a de seus colaboradores e da popula\u00e7\u00e3o, levando uma energia de qualidade aos mineiros e mineiras&#8221;.&nbsp;<\/p>\n","protected":false},"excerpt":{"rendered":"<p>Decis\u00e3o judicial atende ao pedido do MP em cidade mineira ap\u00f3s constantes interrup\u00e7\u00f5es do fornecimento do servi\u00e7o pela concession\u00e1ria A Justi\u00e7a determinou que a\u00a0Companhia Energ\u00e9tica de Minas Gerais (Cemig)\u00a0pague multa di\u00e1ria de R$ 100 mil caso n\u00e3o apresente um plano de a\u00e7\u00e3o para evitar o que qualificou como \u201cinterrup\u00e7\u00f5es indevidas no fornecimento de energia\u201d no [&hellip;]<\/p>\n","protected":false},"author":5,"featured_media":138685,"comment_status":"closed","ping_status":"open","sticky":false,"template":"","format":"standard","meta":{"advgb_blocks_editor_width":"","advgb_blocks_columns_visual_guide":"","_exactmetrics_skip_tracking":false,"_exactmetrics_sitenote_active":false,"_exactmetrics_sitenote_note":"","_exactmetrics_sitenote_category":0,"footnotes":""},"categories":[7,2],"tags":[],"class_list":["post-138684","post","type-post","status-publish","format-standard","has-post-thumbnail","hentry","category-destaques","category-noticias"],"better_featured_image":{"id":138685,"alt_text":"","caption":"","description":"","media_type":"image","media_details":{"width":1200,"height":720,"file":"2024\/11\/1_whatsapp_image_2024_05_21_at_17_00_29-37294454.jpeg","filesize":170126,"sizes":{"medium":{"file":"1_whatsapp_image_2024_05_21_at_17_00_29-37294454-470x282.jpeg","width":470,"height":282,"mime-type":"image\/jpeg","filesize":28403,"source_url":"https:\/\/lavras.tv\/site\/wp-content\/uploads\/2024\/11\/1_whatsapp_image_2024_05_21_at_17_00_29-37294454-470x282.jpeg"},"large":{"file":"1_whatsapp_image_2024_05_21_at_17_00_29-37294454-970x582.jpeg","width":970,"height":582,"mime-type":"image\/jpeg","filesize":87550,"source_url":"https:\/\/lavras.tv\/site\/wp-content\/uploads\/2024\/11\/1_whatsapp_image_2024_05_21_at_17_00_29-37294454-970x582.jpeg"},"thumbnail":{"file":"1_whatsapp_image_2024_05_21_at_17_00_29-37294454-170x102.jpeg","width":170,"height":102,"mime-type":"image\/jpeg","filesize":4957,"source_url":"https:\/\/lavras.tv\/site\/wp-content\/uploads\/2024\/11\/1_whatsapp_image_2024_05_21_at_17_00_29-37294454-170x102.jpeg"},"lshowcase-thumb":{"file":"1_whatsapp_image_2024_05_21_at_17_00_29-37294454-200x120.jpeg","width":200,"height":120,"mime-type":"image\/jpeg","filesize":6418,"source_url":"https:\/\/lavras.tv\/site\/wp-content\/uploads\/2024\/11\/1_whatsapp_image_2024_05_21_at_17_00_29-37294454-200x120.jpeg"},"alm-thumbnail":{"file":"1_whatsapp_image_2024_05_21_at_17_00_29-37294454-150x150.jpeg","width":150,"height":150,"mime-type":"image\/jpeg","filesize":6852,"source_url":"https:\/\/lavras.tv\/site\/wp-content\/uploads\/2024\/11\/1_whatsapp_image_2024_05_21_at_17_00_29-37294454-150x150.jpeg"}},"image_meta":{"aperture":"0","credit":"","camera":"","caption":"","created_timestamp":"0","copyright":"","focal_length":"0","iso":"0","shutter_speed":"0","title":"","orientation":"0","keywords":[]}},"post":138684,"source_url":"https:\/\/lavras.tv\/site\/wp-content\/uploads\/2024\/11\/1_whatsapp_image_2024_05_21_at_17_00_29-37294454.jpeg"},"author_meta":{"display_name":"Vinicius Bustamante","author_link":"https:\/\/lavras.tv\/site\/author\/vinicius-bustamante\/"},"featured_img":"https:\/\/lavras.tv\/site\/wp-content\/uploads\/2024\/11\/1_whatsapp_image_2024_05_21_at_17_00_29-37294454-470x282.jpeg","coauthors":[],"tax_additional":{"categories":{"linked":["<a href=\"https:\/\/lavras.tv\/site\/category\/destaques\/\" class=\"advgb-post-tax-term\">Destaques<\/a>","<a href=\"https:\/\/lavras.tv\/site\/category\/noticias\/\" class=\"advgb-post-tax-term\">Not\u00edcias<\/a>"],"unlinked":["<span class=\"advgb-post-tax-term\">Destaques<\/span>","<span class=\"advgb-post-tax-term\">Not\u00edcias<\/span>"]}},"comment_count":"0","relative_dates":{"created":"Publicado 1 ano atr\u00e1s","modified":"Atualizado 1 ano atr\u00e1s"},"absolute_dates":{"created":"Publicado em 21 de novembro de 2024","modified":"Atualizado em 21 de novembro de 2024"},"absolute_dates_time":{"created":"Publicado em 21 de novembro de 2024 15:21","modified":"Atualizado em 21 de novembro de 2024 15:21"},"featured_img_caption":"","series_order":"","_links":{"self":[{"href":"https:\/\/lavras.tv\/site\/wp-json\/wp\/v2\/posts\/138684","targetHints":{"allow":["GET"]}}],"collection":[{"href":"https:\/\/lavras.tv\/site\/wp-json\/wp\/v2\/posts"}],"about":[{"href":"https:\/\/lavras.tv\/site\/wp-json\/wp\/v2\/types\/post"}],"author":[{"embeddable":true,"href":"https:\/\/lavras.tv\/site\/wp-json\/wp\/v2\/users\/5"}],"replies":[{"embeddable":true,"href":"https:\/\/lavras.tv\/site\/wp-json\/wp\/v2\/comments?post=138684"}],"version-history":[{"count":1,"href":"https:\/\/lavras.tv\/site\/wp-json\/wp\/v2\/posts\/138684\/revisions"}],"predecessor-version":[{"id":138686,"href":"https:\/\/lavras.tv\/site\/wp-json\/wp\/v2\/posts\/138684\/revisions\/138686"}],"wp:featuredmedia":[{"embeddable":true,"href":"https:\/\/lavras.tv\/site\/wp-json\/wp\/v2\/media\/138685"}],"wp:attachment":[{"href":"https:\/\/lavras.tv\/site\/wp-json\/wp\/v2\/media?parent=138684"}],"wp:term":[{"taxonomy":"category","embeddable":true,"href":"https:\/\/lavras.tv\/site\/wp-json\/wp\/v2\/categories?post=138684"},{"taxonomy":"post_tag","embeddable":true,"href":"https:\/\/lavras.tv\/site\/wp-json\/wp\/v2\/tags?post=138684"}],"curies":[{"name":"wp","href":"https:\/\/api.w.org\/{rel}","templated":true}]}}