{"id":138687,"date":"2024-11-21T15:29:58","date_gmt":"2024-11-21T18:29:58","guid":{"rendered":"https:\/\/lavras.tv\/site\/?p=138687"},"modified":"2024-11-21T15:29:59","modified_gmt":"2024-11-21T18:29:59","slug":"crianca-e-forcada-a-engolir-lesma-e-a-beber-agua-com-cuspe","status":"publish","type":"post","link":"https:\/\/lavras.tv\/site\/2024\/11\/21\/crianca-e-forcada-a-engolir-lesma-e-a-beber-agua-com-cuspe\/","title":{"rendered":"Crian\u00e7a \u00e9 for\u00e7ada a engolir lesma e a beber \u00e1gua com cuspe"},"content":{"rendered":"<div class=\"lavra-antes-do-conteudo_2\" id=\"lavra-1564861856\"><div id=\"lavra-slider-27\" class=\"custom-slider lavra-slider-2180371835 lavra-slider\"><ul><li><div style=\"margin-left: auto;margin-right: auto;text-align: center;\" id=\"lavra-4041369534\"><a href=\"https:\/\/sistemas.lavras.mg.gov.br\/portalcidadao\/#df1b1a7c7b2a290bcb31e32771e610784662739a88807c0dacac58ede5f391a7530e299dc302d611ee73cb143fc22eaf93592e53e7b5bdb01b00a0b8d28dae460c141dd2ff83412e4dc1c31b16b25f33144a9e5620ea73b13f5bc1c59411d98439ad226e8af03840603796067d87afe130812cf3de24982d0e306f9e61e764e5\" aria-label=\"Lavras-TV&#8211;720x104px (1) (1)\"><img src=\"https:\/\/lavras.tv\/site\/wp-content\/uploads\/2025\/01\/Lavras-TV-720x104px-1-1.png\" alt=\"\"  srcset=\"https:\/\/lavras.tv\/site\/wp-content\/uploads\/2025\/01\/Lavras-TV-720x104px-1-1.png 720w, https:\/\/lavras.tv\/site\/wp-content\/uploads\/2025\/01\/Lavras-TV-720x104px-1-1-470x68.png 470w, https:\/\/lavras.tv\/site\/wp-content\/uploads\/2025\/01\/Lavras-TV-720x104px-1-1-170x25.png 170w, https:\/\/lavras.tv\/site\/wp-content\/uploads\/2025\/01\/Lavras-TV-720x104px-1-1-200x29.png 200w\" sizes=\"(max-width: 720px) 100vw, 720px\" width=\"720\" height=\"104\"  style=\"display: inline-block;\" \/><\/a><\/div><\/li><li><a href=\"https:\/\/sistemas.lavras.mg.gov.br\/portalcidadao\/#df1b1a7c7b2a290bcb31e32771e610784662739a88807c0dacac58ede5f391a7530e299dc302d611ee73cb143fc22eaf93592e53e7b5bdb01b00a0b8d28dae460c141dd2ff83412e4dc1c31b16b25f33144a9e5620ea73b13f5bc1c59411d98439ad226e8af03840603796067d87afe130812cf3de24982d0e306f9e61e764e5\" aria-label=\"Banner_Emprego_PortallavrasTV\"><img src=\"https:\/\/lavras.tv\/site\/wp-content\/uploads\/2025\/03\/Banner_Emprego_PortallavrasTV.png\" alt=\"\"  srcset=\"https:\/\/lavras.tv\/site\/wp-content\/uploads\/2025\/03\/Banner_Emprego_PortallavrasTV.png 720w, https:\/\/lavras.tv\/site\/wp-content\/uploads\/2025\/03\/Banner_Emprego_PortallavrasTV-470x68.png 470w, https:\/\/lavras.tv\/site\/wp-content\/uploads\/2025\/03\/Banner_Emprego_PortallavrasTV-170x25.png 170w, https:\/\/lavras.tv\/site\/wp-content\/uploads\/2025\/03\/Banner_Emprego_PortallavrasTV-200x29.png 200w\" sizes=\"(max-width: 720px) 100vw, 720px\" width=\"720\" height=\"104\"   \/><\/a><\/li><li><a href=\"https:\/\/sistemas.lavras.mg.gov.br\/portalcidadao\/#df1b1a7c7b2a290bcb31e32771e610784662739a88807c0dacac58ede5f391a7530e299dc302d611ee73cb143fc22eaf93592e53e7b5bdb01b00a0b8d28dae460c141dd2ff83412e4dc1c31b16b25f33144a9e5620ea73b13f5bc1c59411d98439ad226e8af03840603796067d87afe130812cf3de24982d0e306f9e61e764e5\" aria-label=\"Banner_Obras_PortallavrasTV\"><img src=\"https:\/\/lavras.tv\/site\/wp-content\/uploads\/2025\/03\/Banner_Obras_PortallavrasTV.png\" alt=\"\"  srcset=\"https:\/\/lavras.tv\/site\/wp-content\/uploads\/2025\/03\/Banner_Obras_PortallavrasTV.png 720w, https:\/\/lavras.tv\/site\/wp-content\/uploads\/2025\/03\/Banner_Obras_PortallavrasTV-470x68.png 470w, https:\/\/lavras.tv\/site\/wp-content\/uploads\/2025\/03\/Banner_Obras_PortallavrasTV-170x25.png 170w, https:\/\/lavras.tv\/site\/wp-content\/uploads\/2025\/03\/Banner_Obras_PortallavrasTV-200x29.png 200w\" sizes=\"(max-width: 720px) 100vw, 720px\" width=\"720\" height=\"104\"   \/><\/a><\/li><li><div style=\"margin-left: auto;margin-right: auto;text-align: center;\" id=\"lavra-3813232700\"><a href=\"https:\/\/sistemas.lavras.mg.gov.br\/portalcidadao\/#df1b1a7c7b2a290bcb31e32771e610784662739a88807c0dacac58ede5f391a7530e299dc302d611ee73cb143fc22eaf93592e53e7b5bdb01b00a0b8d28dae460c141dd2ff83412e4dc1c31b16b25f33144a9e5620ea73b13f5bc1c59411d98439ad226e8af03840603796067d87afe130812cf3de24982d0e306f9e61e764e5\" aria-label=\"Banner_Educa\u00e7\u00e3o_PortallavrasTV\"><img src=\"https:\/\/lavras.tv\/site\/wp-content\/uploads\/2025\/01\/Banner_Educacao_PortallavrasTV.png\" alt=\"\"  srcset=\"https:\/\/lavras.tv\/site\/wp-content\/uploads\/2025\/01\/Banner_Educacao_PortallavrasTV.png 720w, https:\/\/lavras.tv\/site\/wp-content\/uploads\/2025\/01\/Banner_Educacao_PortallavrasTV-470x68.png 470w, https:\/\/lavras.tv\/site\/wp-content\/uploads\/2025\/01\/Banner_Educacao_PortallavrasTV-170x25.png 170w, https:\/\/lavras.tv\/site\/wp-content\/uploads\/2025\/01\/Banner_Educacao_PortallavrasTV-200x29.png 200w\" sizes=\"(max-width: 720px) 100vw, 720px\" width=\"720\" height=\"104\"  style=\"display: inline-block;\" \/><\/a><\/div><\/li><li><a href=\"https:\/\/sistemas.lavras.mg.gov.br\/portalcidadao\/#df1b1a7c7b2a290bcb31e32771e610784662739a88807c0dacac58ede5f391a7530e299dc302d611ee73cb143fc22eaf93592e53e7b5bdb01b00a0b8d28dae460c141dd2ff83412e4dc1c31b16b25f33144a9e5620ea73b13f5bc1c59411d98439ad226e8af03840603796067d87afe130812cf3de24982d0e306f9e61e764e5\" aria-label=\"Banner_Sa\u00fade_PortallavrasTV\"><img src=\"https:\/\/lavras.tv\/site\/wp-content\/uploads\/2025\/03\/Banner_Saude_PortallavrasTV.png\" alt=\"\"  srcset=\"https:\/\/lavras.tv\/site\/wp-content\/uploads\/2025\/03\/Banner_Saude_PortallavrasTV.png 720w, https:\/\/lavras.tv\/site\/wp-content\/uploads\/2025\/03\/Banner_Saude_PortallavrasTV-470x68.png 470w, https:\/\/lavras.tv\/site\/wp-content\/uploads\/2025\/03\/Banner_Saude_PortallavrasTV-170x25.png 170w, https:\/\/lavras.tv\/site\/wp-content\/uploads\/2025\/03\/Banner_Saude_PortallavrasTV-200x29.png 200w\" sizes=\"(max-width: 720px) 100vw, 720px\" width=\"720\" height=\"104\"   \/><\/a><\/li><li><div id=\"lavra-3655065039\" style=\"width:720px;height:104px;background-color:#ddd;overflow:scroll;\">\n\t<strong>Sa\u00edda da depura\u00e7\u00e3o de an\u00fancios<\/strong>\n\t<br><br>\n\tO an\u00fancio n\u00e3o \u00e9 exibido na p\u00e1gina<br><br>post atual: Crian\u00e7a \u00e9 for\u00e7ada a engolir lesma e a beber \u00e1gua com cuspe, ID: 138687<br><br><span style=\"color: red;\">O post atual n\u00e3o \u00e9 id\u00eantico ao post principal.<\/span><br><br>An\u00fancios: ROXO - TOPO INTERNA - ROTATIVO 2 (197)<br \/>Grupo de an\u00fancios: Princ_Meio01_720x104 (27)<br><br>Condi\u00e7\u00f5es de exibi\u00e7\u00e3o<div style=\"margin-bottom: 20px; white-space: pre-wrap; font-family: monospace; width: 100%; background: #ffe9e9;\"><strong>condi\u00e7\u00f5es gerais<\/strong><table border=\"1\"><thead><tr><th><\/th><th>An\u00fancios<\/th><th>wp_the_query<\/th><\/tr><\/thead><tr><td>is_main_query<\/td><td>1<\/td><td>1<\/td><\/tr><tr><td>is_rest_api<\/td><td>0<\/td><td>1<\/td><\/tr><tr><td>page<\/td><td>0<\/td><td>1<\/td><\/tr><tr><td>numpages<\/td><td>0<\/td><td>1<\/td><\/tr><tr><td>is_archive<\/td><td>1<\/td><td><\/td><\/tr><tr><td>is_search<\/td><td>1<\/td><td><\/td><\/tr><tr><td>is_home<\/td><td>1<\/td><td><\/td><\/tr><tr><td>is_404<\/td><td>1<\/td><td><\/td><\/tr><tr><td>is_attachment<\/td><td>1<\/td><td><\/td><\/tr><tr><td>is_singular<\/td><td>1<\/td><td><\/td><\/tr><tr><td>is_front_page<\/td><td>1<\/td><td><\/td><\/tr><tr><td>is_feed<\/td><td>1<\/td><td><\/td><\/tr><\/table><\/div><br><br><span style=\"color: red;\">Seu site usa HTTPS, mas o c\u00f3digo do an\u00fancio cont\u00e9m HTTP e pode n\u00e3o funcionar.<\/span>\t<br><br>\n\t<a style=\"color: green;\" href=\"https:\/\/wpadvancedads.com\/manual\/ad-debug-mode\/?utm_source=advanced-ads&utm_medium=link&utm_campaign=ad-debug-mode\" target=\"_blank\" rel=\"nofollow\">Encontre solu\u00e7\u00f5es no manual<\/a>\n<\/div>\n<\/li><\/ul><\/div><script>( window.advanced_ads_ready || jQuery( document ).ready ).call( null, function() {var $lavraslider2180371835 = jQuery( \".lavra-slider-2180371835\" );$lavraslider2180371835.on( \"unslider.ready\", function() { jQuery( \"div.custom-slider ul li\" ).css( \"display\", \"block\" ); });$lavraslider2180371835.unslider({ delay:4000, autoplay:true, nav:false, arrows:false, infinite:true });$lavraslider2180371835.on(\"mouseover\", function() {$lavraslider2180371835.unslider(\"stop\");}).on(\"mouseout\", function() {$lavraslider2180371835.unslider(\"start\");});});<\/script><\/div>\n<p>Os respons\u00e1veis pela se\u00e7\u00e3o de tortura s\u00e3o outros tr\u00eas adolescentes que filmaram o ato em meio a agress\u00f5es ao menino em Po\u00e7os de Caldas, no Sul de Minas<\/p>\n\n\n\n<figure class=\"wp-block-image size-large\"><img fetchpriority=\"high\" decoding=\"async\" width=\"970\" height=\"582\" src=\"https:\/\/lavras.tv\/site\/wp-content\/uploads\/2024\/11\/1_lesma-41934185-970x582.jpg\" alt=\"\" class=\"wp-image-138688\" srcset=\"https:\/\/lavras.tv\/site\/wp-content\/uploads\/2024\/11\/1_lesma-41934185-970x582.jpg 970w, https:\/\/lavras.tv\/site\/wp-content\/uploads\/2024\/11\/1_lesma-41934185-470x282.jpg 470w, https:\/\/lavras.tv\/site\/wp-content\/uploads\/2024\/11\/1_lesma-41934185-170x102.jpg 170w, https:\/\/lavras.tv\/site\/wp-content\/uploads\/2024\/11\/1_lesma-41934185-200x120.jpg 200w, https:\/\/lavras.tv\/site\/wp-content\/uploads\/2024\/11\/1_lesma-41934185.jpg 1200w\" sizes=\"(max-width: 970px) 100vw, 970px\" \/><\/figure>\n\n\n\n<p>Cercada, recebendo amea\u00e7as e socos, uma crian\u00e7a de 12 anos foi obrigada a beber \u00e1gua com cuspes e a engolir um caracol por outros tr\u00eas adolescentes da mesma escola em Po\u00e7os de Caldas, no Sul de Minas, no \u00faltimo dia 7 de novembro.<\/p>\n\n\n\n<p>O v\u00eddeo com essa sess\u00e3o de tortura circulou na internet e provocou muitas manifesta\u00e7\u00f5es de indigna\u00e7\u00e3o e solidariedade ao menino. A Pol\u00edcia Civil investiga o caso de bullying.<\/p>\n\n\n\n<p>Os agressores t\u00eam 12, 15 e 16 anos, s\u00e3o da mesma escola da v\u00edtima, mas a tortura e as agress\u00f5es ocorreram fora da institui\u00e7\u00e3o de ensino. Por serem menores, o inqu\u00e9rito corre em sigilo.<\/p>\n\n\n\n<p>A Pol\u00edcia Civil de Minas Gerais (PCMG) confirmou que est\u00e1 investigando um caso envolvendo adolescentes, com idades de 12, 15 e 16 anos, suspeitos de praticarem atos infracionais an\u00e1logos \u00e0 amea\u00e7a, constrangimento ilegal, perigo para a vida e sa\u00fade, e inj\u00faria contra um colega de escola, de 12 anos. &#8220;Conforme apurado, os adolescentes teriam, mediante amea\u00e7as, for\u00e7ado a v\u00edtima a comer uma lesma, expondo sua sa\u00fade a risco&#8221;.<\/p>\n\n\n\n<p>A ingest\u00e3o de lesmas pode representar um risco \u00e0 sa\u00fade devido \u00e0 possibilidade de contrair doen\u00e7as, como a angiostrongil\u00edase meningoencef\u00e1lica, tamb\u00e9m conhecida como meningite eosinof\u00edlica. Em algumas situa\u00e7\u00f5es (1% a 3%) a infec\u00e7\u00e3o pode ser grave, causando complica\u00e7\u00f5es neurol\u00f3gicas severas e at\u00e9 mesmo o \u00f3bito, segundo dados do Minist\u00e9rio da Sa\u00fade.<\/p>\n\n\n\n<p>Segundo relato da crian\u00e7a agredida, ele tinha sa\u00eddo da escola e foi abordada pelo trio na Avenida Irradia\u00e7\u00e3o, pr\u00f3ximo ao Centro da cidade. Sob amea\u00e7as, o menino de 12 anos foi levado at\u00e9 o chamado escad\u00e3o do Bairro S\u00e3o Jos\u00e9, uma escadaria que liga a Avenida Fosco Pardini \u00e0 parte alta, na Rua Cam\u00e9lias.<\/p>\n\n\n\n<p>O primeiro v\u00eddeo mostra uma roda de adolescentes com um copo de \u00e1gua na m\u00e3o. Eles cospem no copo e depois obrigam o menino a beber o l\u00edquido. &#8220;Se n\u00e3o beber, vai tomar (apanhar)&#8221;, diz um dos adolescentes. &#8220;Mistura um pouco de terra (na \u00e1gua)&#8221;, sugere outro, para piorar a humilha\u00e7\u00e3o.<\/p>\n\n\n\n<p>Em outro v\u00eddeo, o menino recebe uma lesma marrom do tamanho de um dedo polegar e \u00e9 obrigado a colocar o invertebrado na boca. &#8220;\u00c9 para comer. Se n\u00e3o comer, vai tomar&#8221;, diz um dos adolescentes para a v\u00edtima. &#8220;E tem que morder&#8221;, exige outro adolescente.<\/p>\n\n\n\n<p>O garoto coloca o animal na boca e n\u00e3o o engole, mas mostra uma contagem com os dedos insinuando que vai s\u00f3 ficar com o bicho na boca por um tempo. Os adolescente agarram o menino e ficam repetindo que \u00e9 para engolir a lesma.<\/p>\n\n\n\n<p>Enojado, o garoto cospe o animal de volta para a sua m\u00e3o. A m\u00e3o do menino \u00e9 levada novamente \u00e0 boca por um dos adolescentes e ele tenta engolir a lesma mais uma vez, mas cospe, expondo a l\u00edngua e fechando a express\u00e3o em uma demonstra\u00e7\u00e3o de nojo.<\/p>\n\n\n\n<p>Por desobedecer, ele recebe um soco na cabe\u00e7a. Gemendo de dor, o menino esfrega a m\u00e3o no local do ferimento. Em seguida, o menino engole a lesma e come\u00e7a a sentir enjoo e ter rea\u00e7\u00f5es de v\u00f4mito, at\u00e9 que os adolescentes permitem que ele cuspa o animal na m\u00e3o e o mostre para a c\u00e2mera.<\/p>\n\n\n\n<p>A fam\u00edlia tomou conhecimento dos v\u00eddeos por meio de uma vizinha. O menino passou mal e precisou ser atendido em um hospital da cidade com n\u00e1useas e v\u00f4mitos.<\/p>\n\n\n\n<p>A escola informou que a situa\u00e7\u00e3o foi repassada ao respons\u00e1vel pela crian\u00e7a agredida e que n\u00e3o havia registros de bullying contra ele na institui\u00e7\u00e3o. O Conselho tutelar vai requerer medidas de prote\u00e7\u00e3o \u00e0 crian\u00e7a na escola.<\/p>\n\n\n\n<p>Segundo a Lei n\u00ba 14.811\/2024, o bullying e o cyberbullying s\u00e3o crimes acrescentados ao artigo 146-A do C\u00f3digo Penal, definindo o bullying como intimida\u00e7\u00e3o sistem\u00e1tica, com pena de multa ou reclus\u00e3o de 1 a 3 anos e o cyberbullying sendo o mesmo por meio virtual, podendo ser punido com pris\u00e3o de 2 a 4 anos e multa. Pelas baixas penas, os crimes permitem penas comutadas a regimes semiaberto ou aberto.<\/p>\n\n\n\n<p>Como se tratam de menores de 18 anos, em vez de pris\u00e3o o Estatuto da Crian\u00e7a e do Adolescente (ECA) prev\u00ea medidas socioeducativas aos atos infracionais visando a educa\u00e7\u00e3o, a ressocializa\u00e7\u00e3o e a responsabiliza\u00e7\u00e3o do agressor, e podem variar desde advert\u00eancia at\u00e9 interna\u00e7\u00e3o em estabelecimento educacional.<\/p>\n\n\n\n<p>Os pais ou respons\u00e1veis pelos menores agressores podem ser responsabilizados em a\u00e7\u00e3o c\u00edvel pelos danos morais e f\u00edsicos causados \u00e0 v\u00edtima, tendo de arcar com despesas m\u00e9dicas, psicol\u00f3gicas e danos morais.<\/p>\n","protected":false},"excerpt":{"rendered":"<p>Os respons\u00e1veis pela se\u00e7\u00e3o de tortura s\u00e3o outros tr\u00eas adolescentes que filmaram o ato em meio a agress\u00f5es ao menino em Po\u00e7os de Caldas, no Sul de Minas Cercada, recebendo amea\u00e7as e socos, uma crian\u00e7a de 12 anos foi obrigada a beber \u00e1gua com cuspes e a engolir um caracol por outros tr\u00eas adolescentes da [&hellip;]<\/p>\n","protected":false},"author":5,"featured_media":138688,"comment_status":"closed","ping_status":"open","sticky":false,"template":"","format":"standard","meta":{"advgb_blocks_editor_width":"","advgb_blocks_columns_visual_guide":"","_exactmetrics_skip_tracking":false,"_exactmetrics_sitenote_active":false,"_exactmetrics_sitenote_note":"","_exactmetrics_sitenote_category":0,"footnotes":""},"categories":[7,2],"tags":[],"class_list":["post-138687","post","type-post","status-publish","format-standard","has-post-thumbnail","hentry","category-destaques","category-noticias"],"better_featured_image":{"id":138688,"alt_text":"","caption":"","description":"","media_type":"image","media_details":{"width":1200,"height":720,"file":"2024\/11\/1_lesma-41934185.jpg","filesize":80978,"sizes":{"medium":{"file":"1_lesma-41934185-470x282.jpg","width":470,"height":282,"mime-type":"image\/jpeg","filesize":13667,"source_url":"https:\/\/lavras.tv\/site\/wp-content\/uploads\/2024\/11\/1_lesma-41934185-470x282.jpg"},"large":{"file":"1_lesma-41934185-970x582.jpg","width":970,"height":582,"mime-type":"image\/jpeg","filesize":40038,"source_url":"https:\/\/lavras.tv\/site\/wp-content\/uploads\/2024\/11\/1_lesma-41934185-970x582.jpg"},"thumbnail":{"file":"1_lesma-41934185-170x102.jpg","width":170,"height":102,"mime-type":"image\/jpeg","filesize":3495,"source_url":"https:\/\/lavras.tv\/site\/wp-content\/uploads\/2024\/11\/1_lesma-41934185-170x102.jpg"},"lshowcase-thumb":{"file":"1_lesma-41934185-200x120.jpg","width":200,"height":120,"mime-type":"image\/jpeg","filesize":4150,"source_url":"https:\/\/lavras.tv\/site\/wp-content\/uploads\/2024\/11\/1_lesma-41934185-200x120.jpg"},"alm-thumbnail":{"file":"1_lesma-41934185-150x150.jpg","width":150,"height":150,"mime-type":"image\/jpeg","filesize":3689,"source_url":"https:\/\/lavras.tv\/site\/wp-content\/uploads\/2024\/11\/1_lesma-41934185-150x150.jpg"}},"image_meta":{"aperture":"0","credit":"","camera":"","caption":"","created_timestamp":"0","copyright":"","focal_length":"0","iso":"0","shutter_speed":"0","title":"","orientation":"0","keywords":[]}},"post":138687,"source_url":"https:\/\/lavras.tv\/site\/wp-content\/uploads\/2024\/11\/1_lesma-41934185.jpg"},"author_meta":{"display_name":"Vinicius Bustamante","author_link":"https:\/\/lavras.tv\/site\/author\/vinicius-bustamante\/"},"featured_img":"https:\/\/lavras.tv\/site\/wp-content\/uploads\/2024\/11\/1_lesma-41934185-470x282.jpg","coauthors":[],"tax_additional":{"categories":{"linked":["<a href=\"https:\/\/lavras.tv\/site\/category\/destaques\/\" class=\"advgb-post-tax-term\">Destaques<\/a>","<a href=\"https:\/\/lavras.tv\/site\/category\/noticias\/\" class=\"advgb-post-tax-term\">Not\u00edcias<\/a>"],"unlinked":["<span class=\"advgb-post-tax-term\">Destaques<\/span>","<span class=\"advgb-post-tax-term\">Not\u00edcias<\/span>"]}},"comment_count":"0","relative_dates":{"created":"Publicado 1 ano atr\u00e1s","modified":"Atualizado 1 ano atr\u00e1s"},"absolute_dates":{"created":"Publicado em 21 de novembro de 2024","modified":"Atualizado em 21 de novembro de 2024"},"absolute_dates_time":{"created":"Publicado em 21 de novembro de 2024 15:29","modified":"Atualizado em 21 de novembro de 2024 15:29"},"featured_img_caption":"","series_order":"","_links":{"self":[{"href":"https:\/\/lavras.tv\/site\/wp-json\/wp\/v2\/posts\/138687","targetHints":{"allow":["GET"]}}],"collection":[{"href":"https:\/\/lavras.tv\/site\/wp-json\/wp\/v2\/posts"}],"about":[{"href":"https:\/\/lavras.tv\/site\/wp-json\/wp\/v2\/types\/post"}],"author":[{"embeddable":true,"href":"https:\/\/lavras.tv\/site\/wp-json\/wp\/v2\/users\/5"}],"replies":[{"embeddable":true,"href":"https:\/\/lavras.tv\/site\/wp-json\/wp\/v2\/comments?post=138687"}],"version-history":[{"count":1,"href":"https:\/\/lavras.tv\/site\/wp-json\/wp\/v2\/posts\/138687\/revisions"}],"predecessor-version":[{"id":138689,"href":"https:\/\/lavras.tv\/site\/wp-json\/wp\/v2\/posts\/138687\/revisions\/138689"}],"wp:featuredmedia":[{"embeddable":true,"href":"https:\/\/lavras.tv\/site\/wp-json\/wp\/v2\/media\/138688"}],"wp:attachment":[{"href":"https:\/\/lavras.tv\/site\/wp-json\/wp\/v2\/media?parent=138687"}],"wp:term":[{"taxonomy":"category","embeddable":true,"href":"https:\/\/lavras.tv\/site\/wp-json\/wp\/v2\/categories?post=138687"},{"taxonomy":"post_tag","embeddable":true,"href":"https:\/\/lavras.tv\/site\/wp-json\/wp\/v2\/tags?post=138687"}],"curies":[{"name":"wp","href":"https:\/\/api.w.org\/{rel}","templated":true}]}}