{"id":13883,"date":"2017-12-21T09:22:49","date_gmt":"2017-12-21T11:22:49","guid":{"rendered":"http:\/\/lavras.tv\/site\/?p=13883"},"modified":"2017-12-21T09:22:49","modified_gmt":"2017-12-21T11:22:49","slug":"informe-parlamentar-deputada-damina-pereira-socorre-a-saude-de-lavras","status":"publish","type":"post","link":"https:\/\/lavras.tv\/site\/2017\/12\/21\/informe-parlamentar-deputada-damina-pereira-socorre-a-saude-de-lavras\/","title":{"rendered":"[Informe Parlamentar] Deputada D\u00e2mina Pereira socorre a sa\u00fade de Lavras"},"content":{"rendered":"<div class=\"lavra-antes-do-conteudo_2\" id=\"lavra-2729958910\"><div id=\"lavra-slider-27\" class=\"custom-slider lavra-slider-3294138139 lavra-slider\"><ul><li><div style=\"margin-left: auto;margin-right: auto;text-align: center;\" id=\"lavra-1662027490\"><a href=\"https:\/\/sistemas.lavras.mg.gov.br\/portalcidadao\/#df1b1a7c7b2a290bcb31e32771e610784662739a88807c0dacac58ede5f391a7530e299dc302d611ee73cb143fc22eaf93592e53e7b5bdb01b00a0b8d28dae460c141dd2ff83412e4dc1c31b16b25f33144a9e5620ea73b13f5bc1c59411d98439ad226e8af03840603796067d87afe130812cf3de24982d0e306f9e61e764e5\" aria-label=\"Lavras-TV&#8211;720x104px (1) (1)\"><img src=\"https:\/\/lavras.tv\/site\/wp-content\/uploads\/2025\/01\/Lavras-TV-720x104px-1-1.png\" alt=\"\"  srcset=\"https:\/\/lavras.tv\/site\/wp-content\/uploads\/2025\/01\/Lavras-TV-720x104px-1-1.png 720w, https:\/\/lavras.tv\/site\/wp-content\/uploads\/2025\/01\/Lavras-TV-720x104px-1-1-470x68.png 470w, https:\/\/lavras.tv\/site\/wp-content\/uploads\/2025\/01\/Lavras-TV-720x104px-1-1-170x25.png 170w, https:\/\/lavras.tv\/site\/wp-content\/uploads\/2025\/01\/Lavras-TV-720x104px-1-1-200x29.png 200w\" sizes=\"(max-width: 720px) 100vw, 720px\" width=\"720\" height=\"104\"  style=\"display: inline-block;\" \/><\/a><\/div><\/li><li><a href=\"https:\/\/sistemas.lavras.mg.gov.br\/portalcidadao\/#df1b1a7c7b2a290bcb31e32771e610784662739a88807c0dacac58ede5f391a7530e299dc302d611ee73cb143fc22eaf93592e53e7b5bdb01b00a0b8d28dae460c141dd2ff83412e4dc1c31b16b25f33144a9e5620ea73b13f5bc1c59411d98439ad226e8af03840603796067d87afe130812cf3de24982d0e306f9e61e764e5\" aria-label=\"Banner_Emprego_PortallavrasTV\"><img src=\"https:\/\/lavras.tv\/site\/wp-content\/uploads\/2025\/03\/Banner_Emprego_PortallavrasTV.png\" alt=\"\"  srcset=\"https:\/\/lavras.tv\/site\/wp-content\/uploads\/2025\/03\/Banner_Emprego_PortallavrasTV.png 720w, https:\/\/lavras.tv\/site\/wp-content\/uploads\/2025\/03\/Banner_Emprego_PortallavrasTV-470x68.png 470w, https:\/\/lavras.tv\/site\/wp-content\/uploads\/2025\/03\/Banner_Emprego_PortallavrasTV-170x25.png 170w, https:\/\/lavras.tv\/site\/wp-content\/uploads\/2025\/03\/Banner_Emprego_PortallavrasTV-200x29.png 200w\" sizes=\"(max-width: 720px) 100vw, 720px\" width=\"720\" height=\"104\"   \/><\/a><\/li><li><a href=\"https:\/\/sistemas.lavras.mg.gov.br\/portalcidadao\/#df1b1a7c7b2a290bcb31e32771e610784662739a88807c0dacac58ede5f391a7530e299dc302d611ee73cb143fc22eaf93592e53e7b5bdb01b00a0b8d28dae460c141dd2ff83412e4dc1c31b16b25f33144a9e5620ea73b13f5bc1c59411d98439ad226e8af03840603796067d87afe130812cf3de24982d0e306f9e61e764e5\" aria-label=\"Banner_Obras_PortallavrasTV\"><img src=\"https:\/\/lavras.tv\/site\/wp-content\/uploads\/2025\/03\/Banner_Obras_PortallavrasTV.png\" alt=\"\"  srcset=\"https:\/\/lavras.tv\/site\/wp-content\/uploads\/2025\/03\/Banner_Obras_PortallavrasTV.png 720w, https:\/\/lavras.tv\/site\/wp-content\/uploads\/2025\/03\/Banner_Obras_PortallavrasTV-470x68.png 470w, https:\/\/lavras.tv\/site\/wp-content\/uploads\/2025\/03\/Banner_Obras_PortallavrasTV-170x25.png 170w, https:\/\/lavras.tv\/site\/wp-content\/uploads\/2025\/03\/Banner_Obras_PortallavrasTV-200x29.png 200w\" sizes=\"(max-width: 720px) 100vw, 720px\" width=\"720\" height=\"104\"   \/><\/a><\/li><li><div style=\"margin-left: auto;margin-right: auto;text-align: center;\" id=\"lavra-1381096812\"><a href=\"https:\/\/sistemas.lavras.mg.gov.br\/portalcidadao\/#df1b1a7c7b2a290bcb31e32771e610784662739a88807c0dacac58ede5f391a7530e299dc302d611ee73cb143fc22eaf93592e53e7b5bdb01b00a0b8d28dae460c141dd2ff83412e4dc1c31b16b25f33144a9e5620ea73b13f5bc1c59411d98439ad226e8af03840603796067d87afe130812cf3de24982d0e306f9e61e764e5\" aria-label=\"Banner_Educa\u00e7\u00e3o_PortallavrasTV\"><img src=\"https:\/\/lavras.tv\/site\/wp-content\/uploads\/2025\/01\/Banner_Educacao_PortallavrasTV.png\" alt=\"\"  srcset=\"https:\/\/lavras.tv\/site\/wp-content\/uploads\/2025\/01\/Banner_Educacao_PortallavrasTV.png 720w, https:\/\/lavras.tv\/site\/wp-content\/uploads\/2025\/01\/Banner_Educacao_PortallavrasTV-470x68.png 470w, https:\/\/lavras.tv\/site\/wp-content\/uploads\/2025\/01\/Banner_Educacao_PortallavrasTV-170x25.png 170w, https:\/\/lavras.tv\/site\/wp-content\/uploads\/2025\/01\/Banner_Educacao_PortallavrasTV-200x29.png 200w\" sizes=\"(max-width: 720px) 100vw, 720px\" width=\"720\" height=\"104\"  style=\"display: inline-block;\" \/><\/a><\/div><\/li><li><a href=\"https:\/\/sistemas.lavras.mg.gov.br\/portalcidadao\/#df1b1a7c7b2a290bcb31e32771e610784662739a88807c0dacac58ede5f391a7530e299dc302d611ee73cb143fc22eaf93592e53e7b5bdb01b00a0b8d28dae460c141dd2ff83412e4dc1c31b16b25f33144a9e5620ea73b13f5bc1c59411d98439ad226e8af03840603796067d87afe130812cf3de24982d0e306f9e61e764e5\" aria-label=\"Banner_Sa\u00fade_PortallavrasTV\"><img src=\"https:\/\/lavras.tv\/site\/wp-content\/uploads\/2025\/03\/Banner_Saude_PortallavrasTV.png\" alt=\"\"  srcset=\"https:\/\/lavras.tv\/site\/wp-content\/uploads\/2025\/03\/Banner_Saude_PortallavrasTV.png 720w, https:\/\/lavras.tv\/site\/wp-content\/uploads\/2025\/03\/Banner_Saude_PortallavrasTV-470x68.png 470w, https:\/\/lavras.tv\/site\/wp-content\/uploads\/2025\/03\/Banner_Saude_PortallavrasTV-170x25.png 170w, https:\/\/lavras.tv\/site\/wp-content\/uploads\/2025\/03\/Banner_Saude_PortallavrasTV-200x29.png 200w\" sizes=\"(max-width: 720px) 100vw, 720px\" width=\"720\" height=\"104\"   \/><\/a><\/li><li><div id=\"lavra-3001429859\" style=\"width:720px;height:104px;background-color:#ddd;overflow:scroll;\">\n\t<strong>Sa\u00edda da depura\u00e7\u00e3o de an\u00fancios<\/strong>\n\t<br><br>\n\tO an\u00fancio n\u00e3o \u00e9 exibido na p\u00e1gina<br><br>post atual: [Informe Parlamentar] Deputada D\u00e2mina Pereira socorre a sa\u00fade de Lavras, ID: 13883<br><br><span style=\"color: red;\">O post atual n\u00e3o \u00e9 id\u00eantico ao post principal.<\/span><br><br>An\u00fancios: ROXO - TOPO INTERNA - ROTATIVO 2 (197)<br \/>Grupo de an\u00fancios: Princ_Meio01_720x104 (27)<br><br>Condi\u00e7\u00f5es de exibi\u00e7\u00e3o<div style=\"margin-bottom: 20px; white-space: pre-wrap; font-family: monospace; width: 100%; background: #ffe9e9;\"><strong>condi\u00e7\u00f5es gerais<\/strong><table border=\"1\"><thead><tr><th><\/th><th>An\u00fancios<\/th><th>wp_the_query<\/th><\/tr><\/thead><tr><td>is_main_query<\/td><td>1<\/td><td>1<\/td><\/tr><tr><td>is_rest_api<\/td><td>0<\/td><td>1<\/td><\/tr><tr><td>page<\/td><td>0<\/td><td>1<\/td><\/tr><tr><td>numpages<\/td><td>0<\/td><td>1<\/td><\/tr><tr><td>is_archive<\/td><td>1<\/td><td><\/td><\/tr><tr><td>is_search<\/td><td>1<\/td><td><\/td><\/tr><tr><td>is_home<\/td><td>1<\/td><td><\/td><\/tr><tr><td>is_404<\/td><td>1<\/td><td><\/td><\/tr><tr><td>is_attachment<\/td><td>1<\/td><td><\/td><\/tr><tr><td>is_singular<\/td><td>1<\/td><td><\/td><\/tr><tr><td>is_front_page<\/td><td>1<\/td><td><\/td><\/tr><tr><td>is_feed<\/td><td>1<\/td><td><\/td><\/tr><\/table><\/div><br><br><span style=\"color: red;\">Seu site usa HTTPS, mas o c\u00f3digo do an\u00fancio cont\u00e9m HTTP e pode n\u00e3o funcionar.<\/span>\t<br><br>\n\t<a style=\"color: green;\" href=\"https:\/\/wpadvancedads.com\/manual\/ad-debug-mode\/?utm_source=advanced-ads&utm_medium=link&utm_campaign=ad-debug-mode\" target=\"_blank\" rel=\"nofollow\">Encontre solu\u00e7\u00f5es no manual<\/a>\n<\/div>\n<\/li><\/ul><\/div><script>( window.advanced_ads_ready || jQuery( document ).ready ).call( null, function() {var $lavraslider3294138139 = jQuery( \".lavra-slider-3294138139\" );$lavraslider3294138139.on( \"unslider.ready\", function() { jQuery( \"div.custom-slider ul li\" ).css( \"display\", \"block\" ); });$lavraslider3294138139.unslider({ delay:4000, autoplay:true, nav:false, arrows:false, infinite:true });$lavraslider3294138139.on(\"mouseover\", function() {$lavraslider3294138139.unslider(\"stop\");}).on(\"mouseout\", function() {$lavraslider3294138139.unslider(\"start\");});});<\/script><\/div><p class=\"m_7386888577207549979gmail-MsoNoSpacing\">Um dos compromissos de campanha da deputada federal D\u00e2mina Pereira (PSL\/MG) por Minas Gerais foi priorizar a sa\u00fade no Estado.<!--more--> Metas que ela vem cumprindo desde o in\u00edcio do seu mandato. Para Lavras j\u00e1 s\u00e3o mais de 16 milh\u00f5es em investimentos para a sa\u00fade.<\/p>\n<p class=\"m_7386888577207549979gmail-MsoNoSpacing\">E os recursos n\u00e3o param. Foi empenhado (separado para pagamento) o valor de R$688.375,00 referente \u00e0 emenda individual da parlamentar. O montante foi destinado por ela a Unidade de Pronto Atendimento de Lavras (UPA\/Lavras), que fica no bairro Santa Efig\u00eania.<\/p>\n<p class=\"m_7386888577207549979gmail-MsoNoSpacing\"><img fetchpriority=\"high\" decoding=\"async\" class=\"alignnone size-full wp-image-13884 aligncenter\" src=\"http:\/\/lavras.tv\/site\/wp-content\/uploads\/2017\/12\/img201706061626245918453.jpg\" alt=\"img201706061626245918453\" width=\"2003\" height=\"1312\" srcset=\"https:\/\/lavras.tv\/site\/wp-content\/uploads\/2017\/12\/img201706061626245918453.jpg 2003w, https:\/\/lavras.tv\/site\/wp-content\/uploads\/2017\/12\/img201706061626245918453-150x98.jpg 150w, https:\/\/lavras.tv\/site\/wp-content\/uploads\/2017\/12\/img201706061626245918453-300x197.jpg 300w, https:\/\/lavras.tv\/site\/wp-content\/uploads\/2017\/12\/img201706061626245918453-1024x671.jpg 1024w\" sizes=\"(max-width: 2003px) 100vw, 2003px\" \/><\/p>\n<p class=\"m_7386888577207549979gmail-MsoNoSpacing\">\u201cIndiquei esse recurso para a UPA por conhecer as necessidades de quem depende da sa\u00fade p\u00fablica em Lavras. Recursos como esses mostram o quanto \u00e9 importante o munic\u00edpio ter uma representatividade dentro da C\u00e2mara dos Deputados\u201d, explicou.<\/p>\n<p class=\"m_7386888577207549979gmail-MsoNoSpacing\">D\u00e2mina tamb\u00e9m agradeceu pelos votos recebidos. \u201c\u00c9 com muita responsabilidade que agrade\u00e7o a confian\u00e7a que os mineiros me deram de ser a primeira mulher eleita deputada federal na cidade. E com certeza continuarei buscando auxilio n\u00e3o s\u00f3 para Lavras, mas para todos os munic\u00edpios mineiros\u201d, concluiu.<\/p>\n<p class=\"m_7386888577207549979gmail-MsoNoSpacing\">Fonte: gabinete da deputada D\u00e2mina Pereira<\/p>\n","protected":false},"excerpt":{"rendered":"<p>Um dos compromissos de campanha da deputada federal D\u00e2mina Pereira (PSL\/MG) por Minas Gerais foi priorizar a sa\u00fade no Estado.<\/p>\n","protected":false},"author":2,"featured_media":13884,"comment_status":"closed","ping_status":"open","sticky":false,"template":"","format":"standard","meta":{"advgb_blocks_editor_width":"","advgb_blocks_columns_visual_guide":"","_exactmetrics_skip_tracking":false,"_exactmetrics_sitenote_active":false,"_exactmetrics_sitenote_note":"","_exactmetrics_sitenote_category":0,"footnotes":""},"categories":[7,12],"tags":[671,3313,1962],"class_list":["post-13883","post","type-post","status-publish","format-standard","has-post-thumbnail","hentry","category-destaques","category-politica","tag-damina-pereira","tag-deputada","tag-informe-parlamentar"],"better_featured_image":{"id":13884,"alt_text":"","caption":"","description":"","media_type":"image","media_details":{"width":2003,"height":1312,"file":"2017\/12\/img201706061626245918453.jpg","sizes":{"thumbnail":{"file":"img201706061626245918453-150x98.jpg","width":150,"height":98,"mime-type":"image\/jpeg","source_url":"https:\/\/lavras.tv\/site\/wp-content\/uploads\/2017\/12\/img201706061626245918453-150x98.jpg"},"medium":{"file":"img201706061626245918453-300x197.jpg","width":300,"height":197,"mime-type":"image\/jpeg","source_url":"https:\/\/lavras.tv\/site\/wp-content\/uploads\/2017\/12\/img201706061626245918453-300x197.jpg"},"large":{"file":"img201706061626245918453-1024x671.jpg","width":1024,"height":671,"mime-type":"image\/jpeg","source_url":"https:\/\/lavras.tv\/site\/wp-content\/uploads\/2017\/12\/img201706061626245918453-1024x671.jpg"},"featured-slider-img":{"file":"img201706061626245918453-640x480.jpg","width":640,"height":480,"mime-type":"image\/jpeg","source_url":"https:\/\/lavras.tv\/site\/wp-content\/uploads\/2017\/12\/img201706061626245918453-640x480.jpg"},"featured-post-img":{"file":"img201706061626245918453-480x320.jpg","width":480,"height":320,"mime-type":"image\/jpeg","source_url":"https:\/\/lavras.tv\/site\/wp-content\/uploads\/2017\/12\/img201706061626245918453-480x320.jpg"},"sow-carousel-default":{"file":"img201706061626245918453-272x182.jpg","width":272,"height":182,"mime-type":"image\/jpeg","source_url":"https:\/\/lavras.tv\/site\/wp-content\/uploads\/2017\/12\/img201706061626245918453-272x182.jpg"}},"image_meta":{"aperture":"3.2","credit":"Gilmar Felix","camera":"NIKON D700","caption":"","created_timestamp":"1496762232","copyright":"ANB","focal_length":"200","iso":"2000","shutter_speed":"0.0025","title":"","orientation":"1","keywords":[]}},"post":13883,"source_url":"https:\/\/lavras.tv\/site\/wp-content\/uploads\/2017\/12\/img201706061626245918453.jpg"},"author_meta":{"display_name":"Lavras TV","author_link":"https:\/\/lavras.tv\/site\/author\/lavrastv\/"},"featured_img":"https:\/\/lavras.tv\/site\/wp-content\/uploads\/2017\/12\/img201706061626245918453-300x197.jpg","coauthors":[],"tax_additional":{"categories":{"linked":["<a href=\"https:\/\/lavras.tv\/site\/category\/destaques\/\" class=\"advgb-post-tax-term\">Destaques<\/a>","<a href=\"https:\/\/lavras.tv\/site\/category\/politica\/\" class=\"advgb-post-tax-term\">Pol\u00edtica<\/a>"],"unlinked":["<span class=\"advgb-post-tax-term\">Destaques<\/span>","<span class=\"advgb-post-tax-term\">Pol\u00edtica<\/span>"]},"tags":{"linked":["<a href=\"https:\/\/lavras.tv\/site\/category\/politica\/\" class=\"advgb-post-tax-term\">D\u00e2mina Pereira<\/a>","<a href=\"https:\/\/lavras.tv\/site\/category\/politica\/\" class=\"advgb-post-tax-term\">deputada<\/a>","<a href=\"https:\/\/lavras.tv\/site\/category\/politica\/\" class=\"advgb-post-tax-term\">informe parlamentar<\/a>"],"unlinked":["<span class=\"advgb-post-tax-term\">D\u00e2mina Pereira<\/span>","<span class=\"advgb-post-tax-term\">deputada<\/span>","<span class=\"advgb-post-tax-term\">informe parlamentar<\/span>"]}},"comment_count":"0","relative_dates":{"created":"Publicado 8 anos atr\u00e1s","modified":"Atualizado 8 anos atr\u00e1s"},"absolute_dates":{"created":"Publicado em 21 de dezembro de 2017","modified":"Atualizado em 21 de dezembro de 2017"},"absolute_dates_time":{"created":"Publicado em 21 de dezembro de 2017 09:22","modified":"Atualizado em 21 de dezembro de 2017 09:22"},"featured_img_caption":"","series_order":"","_links":{"self":[{"href":"https:\/\/lavras.tv\/site\/wp-json\/wp\/v2\/posts\/13883","targetHints":{"allow":["GET"]}}],"collection":[{"href":"https:\/\/lavras.tv\/site\/wp-json\/wp\/v2\/posts"}],"about":[{"href":"https:\/\/lavras.tv\/site\/wp-json\/wp\/v2\/types\/post"}],"author":[{"embeddable":true,"href":"https:\/\/lavras.tv\/site\/wp-json\/wp\/v2\/users\/2"}],"replies":[{"embeddable":true,"href":"https:\/\/lavras.tv\/site\/wp-json\/wp\/v2\/comments?post=13883"}],"version-history":[{"count":1,"href":"https:\/\/lavras.tv\/site\/wp-json\/wp\/v2\/posts\/13883\/revisions"}],"predecessor-version":[{"id":13885,"href":"https:\/\/lavras.tv\/site\/wp-json\/wp\/v2\/posts\/13883\/revisions\/13885"}],"wp:featuredmedia":[{"embeddable":true,"href":"https:\/\/lavras.tv\/site\/wp-json\/wp\/v2\/media\/13884"}],"wp:attachment":[{"href":"https:\/\/lavras.tv\/site\/wp-json\/wp\/v2\/media?parent=13883"}],"wp:term":[{"taxonomy":"category","embeddable":true,"href":"https:\/\/lavras.tv\/site\/wp-json\/wp\/v2\/categories?post=13883"},{"taxonomy":"post_tag","embeddable":true,"href":"https:\/\/lavras.tv\/site\/wp-json\/wp\/v2\/tags?post=13883"}],"curies":[{"name":"wp","href":"https:\/\/api.w.org\/{rel}","templated":true}]}}