{"id":138922,"date":"2024-11-22T15:30:07","date_gmt":"2024-11-22T18:30:07","guid":{"rendered":"https:\/\/lavras.tv\/site\/?p=138922"},"modified":"2024-11-22T15:30:08","modified_gmt":"2024-11-22T18:30:08","slug":"pacientes-do-sus-em-minas-gerais-podem-escolher-hospital-para-a-realizacao-de-cirurgias-eletivas","status":"publish","type":"post","link":"https:\/\/lavras.tv\/site\/2024\/11\/22\/pacientes-do-sus-em-minas-gerais-podem-escolher-hospital-para-a-realizacao-de-cirurgias-eletivas\/","title":{"rendered":"Pacientes do SUS em Minas Gerais podem escolher hospital para a realiza\u00e7\u00e3o de cirurgias eletivas"},"content":{"rendered":"<div class=\"lavra-antes-do-conteudo_2\" id=\"lavra-327792809\"><div id=\"lavra-slider-27\" class=\"custom-slider lavra-slider-508746479 lavra-slider\"><ul><li><div style=\"margin-left: auto;margin-right: auto;text-align: center;\" id=\"lavra-3249389765\"><a href=\"https:\/\/sistemas.lavras.mg.gov.br\/portalcidadao\/#df1b1a7c7b2a290bcb31e32771e610784662739a88807c0dacac58ede5f391a7530e299dc302d611ee73cb143fc22eaf93592e53e7b5bdb01b00a0b8d28dae460c141dd2ff83412e4dc1c31b16b25f33144a9e5620ea73b13f5bc1c59411d98439ad226e8af03840603796067d87afe130812cf3de24982d0e306f9e61e764e5\" aria-label=\"Lavras-TV&#8211;720x104px (1) (1)\"><img src=\"https:\/\/lavras.tv\/site\/wp-content\/uploads\/2025\/01\/Lavras-TV-720x104px-1-1.png\" alt=\"\"  srcset=\"https:\/\/lavras.tv\/site\/wp-content\/uploads\/2025\/01\/Lavras-TV-720x104px-1-1.png 720w, https:\/\/lavras.tv\/site\/wp-content\/uploads\/2025\/01\/Lavras-TV-720x104px-1-1-470x68.png 470w, https:\/\/lavras.tv\/site\/wp-content\/uploads\/2025\/01\/Lavras-TV-720x104px-1-1-170x25.png 170w, https:\/\/lavras.tv\/site\/wp-content\/uploads\/2025\/01\/Lavras-TV-720x104px-1-1-200x29.png 200w\" sizes=\"(max-width: 720px) 100vw, 720px\" width=\"720\" height=\"104\"  style=\"display: inline-block;\" \/><\/a><\/div><\/li><li><a href=\"https:\/\/sistemas.lavras.mg.gov.br\/portalcidadao\/#df1b1a7c7b2a290bcb31e32771e610784662739a88807c0dacac58ede5f391a7530e299dc302d611ee73cb143fc22eaf93592e53e7b5bdb01b00a0b8d28dae460c141dd2ff83412e4dc1c31b16b25f33144a9e5620ea73b13f5bc1c59411d98439ad226e8af03840603796067d87afe130812cf3de24982d0e306f9e61e764e5\" aria-label=\"Banner_Emprego_PortallavrasTV\"><img src=\"https:\/\/lavras.tv\/site\/wp-content\/uploads\/2025\/03\/Banner_Emprego_PortallavrasTV.png\" alt=\"\"  srcset=\"https:\/\/lavras.tv\/site\/wp-content\/uploads\/2025\/03\/Banner_Emprego_PortallavrasTV.png 720w, https:\/\/lavras.tv\/site\/wp-content\/uploads\/2025\/03\/Banner_Emprego_PortallavrasTV-470x68.png 470w, https:\/\/lavras.tv\/site\/wp-content\/uploads\/2025\/03\/Banner_Emprego_PortallavrasTV-170x25.png 170w, https:\/\/lavras.tv\/site\/wp-content\/uploads\/2025\/03\/Banner_Emprego_PortallavrasTV-200x29.png 200w\" sizes=\"(max-width: 720px) 100vw, 720px\" width=\"720\" height=\"104\"   \/><\/a><\/li><li><a href=\"https:\/\/sistemas.lavras.mg.gov.br\/portalcidadao\/#df1b1a7c7b2a290bcb31e32771e610784662739a88807c0dacac58ede5f391a7530e299dc302d611ee73cb143fc22eaf93592e53e7b5bdb01b00a0b8d28dae460c141dd2ff83412e4dc1c31b16b25f33144a9e5620ea73b13f5bc1c59411d98439ad226e8af03840603796067d87afe130812cf3de24982d0e306f9e61e764e5\" aria-label=\"Banner_Obras_PortallavrasTV\"><img src=\"https:\/\/lavras.tv\/site\/wp-content\/uploads\/2025\/03\/Banner_Obras_PortallavrasTV.png\" alt=\"\"  srcset=\"https:\/\/lavras.tv\/site\/wp-content\/uploads\/2025\/03\/Banner_Obras_PortallavrasTV.png 720w, https:\/\/lavras.tv\/site\/wp-content\/uploads\/2025\/03\/Banner_Obras_PortallavrasTV-470x68.png 470w, https:\/\/lavras.tv\/site\/wp-content\/uploads\/2025\/03\/Banner_Obras_PortallavrasTV-170x25.png 170w, https:\/\/lavras.tv\/site\/wp-content\/uploads\/2025\/03\/Banner_Obras_PortallavrasTV-200x29.png 200w\" sizes=\"(max-width: 720px) 100vw, 720px\" width=\"720\" height=\"104\"   \/><\/a><\/li><li><div style=\"margin-left: auto;margin-right: auto;text-align: center;\" id=\"lavra-138717223\"><a href=\"https:\/\/sistemas.lavras.mg.gov.br\/portalcidadao\/#df1b1a7c7b2a290bcb31e32771e610784662739a88807c0dacac58ede5f391a7530e299dc302d611ee73cb143fc22eaf93592e53e7b5bdb01b00a0b8d28dae460c141dd2ff83412e4dc1c31b16b25f33144a9e5620ea73b13f5bc1c59411d98439ad226e8af03840603796067d87afe130812cf3de24982d0e306f9e61e764e5\" aria-label=\"Banner_Educa\u00e7\u00e3o_PortallavrasTV\"><img src=\"https:\/\/lavras.tv\/site\/wp-content\/uploads\/2025\/01\/Banner_Educacao_PortallavrasTV.png\" alt=\"\"  srcset=\"https:\/\/lavras.tv\/site\/wp-content\/uploads\/2025\/01\/Banner_Educacao_PortallavrasTV.png 720w, https:\/\/lavras.tv\/site\/wp-content\/uploads\/2025\/01\/Banner_Educacao_PortallavrasTV-470x68.png 470w, https:\/\/lavras.tv\/site\/wp-content\/uploads\/2025\/01\/Banner_Educacao_PortallavrasTV-170x25.png 170w, https:\/\/lavras.tv\/site\/wp-content\/uploads\/2025\/01\/Banner_Educacao_PortallavrasTV-200x29.png 200w\" sizes=\"(max-width: 720px) 100vw, 720px\" width=\"720\" height=\"104\"  style=\"display: inline-block;\" \/><\/a><\/div><\/li><li><a href=\"https:\/\/sistemas.lavras.mg.gov.br\/portalcidadao\/#df1b1a7c7b2a290bcb31e32771e610784662739a88807c0dacac58ede5f391a7530e299dc302d611ee73cb143fc22eaf93592e53e7b5bdb01b00a0b8d28dae460c141dd2ff83412e4dc1c31b16b25f33144a9e5620ea73b13f5bc1c59411d98439ad226e8af03840603796067d87afe130812cf3de24982d0e306f9e61e764e5\" aria-label=\"Banner_Sa\u00fade_PortallavrasTV\"><img src=\"https:\/\/lavras.tv\/site\/wp-content\/uploads\/2025\/03\/Banner_Saude_PortallavrasTV.png\" alt=\"\"  srcset=\"https:\/\/lavras.tv\/site\/wp-content\/uploads\/2025\/03\/Banner_Saude_PortallavrasTV.png 720w, https:\/\/lavras.tv\/site\/wp-content\/uploads\/2025\/03\/Banner_Saude_PortallavrasTV-470x68.png 470w, https:\/\/lavras.tv\/site\/wp-content\/uploads\/2025\/03\/Banner_Saude_PortallavrasTV-170x25.png 170w, https:\/\/lavras.tv\/site\/wp-content\/uploads\/2025\/03\/Banner_Saude_PortallavrasTV-200x29.png 200w\" sizes=\"(max-width: 720px) 100vw, 720px\" width=\"720\" height=\"104\"   \/><\/a><\/li><li><div id=\"lavra-2071681911\" style=\"width:720px;height:104px;background-color:#ddd;overflow:scroll;\">\n\t<strong>Sa\u00edda da depura\u00e7\u00e3o de an\u00fancios<\/strong>\n\t<br><br>\n\tO an\u00fancio n\u00e3o \u00e9 exibido na p\u00e1gina<br><br>post atual: Pacientes do SUS em Minas Gerais podem escolher hospital para a realiza\u00e7\u00e3o de cirurgias eletivas, ID: 138922<br><br><span style=\"color: red;\">O post atual n\u00e3o \u00e9 id\u00eantico ao post principal.<\/span><br><br>An\u00fancios: ROXO - TOPO INTERNA - ROTATIVO 2 (197)<br \/>Grupo de an\u00fancios: Princ_Meio01_720x104 (27)<br><br>Condi\u00e7\u00f5es de exibi\u00e7\u00e3o<div style=\"margin-bottom: 20px; white-space: pre-wrap; font-family: monospace; width: 100%; background: #ffe9e9;\"><strong>condi\u00e7\u00f5es gerais<\/strong><table border=\"1\"><thead><tr><th><\/th><th>An\u00fancios<\/th><th>wp_the_query<\/th><\/tr><\/thead><tr><td>is_main_query<\/td><td>1<\/td><td>1<\/td><\/tr><tr><td>is_rest_api<\/td><td>0<\/td><td>1<\/td><\/tr><tr><td>page<\/td><td>0<\/td><td>1<\/td><\/tr><tr><td>numpages<\/td><td>0<\/td><td>1<\/td><\/tr><tr><td>is_archive<\/td><td>1<\/td><td><\/td><\/tr><tr><td>is_search<\/td><td>1<\/td><td><\/td><\/tr><tr><td>is_home<\/td><td>1<\/td><td><\/td><\/tr><tr><td>is_404<\/td><td>1<\/td><td><\/td><\/tr><tr><td>is_attachment<\/td><td>1<\/td><td><\/td><\/tr><tr><td>is_singular<\/td><td>1<\/td><td><\/td><\/tr><tr><td>is_front_page<\/td><td>1<\/td><td><\/td><\/tr><tr><td>is_feed<\/td><td>1<\/td><td><\/td><\/tr><\/table><\/div><br><br><span style=\"color: red;\">Seu site usa HTTPS, mas o c\u00f3digo do an\u00fancio cont\u00e9m HTTP e pode n\u00e3o funcionar.<\/span>\t<br><br>\n\t<a style=\"color: green;\" href=\"https:\/\/wpadvancedads.com\/manual\/ad-debug-mode\/?utm_source=advanced-ads&utm_medium=link&utm_campaign=ad-debug-mode\" target=\"_blank\" rel=\"nofollow\">Encontre solu\u00e7\u00f5es no manual<\/a>\n<\/div>\n<\/li><\/ul><\/div><script>( window.advanced_ads_ready || jQuery( document ).ready ).call( null, function() {var $lavraslider508746479 = jQuery( \".lavra-slider-508746479\" );$lavraslider508746479.on( \"unslider.ready\", function() { jQuery( \"div.custom-slider ul li\" ).css( \"display\", \"block\" ); });$lavraslider508746479.unslider({ delay:4000, autoplay:true, nav:false, arrows:false, infinite:true });$lavraslider508746479.on(\"mouseover\", function() {$lavraslider508746479.unslider(\"stop\");}).on(\"mouseout\", function() {$lavraslider508746479.unslider(\"start\");});});<\/script><\/div>\n<p><em>Iniciativa pioneira no pa\u00eds, projeto piloto SUS Escolha come\u00e7ou nesta quinta-feira (21\/11), em Montes Claros<\/em><\/p>\n\n\n\n<figure class=\"wp-block-image size-large\"><img fetchpriority=\"high\" decoding=\"async\" width=\"970\" height=\"647\" src=\"https:\/\/lavras.tv\/site\/wp-content\/uploads\/2024\/11\/Cirurgia-1-Fabio-Marchetto_SESMG-970x647.jpeg\" alt=\"\" class=\"wp-image-138923\" srcset=\"https:\/\/lavras.tv\/site\/wp-content\/uploads\/2024\/11\/Cirurgia-1-Fabio-Marchetto_SESMG-970x647.jpeg 970w, https:\/\/lavras.tv\/site\/wp-content\/uploads\/2024\/11\/Cirurgia-1-Fabio-Marchetto_SESMG-450x300.jpeg 450w, https:\/\/lavras.tv\/site\/wp-content\/uploads\/2024\/11\/Cirurgia-1-Fabio-Marchetto_SESMG-170x113.jpeg 170w, https:\/\/lavras.tv\/site\/wp-content\/uploads\/2024\/11\/Cirurgia-1-Fabio-Marchetto_SESMG-200x133.jpeg 200w, https:\/\/lavras.tv\/site\/wp-content\/uploads\/2024\/11\/Cirurgia-1-Fabio-Marchetto_SESMG-1536x1024.jpeg 1536w, https:\/\/lavras.tv\/site\/wp-content\/uploads\/2024\/11\/Cirurgia-1-Fabio-Marchetto_SESMG.jpeg 1600w\" sizes=\"(max-width: 970px) 100vw, 970px\" \/><\/figure>\n\n\n\n<p>O Governo de Minas est\u00e1 colocando em pr\u00e1tica uma iniciativa in\u00e9dita para os usu\u00e1rios do Sistema \u00danico de Sa\u00fade (SUS) no Brasil: o Projeto SUS Escolha. A partir deste m\u00eas de novembro, os pacientes que aguardam por cirurgias eletivas poder\u00e3o optar pelo hospital em que ser\u00e1 realizado o procedimento, permitindo maior envolvimento com o tratamento de sa\u00fade e a avalia\u00e7\u00e3o dos servi\u00e7os prestados.<\/p>\n\n\n\n<p>O projeto piloto teve in\u00edcio nesta quinta-feira (21\/11), em Montes Claros, no Norte de Minas, em parceria firmada entre a Secretaria de Estado de Sa\u00fade de Minas Gerais (SES-MG) e a Secretaria de Sa\u00fade do munic\u00edpio. Os profissionais que atuam na regula\u00e7\u00e3o municipal ser\u00e3o treinados quanto ao uso e operacionaliza\u00e7\u00e3o da ferramenta digital. A execu\u00e7\u00e3o do piloto ser\u00e1 acompanhada por seis meses, quando ser\u00e1 avaliada a expans\u00e3o para todo o estado.<br><br>&#8220;A melhora dos fluxos \u00e9 fundamental para garantir o acesso oportuno aos tratamentos de sa\u00fade. A expectativa \u00e9 que haja uma qualifica\u00e7\u00e3o do atendimento prestado ao cidad\u00e3o, j\u00e1 que o servi\u00e7o ser\u00e1 avaliado. Com o SUS Escolha, o paciente ter\u00e1 mais autonomia e aproxima\u00e7\u00e3o com o cuidado e atendimento que vai receber&#8221;, ressalta a subsecret\u00e1ria de Acesso a Servi\u00e7os de Sa\u00fade da SES-MG, Juliana \u00c1vila.<\/p>\n\n\n\n<p>A diretora de Estrat\u00e9gias em Regula\u00e7\u00e3o Eletiva da SES-MG, Ludmilla Diniz Silva, garante que os fluxos regulat\u00f3rios ser\u00e3o observados e a ordem da fila de espera das cirurgias continuar\u00e1 sendo seguida, independente da escolha do hospital. \u201cAssim que for liberada a cirurgia pelo SUS, o paciente ter\u00e1 cinco dias para fazer a escolha e, caso n\u00e3o queira optar por algum prestador, ser\u00e1 encaminhado e atendido com a mesma efici\u00eancia, j\u00e1 que a fila \u00e9 \u00fanica e o processo vai seguir o fluxo j\u00e1 estabelecido na regula\u00e7\u00e3o\u201d.<\/p>\n\n\n\n<p>\u201cNosso intuito \u00e9 melhorar a presta\u00e7\u00e3o do servi\u00e7o ao usu\u00e1rio, que ser\u00e1 comunicado a cada andamento de seu processo, como o agendamento da consulta pr\u00e9-operat\u00f3ria e marca\u00e7\u00e3o da cirurgia\u201d, explica Ludmilla Diniz Silva.<\/p>\n\n\n\n<p>In\u00edcio do projeto<\/p>\n\n\n\n<p>A princ\u00edpio, o SUS Escolha vai abarcar seis procedimentos: cirurgia de ves\u00edcula (com ou sem videolaparoscopia), h\u00e9rnia inguinal (unilateral ou bilateral) e h\u00e9rnia umbilical e incisional, que poder\u00e3o ser realizados em cinco hospitais de Montes Claros, atendendo, neste primeiro m\u00eas, \u00e0 demanda dos pacientes do munic\u00edpio. A partir de janeiro, as mais de 80 cidades pactuadas com Montes Claros tamb\u00e9m ser\u00e3o inclu\u00eddas no projeto.<\/p>\n\n\n\n<p>De acordo com a secret\u00e1ria Municipal de Sa\u00fade de Montes Claros, Dulce Pimenta Gon\u00e7alves, os usu\u00e1rios ter\u00e3o muito a ganhar com o novo servi\u00e7o. \u201cO SUS Escolha vai empoderar os usu\u00e1rios e nos auxiliar a fortalecer a rede de atendimento no munic\u00edpio\u201d, pontua.<\/p>\n\n\n\n<p>As institui\u00e7\u00f5es prestadoras de Montes Claros s\u00e3o o Hospital Aroldo Tourinho, Hospital das Cl\u00ednicas Doutor M\u00e1rio Ribeiro da Silveira, Hospital Dilson Godinho, Hospital Santa de Casa de Montes Claros e o Hospital Universit\u00e1rio Clemente de Faria, da Universidade Estadual de Montes Claros (Unimontes). O cadastramento dos usu\u00e1rios no sistema ser\u00e1 feito pelos munic\u00edpios, para que eles recebam as comunica\u00e7\u00f5es acerca do caso e fa\u00e7am a escolha do hospital. Ser\u00e3o encaminhados dois question\u00e1rios para o paciente: um que deve ser preenchido antes e um depois da cirurgia, para avaliar a institui\u00e7\u00e3o prestadora do servi\u00e7o.<\/p>\n\n\n\n<p>Tamb\u00e9m ser\u00e1 disponibilizada a previs\u00e3o de giro da fila por prestador hospitalar e procedimento, que \u00e9 um indicador de qualidade assistencial. Quanto mais a institui\u00e7\u00e3o tiver giro, significa que est\u00e1 atendendo um n\u00famero maior de pacientes para a realiza\u00e7\u00e3o dos procedimentos, o que vai auxiliar na escolha da melhor institui\u00e7\u00e3o para o caso.<\/p>\n","protected":false},"excerpt":{"rendered":"<p>Iniciativa pioneira no pa\u00eds, projeto piloto SUS Escolha come\u00e7ou nesta quinta-feira (21\/11), em Montes Claros O Governo de Minas est\u00e1 colocando em pr\u00e1tica uma iniciativa in\u00e9dita para os usu\u00e1rios do Sistema \u00danico de Sa\u00fade (SUS) no Brasil: o Projeto SUS Escolha. A partir deste m\u00eas de novembro, os pacientes que aguardam por cirurgias eletivas poder\u00e3o [&hellip;]<\/p>\n","protected":false},"author":5,"featured_media":138923,"comment_status":"closed","ping_status":"open","sticky":false,"template":"","format":"standard","meta":{"advgb_blocks_editor_width":"","advgb_blocks_columns_visual_guide":"","_exactmetrics_skip_tracking":false,"_exactmetrics_sitenote_active":false,"_exactmetrics_sitenote_note":"","_exactmetrics_sitenote_category":0,"footnotes":""},"categories":[7,2],"tags":[],"class_list":["post-138922","post","type-post","status-publish","format-standard","has-post-thumbnail","hentry","category-destaques","category-noticias"],"better_featured_image":{"id":138923,"alt_text":"","caption":"","description":"","media_type":"image","media_details":{"width":1600,"height":1067,"file":"2024\/11\/Cirurgia-1-Fabio-Marchetto_SESMG.jpeg","filesize":345034,"sizes":{"medium":{"file":"Cirurgia-1-Fabio-Marchetto_SESMG-450x300.jpeg","width":450,"height":300,"mime-type":"image\/jpeg","filesize":28172,"source_url":"https:\/\/lavras.tv\/site\/wp-content\/uploads\/2024\/11\/Cirurgia-1-Fabio-Marchetto_SESMG-450x300.jpeg"},"large":{"file":"Cirurgia-1-Fabio-Marchetto_SESMG-970x647.jpeg","width":970,"height":647,"mime-type":"image\/jpeg","filesize":91670,"source_url":"https:\/\/lavras.tv\/site\/wp-content\/uploads\/2024\/11\/Cirurgia-1-Fabio-Marchetto_SESMG-970x647.jpeg"},"thumbnail":{"file":"Cirurgia-1-Fabio-Marchetto_SESMG-170x113.jpeg","width":170,"height":113,"mime-type":"image\/jpeg","filesize":6360,"source_url":"https:\/\/lavras.tv\/site\/wp-content\/uploads\/2024\/11\/Cirurgia-1-Fabio-Marchetto_SESMG-170x113.jpeg"},"lshowcase-thumb":{"file":"Cirurgia-1-Fabio-Marchetto_SESMG-200x133.jpeg","width":200,"height":133,"mime-type":"image\/jpeg","filesize":7976,"source_url":"https:\/\/lavras.tv\/site\/wp-content\/uploads\/2024\/11\/Cirurgia-1-Fabio-Marchetto_SESMG-200x133.jpeg"},"1536x1536":{"file":"Cirurgia-1-Fabio-Marchetto_SESMG-1536x1024.jpeg","width":1536,"height":1024,"mime-type":"image\/jpeg","filesize":187150,"source_url":"https:\/\/lavras.tv\/site\/wp-content\/uploads\/2024\/11\/Cirurgia-1-Fabio-Marchetto_SESMG-1536x1024.jpeg"},"alm-thumbnail":{"file":"Cirurgia-1-Fabio-Marchetto_SESMG-150x150.jpeg","width":150,"height":150,"mime-type":"image\/jpeg","filesize":7390,"source_url":"https:\/\/lavras.tv\/site\/wp-content\/uploads\/2024\/11\/Cirurgia-1-Fabio-Marchetto_SESMG-150x150.jpeg"}},"image_meta":{"aperture":"0","credit":"","camera":"","caption":"","created_timestamp":"0","copyright":"","focal_length":"0","iso":"0","shutter_speed":"0","title":"","orientation":"0","keywords":[]}},"post":138922,"source_url":"https:\/\/lavras.tv\/site\/wp-content\/uploads\/2024\/11\/Cirurgia-1-Fabio-Marchetto_SESMG.jpeg"},"author_meta":{"display_name":"Vinicius Bustamante","author_link":"https:\/\/lavras.tv\/site\/author\/vinicius-bustamante\/"},"featured_img":"https:\/\/lavras.tv\/site\/wp-content\/uploads\/2024\/11\/Cirurgia-1-Fabio-Marchetto_SESMG-450x300.jpeg","coauthors":[],"tax_additional":{"categories":{"linked":["<a href=\"https:\/\/lavras.tv\/site\/category\/destaques\/\" class=\"advgb-post-tax-term\">Destaques<\/a>","<a href=\"https:\/\/lavras.tv\/site\/category\/noticias\/\" class=\"advgb-post-tax-term\">Not\u00edcias<\/a>"],"unlinked":["<span class=\"advgb-post-tax-term\">Destaques<\/span>","<span class=\"advgb-post-tax-term\">Not\u00edcias<\/span>"]}},"comment_count":"0","relative_dates":{"created":"Publicado 1 ano atr\u00e1s","modified":"Atualizado 1 ano atr\u00e1s"},"absolute_dates":{"created":"Publicado em 22 de novembro de 2024","modified":"Atualizado em 22 de novembro de 2024"},"absolute_dates_time":{"created":"Publicado em 22 de novembro de 2024 15:30","modified":"Atualizado em 22 de novembro de 2024 15:30"},"featured_img_caption":"","series_order":"","_links":{"self":[{"href":"https:\/\/lavras.tv\/site\/wp-json\/wp\/v2\/posts\/138922","targetHints":{"allow":["GET"]}}],"collection":[{"href":"https:\/\/lavras.tv\/site\/wp-json\/wp\/v2\/posts"}],"about":[{"href":"https:\/\/lavras.tv\/site\/wp-json\/wp\/v2\/types\/post"}],"author":[{"embeddable":true,"href":"https:\/\/lavras.tv\/site\/wp-json\/wp\/v2\/users\/5"}],"replies":[{"embeddable":true,"href":"https:\/\/lavras.tv\/site\/wp-json\/wp\/v2\/comments?post=138922"}],"version-history":[{"count":1,"href":"https:\/\/lavras.tv\/site\/wp-json\/wp\/v2\/posts\/138922\/revisions"}],"predecessor-version":[{"id":138924,"href":"https:\/\/lavras.tv\/site\/wp-json\/wp\/v2\/posts\/138922\/revisions\/138924"}],"wp:featuredmedia":[{"embeddable":true,"href":"https:\/\/lavras.tv\/site\/wp-json\/wp\/v2\/media\/138923"}],"wp:attachment":[{"href":"https:\/\/lavras.tv\/site\/wp-json\/wp\/v2\/media?parent=138922"}],"wp:term":[{"taxonomy":"category","embeddable":true,"href":"https:\/\/lavras.tv\/site\/wp-json\/wp\/v2\/categories?post=138922"},{"taxonomy":"post_tag","embeddable":true,"href":"https:\/\/lavras.tv\/site\/wp-json\/wp\/v2\/tags?post=138922"}],"curies":[{"name":"wp","href":"https:\/\/api.w.org\/{rel}","templated":true}]}}