{"id":138928,"date":"2024-11-22T15:40:14","date_gmt":"2024-11-22T18:40:14","guid":{"rendered":"https:\/\/lavras.tv\/site\/?p=138928"},"modified":"2024-11-22T15:40:15","modified_gmt":"2024-11-22T18:40:15","slug":"minas-intensifica-acoes-de-combate-a-violencia-contra-a-mulher","status":"publish","type":"post","link":"https:\/\/lavras.tv\/site\/2024\/11\/22\/minas-intensifica-acoes-de-combate-a-violencia-contra-a-mulher\/","title":{"rendered":"Minas intensifica a\u00e7\u00f5es de combate \u00e0 viol\u00eancia contra a mulher"},"content":{"rendered":"<div class=\"lavra-antes-do-conteudo_2\" id=\"lavra-4153913717\"><div id=\"lavra-slider-27\" class=\"custom-slider lavra-slider-2714654366 lavra-slider\"><ul><li><div style=\"margin-left: auto;margin-right: auto;text-align: center;\" id=\"lavra-3335694397\"><a href=\"https:\/\/sistemas.lavras.mg.gov.br\/portalcidadao\/#df1b1a7c7b2a290bcb31e32771e610784662739a88807c0dacac58ede5f391a7530e299dc302d611ee73cb143fc22eaf93592e53e7b5bdb01b00a0b8d28dae460c141dd2ff83412e4dc1c31b16b25f33144a9e5620ea73b13f5bc1c59411d98439ad226e8af03840603796067d87afe130812cf3de24982d0e306f9e61e764e5\" aria-label=\"Lavras-TV&#8211;720x104px (1) (1)\"><img src=\"https:\/\/lavras.tv\/site\/wp-content\/uploads\/2025\/01\/Lavras-TV-720x104px-1-1.png\" alt=\"\"  srcset=\"https:\/\/lavras.tv\/site\/wp-content\/uploads\/2025\/01\/Lavras-TV-720x104px-1-1.png 720w, https:\/\/lavras.tv\/site\/wp-content\/uploads\/2025\/01\/Lavras-TV-720x104px-1-1-470x68.png 470w, https:\/\/lavras.tv\/site\/wp-content\/uploads\/2025\/01\/Lavras-TV-720x104px-1-1-170x25.png 170w, https:\/\/lavras.tv\/site\/wp-content\/uploads\/2025\/01\/Lavras-TV-720x104px-1-1-200x29.png 200w\" sizes=\"(max-width: 720px) 100vw, 720px\" width=\"720\" height=\"104\"  style=\"display: inline-block;\" \/><\/a><\/div><\/li><li><a href=\"https:\/\/sistemas.lavras.mg.gov.br\/portalcidadao\/#df1b1a7c7b2a290bcb31e32771e610784662739a88807c0dacac58ede5f391a7530e299dc302d611ee73cb143fc22eaf93592e53e7b5bdb01b00a0b8d28dae460c141dd2ff83412e4dc1c31b16b25f33144a9e5620ea73b13f5bc1c59411d98439ad226e8af03840603796067d87afe130812cf3de24982d0e306f9e61e764e5\" aria-label=\"Banner_Emprego_PortallavrasTV\"><img src=\"https:\/\/lavras.tv\/site\/wp-content\/uploads\/2025\/03\/Banner_Emprego_PortallavrasTV.png\" alt=\"\"  srcset=\"https:\/\/lavras.tv\/site\/wp-content\/uploads\/2025\/03\/Banner_Emprego_PortallavrasTV.png 720w, https:\/\/lavras.tv\/site\/wp-content\/uploads\/2025\/03\/Banner_Emprego_PortallavrasTV-470x68.png 470w, https:\/\/lavras.tv\/site\/wp-content\/uploads\/2025\/03\/Banner_Emprego_PortallavrasTV-170x25.png 170w, https:\/\/lavras.tv\/site\/wp-content\/uploads\/2025\/03\/Banner_Emprego_PortallavrasTV-200x29.png 200w\" sizes=\"(max-width: 720px) 100vw, 720px\" width=\"720\" height=\"104\"   \/><\/a><\/li><li><a href=\"https:\/\/sistemas.lavras.mg.gov.br\/portalcidadao\/#df1b1a7c7b2a290bcb31e32771e610784662739a88807c0dacac58ede5f391a7530e299dc302d611ee73cb143fc22eaf93592e53e7b5bdb01b00a0b8d28dae460c141dd2ff83412e4dc1c31b16b25f33144a9e5620ea73b13f5bc1c59411d98439ad226e8af03840603796067d87afe130812cf3de24982d0e306f9e61e764e5\" aria-label=\"Banner_Obras_PortallavrasTV\"><img src=\"https:\/\/lavras.tv\/site\/wp-content\/uploads\/2025\/03\/Banner_Obras_PortallavrasTV.png\" alt=\"\"  srcset=\"https:\/\/lavras.tv\/site\/wp-content\/uploads\/2025\/03\/Banner_Obras_PortallavrasTV.png 720w, https:\/\/lavras.tv\/site\/wp-content\/uploads\/2025\/03\/Banner_Obras_PortallavrasTV-470x68.png 470w, https:\/\/lavras.tv\/site\/wp-content\/uploads\/2025\/03\/Banner_Obras_PortallavrasTV-170x25.png 170w, https:\/\/lavras.tv\/site\/wp-content\/uploads\/2025\/03\/Banner_Obras_PortallavrasTV-200x29.png 200w\" sizes=\"(max-width: 720px) 100vw, 720px\" width=\"720\" height=\"104\"   \/><\/a><\/li><li><div style=\"margin-left: auto;margin-right: auto;text-align: center;\" id=\"lavra-812906012\"><a href=\"https:\/\/sistemas.lavras.mg.gov.br\/portalcidadao\/#df1b1a7c7b2a290bcb31e32771e610784662739a88807c0dacac58ede5f391a7530e299dc302d611ee73cb143fc22eaf93592e53e7b5bdb01b00a0b8d28dae460c141dd2ff83412e4dc1c31b16b25f33144a9e5620ea73b13f5bc1c59411d98439ad226e8af03840603796067d87afe130812cf3de24982d0e306f9e61e764e5\" aria-label=\"Banner_Educa\u00e7\u00e3o_PortallavrasTV\"><img src=\"https:\/\/lavras.tv\/site\/wp-content\/uploads\/2025\/01\/Banner_Educacao_PortallavrasTV.png\" alt=\"\"  srcset=\"https:\/\/lavras.tv\/site\/wp-content\/uploads\/2025\/01\/Banner_Educacao_PortallavrasTV.png 720w, https:\/\/lavras.tv\/site\/wp-content\/uploads\/2025\/01\/Banner_Educacao_PortallavrasTV-470x68.png 470w, https:\/\/lavras.tv\/site\/wp-content\/uploads\/2025\/01\/Banner_Educacao_PortallavrasTV-170x25.png 170w, https:\/\/lavras.tv\/site\/wp-content\/uploads\/2025\/01\/Banner_Educacao_PortallavrasTV-200x29.png 200w\" sizes=\"(max-width: 720px) 100vw, 720px\" width=\"720\" height=\"104\"  style=\"display: inline-block;\" \/><\/a><\/div><\/li><li><a href=\"https:\/\/sistemas.lavras.mg.gov.br\/portalcidadao\/#df1b1a7c7b2a290bcb31e32771e610784662739a88807c0dacac58ede5f391a7530e299dc302d611ee73cb143fc22eaf93592e53e7b5bdb01b00a0b8d28dae460c141dd2ff83412e4dc1c31b16b25f33144a9e5620ea73b13f5bc1c59411d98439ad226e8af03840603796067d87afe130812cf3de24982d0e306f9e61e764e5\" aria-label=\"Banner_Sa\u00fade_PortallavrasTV\"><img src=\"https:\/\/lavras.tv\/site\/wp-content\/uploads\/2025\/03\/Banner_Saude_PortallavrasTV.png\" alt=\"\"  srcset=\"https:\/\/lavras.tv\/site\/wp-content\/uploads\/2025\/03\/Banner_Saude_PortallavrasTV.png 720w, https:\/\/lavras.tv\/site\/wp-content\/uploads\/2025\/03\/Banner_Saude_PortallavrasTV-470x68.png 470w, https:\/\/lavras.tv\/site\/wp-content\/uploads\/2025\/03\/Banner_Saude_PortallavrasTV-170x25.png 170w, https:\/\/lavras.tv\/site\/wp-content\/uploads\/2025\/03\/Banner_Saude_PortallavrasTV-200x29.png 200w\" sizes=\"(max-width: 720px) 100vw, 720px\" width=\"720\" height=\"104\"   \/><\/a><\/li><li><div id=\"lavra-2954216505\" style=\"width:720px;height:104px;background-color:#ddd;overflow:scroll;\">\n\t<strong>Sa\u00edda da depura\u00e7\u00e3o de an\u00fancios<\/strong>\n\t<br><br>\n\tO an\u00fancio n\u00e3o \u00e9 exibido na p\u00e1gina<br><br>post atual: Minas intensifica a\u00e7\u00f5es de combate \u00e0 viol\u00eancia contra a mulher, ID: 138928<br><br><span style=\"color: red;\">O post atual n\u00e3o \u00e9 id\u00eantico ao post principal.<\/span><br><br>An\u00fancios: ROXO - TOPO INTERNA - ROTATIVO 2 (197)<br \/>Grupo de an\u00fancios: Princ_Meio01_720x104 (27)<br><br>Condi\u00e7\u00f5es de exibi\u00e7\u00e3o<div style=\"margin-bottom: 20px; white-space: pre-wrap; font-family: monospace; width: 100%; background: #ffe9e9;\"><strong>condi\u00e7\u00f5es gerais<\/strong><table border=\"1\"><thead><tr><th><\/th><th>An\u00fancios<\/th><th>wp_the_query<\/th><\/tr><\/thead><tr><td>is_main_query<\/td><td>1<\/td><td>1<\/td><\/tr><tr><td>is_rest_api<\/td><td>0<\/td><td>1<\/td><\/tr><tr><td>page<\/td><td>0<\/td><td>1<\/td><\/tr><tr><td>numpages<\/td><td>0<\/td><td>1<\/td><\/tr><tr><td>is_archive<\/td><td>1<\/td><td><\/td><\/tr><tr><td>is_search<\/td><td>1<\/td><td><\/td><\/tr><tr><td>is_home<\/td><td>1<\/td><td><\/td><\/tr><tr><td>is_404<\/td><td>1<\/td><td><\/td><\/tr><tr><td>is_attachment<\/td><td>1<\/td><td><\/td><\/tr><tr><td>is_singular<\/td><td>1<\/td><td><\/td><\/tr><tr><td>is_front_page<\/td><td>1<\/td><td><\/td><\/tr><tr><td>is_feed<\/td><td>1<\/td><td><\/td><\/tr><\/table><\/div><br><br><span style=\"color: red;\">Seu site usa HTTPS, mas o c\u00f3digo do an\u00fancio cont\u00e9m HTTP e pode n\u00e3o funcionar.<\/span>\t<br><br>\n\t<a style=\"color: green;\" href=\"https:\/\/wpadvancedads.com\/manual\/ad-debug-mode\/?utm_source=advanced-ads&utm_medium=link&utm_campaign=ad-debug-mode\" target=\"_blank\" rel=\"nofollow\">Encontre solu\u00e7\u00f5es no manual<\/a>\n<\/div>\n<\/li><\/ul><\/div><script>( window.advanced_ads_ready || jQuery( document ).ready ).call( null, function() {var $lavraslider2714654366 = jQuery( \".lavra-slider-2714654366\" );$lavraslider2714654366.on( \"unslider.ready\", function() { jQuery( \"div.custom-slider ul li\" ).css( \"display\", \"block\" ); });$lavraslider2714654366.unslider({ delay:4000, autoplay:true, nav:false, arrows:false, infinite:true });$lavraslider2714654366.on(\"mouseover\", function() {$lavraslider2714654366.unslider(\"stop\");}).on(\"mouseout\", function() {$lavraslider2714654366.unslider(\"start\");});});<\/script><\/div>\n<p><em>Campanha 21 Dias de Ativismo garante uma s\u00e9rie de a\u00e7\u00f5es para conscientizar a popula\u00e7\u00e3o sobre a import\u00e2ncia das den\u00fancias e para ampliar o enfrentamento a esses crimes<\/em><\/p>\n\n\n\n<figure class=\"wp-block-image size-large\"><img fetchpriority=\"high\" decoding=\"async\" width=\"970\" height=\"546\" src=\"https:\/\/lavras.tv\/site\/wp-content\/uploads\/2024\/11\/Rodoviaria_BH_credito_Armando_Junior-970x546.jpeg\" alt=\"\" class=\"wp-image-138929\" srcset=\"https:\/\/lavras.tv\/site\/wp-content\/uploads\/2024\/11\/Rodoviaria_BH_credito_Armando_Junior-970x546.jpeg 970w, https:\/\/lavras.tv\/site\/wp-content\/uploads\/2024\/11\/Rodoviaria_BH_credito_Armando_Junior-470x264.jpeg 470w, https:\/\/lavras.tv\/site\/wp-content\/uploads\/2024\/11\/Rodoviaria_BH_credito_Armando_Junior-170x96.jpeg 170w, https:\/\/lavras.tv\/site\/wp-content\/uploads\/2024\/11\/Rodoviaria_BH_credito_Armando_Junior-200x113.jpeg 200w, https:\/\/lavras.tv\/site\/wp-content\/uploads\/2024\/11\/Rodoviaria_BH_credito_Armando_Junior.jpeg 1280w\" sizes=\"(max-width: 970px) 100vw, 970px\" \/><\/figure>\n\n\n\n<p>O Governo de Minas tem intensificado as a\u00e7\u00f5es de combate \u00e0 viol\u00eancia contra a mulher. Dados do Observa Minas, da Secretaria de Estado de Desenvolvimento Social (Sedese), mostram que os n\u00fameros de feminic\u00eddio e de viol\u00eancia dom\u00e9stica ca\u00edram, respectivamente, 24% e 1,7% de janeiro a setembro deste ano em rela\u00e7\u00e3o ao mesmo per\u00edodo de 2023. No entanto, para ampliar ainda mais esse recuo nos \u00edndices e conscientizar a popula\u00e7\u00e3o sobre a import\u00e2ncia das den\u00fancias e do enfrentamento da viol\u00eancia a esse segmento da popula\u00e7\u00e3o, a Sedese deu in\u00edcio \u00e0 Campanha dos 21 Dias de Ativismo pelo Fim da Viol\u00eancia contra a Mulher.<\/p>\n\n\n\n<p>Em parceria da Pol\u00edcia Civil de Minas Gerais (PCMG), a primeira a\u00e7\u00e3o foi realizada nesta quinta-feira (21\/11) nas cidades de Belo Horizonte, Santa Luzia, Uberaba, Governador Valadares e Patos de Minas. Nesses locais, houve uma programa\u00e7\u00e3o especial envolvendo abordagem, panfletagem e atividades educativas, todas focadas em sensibilizar a popula\u00e7\u00e3o para o combate \u00e0 viol\u00eancia contra as mulheres.<\/p>\n\n\n\n<p>Para a delegada Larissa Maia Campos Falles, diretora Estadual de Gest\u00e3o das Delegacias de Atendimento \u00e0 Mulher, a educa\u00e7\u00e3o \u00e9 fundamental para a redu\u00e7\u00e3o dos casos de viol\u00eancia. \u201cA Campanha dos 21 dias de Ativismo, \u00e9 um per\u00edodo em que as a\u00e7\u00f5es de enfrentamento \u00e0 viol\u00eancia dom\u00e9stica e familiar contra a mulher s\u00e3o intensificadas. Esta \u00e9 uma importante a\u00e7\u00e3o, realizada de forma conjunta entre a Sedese e a Pol\u00edcia Civil, para levar ao conhecimento de todas as pessoas que existe uma rede de enfrentamento \u00e0 viol\u00eancia dom\u00e9stica e familiar contra a mulher\u201d, afirmou.<\/p>\n\n\n\n<p>Larissa Maia ressaltou ainda que a Pol\u00edcia Civil est\u00e1 preparada para receber essa v\u00edtima e fazer o primeiro acolhimento da forma mais humanizada poss\u00edvel, para que essa mulher tenha conhecimento de todas as viol\u00eancias das quais foi v\u00edtima e solicite as provid\u00eancias cab\u00edveis para interromper esse ciclo.<\/p>\n\n\n\n<p>21 Dias de Ativismo<br>O movimento 21 Dias de Ativismo pelo Fim da Viol\u00eancia Contra a Mulher foi iniciado em 1991 por ativistas do Women&#8217;s Global Leadership Institute, e \u00e9 celebrado em mais de 160 pa\u00edses. A campanha internacional busca sensibilizar a sociedade sobre a viol\u00eancia de g\u00eanero e refor\u00e7ar o compromisso de governos e organiza\u00e7\u00f5es com a prote\u00e7\u00e3o \u00e0s mulheres.<\/p>\n\n\n\n<p>Em Minas Gerais, a Sedese lidera a\u00e7\u00f5es que incluem encontros, capacita\u00e7\u00f5es, debates p\u00fablicos e atividades culturais. A subsecret\u00e1ria de Pol\u00edtica dos Direitos das Mulheres, Joana Coelho, ressalta que a campanha prop\u00f5e envolver toda a sociedade nessa luta. \u201cPor isso, estamos convidando a todos para acompanhar nossas a\u00e7\u00f5es e ajudar a enfrentar a viol\u00eancia contra a mulher\u201d.<\/p>\n\n\n\n<p>\u201cCada evento foi pensado para informar, mobilizar e, principalmente, provocar mudan\u00e7as de verdade em cada mineira e mineiro. Os 21 Dias de Ativismo s\u00e3o sobre uni\u00e3o e transforma\u00e7\u00e3o, e todo mundo tem um papel importante nesse movimento\u201d, destaca a subsecret\u00e1ria Joana Coelho.<\/p>\n\n\n\n<p>O movimento ocorre em alinhamento com o Dia Internacional pela Elimina\u00e7\u00e3o da Viol\u00eancia contra a Mulher, celebrado em 25 de novembro, e se estende at\u00e9 o Dia Internacional dos Direitos Humanos, em 10 de dezembro.<\/p>\n","protected":false},"excerpt":{"rendered":"<p>Campanha 21 Dias de Ativismo garante uma s\u00e9rie de a\u00e7\u00f5es para conscientizar a popula\u00e7\u00e3o sobre a import\u00e2ncia das den\u00fancias e para ampliar o enfrentamento a esses crimes O Governo de Minas tem intensificado as a\u00e7\u00f5es de combate \u00e0 viol\u00eancia contra a mulher. Dados do Observa Minas, da Secretaria de Estado de Desenvolvimento Social (Sedese), mostram [&hellip;]<\/p>\n","protected":false},"author":5,"featured_media":138929,"comment_status":"closed","ping_status":"open","sticky":false,"template":"","format":"standard","meta":{"advgb_blocks_editor_width":"","advgb_blocks_columns_visual_guide":"","_exactmetrics_skip_tracking":false,"_exactmetrics_sitenote_active":false,"_exactmetrics_sitenote_note":"","_exactmetrics_sitenote_category":0,"footnotes":""},"categories":[7,2],"tags":[],"class_list":["post-138928","post","type-post","status-publish","format-standard","has-post-thumbnail","hentry","category-destaques","category-noticias"],"better_featured_image":{"id":138929,"alt_text":"","caption":"","description":"","media_type":"image","media_details":{"width":1280,"height":720,"file":"2024\/11\/Rodoviaria_BH_credito_Armando_Junior.jpeg","filesize":171283,"sizes":{"medium":{"file":"Rodoviaria_BH_credito_Armando_Junior-470x264.jpeg","width":470,"height":264,"mime-type":"image\/jpeg","filesize":35935,"source_url":"https:\/\/lavras.tv\/site\/wp-content\/uploads\/2024\/11\/Rodoviaria_BH_credito_Armando_Junior-470x264.jpeg"},"large":{"file":"Rodoviaria_BH_credito_Armando_Junior-970x546.jpeg","width":970,"height":546,"mime-type":"image\/jpeg","filesize":121254,"source_url":"https:\/\/lavras.tv\/site\/wp-content\/uploads\/2024\/11\/Rodoviaria_BH_credito_Armando_Junior-970x546.jpeg"},"thumbnail":{"file":"Rodoviaria_BH_credito_Armando_Junior-170x96.jpeg","width":170,"height":96,"mime-type":"image\/jpeg","filesize":6392,"source_url":"https:\/\/lavras.tv\/site\/wp-content\/uploads\/2024\/11\/Rodoviaria_BH_credito_Armando_Junior-170x96.jpeg"},"lshowcase-thumb":{"file":"Rodoviaria_BH_credito_Armando_Junior-200x113.jpeg","width":200,"height":113,"mime-type":"image\/jpeg","filesize":8586,"source_url":"https:\/\/lavras.tv\/site\/wp-content\/uploads\/2024\/11\/Rodoviaria_BH_credito_Armando_Junior-200x113.jpeg"},"alm-thumbnail":{"file":"Rodoviaria_BH_credito_Armando_Junior-150x150.jpeg","width":150,"height":150,"mime-type":"image\/jpeg","filesize":7659,"source_url":"https:\/\/lavras.tv\/site\/wp-content\/uploads\/2024\/11\/Rodoviaria_BH_credito_Armando_Junior-150x150.jpeg"}},"image_meta":{"aperture":"0","credit":"","camera":"","caption":"","created_timestamp":"0","copyright":"","focal_length":"0","iso":"0","shutter_speed":"0","title":"","orientation":"0","keywords":[]}},"post":138928,"source_url":"https:\/\/lavras.tv\/site\/wp-content\/uploads\/2024\/11\/Rodoviaria_BH_credito_Armando_Junior.jpeg"},"author_meta":{"display_name":"Vinicius Bustamante","author_link":"https:\/\/lavras.tv\/site\/author\/vinicius-bustamante\/"},"featured_img":"https:\/\/lavras.tv\/site\/wp-content\/uploads\/2024\/11\/Rodoviaria_BH_credito_Armando_Junior-470x264.jpeg","coauthors":[],"tax_additional":{"categories":{"linked":["<a href=\"https:\/\/lavras.tv\/site\/category\/destaques\/\" class=\"advgb-post-tax-term\">Destaques<\/a>","<a href=\"https:\/\/lavras.tv\/site\/category\/noticias\/\" class=\"advgb-post-tax-term\">Not\u00edcias<\/a>"],"unlinked":["<span class=\"advgb-post-tax-term\">Destaques<\/span>","<span class=\"advgb-post-tax-term\">Not\u00edcias<\/span>"]}},"comment_count":"0","relative_dates":{"created":"Publicado 1 ano atr\u00e1s","modified":"Atualizado 1 ano atr\u00e1s"},"absolute_dates":{"created":"Publicado em 22 de novembro de 2024","modified":"Atualizado em 22 de novembro de 2024"},"absolute_dates_time":{"created":"Publicado em 22 de novembro de 2024 15:40","modified":"Atualizado em 22 de novembro de 2024 15:40"},"featured_img_caption":"","series_order":"","_links":{"self":[{"href":"https:\/\/lavras.tv\/site\/wp-json\/wp\/v2\/posts\/138928","targetHints":{"allow":["GET"]}}],"collection":[{"href":"https:\/\/lavras.tv\/site\/wp-json\/wp\/v2\/posts"}],"about":[{"href":"https:\/\/lavras.tv\/site\/wp-json\/wp\/v2\/types\/post"}],"author":[{"embeddable":true,"href":"https:\/\/lavras.tv\/site\/wp-json\/wp\/v2\/users\/5"}],"replies":[{"embeddable":true,"href":"https:\/\/lavras.tv\/site\/wp-json\/wp\/v2\/comments?post=138928"}],"version-history":[{"count":1,"href":"https:\/\/lavras.tv\/site\/wp-json\/wp\/v2\/posts\/138928\/revisions"}],"predecessor-version":[{"id":138930,"href":"https:\/\/lavras.tv\/site\/wp-json\/wp\/v2\/posts\/138928\/revisions\/138930"}],"wp:featuredmedia":[{"embeddable":true,"href":"https:\/\/lavras.tv\/site\/wp-json\/wp\/v2\/media\/138929"}],"wp:attachment":[{"href":"https:\/\/lavras.tv\/site\/wp-json\/wp\/v2\/media?parent=138928"}],"wp:term":[{"taxonomy":"category","embeddable":true,"href":"https:\/\/lavras.tv\/site\/wp-json\/wp\/v2\/categories?post=138928"},{"taxonomy":"post_tag","embeddable":true,"href":"https:\/\/lavras.tv\/site\/wp-json\/wp\/v2\/tags?post=138928"}],"curies":[{"name":"wp","href":"https:\/\/api.w.org\/{rel}","templated":true}]}}