{"id":13910,"date":"2017-12-22T08:25:39","date_gmt":"2017-12-22T10:25:39","guid":{"rendered":"http:\/\/lavras.tv\/site\/?p=13910"},"modified":"2017-12-22T08:25:39","modified_gmt":"2017-12-22T10:25:39","slug":"governo-de-minas-vai-parcelar-13o-salario-do-servidor-ate-abril","status":"publish","type":"post","link":"https:\/\/lavras.tv\/site\/2017\/12\/22\/governo-de-minas-vai-parcelar-13o-salario-do-servidor-ate-abril\/","title":{"rendered":"Governo de Minas vai parcelar 13\u00ba sal\u00e1rio do servidor at\u00e9 abril"},"content":{"rendered":"<div class=\"lavra-antes-do-conteudo_2\" id=\"lavra-64162656\"><div id=\"lavra-slider-27\" class=\"custom-slider lavra-slider-2168246661 lavra-slider\"><ul><li><div style=\"margin-left: auto;margin-right: auto;text-align: center;\" id=\"lavra-3442981168\"><a href=\"https:\/\/sistemas.lavras.mg.gov.br\/portalcidadao\/#df1b1a7c7b2a290bcb31e32771e610784662739a88807c0dacac58ede5f391a7530e299dc302d611ee73cb143fc22eaf93592e53e7b5bdb01b00a0b8d28dae460c141dd2ff83412e4dc1c31b16b25f33144a9e5620ea73b13f5bc1c59411d98439ad226e8af03840603796067d87afe130812cf3de24982d0e306f9e61e764e5\" aria-label=\"Lavras-TV&#8211;720x104px (1) (1)\"><img src=\"https:\/\/lavras.tv\/site\/wp-content\/uploads\/2025\/01\/Lavras-TV-720x104px-1-1.png\" alt=\"\"  srcset=\"https:\/\/lavras.tv\/site\/wp-content\/uploads\/2025\/01\/Lavras-TV-720x104px-1-1.png 720w, https:\/\/lavras.tv\/site\/wp-content\/uploads\/2025\/01\/Lavras-TV-720x104px-1-1-470x68.png 470w, https:\/\/lavras.tv\/site\/wp-content\/uploads\/2025\/01\/Lavras-TV-720x104px-1-1-170x25.png 170w, https:\/\/lavras.tv\/site\/wp-content\/uploads\/2025\/01\/Lavras-TV-720x104px-1-1-200x29.png 200w\" sizes=\"(max-width: 720px) 100vw, 720px\" width=\"720\" height=\"104\"  style=\"display: inline-block;\" \/><\/a><\/div><\/li><li><a href=\"https:\/\/sistemas.lavras.mg.gov.br\/portalcidadao\/#df1b1a7c7b2a290bcb31e32771e610784662739a88807c0dacac58ede5f391a7530e299dc302d611ee73cb143fc22eaf93592e53e7b5bdb01b00a0b8d28dae460c141dd2ff83412e4dc1c31b16b25f33144a9e5620ea73b13f5bc1c59411d98439ad226e8af03840603796067d87afe130812cf3de24982d0e306f9e61e764e5\" aria-label=\"Banner_Emprego_PortallavrasTV\"><img src=\"https:\/\/lavras.tv\/site\/wp-content\/uploads\/2025\/03\/Banner_Emprego_PortallavrasTV.png\" alt=\"\"  srcset=\"https:\/\/lavras.tv\/site\/wp-content\/uploads\/2025\/03\/Banner_Emprego_PortallavrasTV.png 720w, https:\/\/lavras.tv\/site\/wp-content\/uploads\/2025\/03\/Banner_Emprego_PortallavrasTV-470x68.png 470w, https:\/\/lavras.tv\/site\/wp-content\/uploads\/2025\/03\/Banner_Emprego_PortallavrasTV-170x25.png 170w, https:\/\/lavras.tv\/site\/wp-content\/uploads\/2025\/03\/Banner_Emprego_PortallavrasTV-200x29.png 200w\" sizes=\"(max-width: 720px) 100vw, 720px\" width=\"720\" height=\"104\"   \/><\/a><\/li><li><a href=\"https:\/\/sistemas.lavras.mg.gov.br\/portalcidadao\/#df1b1a7c7b2a290bcb31e32771e610784662739a88807c0dacac58ede5f391a7530e299dc302d611ee73cb143fc22eaf93592e53e7b5bdb01b00a0b8d28dae460c141dd2ff83412e4dc1c31b16b25f33144a9e5620ea73b13f5bc1c59411d98439ad226e8af03840603796067d87afe130812cf3de24982d0e306f9e61e764e5\" aria-label=\"Banner_Obras_PortallavrasTV\"><img src=\"https:\/\/lavras.tv\/site\/wp-content\/uploads\/2025\/03\/Banner_Obras_PortallavrasTV.png\" alt=\"\"  srcset=\"https:\/\/lavras.tv\/site\/wp-content\/uploads\/2025\/03\/Banner_Obras_PortallavrasTV.png 720w, https:\/\/lavras.tv\/site\/wp-content\/uploads\/2025\/03\/Banner_Obras_PortallavrasTV-470x68.png 470w, https:\/\/lavras.tv\/site\/wp-content\/uploads\/2025\/03\/Banner_Obras_PortallavrasTV-170x25.png 170w, https:\/\/lavras.tv\/site\/wp-content\/uploads\/2025\/03\/Banner_Obras_PortallavrasTV-200x29.png 200w\" sizes=\"(max-width: 720px) 100vw, 720px\" width=\"720\" height=\"104\"   \/><\/a><\/li><li><div style=\"margin-left: auto;margin-right: auto;text-align: center;\" id=\"lavra-4087339299\"><a href=\"https:\/\/sistemas.lavras.mg.gov.br\/portalcidadao\/#df1b1a7c7b2a290bcb31e32771e610784662739a88807c0dacac58ede5f391a7530e299dc302d611ee73cb143fc22eaf93592e53e7b5bdb01b00a0b8d28dae460c141dd2ff83412e4dc1c31b16b25f33144a9e5620ea73b13f5bc1c59411d98439ad226e8af03840603796067d87afe130812cf3de24982d0e306f9e61e764e5\" aria-label=\"Banner_Educa\u00e7\u00e3o_PortallavrasTV\"><img src=\"https:\/\/lavras.tv\/site\/wp-content\/uploads\/2025\/01\/Banner_Educacao_PortallavrasTV.png\" alt=\"\"  srcset=\"https:\/\/lavras.tv\/site\/wp-content\/uploads\/2025\/01\/Banner_Educacao_PortallavrasTV.png 720w, https:\/\/lavras.tv\/site\/wp-content\/uploads\/2025\/01\/Banner_Educacao_PortallavrasTV-470x68.png 470w, https:\/\/lavras.tv\/site\/wp-content\/uploads\/2025\/01\/Banner_Educacao_PortallavrasTV-170x25.png 170w, https:\/\/lavras.tv\/site\/wp-content\/uploads\/2025\/01\/Banner_Educacao_PortallavrasTV-200x29.png 200w\" sizes=\"(max-width: 720px) 100vw, 720px\" width=\"720\" height=\"104\"  style=\"display: inline-block;\" \/><\/a><\/div><\/li><li><a href=\"https:\/\/sistemas.lavras.mg.gov.br\/portalcidadao\/#df1b1a7c7b2a290bcb31e32771e610784662739a88807c0dacac58ede5f391a7530e299dc302d611ee73cb143fc22eaf93592e53e7b5bdb01b00a0b8d28dae460c141dd2ff83412e4dc1c31b16b25f33144a9e5620ea73b13f5bc1c59411d98439ad226e8af03840603796067d87afe130812cf3de24982d0e306f9e61e764e5\" aria-label=\"Banner_Sa\u00fade_PortallavrasTV\"><img src=\"https:\/\/lavras.tv\/site\/wp-content\/uploads\/2025\/03\/Banner_Saude_PortallavrasTV.png\" alt=\"\"  srcset=\"https:\/\/lavras.tv\/site\/wp-content\/uploads\/2025\/03\/Banner_Saude_PortallavrasTV.png 720w, https:\/\/lavras.tv\/site\/wp-content\/uploads\/2025\/03\/Banner_Saude_PortallavrasTV-470x68.png 470w, https:\/\/lavras.tv\/site\/wp-content\/uploads\/2025\/03\/Banner_Saude_PortallavrasTV-170x25.png 170w, https:\/\/lavras.tv\/site\/wp-content\/uploads\/2025\/03\/Banner_Saude_PortallavrasTV-200x29.png 200w\" sizes=\"(max-width: 720px) 100vw, 720px\" width=\"720\" height=\"104\"   \/><\/a><\/li><li><div id=\"lavra-3932265349\" style=\"width:720px;height:104px;background-color:#ddd;overflow:scroll;\">\n\t<strong>Sa\u00edda da depura\u00e7\u00e3o de an\u00fancios<\/strong>\n\t<br><br>\n\tO an\u00fancio n\u00e3o \u00e9 exibido na p\u00e1gina<br><br>post atual: Governo de Minas vai parcelar 13\u00ba sal\u00e1rio do servidor at\u00e9 abril, ID: 13910<br><br><span style=\"color: red;\">O post atual n\u00e3o \u00e9 id\u00eantico ao post principal.<\/span><br><br>An\u00fancios: ROXO - TOPO INTERNA - ROTATIVO 2 (197)<br \/>Grupo de an\u00fancios: Princ_Meio01_720x104 (27)<br><br>Condi\u00e7\u00f5es de exibi\u00e7\u00e3o<div style=\"margin-bottom: 20px; white-space: pre-wrap; font-family: monospace; width: 100%; background: #ffe9e9;\"><strong>condi\u00e7\u00f5es gerais<\/strong><table border=\"1\"><thead><tr><th><\/th><th>An\u00fancios<\/th><th>wp_the_query<\/th><\/tr><\/thead><tr><td>is_main_query<\/td><td>1<\/td><td>1<\/td><\/tr><tr><td>is_rest_api<\/td><td>0<\/td><td>1<\/td><\/tr><tr><td>page<\/td><td>0<\/td><td>1<\/td><\/tr><tr><td>numpages<\/td><td>0<\/td><td>1<\/td><\/tr><tr><td>is_archive<\/td><td>1<\/td><td><\/td><\/tr><tr><td>is_search<\/td><td>1<\/td><td><\/td><\/tr><tr><td>is_home<\/td><td>1<\/td><td><\/td><\/tr><tr><td>is_404<\/td><td>1<\/td><td><\/td><\/tr><tr><td>is_attachment<\/td><td>1<\/td><td><\/td><\/tr><tr><td>is_singular<\/td><td>1<\/td><td><\/td><\/tr><tr><td>is_front_page<\/td><td>1<\/td><td><\/td><\/tr><tr><td>is_feed<\/td><td>1<\/td><td><\/td><\/tr><\/table><\/div><br><br><span style=\"color: red;\">Seu site usa HTTPS, mas o c\u00f3digo do an\u00fancio cont\u00e9m HTTP e pode n\u00e3o funcionar.<\/span>\t<br><br>\n\t<a style=\"color: green;\" href=\"https:\/\/wpadvancedads.com\/manual\/ad-debug-mode\/?utm_source=advanced-ads&utm_medium=link&utm_campaign=ad-debug-mode\" target=\"_blank\" rel=\"nofollow\">Encontre solu\u00e7\u00f5es no manual<\/a>\n<\/div>\n<\/li><\/ul><\/div><script>( window.advanced_ads_ready || jQuery( document ).ready ).call( null, function() {var $lavraslider2168246661 = jQuery( \".lavra-slider-2168246661\" );$lavraslider2168246661.on( \"unslider.ready\", function() { jQuery( \"div.custom-slider ul li\" ).css( \"display\", \"block\" ); });$lavraslider2168246661.unslider({ delay:4000, autoplay:true, nav:false, arrows:false, infinite:true });$lavraslider2168246661.on(\"mouseover\", function() {$lavraslider2168246661.unslider(\"stop\");}).on(\"mouseout\", function() {$lavraslider2168246661.unslider(\"start\");});});<\/script><\/div><p>Em entrevista \u00e0 imprensa na noite desta quinta-feira (21), marcada de \u00faltima hora, o secret\u00e1rio de Governo de Minas Gerais, Odair Cunha, anunciou que o 13\u00ba sal\u00e1rio dos servidores ser\u00e1 pago em quatro vezes a partir do ano que vem.<!--more--> O pronunciamento foi realizado no Pal\u00e1cio da Liberdade, na regi\u00e3o Centro-Sul da capital mineira, ao mesmo tempo em que o secret\u00e1rio de Planejamento, Helv\u00e9cio Magalh\u00e3es, estava reunido com representantes dos sindicatos do funcionalismo, na sede do BDMG, para anunciar a decis\u00e3o do Estado.<\/p>\n<p><img fetchpriority=\"high\" decoding=\"async\" class=\"alignnone size-full wp-image-13911 aligncenter\" src=\"http:\/\/lavras.tv\/site\/wp-content\/uploads\/2017\/12\/13-mg.jpg\" alt=\"13 mg\" width=\"620\" height=\"413\" srcset=\"https:\/\/lavras.tv\/site\/wp-content\/uploads\/2017\/12\/13-mg.jpg 620w, https:\/\/lavras.tv\/site\/wp-content\/uploads\/2017\/12\/13-mg-150x100.jpg 150w, https:\/\/lavras.tv\/site\/wp-content\/uploads\/2017\/12\/13-mg-300x200.jpg 300w, https:\/\/lavras.tv\/site\/wp-content\/uploads\/2017\/12\/13-mg-480x320.jpg 480w, https:\/\/lavras.tv\/site\/wp-content\/uploads\/2017\/12\/13-mg-272x182.jpg 272w\" sizes=\"(max-width: 620px) 100vw, 620px\" \/><\/p>\n<p>Segundo Cunha, a gratifica\u00e7\u00e3o natalina vai ser paga em janeiro, fevereiro, mar\u00e7o e abril, sempre no dia 19 \u2013 25% do valor total em cada m\u00eas \u2013, independentemente se o servidor ganha um sal\u00e1rio m\u00ednimo ou uma quantia maior. J\u00e1 os trabalhadores da Funda\u00e7\u00e3o Hospitalar de Minas Gerais (Fhemig), Hemominas e agentes da seguran\u00e7a p\u00fablica (policiais militares e civis, bombeiros e agentes penitenci\u00e1rios) v\u00e3o receber a remunera\u00e7\u00e3o adicional em duas parcelas \u201326 de dezembro e 19 de janeiro. O governo de Minas tem hoje 600 mil servidores, entre ativos e inativos.<\/p>\n<p>\u201cA quest\u00e3o do 13\u00ba n\u00f3s consideramos que h\u00e1 servi\u00e7os essenciais, que tem a ver com a sa\u00fade, com a seguran\u00e7a p\u00fablica. Por isso, \u00e9 prioridade nossa realizar o pagamento desses servi\u00e7os, porque isso significa priorizar a vida e garantia de vida do cidad\u00e3o de Minas Gerais. N\u00e3o se trata de diferenciar carreiras, mas uma diferencia\u00e7\u00e3o do servi\u00e7o que \u00e9 prestado\u201d, justificou o secret\u00e1rio.<\/p>\n<p>A pr\u00f3xima escala de pagamento das remunera\u00e7\u00f5es dos servidores tamb\u00e9m foi anunciada por Odair Cunha. Os vencimentos ser\u00e3o depositados nos dias 12, 23 e 30 de janeiro. O secret\u00e1rio tamb\u00e9m comentou sobre o cronograma para o dep\u00f3sito dos sal\u00e1rios deste m\u00eas de dezembro. Segundo ele, a segunda parcela foi depositada nesta quinta-feira (21) \u2013 devendo cair nesta sexta-feira (22) nas contas \u2013 e a terceira ser\u00e1 paga at\u00e9 a pr\u00f3xima quinta-feira, dia 28.<\/p>\n<p>Na coletiva, o petista criticou a articula\u00e7\u00e3o da oposi\u00e7\u00e3o na C\u00e2mara dos Deputados para n\u00e3o votar o projeto que autoriza a securitiza\u00e7\u00e3o da d\u00edvida ativa dos Estados. A esperan\u00e7a da administra\u00e7\u00e3o estadual era pagar a gratifica\u00e7\u00e3o natalina integralmente, at\u00e9 mar\u00e7o de 2018, para todo o funcionalismo p\u00fablico com os recursos obtidos com a antecipa\u00e7\u00e3o da receita.<\/p>\n<p>Sobre a insatisfa\u00e7\u00e3o de categorias que prometem realizar greves, como os servidores do Ipsemg, ele declarou que o funcionalismo tem direito de fazer greve e se manifestar. \u201cNingu\u00e9m gosta de n\u00e3o pagar os sal\u00e1rios em um \u00fanico dia para todos os servidores. N\u00f3s n\u00e3o gostamos de ter que fazer escala salarial e de pagamento do 13\u00ba sal\u00e1rio, mas a realidade nos imp\u00f5e isso. N\u00f3s n\u00e3o responsabilizamos os servidores por essa dificuldade que encontramos, eu responsabilizo os governos passados (Antonio Anastasia e A\u00e9cio Neves, ambos do PSDB), que triplicaram a folha nos anos em que estiveram \u00e0 frente do governo, sem que tivessem garantia de recursos para arcar com isso\u201d, afirmou Cunha.<\/p>\n<p><strong>ICMS.\u00a0<\/strong>Ainda durante a entrevista, o secret\u00e1rio disse que neste m\u00eas o Estado vai equalizar os repasses de ICMS para os 853 munic\u00edpios mineiros. Em rela\u00e7\u00e3o ao dep\u00f3sito de recursos para as prefeituras, nas \u00e1reas de sa\u00fade e de educa\u00e7\u00e3o, o bra\u00e7o-direito do governador Fernando Pimentel (PT) declarou que o compromisso do Executivo \u00e9 enviar as verbas para \u00e1reas essenciais, como os hospitais e o SAMU ainda neste m\u00eas. Para o transporte, o repasse deve ser feito em janeiro. Odair declarou que n\u00e3o entrou nenhum dinheiro a mais na conta do governo para viabilizar o pagamento, mas que \u00e9 um esfor\u00e7o do Executivo em acertar esse d\u00e9bito.<\/p>\n<h3>\nPROTESTOS<\/h3>\n<p><strong>Mobiliza\u00e7\u00e3o.\u00a0<\/strong>Na manh\u00e3 desta quinta-feira (21), parte dos servidores da Cidade Administrativa fez um protesto. Com gritos de \u201cPimentel caloteiro, cad\u00ea o 13\u00b0 terceiro\u201d, os servidores exigiam o pagamento da gratifica\u00e7\u00e3o natalina.<\/p>\n<p><strong>Faixas.\u00a0<\/strong>Os servidores da sa\u00fade tamb\u00e9m realizaram uma manifesta\u00e7\u00e3o na rua da Bahia, em frente ao BDMG. Em greve desde o \u00faltimo dia 18, os profissionais exigem a quita\u00e7\u00e3o do benef\u00edcio. Ap\u00f3s o an\u00fancio da greve, o Estado afirmou que os servidores da Fhemig v\u00e3o receber a primeira parcela no dia 26 de dezembro.<\/p>\n<div class=\"twelve columns\"><\/div>\n<div><\/div>\n<div>Fonte: O Tempo<\/div>\n","protected":false},"excerpt":{"rendered":"<p>Em entrevista \u00e0 imprensa na noite desta quinta-feira (21), marcada de \u00faltima hora, o secret\u00e1rio de Governo de Minas Gerais, Odair Cunha, anunciou que o 13\u00ba sal\u00e1rio dos servidores ser\u00e1 pago em quatro vezes a partir do ano que vem.<\/p>\n","protected":false},"author":2,"featured_media":13911,"comment_status":"closed","ping_status":"open","sticky":false,"template":"","format":"standard","meta":{"advgb_blocks_editor_width":"","advgb_blocks_columns_visual_guide":"","_exactmetrics_skip_tracking":false,"_exactmetrics_sitenote_active":false,"_exactmetrics_sitenote_note":"","_exactmetrics_sitenote_category":0,"footnotes":""},"categories":[7,12],"tags":[2571,530,4378],"class_list":["post-13910","post","type-post","status-publish","format-standard","has-post-thumbnail","hentry","category-destaques","category-politica","tag-decimo-terceiro","tag-minas-gerais","tag-parcelado"],"better_featured_image":{"id":13911,"alt_text":"","caption":"","description":"","media_type":"image","media_details":{"width":620,"height":413,"file":"2017\/12\/13-mg.jpg","sizes":{"thumbnail":{"file":"13-mg-150x100.jpg","width":150,"height":100,"mime-type":"image\/jpeg","source_url":"https:\/\/lavras.tv\/site\/wp-content\/uploads\/2017\/12\/13-mg-150x100.jpg"},"medium":{"file":"13-mg-300x200.jpg","width":300,"height":200,"mime-type":"image\/jpeg","source_url":"https:\/\/lavras.tv\/site\/wp-content\/uploads\/2017\/12\/13-mg-300x200.jpg"},"featured-post-img":{"file":"13-mg-480x320.jpg","width":480,"height":320,"mime-type":"image\/jpeg","source_url":"https:\/\/lavras.tv\/site\/wp-content\/uploads\/2017\/12\/13-mg-480x320.jpg"},"sow-carousel-default":{"file":"13-mg-272x182.jpg","width":272,"height":182,"mime-type":"image\/jpeg","source_url":"https:\/\/lavras.tv\/site\/wp-content\/uploads\/2017\/12\/13-mg-272x182.jpg"}},"image_meta":{"aperture":"0","credit":"","camera":"","caption":"","created_timestamp":"0","copyright":"","focal_length":"0","iso":"0","shutter_speed":"0","title":"","orientation":"0","keywords":[]}},"post":13910,"source_url":"https:\/\/lavras.tv\/site\/wp-content\/uploads\/2017\/12\/13-mg.jpg"},"author_meta":{"display_name":"Lavras TV","author_link":"https:\/\/lavras.tv\/site\/author\/lavrastv\/"},"featured_img":"https:\/\/lavras.tv\/site\/wp-content\/uploads\/2017\/12\/13-mg-300x200.jpg","coauthors":[],"tax_additional":{"categories":{"linked":["<a href=\"https:\/\/lavras.tv\/site\/category\/destaques\/\" class=\"advgb-post-tax-term\">Destaques<\/a>","<a href=\"https:\/\/lavras.tv\/site\/category\/politica\/\" class=\"advgb-post-tax-term\">Pol\u00edtica<\/a>"],"unlinked":["<span class=\"advgb-post-tax-term\">Destaques<\/span>","<span class=\"advgb-post-tax-term\">Pol\u00edtica<\/span>"]},"tags":{"linked":["<a href=\"https:\/\/lavras.tv\/site\/category\/politica\/\" class=\"advgb-post-tax-term\">d\u00e9cimo terceiro<\/a>","<a href=\"https:\/\/lavras.tv\/site\/category\/politica\/\" class=\"advgb-post-tax-term\">minas gerais<\/a>","<a href=\"https:\/\/lavras.tv\/site\/category\/politica\/\" class=\"advgb-post-tax-term\">parcelado<\/a>"],"unlinked":["<span class=\"advgb-post-tax-term\">d\u00e9cimo terceiro<\/span>","<span class=\"advgb-post-tax-term\">minas gerais<\/span>","<span class=\"advgb-post-tax-term\">parcelado<\/span>"]}},"comment_count":"0","relative_dates":{"created":"Publicado 8 anos atr\u00e1s","modified":"Atualizado 8 anos atr\u00e1s"},"absolute_dates":{"created":"Publicado em 22 de dezembro de 2017","modified":"Atualizado em 22 de dezembro de 2017"},"absolute_dates_time":{"created":"Publicado em 22 de dezembro de 2017 08:25","modified":"Atualizado em 22 de dezembro de 2017 08:25"},"featured_img_caption":"","series_order":"","_links":{"self":[{"href":"https:\/\/lavras.tv\/site\/wp-json\/wp\/v2\/posts\/13910","targetHints":{"allow":["GET"]}}],"collection":[{"href":"https:\/\/lavras.tv\/site\/wp-json\/wp\/v2\/posts"}],"about":[{"href":"https:\/\/lavras.tv\/site\/wp-json\/wp\/v2\/types\/post"}],"author":[{"embeddable":true,"href":"https:\/\/lavras.tv\/site\/wp-json\/wp\/v2\/users\/2"}],"replies":[{"embeddable":true,"href":"https:\/\/lavras.tv\/site\/wp-json\/wp\/v2\/comments?post=13910"}],"version-history":[{"count":1,"href":"https:\/\/lavras.tv\/site\/wp-json\/wp\/v2\/posts\/13910\/revisions"}],"predecessor-version":[{"id":13912,"href":"https:\/\/lavras.tv\/site\/wp-json\/wp\/v2\/posts\/13910\/revisions\/13912"}],"wp:featuredmedia":[{"embeddable":true,"href":"https:\/\/lavras.tv\/site\/wp-json\/wp\/v2\/media\/13911"}],"wp:attachment":[{"href":"https:\/\/lavras.tv\/site\/wp-json\/wp\/v2\/media?parent=13910"}],"wp:term":[{"taxonomy":"category","embeddable":true,"href":"https:\/\/lavras.tv\/site\/wp-json\/wp\/v2\/categories?post=13910"},{"taxonomy":"post_tag","embeddable":true,"href":"https:\/\/lavras.tv\/site\/wp-json\/wp\/v2\/tags?post=13910"}],"curies":[{"name":"wp","href":"https:\/\/api.w.org\/{rel}","templated":true}]}}