{"id":13930,"date":"2017-12-23T11:22:18","date_gmt":"2017-12-23T13:22:18","guid":{"rendered":"http:\/\/lavras.tv\/site\/?p=13930"},"modified":"2017-12-23T11:22:18","modified_gmt":"2017-12-23T13:22:18","slug":"tae-kwon-do-de-lavras-fecha-o-ano-com-4-atletas-nos-melhores-do-ranking-nacional-brasileiro","status":"publish","type":"post","link":"https:\/\/lavras.tv\/site\/2017\/12\/23\/tae-kwon-do-de-lavras-fecha-o-ano-com-4-atletas-nos-melhores-do-ranking-nacional-brasileiro\/","title":{"rendered":"Tae Kwon-Do de Lavras fecha o ano com 4 atletas nos melhores do Ranking Nacional Brasileiro"},"content":{"rendered":"<div class=\"lavra-antes-do-conteudo_2\" id=\"lavra-927136565\"><div id=\"lavra-slider-27\" class=\"custom-slider lavra-slider-1581997802 lavra-slider\"><ul><li><div style=\"margin-left: auto;margin-right: auto;text-align: center;\" id=\"lavra-2211187369\"><a href=\"https:\/\/sistemas.lavras.mg.gov.br\/portalcidadao\/#df1b1a7c7b2a290bcb31e32771e610784662739a88807c0dacac58ede5f391a7530e299dc302d611ee73cb143fc22eaf93592e53e7b5bdb01b00a0b8d28dae460c141dd2ff83412e4dc1c31b16b25f33144a9e5620ea73b13f5bc1c59411d98439ad226e8af03840603796067d87afe130812cf3de24982d0e306f9e61e764e5\" aria-label=\"Lavras-TV&#8211;720x104px (1) (1)\"><img src=\"https:\/\/lavras.tv\/site\/wp-content\/uploads\/2025\/01\/Lavras-TV-720x104px-1-1.png\" alt=\"\"  srcset=\"https:\/\/lavras.tv\/site\/wp-content\/uploads\/2025\/01\/Lavras-TV-720x104px-1-1.png 720w, https:\/\/lavras.tv\/site\/wp-content\/uploads\/2025\/01\/Lavras-TV-720x104px-1-1-470x68.png 470w, https:\/\/lavras.tv\/site\/wp-content\/uploads\/2025\/01\/Lavras-TV-720x104px-1-1-170x25.png 170w, https:\/\/lavras.tv\/site\/wp-content\/uploads\/2025\/01\/Lavras-TV-720x104px-1-1-200x29.png 200w\" sizes=\"(max-width: 720px) 100vw, 720px\" width=\"720\" height=\"104\"  style=\"display: inline-block;\" \/><\/a><\/div><\/li><li><a href=\"https:\/\/sistemas.lavras.mg.gov.br\/portalcidadao\/#df1b1a7c7b2a290bcb31e32771e610784662739a88807c0dacac58ede5f391a7530e299dc302d611ee73cb143fc22eaf93592e53e7b5bdb01b00a0b8d28dae460c141dd2ff83412e4dc1c31b16b25f33144a9e5620ea73b13f5bc1c59411d98439ad226e8af03840603796067d87afe130812cf3de24982d0e306f9e61e764e5\" aria-label=\"Banner_Emprego_PortallavrasTV\"><img src=\"https:\/\/lavras.tv\/site\/wp-content\/uploads\/2025\/03\/Banner_Emprego_PortallavrasTV.png\" alt=\"\"  srcset=\"https:\/\/lavras.tv\/site\/wp-content\/uploads\/2025\/03\/Banner_Emprego_PortallavrasTV.png 720w, https:\/\/lavras.tv\/site\/wp-content\/uploads\/2025\/03\/Banner_Emprego_PortallavrasTV-470x68.png 470w, https:\/\/lavras.tv\/site\/wp-content\/uploads\/2025\/03\/Banner_Emprego_PortallavrasTV-170x25.png 170w, https:\/\/lavras.tv\/site\/wp-content\/uploads\/2025\/03\/Banner_Emprego_PortallavrasTV-200x29.png 200w\" sizes=\"(max-width: 720px) 100vw, 720px\" width=\"720\" height=\"104\"   \/><\/a><\/li><li><a href=\"https:\/\/sistemas.lavras.mg.gov.br\/portalcidadao\/#df1b1a7c7b2a290bcb31e32771e610784662739a88807c0dacac58ede5f391a7530e299dc302d611ee73cb143fc22eaf93592e53e7b5bdb01b00a0b8d28dae460c141dd2ff83412e4dc1c31b16b25f33144a9e5620ea73b13f5bc1c59411d98439ad226e8af03840603796067d87afe130812cf3de24982d0e306f9e61e764e5\" aria-label=\"Banner_Obras_PortallavrasTV\"><img src=\"https:\/\/lavras.tv\/site\/wp-content\/uploads\/2025\/03\/Banner_Obras_PortallavrasTV.png\" alt=\"\"  srcset=\"https:\/\/lavras.tv\/site\/wp-content\/uploads\/2025\/03\/Banner_Obras_PortallavrasTV.png 720w, https:\/\/lavras.tv\/site\/wp-content\/uploads\/2025\/03\/Banner_Obras_PortallavrasTV-470x68.png 470w, https:\/\/lavras.tv\/site\/wp-content\/uploads\/2025\/03\/Banner_Obras_PortallavrasTV-170x25.png 170w, https:\/\/lavras.tv\/site\/wp-content\/uploads\/2025\/03\/Banner_Obras_PortallavrasTV-200x29.png 200w\" sizes=\"(max-width: 720px) 100vw, 720px\" width=\"720\" height=\"104\"   \/><\/a><\/li><li><div style=\"margin-left: auto;margin-right: auto;text-align: center;\" id=\"lavra-2570004988\"><a href=\"https:\/\/sistemas.lavras.mg.gov.br\/portalcidadao\/#df1b1a7c7b2a290bcb31e32771e610784662739a88807c0dacac58ede5f391a7530e299dc302d611ee73cb143fc22eaf93592e53e7b5bdb01b00a0b8d28dae460c141dd2ff83412e4dc1c31b16b25f33144a9e5620ea73b13f5bc1c59411d98439ad226e8af03840603796067d87afe130812cf3de24982d0e306f9e61e764e5\" aria-label=\"Banner_Educa\u00e7\u00e3o_PortallavrasTV\"><img src=\"https:\/\/lavras.tv\/site\/wp-content\/uploads\/2025\/01\/Banner_Educacao_PortallavrasTV.png\" alt=\"\"  srcset=\"https:\/\/lavras.tv\/site\/wp-content\/uploads\/2025\/01\/Banner_Educacao_PortallavrasTV.png 720w, https:\/\/lavras.tv\/site\/wp-content\/uploads\/2025\/01\/Banner_Educacao_PortallavrasTV-470x68.png 470w, https:\/\/lavras.tv\/site\/wp-content\/uploads\/2025\/01\/Banner_Educacao_PortallavrasTV-170x25.png 170w, https:\/\/lavras.tv\/site\/wp-content\/uploads\/2025\/01\/Banner_Educacao_PortallavrasTV-200x29.png 200w\" sizes=\"(max-width: 720px) 100vw, 720px\" width=\"720\" height=\"104\"  style=\"display: inline-block;\" \/><\/a><\/div><\/li><li><a href=\"https:\/\/sistemas.lavras.mg.gov.br\/portalcidadao\/#df1b1a7c7b2a290bcb31e32771e610784662739a88807c0dacac58ede5f391a7530e299dc302d611ee73cb143fc22eaf93592e53e7b5bdb01b00a0b8d28dae460c141dd2ff83412e4dc1c31b16b25f33144a9e5620ea73b13f5bc1c59411d98439ad226e8af03840603796067d87afe130812cf3de24982d0e306f9e61e764e5\" aria-label=\"Banner_Sa\u00fade_PortallavrasTV\"><img src=\"https:\/\/lavras.tv\/site\/wp-content\/uploads\/2025\/03\/Banner_Saude_PortallavrasTV.png\" alt=\"\"  srcset=\"https:\/\/lavras.tv\/site\/wp-content\/uploads\/2025\/03\/Banner_Saude_PortallavrasTV.png 720w, https:\/\/lavras.tv\/site\/wp-content\/uploads\/2025\/03\/Banner_Saude_PortallavrasTV-470x68.png 470w, https:\/\/lavras.tv\/site\/wp-content\/uploads\/2025\/03\/Banner_Saude_PortallavrasTV-170x25.png 170w, https:\/\/lavras.tv\/site\/wp-content\/uploads\/2025\/03\/Banner_Saude_PortallavrasTV-200x29.png 200w\" sizes=\"(max-width: 720px) 100vw, 720px\" width=\"720\" height=\"104\"   \/><\/a><\/li><li><div id=\"lavra-136451136\" style=\"width:720px;height:104px;background-color:#ddd;overflow:scroll;\">\n\t<strong>Sa\u00edda da depura\u00e7\u00e3o de an\u00fancios<\/strong>\n\t<br><br>\n\tO an\u00fancio n\u00e3o \u00e9 exibido na p\u00e1gina<br><br>post atual: Tae Kwon-Do de Lavras fecha o ano com 4 atletas nos melhores do Ranking Nacional Brasileiro, ID: 13930<br><br><span style=\"color: red;\">O post atual n\u00e3o \u00e9 id\u00eantico ao post principal.<\/span><br><br>An\u00fancios: ROXO - TOPO INTERNA - ROTATIVO 2 (197)<br \/>Grupo de an\u00fancios: Princ_Meio01_720x104 (27)<br><br>Condi\u00e7\u00f5es de exibi\u00e7\u00e3o<div style=\"margin-bottom: 20px; white-space: pre-wrap; font-family: monospace; width: 100%; background: #ffe9e9;\"><strong>condi\u00e7\u00f5es gerais<\/strong><table border=\"1\"><thead><tr><th><\/th><th>An\u00fancios<\/th><th>wp_the_query<\/th><\/tr><\/thead><tr><td>is_main_query<\/td><td>1<\/td><td>1<\/td><\/tr><tr><td>is_rest_api<\/td><td>0<\/td><td>1<\/td><\/tr><tr><td>page<\/td><td>0<\/td><td>1<\/td><\/tr><tr><td>numpages<\/td><td>0<\/td><td>1<\/td><\/tr><tr><td>is_archive<\/td><td>1<\/td><td><\/td><\/tr><tr><td>is_search<\/td><td>1<\/td><td><\/td><\/tr><tr><td>is_home<\/td><td>1<\/td><td><\/td><\/tr><tr><td>is_404<\/td><td>1<\/td><td><\/td><\/tr><tr><td>is_attachment<\/td><td>1<\/td><td><\/td><\/tr><tr><td>is_singular<\/td><td>1<\/td><td><\/td><\/tr><tr><td>is_front_page<\/td><td>1<\/td><td><\/td><\/tr><tr><td>is_feed<\/td><td>1<\/td><td><\/td><\/tr><\/table><\/div><br><br><span style=\"color: red;\">Seu site usa HTTPS, mas o c\u00f3digo do an\u00fancio cont\u00e9m HTTP e pode n\u00e3o funcionar.<\/span>\t<br><br>\n\t<a style=\"color: green;\" href=\"https:\/\/wpadvancedads.com\/manual\/ad-debug-mode\/?utm_source=advanced-ads&utm_medium=link&utm_campaign=ad-debug-mode\" target=\"_blank\" rel=\"nofollow\">Encontre solu\u00e7\u00f5es no manual<\/a>\n<\/div>\n<\/li><\/ul><\/div><script>( window.advanced_ads_ready || jQuery( document ).ready ).call( null, function() {var $lavraslider1581997802 = jQuery( \".lavra-slider-1581997802\" );$lavraslider1581997802.on( \"unslider.ready\", function() { jQuery( \"div.custom-slider ul li\" ).css( \"display\", \"block\" ); });$lavraslider1581997802.unslider({ delay:4000, autoplay:true, nav:false, arrows:false, infinite:true });$lavraslider1581997802.on(\"mouseover\", function() {$lavraslider1581997802.unslider(\"stop\");}).on(\"mouseout\", function() {$lavraslider1581997802.unslider(\"start\");});});<\/script><\/div><p>Esta semana, mais precisamente no dia 20 de Dezembro, a Confedera\u00e7\u00e3o Brasileira de Tae Kwon-Do atualizou o Ranking Nacional Brasileiro Final de 2017\u00a0 e a\u00a0equipe\u00a0 da\u00a0Gym Center\u00a0 Lavras foi um dos destaques no Ranking Nacional, com 4 atletas\u00a0 entre os melhores do pa\u00eds.<!--more--><\/p>\n<div id=\"attachment_226979\" class=\"wp-caption alignleft\"><img fetchpriority=\"high\" decoding=\"async\" class=\" wp-image-226979 colorbox-226975\" src=\"http:\/\/www.lavras24horas.com.br\/portal\/wp-content\/uploads\/2017\/12\/Erick-Luis-587x330.jpg\" sizes=\"(max-width: 460px) 100vw, 460px\" srcset=\"http:\/\/www.lavras24horas.com.br\/portal\/wp-content\/uploads\/2017\/12\/Erick-Luis-587x330.jpg 587w, http:\/\/www.lavras24horas.com.br\/portal\/wp-content\/uploads\/2017\/12\/Erick-Luis-768x432.jpg 768w, http:\/\/www.lavras24horas.com.br\/portal\/wp-content\/uploads\/2017\/12\/Erick-Luis.jpg 960w\" alt=\"\" width=\"460\" height=\"259\" \/><\/div>\n<p>Erick Luis Silva fechou o ano em 1\u00ba Lugar no Ranking Nacional Brasileiro na categoria Juvenil at\u00e9 51 kg. O atelta Oct\u00e1vio Henrique de Carvalho Silva\u00a0\u00a0concluiu o ano em 3\u00ba Lugar no Ranking Nacional na categoria Cadete at\u00e9 57 kg. E j\u00e1\u00a0David Eduardo Silva\u00a0terminou 2017\u00a0\u00a0em 4\u00ba Lugar no Ranking na categoria Sub 21 at\u00e9 80 Kg e em 6\u00ba Lugar na Categoria Adulta at\u00e9 74 kg. David com apenas 18 anos, foi um dos grandes destaques este ano, pois sua evolu\u00e7\u00e3o est\u00e1 sendo crescente.<\/p>\n<p>O maior destaque foi \u00e0 atleta Stef\u00e2nia Tavares Dam\u00e1sio que fechou o ano em 3\u00ba Lugar no Ranking Nacional na categoria Adulta at\u00e9 49 kg. A atleta ficou atr\u00e1s somente da atleta Ol\u00edmpica Iris Tang Sing e sua reserva Taliska Reis. Stef\u00e2nia este ano venceu todas as competi\u00e7\u00f5es nacionais em que participou e representou o Brasil no Univers\u00edade na China Taipei em Agosto.<\/p>\n<p><img decoding=\"async\" class=\"alignnone size-full wp-image-13931 aligncenter\" src=\"http:\/\/lavras.tv\/site\/wp-content\/uploads\/2017\/12\/Stefania-Tavares-e-David-Eduardo-.jpg\" alt=\"Stefania-Tavares-e-David-Eduardo-\" width=\"520\" height=\"420\" srcset=\"https:\/\/lavras.tv\/site\/wp-content\/uploads\/2017\/12\/Stefania-Tavares-e-David-Eduardo-.jpg 520w, https:\/\/lavras.tv\/site\/wp-content\/uploads\/2017\/12\/Stefania-Tavares-e-David-Eduardo--150x121.jpg 150w, https:\/\/lavras.tv\/site\/wp-content\/uploads\/2017\/12\/Stefania-Tavares-e-David-Eduardo--300x242.jpg 300w\" sizes=\"(max-width: 520px) 100vw, 520px\" \/><\/p>\n<p>Os atletas est\u00e3o classificados para participar do Grand Slam (Seletiva Fechada para a Forma\u00e7\u00e3o da Sele\u00e7\u00e3o Brasileira de 2018) em Fevereiro e com grandes chances de conquistar a t\u00e3o sonhada vaga.<\/p>\n<div id=\"attachment_226978\" class=\"wp-caption alignright\"><img decoding=\"async\" class=\"wp-image-226978  colorbox-226975\" src=\"http:\/\/www.lavras24horas.com.br\/portal\/wp-content\/uploads\/2017\/12\/Octavio-Henrique-e1513964845331-335x330.jpg\" sizes=\"(max-width: 171px) 100vw, 171px\" srcset=\"http:\/\/www.lavras24horas.com.br\/portal\/wp-content\/uploads\/2017\/12\/Octavio-Henrique-e1513964845331-335x330.jpg 335w, http:\/\/www.lavras24horas.com.br\/portal\/wp-content\/uploads\/2017\/12\/Octavio-Henrique-e1513964845331.jpg 484w\" alt=\"\" width=\"171\" height=\"168\" \/><\/div>\n<p>Outro atleta que tamb\u00e9m se destacou este ano foi Cleiton Ant\u00f4nio Oliveira que fechou o ano como um dos melhores atletas do Poomsae Nacional e ir\u00e1 representar o Brasil em seu 4\u00ba Campeonato Mundial em 2018.<\/p>\n<p>A equipe\u00a0\u00a0tem a frente o Mestre Valdeci Zampieri,\u00a0\u00a0com apoio do Prof. Fernando Roberto Oliveira (Cria Lavras)\u00a0, e de\u00a0Haical Jos\u00e9 Haddad (HBENS Construtora e Incorporadora).<\/p>\n<p><em>*Divulga\u00e7\u00e3o<\/em><\/p>\n","protected":false},"excerpt":{"rendered":"<p>Esta semana, mais precisamente no dia 20 de Dezembro, a Confedera\u00e7\u00e3o Brasileira de Tae Kwon-Do atualizou o Ranking Nacional Brasileiro Final de 2017\u00a0 e a\u00a0equipe\u00a0 da\u00a0Gym Center\u00a0 Lavras foi um dos destaques no Ranking Nacional, com 4 atletas\u00a0 entre os melhores do pa\u00eds.<\/p>\n","protected":false},"author":2,"featured_media":13931,"comment_status":"closed","ping_status":"open","sticky":false,"template":"","format":"standard","meta":{"advgb_blocks_editor_width":"","advgb_blocks_columns_visual_guide":"","_exactmetrics_skip_tracking":false,"_exactmetrics_sitenote_active":false,"_exactmetrics_sitenote_note":"","_exactmetrics_sitenote_category":0,"footnotes":""},"categories":[7,3],"tags":[2879,4030,801],"class_list":["post-13930","post","type-post","status-publish","format-standard","has-post-thumbnail","hentry","category-destaques","category-esportes","tag-ranking","tag-taekwon-do","tag-valdeci-zampieri"],"better_featured_image":{"id":13931,"alt_text":"","caption":"","description":"","media_type":"image","media_details":{"width":520,"height":420,"file":"2017\/12\/Stefania-Tavares-e-David-Eduardo-.jpg","sizes":{"thumbnail":{"file":"Stefania-Tavares-e-David-Eduardo--150x121.jpg","width":150,"height":121,"mime-type":"image\/jpeg","source_url":"https:\/\/lavras.tv\/site\/wp-content\/uploads\/2017\/12\/Stefania-Tavares-e-David-Eduardo--150x121.jpg"},"medium":{"file":"Stefania-Tavares-e-David-Eduardo--300x242.jpg","width":300,"height":242,"mime-type":"image\/jpeg","source_url":"https:\/\/lavras.tv\/site\/wp-content\/uploads\/2017\/12\/Stefania-Tavares-e-David-Eduardo--300x242.jpg"},"featured-post-img":{"file":"Stefania-Tavares-e-David-Eduardo--480x320.jpg","width":480,"height":320,"mime-type":"image\/jpeg","source_url":"https:\/\/lavras.tv\/site\/wp-content\/uploads\/2017\/12\/Stefania-Tavares-e-David-Eduardo--480x320.jpg"},"sow-carousel-default":{"file":"Stefania-Tavares-e-David-Eduardo--272x182.jpg","width":272,"height":182,"mime-type":"image\/jpeg","source_url":"https:\/\/lavras.tv\/site\/wp-content\/uploads\/2017\/12\/Stefania-Tavares-e-David-Eduardo--272x182.jpg"}},"image_meta":{"aperture":"0","credit":"","camera":"","caption":"","created_timestamp":"0","copyright":"","focal_length":"0","iso":"0","shutter_speed":"0","title":"","orientation":"0","keywords":[]}},"post":13930,"source_url":"https:\/\/lavras.tv\/site\/wp-content\/uploads\/2017\/12\/Stefania-Tavares-e-David-Eduardo-.jpg"},"author_meta":{"display_name":"Lavras TV","author_link":"https:\/\/lavras.tv\/site\/author\/lavrastv\/"},"featured_img":"https:\/\/lavras.tv\/site\/wp-content\/uploads\/2017\/12\/Stefania-Tavares-e-David-Eduardo--300x242.jpg","coauthors":[],"tax_additional":{"categories":{"linked":["<a href=\"https:\/\/lavras.tv\/site\/category\/destaques\/\" class=\"advgb-post-tax-term\">Destaques<\/a>","<a href=\"https:\/\/lavras.tv\/site\/category\/esportes\/\" class=\"advgb-post-tax-term\">Esportes<\/a>"],"unlinked":["<span class=\"advgb-post-tax-term\">Destaques<\/span>","<span class=\"advgb-post-tax-term\">Esportes<\/span>"]},"tags":{"linked":["<a href=\"https:\/\/lavras.tv\/site\/category\/esportes\/\" class=\"advgb-post-tax-term\">ranking<\/a>","<a href=\"https:\/\/lavras.tv\/site\/category\/esportes\/\" class=\"advgb-post-tax-term\">Taekwon do<\/a>","<a href=\"https:\/\/lavras.tv\/site\/category\/esportes\/\" class=\"advgb-post-tax-term\">valdeci zampieri<\/a>"],"unlinked":["<span class=\"advgb-post-tax-term\">ranking<\/span>","<span class=\"advgb-post-tax-term\">Taekwon do<\/span>","<span class=\"advgb-post-tax-term\">valdeci zampieri<\/span>"]}},"comment_count":"0","relative_dates":{"created":"Publicado 8 anos atr\u00e1s","modified":"Atualizado 8 anos atr\u00e1s"},"absolute_dates":{"created":"Publicado em 23 de dezembro de 2017","modified":"Atualizado em 23 de dezembro de 2017"},"absolute_dates_time":{"created":"Publicado em 23 de dezembro de 2017 11:22","modified":"Atualizado em 23 de dezembro de 2017 11:22"},"featured_img_caption":"","series_order":"","_links":{"self":[{"href":"https:\/\/lavras.tv\/site\/wp-json\/wp\/v2\/posts\/13930","targetHints":{"allow":["GET"]}}],"collection":[{"href":"https:\/\/lavras.tv\/site\/wp-json\/wp\/v2\/posts"}],"about":[{"href":"https:\/\/lavras.tv\/site\/wp-json\/wp\/v2\/types\/post"}],"author":[{"embeddable":true,"href":"https:\/\/lavras.tv\/site\/wp-json\/wp\/v2\/users\/2"}],"replies":[{"embeddable":true,"href":"https:\/\/lavras.tv\/site\/wp-json\/wp\/v2\/comments?post=13930"}],"version-history":[{"count":1,"href":"https:\/\/lavras.tv\/site\/wp-json\/wp\/v2\/posts\/13930\/revisions"}],"predecessor-version":[{"id":13932,"href":"https:\/\/lavras.tv\/site\/wp-json\/wp\/v2\/posts\/13930\/revisions\/13932"}],"wp:featuredmedia":[{"embeddable":true,"href":"https:\/\/lavras.tv\/site\/wp-json\/wp\/v2\/media\/13931"}],"wp:attachment":[{"href":"https:\/\/lavras.tv\/site\/wp-json\/wp\/v2\/media?parent=13930"}],"wp:term":[{"taxonomy":"category","embeddable":true,"href":"https:\/\/lavras.tv\/site\/wp-json\/wp\/v2\/categories?post=13930"},{"taxonomy":"post_tag","embeddable":true,"href":"https:\/\/lavras.tv\/site\/wp-json\/wp\/v2\/tags?post=13930"}],"curies":[{"name":"wp","href":"https:\/\/api.w.org\/{rel}","templated":true}]}}