{"id":139592,"date":"2024-11-25T18:37:07","date_gmt":"2024-11-25T21:37:07","guid":{"rendered":"https:\/\/lavras.tv\/site\/?p=139592"},"modified":"2024-11-25T18:37:09","modified_gmt":"2024-11-25T21:37:09","slug":"governo-de-minas-celebra-avancos-no-esporte-em-2024","status":"publish","type":"post","link":"https:\/\/lavras.tv\/site\/2024\/11\/25\/governo-de-minas-celebra-avancos-no-esporte-em-2024\/","title":{"rendered":"Governo de Minas celebra avan\u00e7os no esporte em 2024"},"content":{"rendered":"<div class=\"lavra-antes-do-conteudo_2\" id=\"lavra-3076373048\"><div id=\"lavra-slider-27\" class=\"custom-slider lavra-slider-3097617744 lavra-slider\"><ul><li><div style=\"margin-left: auto;margin-right: auto;text-align: center;\" id=\"lavra-3071127509\"><a href=\"https:\/\/sistemas.lavras.mg.gov.br\/portalcidadao\/#df1b1a7c7b2a290bcb31e32771e610784662739a88807c0dacac58ede5f391a7530e299dc302d611ee73cb143fc22eaf93592e53e7b5bdb01b00a0b8d28dae460c141dd2ff83412e4dc1c31b16b25f33144a9e5620ea73b13f5bc1c59411d98439ad226e8af03840603796067d87afe130812cf3de24982d0e306f9e61e764e5\" aria-label=\"Lavras-TV&#8211;720x104px (1) (1)\"><img src=\"https:\/\/lavras.tv\/site\/wp-content\/uploads\/2025\/01\/Lavras-TV-720x104px-1-1.png\" alt=\"\"  srcset=\"https:\/\/lavras.tv\/site\/wp-content\/uploads\/2025\/01\/Lavras-TV-720x104px-1-1.png 720w, https:\/\/lavras.tv\/site\/wp-content\/uploads\/2025\/01\/Lavras-TV-720x104px-1-1-470x68.png 470w, https:\/\/lavras.tv\/site\/wp-content\/uploads\/2025\/01\/Lavras-TV-720x104px-1-1-170x25.png 170w, https:\/\/lavras.tv\/site\/wp-content\/uploads\/2025\/01\/Lavras-TV-720x104px-1-1-200x29.png 200w\" sizes=\"(max-width: 720px) 100vw, 720px\" width=\"720\" height=\"104\"  style=\"display: inline-block;\" \/><\/a><\/div><\/li><li><a href=\"https:\/\/sistemas.lavras.mg.gov.br\/portalcidadao\/#df1b1a7c7b2a290bcb31e32771e610784662739a88807c0dacac58ede5f391a7530e299dc302d611ee73cb143fc22eaf93592e53e7b5bdb01b00a0b8d28dae460c141dd2ff83412e4dc1c31b16b25f33144a9e5620ea73b13f5bc1c59411d98439ad226e8af03840603796067d87afe130812cf3de24982d0e306f9e61e764e5\" aria-label=\"Banner_Emprego_PortallavrasTV\"><img src=\"https:\/\/lavras.tv\/site\/wp-content\/uploads\/2025\/03\/Banner_Emprego_PortallavrasTV.png\" alt=\"\"  srcset=\"https:\/\/lavras.tv\/site\/wp-content\/uploads\/2025\/03\/Banner_Emprego_PortallavrasTV.png 720w, https:\/\/lavras.tv\/site\/wp-content\/uploads\/2025\/03\/Banner_Emprego_PortallavrasTV-470x68.png 470w, https:\/\/lavras.tv\/site\/wp-content\/uploads\/2025\/03\/Banner_Emprego_PortallavrasTV-170x25.png 170w, https:\/\/lavras.tv\/site\/wp-content\/uploads\/2025\/03\/Banner_Emprego_PortallavrasTV-200x29.png 200w\" sizes=\"(max-width: 720px) 100vw, 720px\" width=\"720\" height=\"104\"   \/><\/a><\/li><li><a href=\"https:\/\/sistemas.lavras.mg.gov.br\/portalcidadao\/#df1b1a7c7b2a290bcb31e32771e610784662739a88807c0dacac58ede5f391a7530e299dc302d611ee73cb143fc22eaf93592e53e7b5bdb01b00a0b8d28dae460c141dd2ff83412e4dc1c31b16b25f33144a9e5620ea73b13f5bc1c59411d98439ad226e8af03840603796067d87afe130812cf3de24982d0e306f9e61e764e5\" aria-label=\"Banner_Obras_PortallavrasTV\"><img src=\"https:\/\/lavras.tv\/site\/wp-content\/uploads\/2025\/03\/Banner_Obras_PortallavrasTV.png\" alt=\"\"  srcset=\"https:\/\/lavras.tv\/site\/wp-content\/uploads\/2025\/03\/Banner_Obras_PortallavrasTV.png 720w, https:\/\/lavras.tv\/site\/wp-content\/uploads\/2025\/03\/Banner_Obras_PortallavrasTV-470x68.png 470w, https:\/\/lavras.tv\/site\/wp-content\/uploads\/2025\/03\/Banner_Obras_PortallavrasTV-170x25.png 170w, https:\/\/lavras.tv\/site\/wp-content\/uploads\/2025\/03\/Banner_Obras_PortallavrasTV-200x29.png 200w\" sizes=\"(max-width: 720px) 100vw, 720px\" width=\"720\" height=\"104\"   \/><\/a><\/li><li><div style=\"margin-left: auto;margin-right: auto;text-align: center;\" id=\"lavra-3189842894\"><a href=\"https:\/\/sistemas.lavras.mg.gov.br\/portalcidadao\/#df1b1a7c7b2a290bcb31e32771e610784662739a88807c0dacac58ede5f391a7530e299dc302d611ee73cb143fc22eaf93592e53e7b5bdb01b00a0b8d28dae460c141dd2ff83412e4dc1c31b16b25f33144a9e5620ea73b13f5bc1c59411d98439ad226e8af03840603796067d87afe130812cf3de24982d0e306f9e61e764e5\" aria-label=\"Banner_Educa\u00e7\u00e3o_PortallavrasTV\"><img src=\"https:\/\/lavras.tv\/site\/wp-content\/uploads\/2025\/01\/Banner_Educacao_PortallavrasTV.png\" alt=\"\"  srcset=\"https:\/\/lavras.tv\/site\/wp-content\/uploads\/2025\/01\/Banner_Educacao_PortallavrasTV.png 720w, https:\/\/lavras.tv\/site\/wp-content\/uploads\/2025\/01\/Banner_Educacao_PortallavrasTV-470x68.png 470w, https:\/\/lavras.tv\/site\/wp-content\/uploads\/2025\/01\/Banner_Educacao_PortallavrasTV-170x25.png 170w, https:\/\/lavras.tv\/site\/wp-content\/uploads\/2025\/01\/Banner_Educacao_PortallavrasTV-200x29.png 200w\" sizes=\"(max-width: 720px) 100vw, 720px\" width=\"720\" height=\"104\"  style=\"display: inline-block;\" \/><\/a><\/div><\/li><li><a href=\"https:\/\/sistemas.lavras.mg.gov.br\/portalcidadao\/#df1b1a7c7b2a290bcb31e32771e610784662739a88807c0dacac58ede5f391a7530e299dc302d611ee73cb143fc22eaf93592e53e7b5bdb01b00a0b8d28dae460c141dd2ff83412e4dc1c31b16b25f33144a9e5620ea73b13f5bc1c59411d98439ad226e8af03840603796067d87afe130812cf3de24982d0e306f9e61e764e5\" aria-label=\"Banner_Sa\u00fade_PortallavrasTV\"><img src=\"https:\/\/lavras.tv\/site\/wp-content\/uploads\/2025\/03\/Banner_Saude_PortallavrasTV.png\" alt=\"\"  srcset=\"https:\/\/lavras.tv\/site\/wp-content\/uploads\/2025\/03\/Banner_Saude_PortallavrasTV.png 720w, https:\/\/lavras.tv\/site\/wp-content\/uploads\/2025\/03\/Banner_Saude_PortallavrasTV-470x68.png 470w, https:\/\/lavras.tv\/site\/wp-content\/uploads\/2025\/03\/Banner_Saude_PortallavrasTV-170x25.png 170w, https:\/\/lavras.tv\/site\/wp-content\/uploads\/2025\/03\/Banner_Saude_PortallavrasTV-200x29.png 200w\" sizes=\"(max-width: 720px) 100vw, 720px\" width=\"720\" height=\"104\"   \/><\/a><\/li><li><div id=\"lavra-50144212\" style=\"width:720px;height:104px;background-color:#ddd;overflow:scroll;\">\n\t<strong>Sa\u00edda da depura\u00e7\u00e3o de an\u00fancios<\/strong>\n\t<br><br>\n\tO an\u00fancio n\u00e3o \u00e9 exibido na p\u00e1gina<br><br>post atual: Governo de Minas celebra avan\u00e7os no esporte em 2024, ID: 139592<br><br><span style=\"color: red;\">O post atual n\u00e3o \u00e9 id\u00eantico ao post principal.<\/span><br><br>An\u00fancios: ROXO - TOPO INTERNA - ROTATIVO 2 (197)<br \/>Grupo de an\u00fancios: Princ_Meio01_720x104 (27)<br><br>Condi\u00e7\u00f5es de exibi\u00e7\u00e3o<div style=\"margin-bottom: 20px; white-space: pre-wrap; font-family: monospace; width: 100%; background: #ffe9e9;\"><strong>condi\u00e7\u00f5es gerais<\/strong><table border=\"1\"><thead><tr><th><\/th><th>An\u00fancios<\/th><th>wp_the_query<\/th><\/tr><\/thead><tr><td>is_main_query<\/td><td>1<\/td><td>1<\/td><\/tr><tr><td>is_rest_api<\/td><td>0<\/td><td>1<\/td><\/tr><tr><td>page<\/td><td>0<\/td><td>1<\/td><\/tr><tr><td>numpages<\/td><td>0<\/td><td>1<\/td><\/tr><tr><td>is_archive<\/td><td>1<\/td><td><\/td><\/tr><tr><td>is_search<\/td><td>1<\/td><td><\/td><\/tr><tr><td>is_home<\/td><td>1<\/td><td><\/td><\/tr><tr><td>is_404<\/td><td>1<\/td><td><\/td><\/tr><tr><td>is_attachment<\/td><td>1<\/td><td><\/td><\/tr><tr><td>is_singular<\/td><td>1<\/td><td><\/td><\/tr><tr><td>is_front_page<\/td><td>1<\/td><td><\/td><\/tr><tr><td>is_feed<\/td><td>1<\/td><td><\/td><\/tr><\/table><\/div><br><br><span style=\"color: red;\">Seu site usa HTTPS, mas o c\u00f3digo do an\u00fancio cont\u00e9m HTTP e pode n\u00e3o funcionar.<\/span>\t<br><br>\n\t<a style=\"color: green;\" href=\"https:\/\/wpadvancedads.com\/manual\/ad-debug-mode\/?utm_source=advanced-ads&utm_medium=link&utm_campaign=ad-debug-mode\" target=\"_blank\" rel=\"nofollow\">Encontre solu\u00e7\u00f5es no manual<\/a>\n<\/div>\n<\/li><\/ul><\/div><script>( window.advanced_ads_ready || jQuery( document ).ready ).call( null, function() {var $lavraslider3097617744 = jQuery( \".lavra-slider-3097617744\" );$lavraslider3097617744.on( \"unslider.ready\", function() { jQuery( \"div.custom-slider ul li\" ).css( \"display\", \"block\" ); });$lavraslider3097617744.unslider({ delay:4000, autoplay:true, nav:false, arrows:false, infinite:true });$lavraslider3097617744.on(\"mouseover\", function() {$lavraslider3097617744.unslider(\"stop\");}).on(\"mouseout\", function() {$lavraslider3097617744.unslider(\"start\");});});<\/script><\/div>\n<p><em>Pr\u00eamio do Esporte Mineiro refor\u00e7a o estado como refer\u00eancia em pol\u00edticas p\u00fablicas que transformam vidas<\/em><\/p>\n\n\n\n<figure class=\"wp-block-image size-large\"><img fetchpriority=\"high\" decoding=\"async\" width=\"970\" height=\"546\" src=\"https:\/\/lavras.tv\/site\/wp-content\/uploads\/2024\/11\/Festa_no_Palacio_-_Armando_Jr_3-970x546.jpg\" alt=\"\" class=\"wp-image-139593\" srcset=\"https:\/\/lavras.tv\/site\/wp-content\/uploads\/2024\/11\/Festa_no_Palacio_-_Armando_Jr_3-970x546.jpg 970w, https:\/\/lavras.tv\/site\/wp-content\/uploads\/2024\/11\/Festa_no_Palacio_-_Armando_Jr_3-470x264.jpg 470w, https:\/\/lavras.tv\/site\/wp-content\/uploads\/2024\/11\/Festa_no_Palacio_-_Armando_Jr_3-170x96.jpg 170w, https:\/\/lavras.tv\/site\/wp-content\/uploads\/2024\/11\/Festa_no_Palacio_-_Armando_Jr_3-200x113.jpg 200w, https:\/\/lavras.tv\/site\/wp-content\/uploads\/2024\/11\/Festa_no_Palacio_-_Armando_Jr_3-1536x864.jpg 1536w, https:\/\/lavras.tv\/site\/wp-content\/uploads\/2024\/11\/Festa_no_Palacio_-_Armando_Jr_3-2048x1152.jpg 2048w\" sizes=\"(max-width: 970px) 100vw, 970px\" \/><\/figure>\n\n\n\n<p>Uma noite de consagra\u00e7\u00e3o \u00e9 aguardada diante do Pr\u00eamio do Esporte Mineiro 2024 (PEM), que ocorre no dia 9\/12 em Belo Horizonte. O evento vai reconhecer os destaques da temporada, celebrando especialmente os avan\u00e7os das pol\u00edticas p\u00fablicas do Governo de Minas, por meio da Secretaria de Estado de Desenvolvimento Social (Sedese-MG).<\/p>\n\n\n\n<p>O pr\u00eamio homenageia personalidades e programas que contribu\u00edram para consolidar Minas como um estado de refer\u00eancia. O secret\u00e1rio de Estado adjunto da Sedese, Ricardo Alves, ressalta que essa premia\u00e7\u00e3o representa o fortalecimento de pol\u00edticas p\u00fablicas que transformam vidas.<\/p>\n\n\n\n<p>&#8220;Em 2024, o Governo de Minas expandiu o alcance do esporte em nosso estado. As iniciativas da Sedese t\u00eam feito diferen\u00e7a, promovendo mais inclus\u00e3o e forma\u00e7\u00e3o de talentos no esporte. O pr\u00eamio celebra o resultado desse empenho em fazer de Minas, cada vez mais, uma terra de oportunidades&#8221;, destaca Ricardo Alves.<\/p>\n\n\n\n<p>O subsecret\u00e1rio de Esportes da Sedese, Tom\u00e1s Mendes, refor\u00e7a a import\u00e2ncia do PEM em reconhecimento pelo ano de ouro do esporte mineiro.<\/p>\n\n\n\n<p>\u201cEstamos nos aproximando do final de um ano em que respiramos o esporte em Minas Gerais. Foram v\u00e1rios eventos, projetos e programas que atendemos em todas as nossas regi\u00f5es. Com o Pr\u00eamio do Esporte Mineiro, podemos destacar e premiar todos que, de alguma forma, contribu\u00edram com o esporte no estado\u201d, pontua.<\/p>\n\n\n\n<p>Pr\u00eamio do Esporte Mineiro<\/p>\n\n\n\n<p>Nesta oitava edi\u00e7\u00e3o, atletas, t\u00e9cnicos, projetos e clubes que impulsionaram o esporte em Minas Gerais v\u00e3o ser homenageados, assim como institui\u00e7\u00f5es que trabalharam pelo fortalecimento do setor esportivo.<\/p>\n\n\n\n<p>Entre os destaques, atletas e t\u00e9cnicos que representaram o estado nas Olimp\u00edadas e Paralimp\u00edadas de Paris v\u00e3o receber o Certificado do Orgulho Mineiro, oferecido pela Subsecretaria de Esportes da Sedese (Subesp), em reconhecimento pela trajet\u00f3ria e contribui\u00e7\u00e3o para o esporte no estado.<\/p>\n\n\n\n<p>A premia\u00e7\u00e3o tamb\u00e9m conta com a participa\u00e7\u00e3o da popula\u00e7\u00e3o, que vai escolher alguns dos vencedores em vota\u00e7\u00e3o pela internet at\u00e9 6\/12, por meio deste link. As tr\u00eas indica\u00e7\u00f5es mais votadas em cada em categoria ser\u00e3o premiadas.<\/p>\n\n\n\n<p>A cerim\u00f4nia de premia\u00e7\u00e3o, na Sala Minas Gerais, ser\u00e1 transmitida, ao vivo, pela Rede Minas e R\u00e1dio Inconfid\u00eancia, a partir de 19h. A festa vai contar apresenta\u00e7\u00e3o da Banda Big Band, formada por alunos do curso de m\u00fasica do Centro de Forma\u00e7\u00e3o Art\u00edstica e Tecnol\u00f3gica da Funda\u00e7\u00e3o Cl\u00f3vis Salgado (Cefart). O grupo promete um repert\u00f3rio com sucessos e cl\u00e1ssicos de Tom Jobim, Pixinguinha, Richard Rodgers e George Gershwin.<\/p>\n\n\n\n<p>Avan\u00e7os hist\u00f3ricos<\/p>\n\n\n\n<p>Sob a lideran\u00e7a da Sedese, as pol\u00edticas de incentivo ao esporte alcan\u00e7aram um novo patamar este ano. Entre as a\u00e7\u00f5es mais impactantes est\u00e1 a amplia\u00e7\u00e3o da Lei de Incentivo ao Esporte, alcance do ICMS Esportivo e promo\u00e7\u00e3o do esporte estudantil e da inclus\u00e3o social.<\/p>\n\n\n\n<p>\u201cO Estado faz hist\u00f3ria com essas a\u00e7\u00f5es, fortalecendo o esporte em Minas Gerais. Isso mostra o alcance das pol\u00edticas p\u00fablicas esportivas que est\u00e3o cada vez mais acess\u00edveis e inclusivas para todos os mineiros\u201d, conclui Ricardo Alves.<\/p>\n\n\n\n<p>Forma\u00e7\u00e3o de novos talentos e impacto escolar<\/p>\n\n\n\n<p>O Governo de Minas tamb\u00e9m impulsiona o esporte estudantil com os Jogos Escolares de Minas Gerais (Jemg). A parceria da Sedese com a Secretaria de Estado de Educa\u00e7\u00e3o (SEE-MG) reuniu quase 50 mil estudantes de 765 munic\u00edpios.<\/p>\n\n\n\n<p>Um desses jovens \u00e9 Kauan Hott, de 16 anos, que ressalta a import\u00e2ncia da competi\u00e7\u00e3o. \u201c\u00c9 superimportante, porque faz com que a gente tenha um in\u00edcio no esporte. Muitas pessoas come\u00e7am no Jemg e ganham visibilidade. E eu quero continuar evoluindo\u201d, comenta o estudante-atleta da Escola Estadual Machado de Assis, em Vespasiano, na Regi\u00e3o Metropolitana de Belo Horizonte (RMBH).<\/p>\n\n\n\n<p>Esporte e inclus\u00e3o social<\/p>\n\n\n\n<p>A inclus\u00e3o social tamb\u00e9m foi promovida com os Jogos dos Povos Ind\u00edgenas de Minas Gerais (JPIMG), em Carm\u00e9sia, no Vale do Rio Doce. Quase mil atletas de 22 aldeias e 13 munic\u00edpios participaram, representando etnias como Kaxix\u00f3, Krenak, Maxakali, Mucuri, Patax\u00f3, Xakriab\u00e1 e Xukuru-Kariri.<\/p>\n\n\n\n<p>J\u00e1 a cidade de Uberl\u00e2ndia, no Tri\u00e2ngulo Mineiro, sediou os Jogos do Interior de Minas Paradesporto (JimiP) que bateu recorde de participa\u00e7\u00e3o, com mais de 500 atletas de 26 munic\u00edpios.<\/p>\n\n\n\n<p>Maria Clara, uma jovem que iniciou na nata\u00e7\u00e3o por recomenda\u00e7\u00e3o m\u00e9dica, tamb\u00e9m foi um dos destaques. Aline Ferraz compartilhou a emo\u00e7\u00e3o da filha ao ver ela competir: \u201cFoi uma luta grande para conseguir fazer ela andar. Ela passou por cirurgias e tratamentos e hoje \u00e9 atleta, o que \u00e9 muito emocionante para todos n\u00f3s\u201d, conta Aline.<\/p>\n\n\n\n<p>Programas que transformam vidas<\/p>\n\n\n\n<p>O PEM destaca ainda programas como o Melhor Gera\u00e7\u00e3o (que promove a qualidade de vida de pessoas idosas), o N\u00facleo de Fomento ao Paradesporto (que beneficia pessoas com defici\u00eancia com atividades esportivas) e o Gera\u00e7\u00e3o Esporte.<\/p>\n\n\n\n<p>O Gera\u00e7\u00e3o Esporte impacta diretamente a vida de 7,5 mil jovens, como Rafael Rodrigues, de 16 anos. \u201cEu tinha problemas, me sentia sozinho. Quando cheguei, fiz amigos e isso me ajudou muito na minha vida. Foi como uma segunda fam\u00edlia para mim\u201d, conta o jovem de Comercinho, no Vale do Jequitinhonha.<\/p>\n","protected":false},"excerpt":{"rendered":"<p>Pr\u00eamio do Esporte Mineiro refor\u00e7a o estado como refer\u00eancia em pol\u00edticas p\u00fablicas que transformam vidas Uma noite de consagra\u00e7\u00e3o \u00e9 aguardada diante do Pr\u00eamio do Esporte Mineiro 2024 (PEM), que ocorre no dia 9\/12 em Belo Horizonte. O evento vai reconhecer os destaques da temporada, celebrando especialmente os avan\u00e7os das pol\u00edticas p\u00fablicas do Governo de [&hellip;]<\/p>\n","protected":false},"author":5,"featured_media":139593,"comment_status":"closed","ping_status":"open","sticky":false,"template":"","format":"standard","meta":{"advgb_blocks_editor_width":"","advgb_blocks_columns_visual_guide":"","_exactmetrics_skip_tracking":false,"_exactmetrics_sitenote_active":false,"_exactmetrics_sitenote_note":"","_exactmetrics_sitenote_category":0,"footnotes":""},"categories":[7,2],"tags":[],"class_list":["post-139592","post","type-post","status-publish","format-standard","has-post-thumbnail","hentry","category-destaques","category-noticias"],"better_featured_image":{"id":139593,"alt_text":"","caption":"","description":"","media_type":"image","media_details":{"width":2560,"height":1440,"file":"2024\/11\/Festa_no_Palacio_-_Armando_Jr_3-scaled.jpg","filesize":515584,"sizes":{"medium":{"file":"Festa_no_Palacio_-_Armando_Jr_3-470x264.jpg","width":470,"height":264,"mime-type":"image\/jpeg","filesize":46571,"source_url":"https:\/\/lavras.tv\/site\/wp-content\/uploads\/2024\/11\/Festa_no_Palacio_-_Armando_Jr_3-470x264.jpg"},"large":{"file":"Festa_no_Palacio_-_Armando_Jr_3-970x546.jpg","width":970,"height":546,"mime-type":"image\/jpeg","filesize":120793,"source_url":"https:\/\/lavras.tv\/site\/wp-content\/uploads\/2024\/11\/Festa_no_Palacio_-_Armando_Jr_3-970x546.jpg"},"thumbnail":{"file":"Festa_no_Palacio_-_Armando_Jr_3-170x96.jpg","width":170,"height":96,"mime-type":"image\/jpeg","filesize":20495,"source_url":"https:\/\/lavras.tv\/site\/wp-content\/uploads\/2024\/11\/Festa_no_Palacio_-_Armando_Jr_3-170x96.jpg"},"lshowcase-thumb":{"file":"Festa_no_Palacio_-_Armando_Jr_3-200x113.jpg","width":200,"height":113,"mime-type":"image\/jpeg","filesize":22415,"source_url":"https:\/\/lavras.tv\/site\/wp-content\/uploads\/2024\/11\/Festa_no_Palacio_-_Armando_Jr_3-200x113.jpg"},"1536x1536":{"file":"Festa_no_Palacio_-_Armando_Jr_3-1536x864.jpg","width":1536,"height":864,"mime-type":"image\/jpeg","filesize":234531,"source_url":"https:\/\/lavras.tv\/site\/wp-content\/uploads\/2024\/11\/Festa_no_Palacio_-_Armando_Jr_3-1536x864.jpg"},"2048x2048":{"file":"Festa_no_Palacio_-_Armando_Jr_3-2048x1152.jpg","width":2048,"height":1152,"mime-type":"image\/jpeg","filesize":364858,"source_url":"https:\/\/lavras.tv\/site\/wp-content\/uploads\/2024\/11\/Festa_no_Palacio_-_Armando_Jr_3-2048x1152.jpg"},"alm-thumbnail":{"file":"Festa_no_Palacio_-_Armando_Jr_3-150x150.jpg","width":150,"height":150,"mime-type":"image\/jpeg","filesize":21867,"source_url":"https:\/\/lavras.tv\/site\/wp-content\/uploads\/2024\/11\/Festa_no_Palacio_-_Armando_Jr_3-150x150.jpg"}},"image_meta":{"aperture":"1,8","credit":"","camera":"SM-G780G","caption":"","created_timestamp":"1726753181","copyright":"","focal_length":"5,4","iso":"40","shutter_speed":"0,0010593220338983","title":"","orientation":"1","keywords":[]},"original_image":"Festa_no_Palacio_-_Armando_Jr_3.jpg"},"post":139592,"source_url":"https:\/\/lavras.tv\/site\/wp-content\/uploads\/2024\/11\/Festa_no_Palacio_-_Armando_Jr_3-scaled.jpg"},"author_meta":{"display_name":"Vinicius Bustamante","author_link":"https:\/\/lavras.tv\/site\/author\/vinicius-bustamante\/"},"featured_img":"https:\/\/lavras.tv\/site\/wp-content\/uploads\/2024\/11\/Festa_no_Palacio_-_Armando_Jr_3-470x264.jpg","coauthors":[],"tax_additional":{"categories":{"linked":["<a href=\"https:\/\/lavras.tv\/site\/category\/destaques\/\" class=\"advgb-post-tax-term\">Destaques<\/a>","<a href=\"https:\/\/lavras.tv\/site\/category\/noticias\/\" class=\"advgb-post-tax-term\">Not\u00edcias<\/a>"],"unlinked":["<span class=\"advgb-post-tax-term\">Destaques<\/span>","<span class=\"advgb-post-tax-term\">Not\u00edcias<\/span>"]}},"comment_count":"0","relative_dates":{"created":"Publicado 1 ano atr\u00e1s","modified":"Atualizado 1 ano atr\u00e1s"},"absolute_dates":{"created":"Publicado em 25 de novembro de 2024","modified":"Atualizado em 25 de novembro de 2024"},"absolute_dates_time":{"created":"Publicado em 25 de novembro de 2024 18:37","modified":"Atualizado em 25 de novembro de 2024 18:37"},"featured_img_caption":"","series_order":"","_links":{"self":[{"href":"https:\/\/lavras.tv\/site\/wp-json\/wp\/v2\/posts\/139592","targetHints":{"allow":["GET"]}}],"collection":[{"href":"https:\/\/lavras.tv\/site\/wp-json\/wp\/v2\/posts"}],"about":[{"href":"https:\/\/lavras.tv\/site\/wp-json\/wp\/v2\/types\/post"}],"author":[{"embeddable":true,"href":"https:\/\/lavras.tv\/site\/wp-json\/wp\/v2\/users\/5"}],"replies":[{"embeddable":true,"href":"https:\/\/lavras.tv\/site\/wp-json\/wp\/v2\/comments?post=139592"}],"version-history":[{"count":1,"href":"https:\/\/lavras.tv\/site\/wp-json\/wp\/v2\/posts\/139592\/revisions"}],"predecessor-version":[{"id":139594,"href":"https:\/\/lavras.tv\/site\/wp-json\/wp\/v2\/posts\/139592\/revisions\/139594"}],"wp:featuredmedia":[{"embeddable":true,"href":"https:\/\/lavras.tv\/site\/wp-json\/wp\/v2\/media\/139593"}],"wp:attachment":[{"href":"https:\/\/lavras.tv\/site\/wp-json\/wp\/v2\/media?parent=139592"}],"wp:term":[{"taxonomy":"category","embeddable":true,"href":"https:\/\/lavras.tv\/site\/wp-json\/wp\/v2\/categories?post=139592"},{"taxonomy":"post_tag","embeddable":true,"href":"https:\/\/lavras.tv\/site\/wp-json\/wp\/v2\/tags?post=139592"}],"curies":[{"name":"wp","href":"https:\/\/api.w.org\/{rel}","templated":true}]}}